{"id":816102,"date":"2024-06-06T13:06:27","date_gmt":"2024-06-06T18:06:27","guid":{"rendered":"https:\/\/neurovirtual.com\/latam\/?p=816102"},"modified":"2024-06-26T08:45:58","modified_gmt":"2024-06-26T13:45:58","slug":"neurovirtual-participa-en-el-congreso-colombiano-de-neurologia-2024","status":"publish","type":"post","link":"https:\/\/neurovirtual.com\/latam\/neurovirtual-participa-en-el-congreso-colombiano-de-neurologia-2024\/","title":{"rendered":"Neurovirtual Participa en el Congreso Colombiano de Neurolog\u00eda 2024"},"content":{"rendered":"<p>Neurovirtual estuvo presente en el Congreso Colombiano de Neurolog\u00eda 2024, celebrado en Barranquilla, Colombia, del 30 de mayo al 2 de junio. El evento, con el tema central &#8220;Revoluci\u00f3n Cerebral: Integraci\u00f3n entre IA y Neurolog\u00eda&#8221;, reuni\u00f3 a l\u00edderes y expertos en el campo para explorar los \u00faltimos avances y tendencias futuras.<\/p>\n<p>Durante el congreso, Neurovirtual tuvo el privilegio de reunirse con algunos de los nombres m\u00e1s respetados en neurolog\u00eda, como el Dr. Luiz Carlos Mayor (Neur\u00f3logo-Epilept\u00f3logo), la Dra. Diana Marcela Mej\u00eda Araujo (Neur\u00f3loga) y el Dr. Luis Jos\u00e9 Fern\u00e1ndez (Neur\u00f3logo).<\/p>\n<p>Representando al equipo de Neurovirtual, Angie Medell\u00edn y Carolina Pi\u00f1eros presentaron los \u00faltimos avances de la empresa a los asistentes, con un enfoque especial en el Monitor Cerebral de UCI Plus BWIII EEG Plus y el Electroencefalograma BWIII EEG Plus. Este equipo de vanguardia ofrece tecnolog\u00eda avanzada para diagn\u00f3sticos precisos y eficientes, capacitando a los profesionales de la salud para tomar decisiones m\u00e1s informadas en sus pr\u00e1cticas.<br \/>\nSolicite una demostraci\u00f3n:\u00a0 <a href=\"https:\/\/neurovirtual.com\/latam\/solicite-una-demostracion\/\">https:\/\/neurovirtual.com\/latam\/solicite-una-demostracion\/<\/a><\/p>\n<p>&nbsp;<\/p>\n\n\t\t<style type=\"text\/css\">\n\t\t\t#gallery-1 {\n\t\t\t\tmargin: auto;\n\t\t\t}\n\t\t\t#gallery-1 .gallery-item {\n\t\t\t\tfloat: left;\n\t\t\t\tmargin-top: 10px;\n\t\t\t\ttext-align: center;\n\t\t\t\twidth: 33%;\n\t\t\t}\n\t\t\t#gallery-1 img {\n\t\t\t\tborder: 2px solid #cfcfcf;\n\t\t\t}\n\t\t\t#gallery-1 .gallery-caption {\n\t\t\t\tmargin-left: 0;\n\t\t\t}\n\t\t\t\/* see gallery_shortcode() in wp-includes\/media.php *\/\n\t\t<\/style>\n\t\t<div id='gallery-1' class='gallery galleryid-816102 gallery-columns-3 gallery-size-medium'><dl class='gallery-item'>\n\t\t\t<dt class='gallery-icon landscape'>\n\t\t\t\t<a href='https:\/\/neurovirtual.com\/latam\/wp-content\/uploads\/2024\/06\/Congreso-Colombiano-de-Neurologia-2024-1.jpg'><img decoding=\"async\" width=\"300\" height=\"255\" src=\"https:\/\/neurovirtual.com\/latam\/wp-content\/uploads\/2024\/06\/Congreso-Colombiano-de-Neurologia-2024-1-300x255.jpg\" class=\"attachment-medium size-medium\" alt=\"\" srcset=\"https:\/\/neurovirtual.com\/latam\/wp-content\/uploads\/2024\/06\/Congreso-Colombiano-de-Neurologia-2024-1-300x255.jpg 300w, https:\/\/neurovirtual.com\/latam\/wp-content\/uploads\/2024\/06\/Congreso-Colombiano-de-Neurologia-2024-1-294x250.jpg 294w, https:\/\/neurovirtual.com\/latam\/wp-content\/uploads\/2024\/06\/Congreso-Colombiano-de-Neurologia-2024-1-400x340.jpg 400w, https:\/\/neurovirtual.com\/latam\/wp-content\/uploads\/2024\/06\/Congreso-Colombiano-de-Neurologia-2024-1.jpg 700w\" sizes=\"(max-width: 300px) 100vw, 300px\" \/><\/a>\n\t\t\t<\/dt><\/dl><dl class='gallery-item'>\n\t\t\t<dt class='gallery-icon portrait'>\n\t\t\t\t<a href='https:\/\/neurovirtual.com\/latam\/wp-content\/uploads\/2024\/06\/Colombian-Congress-of-Neurology-2024-Neurovirtual-3-web.jpg'><img decoding=\"async\" width=\"256\" height=\"300\" src=\"https:\/\/neurovirtual.com\/latam\/wp-content\/uploads\/2024\/06\/Colombian-Congress-of-Neurology-2024-Neurovirtual-3-web-256x300.jpg\" class=\"attachment-medium size-medium\" alt=\"\" srcset=\"https:\/\/neurovirtual.com\/latam\/wp-content\/uploads\/2024\/06\/Colombian-Congress-of-Neurology-2024-Neurovirtual-3-web-256x300.jpg 256w, https:\/\/neurovirtual.com\/latam\/wp-content\/uploads\/2024\/06\/Colombian-Congress-of-Neurology-2024-Neurovirtual-3-web-213x250.jpg 213w, https:\/\/neurovirtual.com\/latam\/wp-content\/uploads\/2024\/06\/Colombian-Congress-of-Neurology-2024-Neurovirtual-3-web-290x340.jpg 290w, https:\/\/neurovirtual.com\/latam\/wp-content\/uploads\/2024\/06\/Colombian-Congress-of-Neurology-2024-Neurovirtual-3-web.jpg 700w\" sizes=\"(max-width: 256px) 100vw, 256px\" \/><\/a>\n\t\t\t<\/dt><\/dl><dl class='gallery-item'>\n\t\t\t<dt class='gallery-icon landscape'>\n\t\t\t\t<a href='https:\/\/neurovirtual.com\/latam\/wp-content\/uploads\/2024\/06\/Colombian-Congress-of-Neurology-2024-Neurovirtual-2-web.jpg'><img decoding=\"async\" width=\"300\" height=\"255\" src=\"https:\/\/neurovirtual.com\/latam\/wp-content\/uploads\/2024\/06\/Colombian-Congress-of-Neurology-2024-Neurovirtual-2-web-300x255.jpg\" class=\"attachment-medium size-medium\" alt=\"\" srcset=\"https:\/\/neurovirtual.com\/latam\/wp-content\/uploads\/2024\/06\/Colombian-Congress-of-Neurology-2024-Neurovirtual-2-web-300x255.jpg 300w, https:\/\/neurovirtual.com\/latam\/wp-content\/uploads\/2024\/06\/Colombian-Congress-of-Neurology-2024-Neurovirtual-2-web-294x250.jpg 294w, https:\/\/neurovirtual.com\/latam\/wp-content\/uploads\/2024\/06\/Colombian-Congress-of-Neurology-2024-Neurovirtual-2-web-400x340.jpg 400w, https:\/\/neurovirtual.com\/latam\/wp-content\/uploads\/2024\/06\/Colombian-Congress-of-Neurology-2024-Neurovirtual-2-web.jpg 700w\" sizes=\"(max-width: 300px) 100vw, 300px\" \/><\/a>\n\t\t\t<\/dt><\/dl><br style=\"clear: both\" \/>\n\t\t<\/div>\n\n<p>Como l\u00edder en soluciones tecnol\u00f3gicas para neurodiagn\u00f3stico, Neurovirtual consolida su posici\u00f3n como referencia en el campo, proporcionando herramientas innovadoras que contribuyen significativamente a la calidad de vida de los pacientes. Su participaci\u00f3n en este congreso de renombre reafirma el compromiso continuo de la empresa de impulsar la innovaci\u00f3n y avanzar en la neurociencia en la regi\u00f3n y m\u00e1s all\u00e1.<\/p>\n","protected":false},"excerpt":{"rendered":"<p>Neurovirtual estuvo presente en el Congreso Colombiano de Neurolog\u00eda 2024, celebrado en Barranquilla, Colombia, del 30 de mayo al 2 de junio. El evento, con el tema central &#8220;Revoluci\u00f3n Cerebral: Integraci\u00f3n entre IA y Neurolog\u00eda&#8221;, reuni\u00f3 a l\u00edderes y expertos en el campo para explorar los \u00faltimos avances y tendencias futuras. Durante el congreso, Neurovirtual&#8230;<\/p>\n","protected":false},"author":7,"featured_media":816116,"comment_status":"open","ping_status":"open","sticky":false,"template":"","format":"standard","meta":{"footnotes":"","_joinchat":[]},"categories":[7,21,13],"tags":[],"acf":[],"yoast_head":"<!-- This site is optimized with the Yoast SEO plugin v21.7 - https:\/\/yoast.com\/wordpress\/plugins\/seo\/ -->\n<title>Neurovirtual Participa en el Congreso Colombiano de Neurolog\u00eda 2024 - Neurovirtual \/ Humanizing diagnostics<\/title>\n<meta name=\"description\" content=\"%seo_description%\" \/>\n<meta name=\"robots\" content=\"index, follow, max-snippet:-1, max-image-preview:large, max-video-preview:-1\" \/>\n<link rel=\"canonical\" href=\"https:\/\/neurovirtual.com\/latam\/neurovirtual-participa-en-el-congreso-colombiano-de-neurologia-2024\/\" \/>\n<meta property=\"og:locale\" content=\"es_ES\" \/>\n<meta property=\"og:type\" content=\"article\" \/>\n<meta property=\"og:title\" content=\"Neurovirtual Participa en el Congreso Colombiano de Neurolog\u00eda 2024 - Neurovirtual \/ Humanizing diagnostics\" \/>\n<meta property=\"og:description\" content=\"%seo_description%\" \/>\n<meta property=\"og:url\" content=\"https:\/\/neurovirtual.com\/latam\/neurovirtual-participa-en-el-congreso-colombiano-de-neurologia-2024\/\" \/>\n<meta property=\"og:site_name\" content=\"Neurovirtual \/ Humanizing diagnostics\" \/>\n<meta property=\"article:published_time\" content=\"2024-06-06T18:06:27+00:00\" \/>\n<meta property=\"article:modified_time\" content=\"2024-06-26T13:45:58+00:00\" \/>\n<meta property=\"og:image\" content=\"https:\/\/neurovirtual.com\/latam\/wp-content\/uploads\/2024\/06\/1.-Congreso-Colombiano-de-Neurologia-2024.jpg\" \/>\n\t<meta property=\"og:image:width\" content=\"300\" \/>\n\t<meta property=\"og:image:height\" content=\"168\" \/>\n\t<meta property=\"og:image:type\" content=\"image\/jpeg\" \/>\n<meta name=\"author\" content=\"Jessika Brito\" \/>\n<meta name=\"twitter:card\" content=\"summary_large_image\" \/>\n<meta name=\"twitter:label1\" content=\"Escrito por\" \/>\n\t<meta name=\"twitter:data1\" content=\"Jessika Brito\" \/>\n\t<meta name=\"twitter:label2\" content=\"Tiempo estimado de lectura\" \/>\n\t<meta name=\"twitter:data2\" content=\"2 minutos\" \/>\n<script type=\"application\/ld+json\" class=\"yoast-schema-graph\">{\"@context\":\"https:\/\/schema.org\",\"@graph\":[{\"@type\":\"Article\",\"@id\":\"https:\/\/neurovirtual.com\/latam\/neurovirtual-participa-en-el-congreso-colombiano-de-neurologia-2024\/#article\",\"isPartOf\":{\"@id\":\"https:\/\/neurovirtual.com\/latam\/neurovirtual-participa-en-el-congreso-colombiano-de-neurologia-2024\/\"},\"author\":{\"name\":\"Jessika Brito\",\"@id\":\"https:\/\/neurovirtual.com\/latam\/#\/schema\/person\/61c27629d3d16b3e601ef7db30001d49\"},\"headline\":\"Neurovirtual Participa en el Congreso Colombiano de Neurolog\u00eda 2024\",\"datePublished\":\"2024-06-06T18:06:27+00:00\",\"dateModified\":\"2024-06-26T13:45:58+00:00\",\"mainEntityOfPage\":{\"@id\":\"https:\/\/neurovirtual.com\/latam\/neurovirtual-participa-en-el-congreso-colombiano-de-neurologia-2024\/\"},\"wordCount\":265,\"commentCount\":0,\"publisher\":{\"@id\":\"https:\/\/neurovirtual.com\/latam\/#organization\"},\"articleSection\":[\"Conferencias\",\"EEG\",\"Latam\"],\"inLanguage\":\"es-CO\",\"potentialAction\":[{\"@type\":\"CommentAction\",\"name\":\"Comment\",\"target\":[\"https:\/\/neurovirtual.com\/latam\/neurovirtual-participa-en-el-congreso-colombiano-de-neurologia-2024\/#respond\"]}]},{\"@type\":\"WebPage\",\"@id\":\"https:\/\/neurovirtual.com\/latam\/neurovirtual-participa-en-el-congreso-colombiano-de-neurologia-2024\/\",\"url\":\"https:\/\/neurovirtual.com\/latam\/neurovirtual-participa-en-el-congreso-colombiano-de-neurologia-2024\/\",\"name\":\"Neurovirtual Participa en el Congreso Colombiano de Neurolog\u00eda 2024 - Neurovirtual \/ Humanizing diagnostics\",\"isPartOf\":{\"@id\":\"https:\/\/neurovirtual.com\/latam\/#website\"},\"datePublished\":\"2024-06-06T18:06:27+00:00\",\"dateModified\":\"2024-06-26T13:45:58+00:00\",\"description\":\"%seo_description%\",\"breadcrumb\":{\"@id\":\"https:\/\/neurovirtual.com\/latam\/neurovirtual-participa-en-el-congreso-colombiano-de-neurologia-2024\/#breadcrumb\"},\"inLanguage\":\"es-CO\",\"potentialAction\":[{\"@type\":\"ReadAction\",\"target\":[\"https:\/\/neurovirtual.com\/latam\/neurovirtual-participa-en-el-congreso-colombiano-de-neurologia-2024\/\"]}]},{\"@type\":\"BreadcrumbList\",\"@id\":\"https:\/\/neurovirtual.com\/latam\/neurovirtual-participa-en-el-congreso-colombiano-de-neurologia-2024\/#breadcrumb\",\"itemListElement\":[{\"@type\":\"ListItem\",\"position\":1,\"name\":\"Portada\",\"item\":\"https:\/\/neurovirtual.com\/latam\/\"},{\"@type\":\"ListItem\",\"position\":2,\"name\":\"Neurovirtual Participa en el Congreso Colombiano de Neurolog\u00eda 2024\"}]},{\"@type\":\"WebSite\",\"@id\":\"https:\/\/neurovirtual.com\/latam\/#website\",\"url\":\"https:\/\/neurovirtual.com\/latam\/\",\"name\":\"Neurovirtual \/ Humanizing diagnostics\",\"description\":\"\",\"publisher\":{\"@id\":\"https:\/\/neurovirtual.com\/latam\/#organization\"},\"potentialAction\":[{\"@type\":\"SearchAction\",\"target\":{\"@type\":\"EntryPoint\",\"urlTemplate\":\"https:\/\/neurovirtual.com\/latam\/?s={search_term_string}\"},\"query-input\":\"required name=search_term_string\"}],\"inLanguage\":\"es-CO\"},{\"@type\":\"Organization\",\"@id\":\"https:\/\/neurovirtual.com\/latam\/#organization\",\"name\":\"Neurovirtual\",\"url\":\"https:\/\/neurovirtual.com\/latam\/\",\"logo\":{\"@type\":\"ImageObject\",\"inLanguage\":\"es-CO\",\"@id\":\"https:\/\/neurovirtual.com\/latam\/#\/schema\/logo\/image\/\",\"url\":\"https:\/\/neurovirtual.com\/latam\/wp-content\/uploads\/2023\/08\/1.-Logo-Neurovirtual-2022.png\",\"contentUrl\":\"https:\/\/neurovirtual.com\/latam\/wp-content\/uploads\/2023\/08\/1.-Logo-Neurovirtual-2022.png\",\"width\":1964,\"height\":668,\"caption\":\"Neurovirtual\"},\"image\":{\"@id\":\"https:\/\/neurovirtual.com\/latam\/#\/schema\/logo\/image\/\"}},{\"@type\":\"Person\",\"@id\":\"https:\/\/neurovirtual.com\/latam\/#\/schema\/person\/61c27629d3d16b3e601ef7db30001d49\",\"name\":\"Jessika Brito\",\"image\":{\"@type\":\"ImageObject\",\"inLanguage\":\"es-CO\",\"@id\":\"https:\/\/neurovirtual.com\/latam\/#\/schema\/person\/image\/\",\"url\":\"https:\/\/secure.gravatar.com\/avatar\/08d2f62bc8a1f215fdfebe63356acc30?s=96&d=mm&r=g\",\"contentUrl\":\"https:\/\/secure.gravatar.com\/avatar\/08d2f62bc8a1f215fdfebe63356acc30?s=96&d=mm&r=g\",\"caption\":\"Jessika Brito\"},\"url\":\"https:\/\/neurovirtual.com\/latam\/author\/brito\/\"}]}<\/script>\n<!-- \/ Yoast SEO plugin. -->","yoast_head_json":{"title":"Neurovirtual Participa en el Congreso Colombiano de Neurolog\u00eda 2024 - Neurovirtual \/ Humanizing diagnostics","description":"%seo_description%","robots":{"index":"index","follow":"follow","max-snippet":"max-snippet:-1","max-image-preview":"max-image-preview:large","max-video-preview":"max-video-preview:-1"},"canonical":"https:\/\/neurovirtual.com\/latam\/neurovirtual-participa-en-el-congreso-colombiano-de-neurologia-2024\/","og_locale":"es_ES","og_type":"article","og_title":"Neurovirtual Participa en el Congreso Colombiano de Neurolog\u00eda 2024 - Neurovirtual \/ Humanizing diagnostics","og_description":"%seo_description%","og_url":"https:\/\/neurovirtual.com\/latam\/neurovirtual-participa-en-el-congreso-colombiano-de-neurologia-2024\/","og_site_name":"Neurovirtual \/ Humanizing diagnostics","article_published_time":"2024-06-06T18:06:27+00:00","article_modified_time":"2024-06-26T13:45:58+00:00","og_image":[{"width":300,"height":168,"url":"https:\/\/neurovirtual.com\/latam\/wp-content\/uploads\/2024\/06\/1.-Congreso-Colombiano-de-Neurologia-2024.jpg","type":"image\/jpeg"}],"author":"Jessika Brito","twitter_card":"summary_large_image","twitter_misc":{"Escrito por":"Jessika Brito","Tiempo estimado de lectura":"2 minutos"},"schema":{"@context":"https:\/\/schema.org","@graph":[{"@type":"Article","@id":"https:\/\/neurovirtual.com\/latam\/neurovirtual-participa-en-el-congreso-colombiano-de-neurologia-2024\/#article","isPartOf":{"@id":"https:\/\/neurovirtual.com\/latam\/neurovirtual-participa-en-el-congreso-colombiano-de-neurologia-2024\/"},"author":{"name":"Jessika Brito","@id":"https:\/\/neurovirtual.com\/latam\/#\/schema\/person\/61c27629d3d16b3e601ef7db30001d49"},"headline":"Neurovirtual Participa en el Congreso Colombiano de Neurolog\u00eda 2024","datePublished":"2024-06-06T18:06:27+00:00","dateModified":"2024-06-26T13:45:58+00:00","mainEntityOfPage":{"@id":"https:\/\/neurovirtual.com\/latam\/neurovirtual-participa-en-el-congreso-colombiano-de-neurologia-2024\/"},"wordCount":265,"commentCount":0,"publisher":{"@id":"https:\/\/neurovirtual.com\/latam\/#organization"},"articleSection":["Conferencias","EEG","Latam"],"inLanguage":"es-CO","potentialAction":[{"@type":"CommentAction","name":"Comment","target":["https:\/\/neurovirtual.com\/latam\/neurovirtual-participa-en-el-congreso-colombiano-de-neurologia-2024\/#respond"]}]},{"@type":"WebPage","@id":"https:\/\/neurovirtual.com\/latam\/neurovirtual-participa-en-el-congreso-colombiano-de-neurologia-2024\/","url":"https:\/\/neurovirtual.com\/latam\/neurovirtual-participa-en-el-congreso-colombiano-de-neurologia-2024\/","name":"Neurovirtual Participa en el Congreso Colombiano de Neurolog\u00eda 2024 - Neurovirtual \/ Humanizing diagnostics","isPartOf":{"@id":"https:\/\/neurovirtual.com\/latam\/#website"},"datePublished":"2024-06-06T18:06:27+00:00","dateModified":"2024-06-26T13:45:58+00:00","description":"%seo_description%","breadcrumb":{"@id":"https:\/\/neurovirtual.com\/latam\/neurovirtual-participa-en-el-congreso-colombiano-de-neurologia-2024\/#breadcrumb"},"inLanguage":"es-CO","potentialAction":[{"@type":"ReadAction","target":["https:\/\/neurovirtual.com\/latam\/neurovirtual-participa-en-el-congreso-colombiano-de-neurologia-2024\/"]}]},{"@type":"BreadcrumbList","@id":"https:\/\/neurovirtual.com\/latam\/neurovirtual-participa-en-el-congreso-colombiano-de-neurologia-2024\/#breadcrumb","itemListElement":[{"@type":"ListItem","position":1,"name":"Portada","item":"https:\/\/neurovirtual.com\/latam\/"},{"@type":"ListItem","position":2,"name":"Neurovirtual Participa en el Congreso Colombiano de Neurolog\u00eda 2024"}]},{"@type":"WebSite","@id":"https:\/\/neurovirtual.com\/latam\/#website","url":"https:\/\/neurovirtual.com\/latam\/","name":"Neurovirtual \/ Humanizing diagnostics","description":"","publisher":{"@id":"https:\/\/neurovirtual.com\/latam\/#organization"},"potentialAction":[{"@type":"SearchAction","target":{"@type":"EntryPoint","urlTemplate":"https:\/\/neurovirtual.com\/latam\/?s={search_term_string}"},"query-input":"required name=search_term_string"}],"inLanguage":"es-CO"},{"@type":"Organization","@id":"https:\/\/neurovirtual.com\/latam\/#organization","name":"Neurovirtual","url":"https:\/\/neurovirtual.com\/latam\/","logo":{"@type":"ImageObject","inLanguage":"es-CO","@id":"https:\/\/neurovirtual.com\/latam\/#\/schema\/logo\/image\/","url":"https:\/\/neurovirtual.com\/latam\/wp-content\/uploads\/2023\/08\/1.-Logo-Neurovirtual-2022.png","contentUrl":"https:\/\/neurovirtual.com\/latam\/wp-content\/uploads\/2023\/08\/1.-Logo-Neurovirtual-2022.png","width":1964,"height":668,"caption":"Neurovirtual"},"image":{"@id":"https:\/\/neurovirtual.com\/latam\/#\/schema\/logo\/image\/"}},{"@type":"Person","@id":"https:\/\/neurovirtual.com\/latam\/#\/schema\/person\/61c27629d3d16b3e601ef7db30001d49","name":"Jessika Brito","image":{"@type":"ImageObject","inLanguage":"es-CO","@id":"https:\/\/neurovirtual.com\/latam\/#\/schema\/person\/image\/","url":"https:\/\/secure.gravatar.com\/avatar\/08d2f62bc8a1f215fdfebe63356acc30?s=96&d=mm&r=g","contentUrl":"https:\/\/secure.gravatar.com\/avatar\/08d2f62bc8a1f215fdfebe63356acc30?s=96&d=mm&r=g","caption":"Jessika Brito"},"url":"https:\/\/neurovirtual.com\/latam\/author\/brito\/"}]}},"_links":{"self":[{"href":"https:\/\/neurovirtual.com\/latam\/wp-json\/wp\/v2\/posts\/816102"}],"collection":[{"href":"https:\/\/neurovirtual.com\/latam\/wp-json\/wp\/v2\/posts"}],"about":[{"href":"https:\/\/neurovirtual.com\/latam\/wp-json\/wp\/v2\/types\/post"}],"author":[{"embeddable":true,"href":"https:\/\/neurovirtual.com\/latam\/wp-json\/wp\/v2\/users\/7"}],"replies":[{"embeddable":true,"href":"https:\/\/neurovirtual.com\/latam\/wp-json\/wp\/v2\/comments?post=816102"}],"version-history":[{"count":2,"href":"https:\/\/neurovirtual.com\/latam\/wp-json\/wp\/v2\/posts\/816102\/revisions"}],"predecessor-version":[{"id":816114,"href":"https:\/\/neurovirtual.com\/latam\/wp-json\/wp\/v2\/posts\/816102\/revisions\/816114"}],"wp:featuredmedia":[{"embeddable":true,"href":"https:\/\/neurovirtual.com\/latam\/wp-json\/wp\/v2\/media\/816116"}],"wp:attachment":[{"href":"https:\/\/neurovirtual.com\/latam\/wp-json\/wp\/v2\/media?parent=816102"}],"wp:term":[{"taxonomy":"category","embeddable":true,"href":"https:\/\/neurovirtual.com\/latam\/wp-json\/wp\/v2\/categories?post=816102"},{"taxonomy":"post_tag","embeddable":true,"href":"https:\/\/neurovirtual.com\/latam\/wp-json\/wp\/v2\/tags?post=816102"}],"curies":[{"name":"wp","href":"https:\/\/api.w.org\/{rel}","templated":true}]}}