{"id":815787,"date":"2023-10-11T07:42:08","date_gmt":"2023-10-11T12:42:08","guid":{"rendered":"https:\/\/neurovirtual.com\/latam\/?p=815787"},"modified":"2023-10-12T11:41:43","modified_gmt":"2023-10-12T16:41:43","slug":"descubra-las-innovaciones-en-polisomnografia-en-el-congreso-mundial-del-sueno","status":"publish","type":"post","link":"https:\/\/neurovirtual.com\/latam\/descubra-las-innovaciones-en-polisomnografia-en-el-congreso-mundial-del-sueno\/","title":{"rendered":"Congreso Mundial del Sue\u00f1o en Rio de Janeiro"},"content":{"rendered":"<div class=\"wp-block-image\">\n<figure class=\"aligncenter size-full is-resized\"><a href=\"https:\/\/neurovirtual.com\/latam\/wp-content\/uploads\/2023\/10\/WORLD-SLEEP-CONGRESS-ESP.png\"><img decoding=\"async\" src=\"https:\/\/neurovirtual.com\/latam\/wp-content\/uploads\/2023\/10\/WORLD-SLEEP-CONGRESS-ESP.png\" alt=\"\" class=\"wp-image-815798\" style=\"width:703px;height:607px\" width=\"703\" height=\"607\" srcset=\"https:\/\/neurovirtual.com\/latam\/wp-content\/uploads\/2023\/10\/WORLD-SLEEP-CONGRESS-ESP.png 738w, https:\/\/neurovirtual.com\/latam\/wp-content\/uploads\/2023\/10\/WORLD-SLEEP-CONGRESS-ESP-300x259.png 300w, https:\/\/neurovirtual.com\/latam\/wp-content\/uploads\/2023\/10\/WORLD-SLEEP-CONGRESS-ESP-290x250.png 290w, https:\/\/neurovirtual.com\/latam\/wp-content\/uploads\/2023\/10\/WORLD-SLEEP-CONGRESS-ESP-394x340.png 394w\" sizes=\"(max-width: 703px) 100vw, 703px\" \/><\/a><\/figure><\/div>\n\n\n<p>Estimados,<\/p>\n\n\n\n<p>Nos complace extenderles una cordial invitaci\u00f3n al Congreso Mundial del Sue\u00f1o, donde les invitamos a <strong>visitar nuestro stand, el n\u00famero 138. <\/strong>En nuestro stand, tendr\u00e1n la oportunidad de familiarizarse con nuestros equipos y software de Polisomnograf\u00eda de \u00faltima generaci\u00f3n. Nuestro equipo multidisciplinario estar\u00e1 presente, conformado por ingenieros, especialistas cl\u00ednicos en PSG, as\u00ed como nuestro equipo comercial, proveniente de diferentes pa\u00edses como Estados Unidos, Colombia, Chile, M\u00e9xico y Brasil.<\/p>\n\n\n\n<p>Durante el evento, podr\u00e1n disfrutar de demostraciones en vivo de nuestros equipos y software. Esperamos con entusiasmo su visita en el stand 138 de Neurovirtual. No dejen pasar esta ocasi\u00f3n \u00fanica para explorar nuestras soluciones destinadas al estudio del sue\u00f1o.<\/p>\n\n\n\n<p>Esperamos contar con su presencia en este destacado evento.<\/p>\n\n\n\n<p><strong>Detalles del evento:<br><\/strong>Stand Neurovirtual: N\u00famero 138<br>Fechas: Del 23 al 25 de octubre<br>Lugar: Centro de Convenciones &amp; Hoteles Windsor &#8211; R. Martinho de Mesquita, 129 &#8211; Barra da Tijuca, R\u00edo de Janeiro &#8211; RJ, 20031-204, Brasil.<\/p>\n\n\n\n<p>Contacto:<\/p>\n\n\n\n<p><strong>Andrea Parra&nbsp;<\/strong><br>Sales Manager LATAM<br>Tel: +57 601 6009801 ext 7019<br>Directo. +57 (310) 8669605<br><a href=\"mailto:aparra@neurovirtual.com\">aparra@neurovirtual.com<\/a><\/p>\n","protected":false},"excerpt":{"rendered":"<p>Estimados, Nos complace extenderles una cordial invitaci\u00f3n al Congreso Mundial del Sue\u00f1o, donde les invitamos a visitar nuestro stand, el n\u00famero 138. En nuestro stand, tendr\u00e1n la oportunidad de familiarizarse con nuestros equipos y software de Polisomnograf\u00eda de \u00faltima generaci\u00f3n. Nuestro equipo multidisciplinario estar\u00e1 presente, conformado por ingenieros, especialistas cl\u00ednicos en PSG, as\u00ed como nuestro&#8230;<\/p>\n","protected":false},"author":7,"featured_media":815794,"comment_status":"open","ping_status":"open","sticky":false,"template":"","format":"standard","meta":{"footnotes":"","_joinchat":[]},"categories":[7,8,20],"tags":[],"acf":[],"yoast_head":"<!-- This site is optimized with the Yoast SEO plugin v21.7 - https:\/\/yoast.com\/wordpress\/plugins\/seo\/ -->\n<title>Congreso Mundial del Sue\u00f1o en Rio de Janeiro - Neurovirtual \/ Humanizing diagnostics<\/title>\n<meta name=\"description\" content=\"%seo_description%\" \/>\n<meta name=\"robots\" content=\"index, follow, max-snippet:-1, max-image-preview:large, max-video-preview:-1\" \/>\n<link rel=\"canonical\" href=\"https:\/\/neurovirtual.com\/latam\/descubra-las-innovaciones-en-polisomnografia-en-el-congreso-mundial-del-sueno\/\" \/>\n<meta property=\"og:locale\" content=\"es_ES\" \/>\n<meta property=\"og:type\" content=\"article\" \/>\n<meta property=\"og:title\" content=\"Congreso Mundial del Sue\u00f1o en Rio de Janeiro - Neurovirtual \/ Humanizing diagnostics\" \/>\n<meta property=\"og:description\" content=\"%seo_description%\" \/>\n<meta property=\"og:url\" content=\"https:\/\/neurovirtual.com\/latam\/descubra-las-innovaciones-en-polisomnografia-en-el-congreso-mundial-del-sueno\/\" \/>\n<meta property=\"og:site_name\" content=\"Neurovirtual \/ Humanizing diagnostics\" \/>\n<meta property=\"article:published_time\" content=\"2023-10-11T12:42:08+00:00\" \/>\n<meta property=\"article:modified_time\" content=\"2023-10-12T16:41:43+00:00\" \/>\n<meta property=\"og:image\" content=\"https:\/\/neurovirtual.com\/latam\/wp-content\/uploads\/2023\/10\/Congresso-Mundial-do-sono.png\" \/>\n\t<meta property=\"og:image:width\" content=\"300\" \/>\n\t<meta property=\"og:image:height\" content=\"168\" \/>\n\t<meta property=\"og:image:type\" content=\"image\/png\" \/>\n<meta name=\"author\" content=\"Jessika Brito\" \/>\n<meta name=\"twitter:card\" content=\"summary_large_image\" \/>\n<meta name=\"twitter:label1\" content=\"Escrito por\" \/>\n\t<meta name=\"twitter:data1\" content=\"Jessika Brito\" \/>\n\t<meta name=\"twitter:label2\" content=\"Tiempo estimado de lectura\" \/>\n\t<meta name=\"twitter:data2\" content=\"1 minuto\" \/>\n<script type=\"application\/ld+json\" class=\"yoast-schema-graph\">{\"@context\":\"https:\/\/schema.org\",\"@graph\":[{\"@type\":\"Article\",\"@id\":\"https:\/\/neurovirtual.com\/latam\/descubra-las-innovaciones-en-polisomnografia-en-el-congreso-mundial-del-sueno\/#article\",\"isPartOf\":{\"@id\":\"https:\/\/neurovirtual.com\/latam\/descubra-las-innovaciones-en-polisomnografia-en-el-congreso-mundial-del-sueno\/\"},\"author\":{\"name\":\"Jessika Brito\",\"@id\":\"https:\/\/neurovirtual.com\/latam\/#\/schema\/person\/61c27629d3d16b3e601ef7db30001d49\"},\"headline\":\"Congreso Mundial del Sue\u00f1o en Rio de Janeiro\",\"datePublished\":\"2023-10-11T12:42:08+00:00\",\"dateModified\":\"2023-10-12T16:41:43+00:00\",\"mainEntityOfPage\":{\"@id\":\"https:\/\/neurovirtual.com\/latam\/descubra-las-innovaciones-en-polisomnografia-en-el-congreso-mundial-del-sueno\/\"},\"wordCount\":184,\"commentCount\":0,\"publisher\":{\"@id\":\"https:\/\/neurovirtual.com\/latam\/#organization\"},\"articleSection\":[\"Conferencias\",\"Internacional\",\"Neurovirtual\"],\"inLanguage\":\"es-CO\",\"potentialAction\":[{\"@type\":\"CommentAction\",\"name\":\"Comment\",\"target\":[\"https:\/\/neurovirtual.com\/latam\/descubra-las-innovaciones-en-polisomnografia-en-el-congreso-mundial-del-sueno\/#respond\"]}]},{\"@type\":\"WebPage\",\"@id\":\"https:\/\/neurovirtual.com\/latam\/descubra-las-innovaciones-en-polisomnografia-en-el-congreso-mundial-del-sueno\/\",\"url\":\"https:\/\/neurovirtual.com\/latam\/descubra-las-innovaciones-en-polisomnografia-en-el-congreso-mundial-del-sueno\/\",\"name\":\"Congreso Mundial del Sue\u00f1o en Rio de Janeiro - Neurovirtual \/ Humanizing diagnostics\",\"isPartOf\":{\"@id\":\"https:\/\/neurovirtual.com\/latam\/#website\"},\"datePublished\":\"2023-10-11T12:42:08+00:00\",\"dateModified\":\"2023-10-12T16:41:43+00:00\",\"description\":\"%seo_description%\",\"breadcrumb\":{\"@id\":\"https:\/\/neurovirtual.com\/latam\/descubra-las-innovaciones-en-polisomnografia-en-el-congreso-mundial-del-sueno\/#breadcrumb\"},\"inLanguage\":\"es-CO\",\"potentialAction\":[{\"@type\":\"ReadAction\",\"target\":[\"https:\/\/neurovirtual.com\/latam\/descubra-las-innovaciones-en-polisomnografia-en-el-congreso-mundial-del-sueno\/\"]}]},{\"@type\":\"BreadcrumbList\",\"@id\":\"https:\/\/neurovirtual.com\/latam\/descubra-las-innovaciones-en-polisomnografia-en-el-congreso-mundial-del-sueno\/#breadcrumb\",\"itemListElement\":[{\"@type\":\"ListItem\",\"position\":1,\"name\":\"Portada\",\"item\":\"https:\/\/neurovirtual.com\/latam\/\"},{\"@type\":\"ListItem\",\"position\":2,\"name\":\"Congreso Mundial del Sue\u00f1o en Rio de Janeiro\"}]},{\"@type\":\"WebSite\",\"@id\":\"https:\/\/neurovirtual.com\/latam\/#website\",\"url\":\"https:\/\/neurovirtual.com\/latam\/\",\"name\":\"Neurovirtual \/ Humanizing diagnostics\",\"description\":\"\",\"publisher\":{\"@id\":\"https:\/\/neurovirtual.com\/latam\/#organization\"},\"potentialAction\":[{\"@type\":\"SearchAction\",\"target\":{\"@type\":\"EntryPoint\",\"urlTemplate\":\"https:\/\/neurovirtual.com\/latam\/?s={search_term_string}\"},\"query-input\":\"required name=search_term_string\"}],\"inLanguage\":\"es-CO\"},{\"@type\":\"Organization\",\"@id\":\"https:\/\/neurovirtual.com\/latam\/#organization\",\"name\":\"Neurovirtual\",\"url\":\"https:\/\/neurovirtual.com\/latam\/\",\"logo\":{\"@type\":\"ImageObject\",\"inLanguage\":\"es-CO\",\"@id\":\"https:\/\/neurovirtual.com\/latam\/#\/schema\/logo\/image\/\",\"url\":\"https:\/\/neurovirtual.com\/latam\/wp-content\/uploads\/2023\/08\/1.-Logo-Neurovirtual-2022.png\",\"contentUrl\":\"https:\/\/neurovirtual.com\/latam\/wp-content\/uploads\/2023\/08\/1.-Logo-Neurovirtual-2022.png\",\"width\":1964,\"height\":668,\"caption\":\"Neurovirtual\"},\"image\":{\"@id\":\"https:\/\/neurovirtual.com\/latam\/#\/schema\/logo\/image\/\"}},{\"@type\":\"Person\",\"@id\":\"https:\/\/neurovirtual.com\/latam\/#\/schema\/person\/61c27629d3d16b3e601ef7db30001d49\",\"name\":\"Jessika Brito\",\"image\":{\"@type\":\"ImageObject\",\"inLanguage\":\"es-CO\",\"@id\":\"https:\/\/neurovirtual.com\/latam\/#\/schema\/person\/image\/\",\"url\":\"https:\/\/secure.gravatar.com\/avatar\/08d2f62bc8a1f215fdfebe63356acc30?s=96&d=mm&r=g\",\"contentUrl\":\"https:\/\/secure.gravatar.com\/avatar\/08d2f62bc8a1f215fdfebe63356acc30?s=96&d=mm&r=g\",\"caption\":\"Jessika Brito\"},\"url\":\"https:\/\/neurovirtual.com\/latam\/author\/brito\/\"}]}<\/script>\n<!-- \/ Yoast SEO plugin. -->","yoast_head_json":{"title":"Congreso Mundial del Sue\u00f1o en Rio de Janeiro - Neurovirtual \/ Humanizing diagnostics","description":"%seo_description%","robots":{"index":"index","follow":"follow","max-snippet":"max-snippet:-1","max-image-preview":"max-image-preview:large","max-video-preview":"max-video-preview:-1"},"canonical":"https:\/\/neurovirtual.com\/latam\/descubra-las-innovaciones-en-polisomnografia-en-el-congreso-mundial-del-sueno\/","og_locale":"es_ES","og_type":"article","og_title":"Congreso Mundial del Sue\u00f1o en Rio de Janeiro - Neurovirtual \/ Humanizing diagnostics","og_description":"%seo_description%","og_url":"https:\/\/neurovirtual.com\/latam\/descubra-las-innovaciones-en-polisomnografia-en-el-congreso-mundial-del-sueno\/","og_site_name":"Neurovirtual \/ Humanizing diagnostics","article_published_time":"2023-10-11T12:42:08+00:00","article_modified_time":"2023-10-12T16:41:43+00:00","og_image":[{"width":300,"height":168,"url":"https:\/\/neurovirtual.com\/latam\/wp-content\/uploads\/2023\/10\/Congresso-Mundial-do-sono.png","type":"image\/png"}],"author":"Jessika Brito","twitter_card":"summary_large_image","twitter_misc":{"Escrito por":"Jessika Brito","Tiempo estimado de lectura":"1 minuto"},"schema":{"@context":"https:\/\/schema.org","@graph":[{"@type":"Article","@id":"https:\/\/neurovirtual.com\/latam\/descubra-las-innovaciones-en-polisomnografia-en-el-congreso-mundial-del-sueno\/#article","isPartOf":{"@id":"https:\/\/neurovirtual.com\/latam\/descubra-las-innovaciones-en-polisomnografia-en-el-congreso-mundial-del-sueno\/"},"author":{"name":"Jessika Brito","@id":"https:\/\/neurovirtual.com\/latam\/#\/schema\/person\/61c27629d3d16b3e601ef7db30001d49"},"headline":"Congreso Mundial del Sue\u00f1o en Rio de Janeiro","datePublished":"2023-10-11T12:42:08+00:00","dateModified":"2023-10-12T16:41:43+00:00","mainEntityOfPage":{"@id":"https:\/\/neurovirtual.com\/latam\/descubra-las-innovaciones-en-polisomnografia-en-el-congreso-mundial-del-sueno\/"},"wordCount":184,"commentCount":0,"publisher":{"@id":"https:\/\/neurovirtual.com\/latam\/#organization"},"articleSection":["Conferencias","Internacional","Neurovirtual"],"inLanguage":"es-CO","potentialAction":[{"@type":"CommentAction","name":"Comment","target":["https:\/\/neurovirtual.com\/latam\/descubra-las-innovaciones-en-polisomnografia-en-el-congreso-mundial-del-sueno\/#respond"]}]},{"@type":"WebPage","@id":"https:\/\/neurovirtual.com\/latam\/descubra-las-innovaciones-en-polisomnografia-en-el-congreso-mundial-del-sueno\/","url":"https:\/\/neurovirtual.com\/latam\/descubra-las-innovaciones-en-polisomnografia-en-el-congreso-mundial-del-sueno\/","name":"Congreso Mundial del Sue\u00f1o en Rio de Janeiro - Neurovirtual \/ Humanizing diagnostics","isPartOf":{"@id":"https:\/\/neurovirtual.com\/latam\/#website"},"datePublished":"2023-10-11T12:42:08+00:00","dateModified":"2023-10-12T16:41:43+00:00","description":"%seo_description%","breadcrumb":{"@id":"https:\/\/neurovirtual.com\/latam\/descubra-las-innovaciones-en-polisomnografia-en-el-congreso-mundial-del-sueno\/#breadcrumb"},"inLanguage":"es-CO","potentialAction":[{"@type":"ReadAction","target":["https:\/\/neurovirtual.com\/latam\/descubra-las-innovaciones-en-polisomnografia-en-el-congreso-mundial-del-sueno\/"]}]},{"@type":"BreadcrumbList","@id":"https:\/\/neurovirtual.com\/latam\/descubra-las-innovaciones-en-polisomnografia-en-el-congreso-mundial-del-sueno\/#breadcrumb","itemListElement":[{"@type":"ListItem","position":1,"name":"Portada","item":"https:\/\/neurovirtual.com\/latam\/"},{"@type":"ListItem","position":2,"name":"Congreso Mundial del Sue\u00f1o en Rio de Janeiro"}]},{"@type":"WebSite","@id":"https:\/\/neurovirtual.com\/latam\/#website","url":"https:\/\/neurovirtual.com\/latam\/","name":"Neurovirtual \/ Humanizing diagnostics","description":"","publisher":{"@id":"https:\/\/neurovirtual.com\/latam\/#organization"},"potentialAction":[{"@type":"SearchAction","target":{"@type":"EntryPoint","urlTemplate":"https:\/\/neurovirtual.com\/latam\/?s={search_term_string}"},"query-input":"required name=search_term_string"}],"inLanguage":"es-CO"},{"@type":"Organization","@id":"https:\/\/neurovirtual.com\/latam\/#organization","name":"Neurovirtual","url":"https:\/\/neurovirtual.com\/latam\/","logo":{"@type":"ImageObject","inLanguage":"es-CO","@id":"https:\/\/neurovirtual.com\/latam\/#\/schema\/logo\/image\/","url":"https:\/\/neurovirtual.com\/latam\/wp-content\/uploads\/2023\/08\/1.-Logo-Neurovirtual-2022.png","contentUrl":"https:\/\/neurovirtual.com\/latam\/wp-content\/uploads\/2023\/08\/1.-Logo-Neurovirtual-2022.png","width":1964,"height":668,"caption":"Neurovirtual"},"image":{"@id":"https:\/\/neurovirtual.com\/latam\/#\/schema\/logo\/image\/"}},{"@type":"Person","@id":"https:\/\/neurovirtual.com\/latam\/#\/schema\/person\/61c27629d3d16b3e601ef7db30001d49","name":"Jessika Brito","image":{"@type":"ImageObject","inLanguage":"es-CO","@id":"https:\/\/neurovirtual.com\/latam\/#\/schema\/person\/image\/","url":"https:\/\/secure.gravatar.com\/avatar\/08d2f62bc8a1f215fdfebe63356acc30?s=96&d=mm&r=g","contentUrl":"https:\/\/secure.gravatar.com\/avatar\/08d2f62bc8a1f215fdfebe63356acc30?s=96&d=mm&r=g","caption":"Jessika Brito"},"url":"https:\/\/neurovirtual.com\/latam\/author\/brito\/"}]}},"_links":{"self":[{"href":"https:\/\/neurovirtual.com\/latam\/wp-json\/wp\/v2\/posts\/815787"}],"collection":[{"href":"https:\/\/neurovirtual.com\/latam\/wp-json\/wp\/v2\/posts"}],"about":[{"href":"https:\/\/neurovirtual.com\/latam\/wp-json\/wp\/v2\/types\/post"}],"author":[{"embeddable":true,"href":"https:\/\/neurovirtual.com\/latam\/wp-json\/wp\/v2\/users\/7"}],"replies":[{"embeddable":true,"href":"https:\/\/neurovirtual.com\/latam\/wp-json\/wp\/v2\/comments?post=815787"}],"version-history":[{"count":8,"href":"https:\/\/neurovirtual.com\/latam\/wp-json\/wp\/v2\/posts\/815787\/revisions"}],"predecessor-version":[{"id":815799,"href":"https:\/\/neurovirtual.com\/latam\/wp-json\/wp\/v2\/posts\/815787\/revisions\/815799"}],"wp:featuredmedia":[{"embeddable":true,"href":"https:\/\/neurovirtual.com\/latam\/wp-json\/wp\/v2\/media\/815794"}],"wp:attachment":[{"href":"https:\/\/neurovirtual.com\/latam\/wp-json\/wp\/v2\/media?parent=815787"}],"wp:term":[{"taxonomy":"category","embeddable":true,"href":"https:\/\/neurovirtual.com\/latam\/wp-json\/wp\/v2\/categories?post=815787"},{"taxonomy":"post_tag","embeddable":true,"href":"https:\/\/neurovirtual.com\/latam\/wp-json\/wp\/v2\/tags?post=815787"}],"curies":[{"name":"wp","href":"https:\/\/api.w.org\/{rel}","templated":true}]}}