{"id":815212,"date":"2022-05-22T14:50:00","date_gmt":"2022-05-22T17:50:00","guid":{"rendered":"https:\/\/neurovirtual.com\/latam\/?p=815212"},"modified":"2022-08-22T14:55:49","modified_gmt":"2022-08-22T17:55:49","slug":"panama-presenta-su-primera-jornada-introductoria-a-la-medicina-del-sueno","status":"publish","type":"post","link":"https:\/\/neurovirtual.com\/latam\/panama-presenta-su-primera-jornada-introductoria-a-la-medicina-del-sueno\/","title":{"rendered":"Panam\u00e1 presenta su primera Jornada Introductoria a la Medicina del Sue\u00f1o"},"content":{"rendered":"\n<p>Cuatro representantes del equipo de ventas Neurovirtual estuvieron presentes en la Primera Jornada Internacional de Introducci\u00f3n a la Medicina del Sue\u00f1o, en Ciudad de Panam\u00e1. La marca estadounidense no perdi\u00f3 esta oportunidad para acercarse al p\u00fablico paname\u00f1o con informaci\u00f3n y demostraciones de sus excelentes equipos <strong><a href=\"https:\/\/neurovirtual.com\/latam\/equipamento\/bwiii-psg\/\" target=\"_blank\" rel=\"noreferrer noopener\">BWIII PSG<\/a><\/strong> y <strong><a href=\"https:\/\/neurovirtual.com\/latam\/equipamento\/bwmini-psg\/\" target=\"_blank\" rel=\"noreferrer noopener\">BW MINI PSG.<\/a><\/strong><\/p>\n\n\n\n<p>El evento ofreci\u00f3 una experiencia completa a los m\u00e1s de 40 inscritos. En un formato h\u00edbrido, los participantes iniciaron su jornada con presentaciones sobre los mecanismos neuronales y aspectos neurofisiol\u00f3gicos del sue\u00f1o normal y terminaron el d\u00eda con discusiones sobre la epilepsia durante el sue\u00f1o.<\/p>\n\n\n\n<figure class=\"wp-block-gallery columns-4 is-cropped wp-block-gallery-1 is-layout-flex wp-block-gallery-is-layout-flex\"><ul class=\"blocks-gallery-grid\"><li class=\"blocks-gallery-item\"><figure><a href=\"https:\/\/neurovirtual.com\/latam\/wp-content\/uploads\/2022\/08\/Foto-1-Dr-Diego-Garcia-Borreguero-1.jpg\"><img decoding=\"async\" width=\"819\" height=\"1024\" src=\"https:\/\/neurovirtual.com\/latam\/wp-content\/uploads\/2022\/08\/Foto-1-Dr-Diego-Garcia-Borreguero-1-819x1024.jpg\" alt=\"\" data-id=\"815216\" data-full-url=\"https:\/\/neurovirtual.com\/latam\/wp-content\/uploads\/2022\/08\/Foto-1-Dr-Diego-Garcia-Borreguero-1.jpg\" data-link=\"https:\/\/neurovirtual.com\/latam\/panama-presenta-su-primera-jornada-introductoria-a-la-medicina-del-sueno\/foto-1-dr-diego-garcia-borreguero-1\/\" class=\"wp-image-815216\" srcset=\"https:\/\/neurovirtual.com\/latam\/wp-content\/uploads\/2022\/08\/Foto-1-Dr-Diego-Garcia-Borreguero-1-819x1024.jpg 819w, https:\/\/neurovirtual.com\/latam\/wp-content\/uploads\/2022\/08\/Foto-1-Dr-Diego-Garcia-Borreguero-1-240x300.jpg 240w, https:\/\/neurovirtual.com\/latam\/wp-content\/uploads\/2022\/08\/Foto-1-Dr-Diego-Garcia-Borreguero-1-768x960.jpg 768w, https:\/\/neurovirtual.com\/latam\/wp-content\/uploads\/2022\/08\/Foto-1-Dr-Diego-Garcia-Borreguero-1-200x250.jpg 200w, https:\/\/neurovirtual.com\/latam\/wp-content\/uploads\/2022\/08\/Foto-1-Dr-Diego-Garcia-Borreguero-1-272x340.jpg 272w, https:\/\/neurovirtual.com\/latam\/wp-content\/uploads\/2022\/08\/Foto-1-Dr-Diego-Garcia-Borreguero-1.jpg 1080w\" sizes=\"(max-width: 819px) 100vw, 819px\" \/><\/a><\/figure><\/li><li class=\"blocks-gallery-item\"><figure><a href=\"https:\/\/neurovirtual.com\/latam\/wp-content\/uploads\/2022\/08\/Foto-2-Moderadores.jpeg\"><img decoding=\"async\" width=\"819\" height=\"1024\" src=\"https:\/\/neurovirtual.com\/latam\/wp-content\/uploads\/2022\/08\/Foto-2-Moderadores-819x1024.jpeg\" alt=\"\" data-id=\"815217\" data-full-url=\"https:\/\/neurovirtual.com\/latam\/wp-content\/uploads\/2022\/08\/Foto-2-Moderadores.jpeg\" data-link=\"https:\/\/neurovirtual.com\/latam\/panama-presenta-su-primera-jornada-introductoria-a-la-medicina-del-sueno\/foto-2-moderadores\/\" class=\"wp-image-815217\" srcset=\"https:\/\/neurovirtual.com\/latam\/wp-content\/uploads\/2022\/08\/Foto-2-Moderadores-819x1024.jpeg 819w, https:\/\/neurovirtual.com\/latam\/wp-content\/uploads\/2022\/08\/Foto-2-Moderadores-240x300.jpeg 240w, https:\/\/neurovirtual.com\/latam\/wp-content\/uploads\/2022\/08\/Foto-2-Moderadores-768x960.jpeg 768w, https:\/\/neurovirtual.com\/latam\/wp-content\/uploads\/2022\/08\/Foto-2-Moderadores-200x250.jpeg 200w, https:\/\/neurovirtual.com\/latam\/wp-content\/uploads\/2022\/08\/Foto-2-Moderadores-272x340.jpeg 272w, https:\/\/neurovirtual.com\/latam\/wp-content\/uploads\/2022\/08\/Foto-2-Moderadores.jpeg 1080w\" sizes=\"(max-width: 819px) 100vw, 819px\" \/><\/a><\/figure><\/li><li class=\"blocks-gallery-item\"><figure><a href=\"https:\/\/neurovirtual.com\/latam\/wp-content\/uploads\/2022\/08\/Foto-3-Stand-Katerin-Laverde-y-Esteban-Vargas.jpeg\"><img decoding=\"async\" width=\"819\" height=\"1024\" src=\"https:\/\/neurovirtual.com\/latam\/wp-content\/uploads\/2022\/08\/Foto-3-Stand-Katerin-Laverde-y-Esteban-Vargas-819x1024.jpeg\" alt=\"\" data-id=\"815218\" data-full-url=\"https:\/\/neurovirtual.com\/latam\/wp-content\/uploads\/2022\/08\/Foto-3-Stand-Katerin-Laverde-y-Esteban-Vargas.jpeg\" data-link=\"https:\/\/neurovirtual.com\/latam\/panama-presenta-su-primera-jornada-introductoria-a-la-medicina-del-sueno\/foto-3-stand-katerin-laverde-y-esteban-vargas\/\" class=\"wp-image-815218\" srcset=\"https:\/\/neurovirtual.com\/latam\/wp-content\/uploads\/2022\/08\/Foto-3-Stand-Katerin-Laverde-y-Esteban-Vargas-819x1024.jpeg 819w, https:\/\/neurovirtual.com\/latam\/wp-content\/uploads\/2022\/08\/Foto-3-Stand-Katerin-Laverde-y-Esteban-Vargas-240x300.jpeg 240w, https:\/\/neurovirtual.com\/latam\/wp-content\/uploads\/2022\/08\/Foto-3-Stand-Katerin-Laverde-y-Esteban-Vargas-768x960.jpeg 768w, https:\/\/neurovirtual.com\/latam\/wp-content\/uploads\/2022\/08\/Foto-3-Stand-Katerin-Laverde-y-Esteban-Vargas-200x250.jpeg 200w, https:\/\/neurovirtual.com\/latam\/wp-content\/uploads\/2022\/08\/Foto-3-Stand-Katerin-Laverde-y-Esteban-Vargas-272x340.jpeg 272w, https:\/\/neurovirtual.com\/latam\/wp-content\/uploads\/2022\/08\/Foto-3-Stand-Katerin-Laverde-y-Esteban-Vargas.jpeg 1080w\" sizes=\"(max-width: 819px) 100vw, 819px\" \/><\/a><\/figure><\/li><li class=\"blocks-gallery-item\"><figure><a href=\"https:\/\/neurovirtual.com\/latam\/wp-content\/uploads\/2022\/08\/Foto-7-Stan-Dr-Borreguero-Katerin-Laverde-y-Esteban-Vargas.jpeg\"><img decoding=\"async\" width=\"768\" height=\"1024\" src=\"https:\/\/neurovirtual.com\/latam\/wp-content\/uploads\/2022\/08\/Foto-7-Stan-Dr-Borreguero-Katerin-Laverde-y-Esteban-Vargas-768x1024.jpeg\" alt=\"\" data-id=\"815219\" data-full-url=\"https:\/\/neurovirtual.com\/latam\/wp-content\/uploads\/2022\/08\/Foto-7-Stan-Dr-Borreguero-Katerin-Laverde-y-Esteban-Vargas.jpeg\" data-link=\"https:\/\/neurovirtual.com\/latam\/panama-presenta-su-primera-jornada-introductoria-a-la-medicina-del-sueno\/foto-7-stan-dr-borreguero-katerin-laverde-y-esteban-vargas\/\" class=\"wp-image-815219\" srcset=\"https:\/\/neurovirtual.com\/latam\/wp-content\/uploads\/2022\/08\/Foto-7-Stan-Dr-Borreguero-Katerin-Laverde-y-Esteban-Vargas-768x1024.jpeg 768w, https:\/\/neurovirtual.com\/latam\/wp-content\/uploads\/2022\/08\/Foto-7-Stan-Dr-Borreguero-Katerin-Laverde-y-Esteban-Vargas-225x300.jpeg 225w, https:\/\/neurovirtual.com\/latam\/wp-content\/uploads\/2022\/08\/Foto-7-Stan-Dr-Borreguero-Katerin-Laverde-y-Esteban-Vargas-1152x1536.jpeg 1152w, https:\/\/neurovirtual.com\/latam\/wp-content\/uploads\/2022\/08\/Foto-7-Stan-Dr-Borreguero-Katerin-Laverde-y-Esteban-Vargas-188x250.jpeg 188w, https:\/\/neurovirtual.com\/latam\/wp-content\/uploads\/2022\/08\/Foto-7-Stan-Dr-Borreguero-Katerin-Laverde-y-Esteban-Vargas-255x340.jpeg 255w, https:\/\/neurovirtual.com\/latam\/wp-content\/uploads\/2022\/08\/Foto-7-Stan-Dr-Borreguero-Katerin-Laverde-y-Esteban-Vargas.jpeg 1200w\" sizes=\"(max-width: 768px) 100vw, 768px\" \/><\/a><\/figure><\/li><\/ul><\/figure>\n\n\n\n<p>La jornada tuvo lugar el 7 de mayo de 2022 en el Hotel W Panam\u00e1, con una gran acogida de los participantes. Este resultado fue fruto del trabajo conjunto entre la Universidad Interamericana de Panam\u00e1, el Instituto Europeo del Sue\u00f1o, la Fundaci\u00f3n Instituto del Sue\u00f1o y el Colegio M\u00e9dico del Panam\u00e1.&nbsp;<\/p>\n\n\n\n<p>18 exponentes provenientes de Estados Unidos, Espa\u00f1a, Chile y Colombia, adem\u00e1s de representantes locales, asistieron al evento. La organizaci\u00f3n y coordinaci\u00f3n estuvo a cargo de los doctores Diego Garc\u00eda-Borreguero, director internacional del Instituto Europeo del Sue\u00f1o (Madrid) y Fernando de Gracia, de la Universidad Interamericana de Panam\u00e1 y del Hospital Santo Tom\u00e1s.<\/p>\n\n\n\n<p>Este definitivamente fue un encuentro que promete dejar huellas en los caminos de la medicina del sue\u00f1o en Panam\u00e1.<\/p>\n","protected":false},"excerpt":{"rendered":"<p>Cuatro representantes del equipo de ventas Neurovirtual estuvieron presentes en la Primera Jornada Internacional de Introducci\u00f3n a la Medicina del Sue\u00f1o, en Ciudad de Panam\u00e1. La marca estadounidense no perdi\u00f3 esta oportunidad para acercarse al p\u00fablico paname\u00f1o con informaci\u00f3n y demostraciones de sus excelentes equipos BWIII PSG y BW MINI PSG. El evento ofreci\u00f3 una&#8230;<\/p>\n","protected":false},"author":7,"featured_media":815222,"comment_status":"open","ping_status":"open","sticky":false,"template":"","format":"standard","meta":{"footnotes":"","_joinchat":[]},"categories":[9,13],"tags":[],"acf":[],"yoast_head":"<!-- This site is optimized with the Yoast SEO plugin v21.7 - https:\/\/yoast.com\/wordpress\/plugins\/seo\/ -->\n<title>Panam\u00e1 presenta su primera Jornada Introductoria a la Medicina del Sue\u00f1o - Neurovirtual \/ Humanizing diagnostics<\/title>\n<meta name=\"description\" content=\"%seo_description%\" \/>\n<meta name=\"robots\" content=\"index, follow, max-snippet:-1, max-image-preview:large, max-video-preview:-1\" \/>\n<link rel=\"canonical\" href=\"https:\/\/neurovirtual.com\/latam\/panama-presenta-su-primera-jornada-introductoria-a-la-medicina-del-sueno\/\" \/>\n<meta property=\"og:locale\" content=\"es_ES\" \/>\n<meta property=\"og:type\" content=\"article\" \/>\n<meta property=\"og:title\" content=\"Panam\u00e1 presenta su primera Jornada Introductoria a la Medicina del Sue\u00f1o - Neurovirtual \/ Humanizing diagnostics\" \/>\n<meta property=\"og:description\" content=\"%seo_description%\" \/>\n<meta property=\"og:url\" content=\"https:\/\/neurovirtual.com\/latam\/panama-presenta-su-primera-jornada-introductoria-a-la-medicina-del-sueno\/\" \/>\n<meta property=\"og:site_name\" content=\"Neurovirtual \/ Humanizing diagnostics\" \/>\n<meta property=\"article:published_time\" content=\"2022-05-22T17:50:00+00:00\" \/>\n<meta property=\"article:modified_time\" content=\"2022-08-22T17:55:49+00:00\" \/>\n<meta property=\"og:image\" content=\"https:\/\/neurovirtual.com\/latam\/wp-content\/uploads\/2022\/05\/ornada-Introductoria-a-la-Medicina-del-Sueno.jpg\" \/>\n\t<meta property=\"og:image:width\" content=\"300\" \/>\n\t<meta property=\"og:image:height\" content=\"168\" \/>\n\t<meta property=\"og:image:type\" content=\"image\/jpeg\" \/>\n<meta name=\"author\" content=\"Jessika Brito\" \/>\n<meta name=\"twitter:card\" content=\"summary_large_image\" \/>\n<meta name=\"twitter:label1\" content=\"Escrito por\" \/>\n\t<meta name=\"twitter:data1\" content=\"Jessika Brito\" \/>\n\t<meta name=\"twitter:label2\" content=\"Tiempo estimado de lectura\" \/>\n\t<meta name=\"twitter:data2\" content=\"2 minutos\" \/>\n<script type=\"application\/ld+json\" class=\"yoast-schema-graph\">{\"@context\":\"https:\/\/schema.org\",\"@graph\":[{\"@type\":\"Article\",\"@id\":\"https:\/\/neurovirtual.com\/latam\/panama-presenta-su-primera-jornada-introductoria-a-la-medicina-del-sueno\/#article\",\"isPartOf\":{\"@id\":\"https:\/\/neurovirtual.com\/latam\/panama-presenta-su-primera-jornada-introductoria-a-la-medicina-del-sueno\/\"},\"author\":{\"name\":\"Jessika Brito\",\"@id\":\"https:\/\/neurovirtual.com\/latam\/#\/schema\/person\/61c27629d3d16b3e601ef7db30001d49\"},\"headline\":\"Panam\u00e1 presenta su primera Jornada Introductoria a la Medicina del Sue\u00f1o\",\"datePublished\":\"2022-05-22T17:50:00+00:00\",\"dateModified\":\"2022-08-22T17:55:49+00:00\",\"mainEntityOfPage\":{\"@id\":\"https:\/\/neurovirtual.com\/latam\/panama-presenta-su-primera-jornada-introductoria-a-la-medicina-del-sueno\/\"},\"wordCount\":250,\"commentCount\":0,\"publisher\":{\"@id\":\"https:\/\/neurovirtual.com\/latam\/#organization\"},\"articleSection\":[\"Curso\",\"Latam\"],\"inLanguage\":\"es-CO\",\"potentialAction\":[{\"@type\":\"CommentAction\",\"name\":\"Comment\",\"target\":[\"https:\/\/neurovirtual.com\/latam\/panama-presenta-su-primera-jornada-introductoria-a-la-medicina-del-sueno\/#respond\"]}]},{\"@type\":\"WebPage\",\"@id\":\"https:\/\/neurovirtual.com\/latam\/panama-presenta-su-primera-jornada-introductoria-a-la-medicina-del-sueno\/\",\"url\":\"https:\/\/neurovirtual.com\/latam\/panama-presenta-su-primera-jornada-introductoria-a-la-medicina-del-sueno\/\",\"name\":\"Panam\u00e1 presenta su primera Jornada Introductoria a la Medicina del Sue\u00f1o - Neurovirtual \/ Humanizing diagnostics\",\"isPartOf\":{\"@id\":\"https:\/\/neurovirtual.com\/latam\/#website\"},\"datePublished\":\"2022-05-22T17:50:00+00:00\",\"dateModified\":\"2022-08-22T17:55:49+00:00\",\"description\":\"%seo_description%\",\"breadcrumb\":{\"@id\":\"https:\/\/neurovirtual.com\/latam\/panama-presenta-su-primera-jornada-introductoria-a-la-medicina-del-sueno\/#breadcrumb\"},\"inLanguage\":\"es-CO\",\"potentialAction\":[{\"@type\":\"ReadAction\",\"target\":[\"https:\/\/neurovirtual.com\/latam\/panama-presenta-su-primera-jornada-introductoria-a-la-medicina-del-sueno\/\"]}]},{\"@type\":\"BreadcrumbList\",\"@id\":\"https:\/\/neurovirtual.com\/latam\/panama-presenta-su-primera-jornada-introductoria-a-la-medicina-del-sueno\/#breadcrumb\",\"itemListElement\":[{\"@type\":\"ListItem\",\"position\":1,\"name\":\"Portada\",\"item\":\"https:\/\/neurovirtual.com\/latam\/\"},{\"@type\":\"ListItem\",\"position\":2,\"name\":\"Panam\u00e1 presenta su primera Jornada Introductoria a la Medicina del Sue\u00f1o\"}]},{\"@type\":\"WebSite\",\"@id\":\"https:\/\/neurovirtual.com\/latam\/#website\",\"url\":\"https:\/\/neurovirtual.com\/latam\/\",\"name\":\"Neurovirtual \/ Humanizing diagnostics\",\"description\":\"\",\"publisher\":{\"@id\":\"https:\/\/neurovirtual.com\/latam\/#organization\"},\"potentialAction\":[{\"@type\":\"SearchAction\",\"target\":{\"@type\":\"EntryPoint\",\"urlTemplate\":\"https:\/\/neurovirtual.com\/latam\/?s={search_term_string}\"},\"query-input\":\"required name=search_term_string\"}],\"inLanguage\":\"es-CO\"},{\"@type\":\"Organization\",\"@id\":\"https:\/\/neurovirtual.com\/latam\/#organization\",\"name\":\"Neurovirtual\",\"url\":\"https:\/\/neurovirtual.com\/latam\/\",\"logo\":{\"@type\":\"ImageObject\",\"inLanguage\":\"es-CO\",\"@id\":\"https:\/\/neurovirtual.com\/latam\/#\/schema\/logo\/image\/\",\"url\":\"https:\/\/neurovirtual.com\/latam\/wp-content\/uploads\/2023\/08\/1.-Logo-Neurovirtual-2022.png\",\"contentUrl\":\"https:\/\/neurovirtual.com\/latam\/wp-content\/uploads\/2023\/08\/1.-Logo-Neurovirtual-2022.png\",\"width\":1964,\"height\":668,\"caption\":\"Neurovirtual\"},\"image\":{\"@id\":\"https:\/\/neurovirtual.com\/latam\/#\/schema\/logo\/image\/\"}},{\"@type\":\"Person\",\"@id\":\"https:\/\/neurovirtual.com\/latam\/#\/schema\/person\/61c27629d3d16b3e601ef7db30001d49\",\"name\":\"Jessika Brito\",\"image\":{\"@type\":\"ImageObject\",\"inLanguage\":\"es-CO\",\"@id\":\"https:\/\/neurovirtual.com\/latam\/#\/schema\/person\/image\/\",\"url\":\"https:\/\/secure.gravatar.com\/avatar\/08d2f62bc8a1f215fdfebe63356acc30?s=96&d=mm&r=g\",\"contentUrl\":\"https:\/\/secure.gravatar.com\/avatar\/08d2f62bc8a1f215fdfebe63356acc30?s=96&d=mm&r=g\",\"caption\":\"Jessika Brito\"},\"url\":\"https:\/\/neurovirtual.com\/latam\/author\/brito\/\"}]}<\/script>\n<!-- \/ Yoast SEO plugin. -->","yoast_head_json":{"title":"Panam\u00e1 presenta su primera Jornada Introductoria a la Medicina del Sue\u00f1o - Neurovirtual \/ Humanizing diagnostics","description":"%seo_description%","robots":{"index":"index","follow":"follow","max-snippet":"max-snippet:-1","max-image-preview":"max-image-preview:large","max-video-preview":"max-video-preview:-1"},"canonical":"https:\/\/neurovirtual.com\/latam\/panama-presenta-su-primera-jornada-introductoria-a-la-medicina-del-sueno\/","og_locale":"es_ES","og_type":"article","og_title":"Panam\u00e1 presenta su primera Jornada Introductoria a la Medicina del Sue\u00f1o - Neurovirtual \/ Humanizing diagnostics","og_description":"%seo_description%","og_url":"https:\/\/neurovirtual.com\/latam\/panama-presenta-su-primera-jornada-introductoria-a-la-medicina-del-sueno\/","og_site_name":"Neurovirtual \/ Humanizing diagnostics","article_published_time":"2022-05-22T17:50:00+00:00","article_modified_time":"2022-08-22T17:55:49+00:00","og_image":[{"width":300,"height":168,"url":"https:\/\/neurovirtual.com\/latam\/wp-content\/uploads\/2022\/05\/ornada-Introductoria-a-la-Medicina-del-Sueno.jpg","type":"image\/jpeg"}],"author":"Jessika Brito","twitter_card":"summary_large_image","twitter_misc":{"Escrito por":"Jessika Brito","Tiempo estimado de lectura":"2 minutos"},"schema":{"@context":"https:\/\/schema.org","@graph":[{"@type":"Article","@id":"https:\/\/neurovirtual.com\/latam\/panama-presenta-su-primera-jornada-introductoria-a-la-medicina-del-sueno\/#article","isPartOf":{"@id":"https:\/\/neurovirtual.com\/latam\/panama-presenta-su-primera-jornada-introductoria-a-la-medicina-del-sueno\/"},"author":{"name":"Jessika Brito","@id":"https:\/\/neurovirtual.com\/latam\/#\/schema\/person\/61c27629d3d16b3e601ef7db30001d49"},"headline":"Panam\u00e1 presenta su primera Jornada Introductoria a la Medicina del Sue\u00f1o","datePublished":"2022-05-22T17:50:00+00:00","dateModified":"2022-08-22T17:55:49+00:00","mainEntityOfPage":{"@id":"https:\/\/neurovirtual.com\/latam\/panama-presenta-su-primera-jornada-introductoria-a-la-medicina-del-sueno\/"},"wordCount":250,"commentCount":0,"publisher":{"@id":"https:\/\/neurovirtual.com\/latam\/#organization"},"articleSection":["Curso","Latam"],"inLanguage":"es-CO","potentialAction":[{"@type":"CommentAction","name":"Comment","target":["https:\/\/neurovirtual.com\/latam\/panama-presenta-su-primera-jornada-introductoria-a-la-medicina-del-sueno\/#respond"]}]},{"@type":"WebPage","@id":"https:\/\/neurovirtual.com\/latam\/panama-presenta-su-primera-jornada-introductoria-a-la-medicina-del-sueno\/","url":"https:\/\/neurovirtual.com\/latam\/panama-presenta-su-primera-jornada-introductoria-a-la-medicina-del-sueno\/","name":"Panam\u00e1 presenta su primera Jornada Introductoria a la Medicina del Sue\u00f1o - Neurovirtual \/ Humanizing diagnostics","isPartOf":{"@id":"https:\/\/neurovirtual.com\/latam\/#website"},"datePublished":"2022-05-22T17:50:00+00:00","dateModified":"2022-08-22T17:55:49+00:00","description":"%seo_description%","breadcrumb":{"@id":"https:\/\/neurovirtual.com\/latam\/panama-presenta-su-primera-jornada-introductoria-a-la-medicina-del-sueno\/#breadcrumb"},"inLanguage":"es-CO","potentialAction":[{"@type":"ReadAction","target":["https:\/\/neurovirtual.com\/latam\/panama-presenta-su-primera-jornada-introductoria-a-la-medicina-del-sueno\/"]}]},{"@type":"BreadcrumbList","@id":"https:\/\/neurovirtual.com\/latam\/panama-presenta-su-primera-jornada-introductoria-a-la-medicina-del-sueno\/#breadcrumb","itemListElement":[{"@type":"ListItem","position":1,"name":"Portada","item":"https:\/\/neurovirtual.com\/latam\/"},{"@type":"ListItem","position":2,"name":"Panam\u00e1 presenta su primera Jornada Introductoria a la Medicina del Sue\u00f1o"}]},{"@type":"WebSite","@id":"https:\/\/neurovirtual.com\/latam\/#website","url":"https:\/\/neurovirtual.com\/latam\/","name":"Neurovirtual \/ Humanizing diagnostics","description":"","publisher":{"@id":"https:\/\/neurovirtual.com\/latam\/#organization"},"potentialAction":[{"@type":"SearchAction","target":{"@type":"EntryPoint","urlTemplate":"https:\/\/neurovirtual.com\/latam\/?s={search_term_string}"},"query-input":"required name=search_term_string"}],"inLanguage":"es-CO"},{"@type":"Organization","@id":"https:\/\/neurovirtual.com\/latam\/#organization","name":"Neurovirtual","url":"https:\/\/neurovirtual.com\/latam\/","logo":{"@type":"ImageObject","inLanguage":"es-CO","@id":"https:\/\/neurovirtual.com\/latam\/#\/schema\/logo\/image\/","url":"https:\/\/neurovirtual.com\/latam\/wp-content\/uploads\/2023\/08\/1.-Logo-Neurovirtual-2022.png","contentUrl":"https:\/\/neurovirtual.com\/latam\/wp-content\/uploads\/2023\/08\/1.-Logo-Neurovirtual-2022.png","width":1964,"height":668,"caption":"Neurovirtual"},"image":{"@id":"https:\/\/neurovirtual.com\/latam\/#\/schema\/logo\/image\/"}},{"@type":"Person","@id":"https:\/\/neurovirtual.com\/latam\/#\/schema\/person\/61c27629d3d16b3e601ef7db30001d49","name":"Jessika Brito","image":{"@type":"ImageObject","inLanguage":"es-CO","@id":"https:\/\/neurovirtual.com\/latam\/#\/schema\/person\/image\/","url":"https:\/\/secure.gravatar.com\/avatar\/08d2f62bc8a1f215fdfebe63356acc30?s=96&d=mm&r=g","contentUrl":"https:\/\/secure.gravatar.com\/avatar\/08d2f62bc8a1f215fdfebe63356acc30?s=96&d=mm&r=g","caption":"Jessika Brito"},"url":"https:\/\/neurovirtual.com\/latam\/author\/brito\/"}]}},"_links":{"self":[{"href":"https:\/\/neurovirtual.com\/latam\/wp-json\/wp\/v2\/posts\/815212"}],"collection":[{"href":"https:\/\/neurovirtual.com\/latam\/wp-json\/wp\/v2\/posts"}],"about":[{"href":"https:\/\/neurovirtual.com\/latam\/wp-json\/wp\/v2\/types\/post"}],"author":[{"embeddable":true,"href":"https:\/\/neurovirtual.com\/latam\/wp-json\/wp\/v2\/users\/7"}],"replies":[{"embeddable":true,"href":"https:\/\/neurovirtual.com\/latam\/wp-json\/wp\/v2\/comments?post=815212"}],"version-history":[{"count":4,"href":"https:\/\/neurovirtual.com\/latam\/wp-json\/wp\/v2\/posts\/815212\/revisions"}],"predecessor-version":[{"id":815221,"href":"https:\/\/neurovirtual.com\/latam\/wp-json\/wp\/v2\/posts\/815212\/revisions\/815221"}],"wp:featuredmedia":[{"embeddable":true,"href":"https:\/\/neurovirtual.com\/latam\/wp-json\/wp\/v2\/media\/815222"}],"wp:attachment":[{"href":"https:\/\/neurovirtual.com\/latam\/wp-json\/wp\/v2\/media?parent=815212"}],"wp:term":[{"taxonomy":"category","embeddable":true,"href":"https:\/\/neurovirtual.com\/latam\/wp-json\/wp\/v2\/categories?post=815212"},{"taxonomy":"post_tag","embeddable":true,"href":"https:\/\/neurovirtual.com\/latam\/wp-json\/wp\/v2\/tags?post=815212"}],"curies":[{"name":"wp","href":"https:\/\/api.w.org\/{rel}","templated":true}]}}