{"id":808388,"date":"2020-12-03T13:24:33","date_gmt":"2020-12-03T15:24:33","guid":{"rendered":"https:\/\/neurovirtual.com\/latam\/?p=808388"},"modified":"2021-02-08T18:20:54","modified_gmt":"2021-02-08T20:20:54","slug":"atencion-medica-y-solidaridad-en-zonas-remotas-de-colombia","status":"publish","type":"post","link":"https:\/\/neurovirtual.com\/latam\/atencion-medica-y-solidaridad-en-zonas-remotas-de-colombia\/","title":{"rendered":"Atenci\u00f3n m\u00e9dica y solidaridad en zonas remotas de Colombia"},"content":{"rendered":"\n<p>\u00bfC\u00f3mo devolver a la sociedad algunos de los beneficios recibidos durante la vida? Para el doctor Andr\u00e9s Quintana, m\u00e9dico especialista en neuropediatr\u00eda, la respuesta est\u00e1 en la realizaci\u00f3n de expediciones voluntarias a zonas rurales, alejadas de grandes centros, que carecen de atenci\u00f3n profesional y m\u00e9dica.<\/p>\n\n\n\n<figure class=\"wp-block-image size-large\"><a href=\"https:\/\/neurovirtual.com\/latam\/wp-content\/uploads\/2020\/12\/1.jpeg\"><img decoding=\"async\" width=\"1024\" height=\"685\" src=\"https:\/\/neurovirtual.com\/latam\/wp-content\/uploads\/2020\/12\/1-1024x685.jpeg\" alt=\"\" class=\"wp-image-808393\" srcset=\"https:\/\/neurovirtual.com\/latam\/wp-content\/uploads\/2020\/12\/1-1024x685.jpeg 1024w, https:\/\/neurovirtual.com\/latam\/wp-content\/uploads\/2020\/12\/1-300x201.jpeg 300w, https:\/\/neurovirtual.com\/latam\/wp-content\/uploads\/2020\/12\/1-768x514.jpeg 768w, https:\/\/neurovirtual.com\/latam\/wp-content\/uploads\/2020\/12\/1-374x250.jpeg 374w, https:\/\/neurovirtual.com\/latam\/wp-content\/uploads\/2020\/12\/1-460x308.jpeg 460w, https:\/\/neurovirtual.com\/latam\/wp-content\/uploads\/2020\/12\/1.jpeg 1280w\" sizes=\"(max-width: 1024px) 100vw, 1024px\" \/><\/a><\/figure>\n\n\n\n<p>Desde el 2010, el Dr. Quintana viene realizando de 4 a 6 expediciones al a\u00f1o, espec\u00edficamente a la regi\u00f3n del municipio de Bah\u00eda Solano (Colombia), en donde ofrece unas visitas enfocadas en la atenci\u00f3n integral a los pacientes pedi\u00e1tricos que presentan alg\u00fan tipo de s\u00edntoma neurol\u00f3gico. As\u00ed, muchas veces son capaces de actuar de forma preventiva, principalmente con el apoyo de la poblaci\u00f3n local y de los docentes de la primera infancia, quienes son figuras importantes en la identificaci\u00f3n temprana de signos neurol\u00f3gicos en sus alumnos.<br>Neurovirtual entrevist\u00f3 al especialista, quien cont\u00f3 m\u00e1s detalles sobre c\u00f3mo se inici\u00f3 el proyecto y sobre la importancia de contar con el apoyo de empresas como Neurovirtual en sus expediciones.<\/p>\n\n\n\n<p><strong>Neurovirtual News:<\/strong> Primero queremos saber m\u00e1s sobre usted: cu\u00e9ntenos cu\u00e1ndo se decant\u00f3 por la medicina, en qu\u00e9 \u00e1rea se especializ\u00f3 y c\u00f3mo ha desarrollado tu carrera a lo largo de los a\u00f1os.<br><strong>Dr. Andr\u00e9s Quintana:<\/strong> Bueno, soy m\u00e9dico de la universidad del Quind\u00edo, y me especialic\u00e9 en neuropediatr\u00eda en la Universidad Nacional de Colombia y en la Liga Central contra la Epilepsia bajo la supervisi\u00f3n del doctor Carlos Medina Malo y de \u00c1lvaro Izquierdo; tambi\u00e9n soy antrop\u00f3logo egresado de la Universidad de los Andes.<\/p>\n\n\n\n<figure class=\"wp-block-image size-large\"><a href=\"https:\/\/neurovirtual.com\/latam\/wp-content\/uploads\/2020\/12\/2.jpeg\"><img decoding=\"async\" width=\"1024\" height=\"685\" src=\"https:\/\/neurovirtual.com\/latam\/wp-content\/uploads\/2020\/12\/2-1024x685.jpeg\" alt=\"\" class=\"wp-image-808394\" srcset=\"https:\/\/neurovirtual.com\/latam\/wp-content\/uploads\/2020\/12\/2-1024x685.jpeg 1024w, https:\/\/neurovirtual.com\/latam\/wp-content\/uploads\/2020\/12\/2-300x201.jpeg 300w, https:\/\/neurovirtual.com\/latam\/wp-content\/uploads\/2020\/12\/2-768x514.jpeg 768w, https:\/\/neurovirtual.com\/latam\/wp-content\/uploads\/2020\/12\/2-374x250.jpeg 374w, https:\/\/neurovirtual.com\/latam\/wp-content\/uploads\/2020\/12\/2-460x308.jpeg 460w, https:\/\/neurovirtual.com\/latam\/wp-content\/uploads\/2020\/12\/2.jpeg 1280w\" sizes=\"(max-width: 1024px) 100vw, 1024px\" \/><\/a><\/figure>\n\n\n\n<p><strong>NN:<\/strong> \u00bfCu\u00e1ndo comenz\u00f3 estas expediciones solidarias para brindar atenci\u00f3n m\u00e9dica a poblaciones con poco o ning\u00fan acceso a medicamentos?<br><strong>Dr. Andr\u00e9s Quintana:<\/strong> Desde el a\u00f1o 2010 esta atenci\u00f3n se enfoca en el departamento del Choc\u00f3, espec\u00edficamente en el municipio de Bah\u00eda Solano y en el corregimiento del Valle; m\u00e1s que la falta de medicamentos, nuestra atenci\u00f3n se enfoca en la atenci\u00f3n integral del paciente pedi\u00e1trico con sintomatolog\u00eda neurol\u00f3gica.<\/p>\n\n\n\n<p><strong>NN: <\/strong>\u00bfA qu\u00e9 regiones atiende habitualmente? \u00bfSon comunidades ind\u00edgenas? \u00bfCu\u00e1l es el proceso para definir qu\u00e9 regi\u00f3n recibir\u00e1 la asistencia?<br><strong>Dr. Andr\u00e9s Quintana: <\/strong>Especialmente la poblaci\u00f3n con discapacidad cognitiva y motora, epilepsia entre otras; en ocasiones tenemos el apoyo de otros profesionales que nos han colaborado en la atenci\u00f3n odontol\u00f3gica, psiquiatr\u00eda y pediatr\u00eda, se atiende a comunidades afrodescendientes y a comunidades Embera y Wouaan.<\/p>\n\n\n\n<figure class=\"wp-block-image size-large\"><a href=\"https:\/\/neurovirtual.com\/latam\/wp-content\/uploads\/2020\/12\/3.jpeg\"><img decoding=\"async\" width=\"1024\" height=\"576\" src=\"https:\/\/neurovirtual.com\/latam\/wp-content\/uploads\/2020\/12\/3-1024x576.jpeg\" alt=\"\" class=\"wp-image-808395\" srcset=\"https:\/\/neurovirtual.com\/latam\/wp-content\/uploads\/2020\/12\/3-1024x576.jpeg 1024w, https:\/\/neurovirtual.com\/latam\/wp-content\/uploads\/2020\/12\/3-300x169.jpeg 300w, https:\/\/neurovirtual.com\/latam\/wp-content\/uploads\/2020\/12\/3-768x432.jpeg 768w, https:\/\/neurovirtual.com\/latam\/wp-content\/uploads\/2020\/12\/3-444x250.jpeg 444w, https:\/\/neurovirtual.com\/latam\/wp-content\/uploads\/2020\/12\/3-460x259.jpeg 460w, https:\/\/neurovirtual.com\/latam\/wp-content\/uploads\/2020\/12\/3.jpeg 1280w\" sizes=\"(max-width: 1024px) 100vw, 1024px\" \/><\/a><\/figure>\n\n\n\n<p><strong>NN:<\/strong> \u00bfTiene el apoyo de otras instituciones o del gobierno en sus expediciones?<br><strong>Dr. Andr\u00e9s Quintana:<\/strong> La mayor\u00eda de las veces ha sido con recursos propios o con la colaboraci\u00f3n de la industria farmac\u00e9utica, quienes nos colaboran con medicamentos o tiquetes a\u00e9reos para alguno de los especialistas invitados; en otras ocasiones el gobierno local nos ha colaborado con el apoyo en traslado y hospedaje, pero no hay un apoyo constante de instituciones del estado colombiano; en gran medida la labor es invisible, pero hemos tratado que sea constante, tambi\u00e9n el apoyo en suministros, y facilidades de pago de los equipos Neurovirtual de videoelectroencefalograf\u00eda han permitido que esta poblaci\u00f3n se beneficie de los mismos ya que nos han permitido tenerlos y ponerlos a disposici\u00f3n de la comunidad.<\/p>\n\n\n\n<p><strong>NN: <\/strong>\u00bfC\u00f3mo se obtiene acceso a estas regiones remotas? \u00bfA qu\u00e9 retos se enfrenta habitualmente hasta llegar a su destino?<br><strong>Dr. Andr\u00e9s Quintana:<\/strong> Llegar a Bah\u00eda Solano se hace en avi\u00f3n y en ocasiones para ir a las zonas rurales lo hacemos en transporte local: lancha, moto, carros, canoa o caminando, como en cualquier otra parte de este pa\u00eds rural.<\/p>\n\n\n\n<p><strong>NN:<\/strong> Cu\u00e9ntenos sobre el trabajo que realiza en estas visitas: \u00bfqu\u00e9 ex\u00e1menes hace? \u00bfC\u00f3mo se imparte el proceso educativo a ni\u00f1os y adultos sobre la epilepsia y otros temas?<br><strong>Dr. Andr\u00e9s Quintana:<\/strong> Realizamos consulta especializada, la toma de electroencefalogramas, y capacitaci\u00f3n a los docentes para la identificaci\u00f3n temprana de patolog\u00edas neurol\u00f3gicas infantiles; los docentes en gran medida son quienes identifican estas situaciones puntuales, son vecinos y familia de los ni\u00f1os y conocen y delimitan muy bien la poblaci\u00f3n; esto lo ofrecemos totalmente gratis, tanto la consulta a la comunidad y las capacitaciones a docentes y m\u00e9dicos como la electroencefalograf\u00eda.<\/p>\n\n\n\n<p><strong>NN:<\/strong> \u00bfQu\u00e9 equipos Neurovirtual lleva en estas asignaciones y c\u00f3mo le ayudan con sus asistencias?<br><strong>Dr. Andr\u00e9s Quintana: <\/strong>Hemos utilizado el BWII (desde el 2012), el BWIII (en el 2016-2017) y ahora con el BW mini (tenemos pendiente la ida por lo de la pandemia); de igual manera el apoyo de Neurovirtual a trav\u00e9s del soporte t\u00e9cnico remoto ha permitido sortear imprevistos inclusive en zonas alejadas del pa\u00eds.<\/p>\n\n\n\n<figure class=\"wp-block-image size-large\"><a href=\"https:\/\/neurovirtual.com\/latam\/wp-content\/uploads\/2020\/12\/8-1.jpeg\"><img decoding=\"async\" width=\"1024\" height=\"574\" src=\"https:\/\/neurovirtual.com\/latam\/wp-content\/uploads\/2020\/12\/8-1-1024x574.jpeg\" alt=\"\" class=\"wp-image-808399\" srcset=\"https:\/\/neurovirtual.com\/latam\/wp-content\/uploads\/2020\/12\/8-1-1024x574.jpeg 1024w, https:\/\/neurovirtual.com\/latam\/wp-content\/uploads\/2020\/12\/8-1-300x168.jpeg 300w, https:\/\/neurovirtual.com\/latam\/wp-content\/uploads\/2020\/12\/8-1-768x431.jpeg 768w, https:\/\/neurovirtual.com\/latam\/wp-content\/uploads\/2020\/12\/8-1-446x250.jpeg 446w, https:\/\/neurovirtual.com\/latam\/wp-content\/uploads\/2020\/12\/8-1-460x258.jpeg 460w, https:\/\/neurovirtual.com\/latam\/wp-content\/uploads\/2020\/12\/8-1.jpeg 1280w\" sizes=\"(max-width: 1024px) 100vw, 1024px\" \/><\/a><\/figure>\n\n\n\n<p><strong>NN: <\/strong>\u00bfCu\u00e1l es la importancia de democratizar el acceso a la informaci\u00f3n y el diagn\u00f3stico en comunidades m\u00e1s remotas?<br><strong>Dr. Andr\u00e9s Quintana:<\/strong> Bueno, esta pandemia nos ense\u00f1\u00f3 que aun estando en una ciudad, la restricci\u00f3n de movilidad (algo que comparten los habitantes de las zonas perif\u00e9ricas del pa\u00eds con nuestra nueva realidad) nos pone en una situaci\u00f3n de asistencia remota no s\u00f3lo confinada a la distancia f\u00edsica geogr\u00e1fica, por eso creo y doy fe de que la teleasistencia y el acceso a tecnolog\u00edas no s\u00f3lo es necesario si no que nos define desde este a\u00f1o como comunidad cient\u00edfica.<\/p>\n\n\n\n<p><strong>NN: <\/strong>\u00bfC\u00f3mo ha cambiado la pandemia su din\u00e1mica en el servicio que presta a estas regiones?<br><strong>Dr. Andr\u00e9s Quintana: <\/strong>No hemos podido volver, estamos pendientes de regresar.<\/p>\n\n\n\n<div class=\"wp-block-image\"><figure class=\"aligncenter size-full\"><a href=\"https:\/\/neurovirtual.com\/latam\/wp-content\/uploads\/2020\/12\/6.jpeg\"><img decoding=\"async\" width=\"480\" height=\"320\" src=\"https:\/\/neurovirtual.com\/latam\/wp-content\/uploads\/2020\/12\/6.jpeg\" alt=\"\" class=\"wp-image-808396\" srcset=\"https:\/\/neurovirtual.com\/latam\/wp-content\/uploads\/2020\/12\/6.jpeg 480w, https:\/\/neurovirtual.com\/latam\/wp-content\/uploads\/2020\/12\/6-300x200.jpeg 300w, https:\/\/neurovirtual.com\/latam\/wp-content\/uploads\/2020\/12\/6-375x250.jpeg 375w, https:\/\/neurovirtual.com\/latam\/wp-content\/uploads\/2020\/12\/6-460x307.jpeg 460w\" sizes=\"(max-width: 480px) 100vw, 480px\" \/><\/a><\/figure><\/div>\n\n\n\n<p><strong>NN:<\/strong> \u00bfCu\u00e1ntas expediciones a comunidades necesitadas ha realizado en su vida?<br><strong>Dr. Andr\u00e9s Quintana: <\/strong>Se realizaban de 4 a 6 por a\u00f1o, y pues eso desde el 2010, paramos en el 2018-2019 (mientras realizaba mi pasant\u00eda de epilepsia) pero retornamos en febrero de 2020.<\/p>\n\n\n\n<p><strong>NN:<\/strong> En su opini\u00f3n, \u00bfcu\u00e1l es el principal legado que deja en estas comunidades?<br><strong>Dr. Andr\u00e9s Quintana: <\/strong>La verdad, y sin sonar a clich\u00e9, son ellos los que han marcado la manera de ver mi actividad profesional y mi trabajo con comunidades; soy egresado de dos universidades p\u00fablicas y creo que se debe devolver algo [de lo que aprendiste] al pa\u00eds.<\/p>\n","protected":false},"excerpt":{"rendered":"<p>\u00bfC\u00f3mo devolver a la sociedad algunos de los beneficios recibidos durante la vida? Para el doctor Andr\u00e9s Quintana, m\u00e9dico especialista en neuropediatr\u00eda, la respuesta est\u00e1 en la realizaci\u00f3n de expediciones voluntarias a zonas rurales, alejadas de grandes centros, que carecen de atenci\u00f3n profesional y m\u00e9dica. Desde el 2010, el Dr. Quintana viene realizando de 4&#8230;<\/p>\n","protected":false},"author":7,"featured_media":808392,"comment_status":"open","ping_status":"open","sticky":false,"template":"","format":"standard","meta":{"footnotes":"","_joinchat":[]},"categories":[12],"tags":[],"acf":[],"yoast_head":"<!-- This site is optimized with the Yoast SEO plugin v21.7 - https:\/\/yoast.com\/wordpress\/plugins\/seo\/ -->\n<title>Atenci\u00f3n m\u00e9dica y solidaridad en zonas remotas de Colombia - Neurovirtual \/ Humanizing diagnostics<\/title>\n<meta name=\"description\" content=\"%seo_description%\" \/>\n<meta name=\"robots\" content=\"index, follow, max-snippet:-1, max-image-preview:large, max-video-preview:-1\" \/>\n<link rel=\"canonical\" href=\"https:\/\/neurovirtual.com\/latam\/atencion-medica-y-solidaridad-en-zonas-remotas-de-colombia\/\" \/>\n<meta property=\"og:locale\" content=\"es_ES\" \/>\n<meta property=\"og:type\" content=\"article\" \/>\n<meta property=\"og:title\" content=\"Atenci\u00f3n m\u00e9dica y solidaridad en zonas remotas de Colombia - Neurovirtual \/ Humanizing diagnostics\" \/>\n<meta property=\"og:description\" content=\"%seo_description%\" \/>\n<meta property=\"og:url\" content=\"https:\/\/neurovirtual.com\/latam\/atencion-medica-y-solidaridad-en-zonas-remotas-de-colombia\/\" \/>\n<meta property=\"og:site_name\" content=\"Neurovirtual \/ Humanizing diagnostics\" \/>\n<meta property=\"article:published_time\" content=\"2020-12-03T15:24:33+00:00\" \/>\n<meta property=\"article:modified_time\" content=\"2021-02-08T20:20:54+00:00\" \/>\n<meta property=\"og:image\" content=\"https:\/\/neurovirtual.com\/latam\/wp-content\/uploads\/2020\/12\/Dr.-Andres-Quintana.jpg\" \/>\n\t<meta property=\"og:image:width\" content=\"300\" \/>\n\t<meta property=\"og:image:height\" content=\"168\" \/>\n\t<meta property=\"og:image:type\" content=\"image\/jpeg\" \/>\n<meta name=\"author\" content=\"Jessika Brito\" \/>\n<meta name=\"twitter:card\" content=\"summary_large_image\" \/>\n<meta name=\"twitter:label1\" content=\"Escrito por\" \/>\n\t<meta name=\"twitter:data1\" content=\"Jessika Brito\" \/>\n\t<meta name=\"twitter:label2\" content=\"Tiempo estimado de lectura\" \/>\n\t<meta name=\"twitter:data2\" content=\"5 minutos\" \/>\n<script type=\"application\/ld+json\" class=\"yoast-schema-graph\">{\"@context\":\"https:\/\/schema.org\",\"@graph\":[{\"@type\":\"Article\",\"@id\":\"https:\/\/neurovirtual.com\/latam\/atencion-medica-y-solidaridad-en-zonas-remotas-de-colombia\/#article\",\"isPartOf\":{\"@id\":\"https:\/\/neurovirtual.com\/latam\/atencion-medica-y-solidaridad-en-zonas-remotas-de-colombia\/\"},\"author\":{\"name\":\"Jessika Brito\",\"@id\":\"https:\/\/neurovirtual.com\/latam\/#\/schema\/person\/61c27629d3d16b3e601ef7db30001d49\"},\"headline\":\"Atenci\u00f3n m\u00e9dica y solidaridad en zonas remotas de Colombia\",\"datePublished\":\"2020-12-03T15:24:33+00:00\",\"dateModified\":\"2021-02-08T20:20:54+00:00\",\"mainEntityOfPage\":{\"@id\":\"https:\/\/neurovirtual.com\/latam\/atencion-medica-y-solidaridad-en-zonas-remotas-de-colombia\/\"},\"wordCount\":1079,\"commentCount\":0,\"publisher\":{\"@id\":\"https:\/\/neurovirtual.com\/latam\/#organization\"},\"articleSection\":[\"Entrevista\"],\"inLanguage\":\"es-CO\",\"potentialAction\":[{\"@type\":\"CommentAction\",\"name\":\"Comment\",\"target\":[\"https:\/\/neurovirtual.com\/latam\/atencion-medica-y-solidaridad-en-zonas-remotas-de-colombia\/#respond\"]}]},{\"@type\":\"WebPage\",\"@id\":\"https:\/\/neurovirtual.com\/latam\/atencion-medica-y-solidaridad-en-zonas-remotas-de-colombia\/\",\"url\":\"https:\/\/neurovirtual.com\/latam\/atencion-medica-y-solidaridad-en-zonas-remotas-de-colombia\/\",\"name\":\"Atenci\u00f3n m\u00e9dica y solidaridad en zonas remotas de Colombia - Neurovirtual \/ Humanizing diagnostics\",\"isPartOf\":{\"@id\":\"https:\/\/neurovirtual.com\/latam\/#website\"},\"datePublished\":\"2020-12-03T15:24:33+00:00\",\"dateModified\":\"2021-02-08T20:20:54+00:00\",\"description\":\"%seo_description%\",\"breadcrumb\":{\"@id\":\"https:\/\/neurovirtual.com\/latam\/atencion-medica-y-solidaridad-en-zonas-remotas-de-colombia\/#breadcrumb\"},\"inLanguage\":\"es-CO\",\"potentialAction\":[{\"@type\":\"ReadAction\",\"target\":[\"https:\/\/neurovirtual.com\/latam\/atencion-medica-y-solidaridad-en-zonas-remotas-de-colombia\/\"]}]},{\"@type\":\"BreadcrumbList\",\"@id\":\"https:\/\/neurovirtual.com\/latam\/atencion-medica-y-solidaridad-en-zonas-remotas-de-colombia\/#breadcrumb\",\"itemListElement\":[{\"@type\":\"ListItem\",\"position\":1,\"name\":\"Portada\",\"item\":\"https:\/\/neurovirtual.com\/latam\/\"},{\"@type\":\"ListItem\",\"position\":2,\"name\":\"Atenci\u00f3n m\u00e9dica y solidaridad en zonas remotas de Colombia\"}]},{\"@type\":\"WebSite\",\"@id\":\"https:\/\/neurovirtual.com\/latam\/#website\",\"url\":\"https:\/\/neurovirtual.com\/latam\/\",\"name\":\"Neurovirtual \/ Humanizing diagnostics\",\"description\":\"\",\"publisher\":{\"@id\":\"https:\/\/neurovirtual.com\/latam\/#organization\"},\"potentialAction\":[{\"@type\":\"SearchAction\",\"target\":{\"@type\":\"EntryPoint\",\"urlTemplate\":\"https:\/\/neurovirtual.com\/latam\/?s={search_term_string}\"},\"query-input\":\"required name=search_term_string\"}],\"inLanguage\":\"es-CO\"},{\"@type\":\"Organization\",\"@id\":\"https:\/\/neurovirtual.com\/latam\/#organization\",\"name\":\"Neurovirtual\",\"url\":\"https:\/\/neurovirtual.com\/latam\/\",\"logo\":{\"@type\":\"ImageObject\",\"inLanguage\":\"es-CO\",\"@id\":\"https:\/\/neurovirtual.com\/latam\/#\/schema\/logo\/image\/\",\"url\":\"https:\/\/neurovirtual.com\/latam\/wp-content\/uploads\/2023\/08\/1.-Logo-Neurovirtual-2022.png\",\"contentUrl\":\"https:\/\/neurovirtual.com\/latam\/wp-content\/uploads\/2023\/08\/1.-Logo-Neurovirtual-2022.png\",\"width\":1964,\"height\":668,\"caption\":\"Neurovirtual\"},\"image\":{\"@id\":\"https:\/\/neurovirtual.com\/latam\/#\/schema\/logo\/image\/\"}},{\"@type\":\"Person\",\"@id\":\"https:\/\/neurovirtual.com\/latam\/#\/schema\/person\/61c27629d3d16b3e601ef7db30001d49\",\"name\":\"Jessika Brito\",\"image\":{\"@type\":\"ImageObject\",\"inLanguage\":\"es-CO\",\"@id\":\"https:\/\/neurovirtual.com\/latam\/#\/schema\/person\/image\/\",\"url\":\"https:\/\/secure.gravatar.com\/avatar\/08d2f62bc8a1f215fdfebe63356acc30?s=96&d=mm&r=g\",\"contentUrl\":\"https:\/\/secure.gravatar.com\/avatar\/08d2f62bc8a1f215fdfebe63356acc30?s=96&d=mm&r=g\",\"caption\":\"Jessika Brito\"},\"url\":\"https:\/\/neurovirtual.com\/latam\/author\/brito\/\"}]}<\/script>\n<!-- \/ Yoast SEO plugin. -->","yoast_head_json":{"title":"Atenci\u00f3n m\u00e9dica y solidaridad en zonas remotas de Colombia - Neurovirtual \/ Humanizing diagnostics","description":"%seo_description%","robots":{"index":"index","follow":"follow","max-snippet":"max-snippet:-1","max-image-preview":"max-image-preview:large","max-video-preview":"max-video-preview:-1"},"canonical":"https:\/\/neurovirtual.com\/latam\/atencion-medica-y-solidaridad-en-zonas-remotas-de-colombia\/","og_locale":"es_ES","og_type":"article","og_title":"Atenci\u00f3n m\u00e9dica y solidaridad en zonas remotas de Colombia - Neurovirtual \/ Humanizing diagnostics","og_description":"%seo_description%","og_url":"https:\/\/neurovirtual.com\/latam\/atencion-medica-y-solidaridad-en-zonas-remotas-de-colombia\/","og_site_name":"Neurovirtual \/ Humanizing diagnostics","article_published_time":"2020-12-03T15:24:33+00:00","article_modified_time":"2021-02-08T20:20:54+00:00","og_image":[{"width":300,"height":168,"url":"https:\/\/neurovirtual.com\/latam\/wp-content\/uploads\/2020\/12\/Dr.-Andres-Quintana.jpg","type":"image\/jpeg"}],"author":"Jessika Brito","twitter_card":"summary_large_image","twitter_misc":{"Escrito por":"Jessika Brito","Tiempo estimado de lectura":"5 minutos"},"schema":{"@context":"https:\/\/schema.org","@graph":[{"@type":"Article","@id":"https:\/\/neurovirtual.com\/latam\/atencion-medica-y-solidaridad-en-zonas-remotas-de-colombia\/#article","isPartOf":{"@id":"https:\/\/neurovirtual.com\/latam\/atencion-medica-y-solidaridad-en-zonas-remotas-de-colombia\/"},"author":{"name":"Jessika Brito","@id":"https:\/\/neurovirtual.com\/latam\/#\/schema\/person\/61c27629d3d16b3e601ef7db30001d49"},"headline":"Atenci\u00f3n m\u00e9dica y solidaridad en zonas remotas de Colombia","datePublished":"2020-12-03T15:24:33+00:00","dateModified":"2021-02-08T20:20:54+00:00","mainEntityOfPage":{"@id":"https:\/\/neurovirtual.com\/latam\/atencion-medica-y-solidaridad-en-zonas-remotas-de-colombia\/"},"wordCount":1079,"commentCount":0,"publisher":{"@id":"https:\/\/neurovirtual.com\/latam\/#organization"},"articleSection":["Entrevista"],"inLanguage":"es-CO","potentialAction":[{"@type":"CommentAction","name":"Comment","target":["https:\/\/neurovirtual.com\/latam\/atencion-medica-y-solidaridad-en-zonas-remotas-de-colombia\/#respond"]}]},{"@type":"WebPage","@id":"https:\/\/neurovirtual.com\/latam\/atencion-medica-y-solidaridad-en-zonas-remotas-de-colombia\/","url":"https:\/\/neurovirtual.com\/latam\/atencion-medica-y-solidaridad-en-zonas-remotas-de-colombia\/","name":"Atenci\u00f3n m\u00e9dica y solidaridad en zonas remotas de Colombia - Neurovirtual \/ Humanizing diagnostics","isPartOf":{"@id":"https:\/\/neurovirtual.com\/latam\/#website"},"datePublished":"2020-12-03T15:24:33+00:00","dateModified":"2021-02-08T20:20:54+00:00","description":"%seo_description%","breadcrumb":{"@id":"https:\/\/neurovirtual.com\/latam\/atencion-medica-y-solidaridad-en-zonas-remotas-de-colombia\/#breadcrumb"},"inLanguage":"es-CO","potentialAction":[{"@type":"ReadAction","target":["https:\/\/neurovirtual.com\/latam\/atencion-medica-y-solidaridad-en-zonas-remotas-de-colombia\/"]}]},{"@type":"BreadcrumbList","@id":"https:\/\/neurovirtual.com\/latam\/atencion-medica-y-solidaridad-en-zonas-remotas-de-colombia\/#breadcrumb","itemListElement":[{"@type":"ListItem","position":1,"name":"Portada","item":"https:\/\/neurovirtual.com\/latam\/"},{"@type":"ListItem","position":2,"name":"Atenci\u00f3n m\u00e9dica y solidaridad en zonas remotas de Colombia"}]},{"@type":"WebSite","@id":"https:\/\/neurovirtual.com\/latam\/#website","url":"https:\/\/neurovirtual.com\/latam\/","name":"Neurovirtual \/ Humanizing diagnostics","description":"","publisher":{"@id":"https:\/\/neurovirtual.com\/latam\/#organization"},"potentialAction":[{"@type":"SearchAction","target":{"@type":"EntryPoint","urlTemplate":"https:\/\/neurovirtual.com\/latam\/?s={search_term_string}"},"query-input":"required name=search_term_string"}],"inLanguage":"es-CO"},{"@type":"Organization","@id":"https:\/\/neurovirtual.com\/latam\/#organization","name":"Neurovirtual","url":"https:\/\/neurovirtual.com\/latam\/","logo":{"@type":"ImageObject","inLanguage":"es-CO","@id":"https:\/\/neurovirtual.com\/latam\/#\/schema\/logo\/image\/","url":"https:\/\/neurovirtual.com\/latam\/wp-content\/uploads\/2023\/08\/1.-Logo-Neurovirtual-2022.png","contentUrl":"https:\/\/neurovirtual.com\/latam\/wp-content\/uploads\/2023\/08\/1.-Logo-Neurovirtual-2022.png","width":1964,"height":668,"caption":"Neurovirtual"},"image":{"@id":"https:\/\/neurovirtual.com\/latam\/#\/schema\/logo\/image\/"}},{"@type":"Person","@id":"https:\/\/neurovirtual.com\/latam\/#\/schema\/person\/61c27629d3d16b3e601ef7db30001d49","name":"Jessika Brito","image":{"@type":"ImageObject","inLanguage":"es-CO","@id":"https:\/\/neurovirtual.com\/latam\/#\/schema\/person\/image\/","url":"https:\/\/secure.gravatar.com\/avatar\/08d2f62bc8a1f215fdfebe63356acc30?s=96&d=mm&r=g","contentUrl":"https:\/\/secure.gravatar.com\/avatar\/08d2f62bc8a1f215fdfebe63356acc30?s=96&d=mm&r=g","caption":"Jessika Brito"},"url":"https:\/\/neurovirtual.com\/latam\/author\/brito\/"}]}},"_links":{"self":[{"href":"https:\/\/neurovirtual.com\/latam\/wp-json\/wp\/v2\/posts\/808388"}],"collection":[{"href":"https:\/\/neurovirtual.com\/latam\/wp-json\/wp\/v2\/posts"}],"about":[{"href":"https:\/\/neurovirtual.com\/latam\/wp-json\/wp\/v2\/types\/post"}],"author":[{"embeddable":true,"href":"https:\/\/neurovirtual.com\/latam\/wp-json\/wp\/v2\/users\/7"}],"replies":[{"embeddable":true,"href":"https:\/\/neurovirtual.com\/latam\/wp-json\/wp\/v2\/comments?post=808388"}],"version-history":[{"count":6,"href":"https:\/\/neurovirtual.com\/latam\/wp-json\/wp\/v2\/posts\/808388\/revisions"}],"predecessor-version":[{"id":810022,"href":"https:\/\/neurovirtual.com\/latam\/wp-json\/wp\/v2\/posts\/808388\/revisions\/810022"}],"wp:featuredmedia":[{"embeddable":true,"href":"https:\/\/neurovirtual.com\/latam\/wp-json\/wp\/v2\/media\/808392"}],"wp:attachment":[{"href":"https:\/\/neurovirtual.com\/latam\/wp-json\/wp\/v2\/media?parent=808388"}],"wp:term":[{"taxonomy":"category","embeddable":true,"href":"https:\/\/neurovirtual.com\/latam\/wp-json\/wp\/v2\/categories?post=808388"},{"taxonomy":"post_tag","embeddable":true,"href":"https:\/\/neurovirtual.com\/latam\/wp-json\/wp\/v2\/tags?post=808388"}],"curies":[{"name":"wp","href":"https:\/\/api.w.org\/{rel}","templated":true}]}}