{"id":808364,"date":"2020-11-24T17:16:58","date_gmt":"2020-11-24T19:16:58","guid":{"rendered":"https:\/\/neurovirtual.com\/latam\/?p=808364"},"modified":"2021-02-02T17:24:35","modified_gmt":"2021-02-02T19:24:35","slug":"el-dormir-en-la-pandemia-por-covid-19","status":"publish","type":"post","link":"https:\/\/neurovirtual.com\/latam\/el-dormir-en-la-pandemia-por-covid-19\/","title":{"rendered":"El dormir en la pandemia por COVID-19"},"content":{"rendered":"\n<figure class=\"wp-block-image size-large\"><img decoding=\"async\" src=\"https:\/\/neurovirtual.com\/latam\/wp-content\/uploads\/2020\/11\/sleeping-young-woman-lies-bed-with-eyes-closed.jpg\" alt=\"\" class=\"wp-image-808368\"\/><figcaption>hoto of sleeping young woman lies in bed with eyes closed.<\/figcaption><\/figure>\n\n\n\n<p>Seg\u00fan la revista <a href=\"https:\/\/revistapesquisa.fapesp.br\/revista\/ver-edicao-editorias\/?e_id=420\">Pesquisa Fapesp<\/a> de mayo de 2020, s\u00f3lo en los primeros cuatro meses de este a\u00f1o, ocho mil art\u00edculos cient\u00edficos relacionados con la covid-19 fueron indexados por la base de datos PubMed, m\u00e1s de setenta medicamentos fueron evaluados contra el virus SARS-CoV-2 y se empezaron a probar las primeras vacunas en humanos. La misteriosa pandemia, que provoc\u00f3 que el mundo se encerrara en cuarentenas para frenar la propagaci\u00f3n del virus y que se ralentizaran las econom\u00edas, sigue generando m\u00e1s preguntas que respuestas. El miedo a lo desconocido, la ansiedad, las rutinas modificadas y las incertidumbres generadas por la invasi\u00f3n del nuevo coronavirus se sienten en muchos sectores y muchas personas est\u00e1n enfrentando dificultades en un aspecto fundamental para la calidad de vida y el sistema inmunol\u00f3gico: una buena noche de sue\u00f1o.<\/p>\n\n\n\n<p>Los datos obtenidos por los cient\u00edficos revelan que en esta etapa las personas pueden estar durmiendo m\u00e1s, pero con un dormir de menor calidad, adem\u00e1s de la aparici\u00f3n de sue\u00f1os extra\u00f1os. Una <a href=\"https:\/\/g1.globo.com\/rs\/rio-grande-do-sul\/noticia\/2020\/06\/10\/pandemia-alterou-o-sono-e-niveis-de-estresse-de-brasileiros-aponta-pesquisa-da-ufrgs.ghtml\">encuesta<\/a> reciente realizada en colaboraci\u00f3n entre la Universidad Federal de Rio Grande do Sul (Brasil), la Fundaci\u00f3n Oswaldo Cruz (Brasil) y la Universidad de Valencia (Espa\u00f1a) titulada &#8220;H\u00e1bitos saludables y estilo de vida durante la pandemia COVID-19&#8221; , demostr\u00f3 que la mitad de los brasile\u00f1os declararon haber sufrido alg\u00fan tipo de alteraci\u00f3n del sue\u00f1o, como el insomnio.<\/p>\n\n\n\n<p>Adem\u00e1s, los trastornos del sue\u00f1o que precedieron a la pandemia pueden volverse m\u00e1s evidentes en esta etapa y las personas que nunca han tenido quejas al respecto pueden estar experimentando los primeros signos de que algo no va bien. \u201cEl estr\u00e9s, la preocupaci\u00f3n, el cambio de estilo de vida, el sedentarismo y la alteraci\u00f3n del ritmo pueden provocar per\u00edodos de insomnio y s\u00edntomas de somnolencia en determinados momentos del d\u00eda\u201d, explica la doctora Dalva Poyares, investigadora del Instituto do Sono de Sao Paulo (Brasil).<\/p>\n\n\n\n<p>El sue\u00f1o tiene dos reguladores principales: el primero es el ciclo de luz y oscuridad, y el segundo es el cansancio. Hernando P\u00e9rez, neur\u00f3logo del Centro de Neurolog\u00eda Avanzada de Espa\u00f1a, explica c\u00f3mo se ven afectados los reguladores: \u201csi la gente se despierta m\u00e1s tarde durante la cuarentena, pierde parte de la luz del sol de la ma\u00f1ana; por otro lado, el hecho de que est\u00e9n encerrados y hagan menos actividad f\u00edsica genera menos cansancio, lo que afectar\u00e1 su sue\u00f1o\u201d.<\/p>\n\n\n\n<p><strong>Valorar el sue\u00f1o<\/strong><\/p>\n\n\n\n<p>El Dr. Geraldo Rizzo, especialista en neurolog\u00eda, neurofisiolog\u00eda y medicina del sue\u00f1o, es enf\u00e1tico en la cuesti\u00f3n de la importancia y el valor que se da al sue\u00f1o para la calidad de vida. \u201cLa gente se preocupa por la dieta, por la actividad f\u00edsica, por tratar de mantener su peso, contratan a un entrenador personal, pero muy pocas se preocupan por su calidad de sue\u00f1o\u201d, explica.<\/p>\n\n\n\n<p>Seg\u00fan el especialista, Brasil vive en una sociedad de 24 horas, en la que la rutina y los eventos ocurren tarde, lo que impide el sue\u00f1o: &#8220;\u2026una devaluaci\u00f3n del dormir que acaba por convertirse en el principal obst\u00e1culo en el tratamiento o reconocimiento de los trastornos del sue\u00f1o, tanto por parte de m\u00e9dicos como de pacientes&#8221;, apunta.<\/p>\n\n\n\n<p>El sue\u00f1o es un proceso biol\u00f3gico cr\u00edtico para la salud f\u00edsica y mental que sirve como un elemento importante para habilitar el sistema inmunol\u00f3gico, expandir la capacidad cognitiva, mejorar el estado de \u00e1nimo y la salud mental en su conjunto.<\/p>\n\n\n\n<p><strong>El sue\u00f1o y la pandemia<\/strong><\/p>\n\n\n\n<p>Cuando el aumento de casos de covid-19 result\u00f3 en aislamiento social y cuarentena, la rutina de la mayor\u00eda de las personas se vio afectada, lo que cre\u00f3 la necesidad y, para muchos, la dificultad, de tener una buena noche de sue\u00f1o. Seleccionamos algunos aspectos relacionados con el sue\u00f1o que aumentar\u00e1n durante la pandemia y que pueden ser comunes entre los pacientes, seg\u00fan un <a href=\"https:\/\/www.bbc.com\/portuguese\/geral-52238950\">art\u00edculo de la cadena BBC News<\/a>:<\/p>\n\n\n\n<ul><li><strong>M\u00e1s horas de sue\u00f1o:<\/strong> los dispositivos de salud indican que hay personas que est\u00e1n experimentando un aumento promedio de horas de sue\u00f1o por noche, sin que necesariamente sea un descanso de alta calidad;<\/li><li><strong>Sue\u00f1os extra\u00f1os o pesadillas:<\/strong> debidos, probablemente, al aumento del estr\u00e9s y de la ansiedad. El Centro de Investigaci\u00f3n en Neurociencias de Lyon, Francia, registr\u00f3 un aumento del 35% en el recuerdo de los sue\u00f1os y un aumento del 15% en los sue\u00f1os negativos. Otra teor\u00eda dice que, debido a los d\u00edas repetitivos y tediosos, el cerebro se adentra en el subconsciente en busca de im\u00e1genes y a menudo, produce sorpresas;<\/li><li><strong>Irritabilidad:<\/strong> las circunstancias de la pandemia generan desmotivaci\u00f3n, desinter\u00e9s y falta de energ\u00eda, lo que aumenta el grado de irritabilidad o impotencia;<\/li><li><strong>Dificultad para concentrarse:<\/strong> el hecho de no tener que moverse o cambiarse de ropa por una rutina m\u00e1s concreta, adem\u00e1s de la alta carga de demandas dom\u00e9sticas que antes no eran una prioridad, genera problemas de concentraci\u00f3n;<\/li><li><strong>Dificultad para dormir:<\/strong> el estr\u00e9s y las incertidumbres de la pandemia son dif\u00edciles de soportar, provocan poco o ning\u00fan sue\u00f1o y desencadenan una serie de trastornos;<\/li><li><strong>Somnolencia excesiva:<\/strong> en oposici\u00f3n al insomnio, las preocupaciones excesivas pueden generar hipersomnia;<\/li><li><strong>Microdespertares:<\/strong> la falta de tranquilidad puede incrementar la ocurrencia de microdespertares entre ciclos de sue\u00f1o, o despertar temprano, lo que impacta la calidad del sue\u00f1o y la recuperaci\u00f3n para el d\u00eda siguiente.<\/li><\/ul>\n\n\n\n<p><strong>Problemas cr\u00f3nicos<\/strong><\/p>\n\n\n\n<p>Para los pacientes con problemas cr\u00f3nicos previos, como apnea obstructiva del sue\u00f1o y los que utilizan dispositivos de &#8220;presi\u00f3n positiva continua en las v\u00edas respiratorias&#8221; (CPAP), la recomendaci\u00f3n es reevaluar la continuidad del tratamiento con su especialista. Si los pacientes deciden seguir us\u00e1ndolo, es necesario invertir en un cuidado extra en la limpieza del equipo, ya que los dispositivos pueden ayudar a transmitir el virus con mayor facilidad.<\/p>\n\n\n\n<p>Ante las incertidumbres sobre los nuevos rumbos y consecuencias de la pandemia, una cosa es cierta: las quejas sobre el sue\u00f1o aumentan y la tendencia es que aumente la b\u00fasqueda de asistencia m\u00e9dica especializada.<\/p>\n\n\n\n<p>Sleepvirtual cuenta con un completo portafolio de soluciones de diagn\u00f3stico orientadas al campo de la medicina del sue\u00f1o, con un software f\u00e1cil de operar y con un equipo de soporte listo para atender a los clientes, responder preguntas y resolver problemas las 24 horas del d\u00eda.<\/p>\n\n\n\n<p><strong><em>Referencias:<\/em><\/strong><\/p>\n\n\n\n<ul><li><strong>Coronavirus: c\u00f3mo la pandemia y el aislamiento afectan nuestro sue\u00f1o\u201d, <\/strong>disponible en<a href=\"https:\/\/www.bbc.com\/portuguese\/geral-52238950\">https:\/\/www.bbc.com\/portuguese\/geral-52238950<\/a><\/li><li><strong>Pandemia alter\u00f3 los niveles de sue\u00f1o y estr\u00e9s en los brasile\u00f1os, se\u00f1ala una encuesta de UFRGS, <\/strong>disponible en<a href=\"https:\/\/g1.globo.com\/rs\/rio-grande-do-sul\/noticia\/2020\/06\/10\/pandemia-alterou-o-sono-e-niveis-de-estresse-de-brasileiros-aponta-pesquisa-da-ufrgs.ghtml\">https:\/\/g1.globo.com\/rs\/rio-grande-do-sul\/noticia\/2020\/06\/10\/pandemia-alterou-o-sono-e-niveis-de-estresse-de-brasileiros-aponta-pesquisa-da-ufrgs.ghtml<\/a><\/li><li><strong>El desaf\u00edo de mantener la calidad del sue\u00f1o durante la pandemia, <\/strong>disponible en<a href=\"https:\/\/pordentrodocoronavirus.com.br\/2020\/05\/25\/o-desafio-de-manter-a-qualidade-do-sono-durante-a-pandemia\/\">https:\/\/pordentrodocoronavirus.com.br\/2020\/05\/25\/o-desafio-de-manter-a-qualidade-do-sono-durante-a-pandemia\/<\/a><\/li><li><strong>Revista Pesquisa Fapesp (Fundaci\u00f3n de Apoyo a la Investigaci\u00f3n del Estado de S\u00e3o Paulo),\u00a0<\/strong>edici\u00f3n de mayo de 2020, disponible en <a href=\"https:\/\/revistapesquisa.fapesp.br\/revista\/ver-edicao-editorias\/?e_id=420\">https:\/\/revistapesquisa.fapesp.br\/revista\/ver-edicao-editorias\/?e_id=420<\/a><\/li><\/ul>\n","protected":false},"excerpt":{"rendered":"<p>Seg\u00fan la revista Pesquisa Fapesp de mayo de 2020, s\u00f3lo en los primeros cuatro meses de este a\u00f1o, ocho mil art\u00edculos cient\u00edficos relacionados con la covid-19 fueron indexados por la base de datos PubMed, m\u00e1s de setenta medicamentos fueron evaluados contra el virus SARS-CoV-2 y se empezaron a probar las primeras vacunas en humanos. La&#8230;<\/p>\n","protected":false},"author":7,"featured_media":0,"comment_status":"open","ping_status":"open","sticky":false,"template":"","format":"standard","meta":{"footnotes":"","_joinchat":[]},"categories":[4],"tags":[],"acf":[],"yoast_head":"<!-- This site is optimized with the Yoast SEO plugin v21.7 - https:\/\/yoast.com\/wordpress\/plugins\/seo\/ -->\n<title>El dormir en la pandemia por COVID-19<\/title>\n<meta name=\"description\" content=\"%seo_description%\" \/>\n<meta name=\"robots\" content=\"index, follow, max-snippet:-1, max-image-preview:large, max-video-preview:-1\" \/>\n<link rel=\"canonical\" href=\"https:\/\/neurovirtual.com\/latam\/el-dormir-en-la-pandemia-por-covid-19\/\" \/>\n<meta property=\"og:locale\" content=\"es_ES\" \/>\n<meta property=\"og:type\" content=\"article\" \/>\n<meta property=\"og:title\" content=\"El dormir en la pandemia por COVID-19\" \/>\n<meta property=\"og:description\" content=\"%seo_description%\" \/>\n<meta property=\"og:url\" content=\"https:\/\/neurovirtual.com\/latam\/el-dormir-en-la-pandemia-por-covid-19\/\" \/>\n<meta property=\"og:site_name\" content=\"Neurovirtual \/ Humanizing diagnostics\" \/>\n<meta property=\"article:published_time\" content=\"2020-11-24T19:16:58+00:00\" \/>\n<meta property=\"article:modified_time\" content=\"2021-02-02T19:24:35+00:00\" \/>\n<meta property=\"og:image\" content=\"https:\/\/neurovirtual.com\/latam\/wp-content\/uploads\/2020\/11\/sleep-capa-menor.jpg\" \/>\n\t<meta property=\"og:image:width\" content=\"300\" \/>\n\t<meta property=\"og:image:height\" content=\"168\" \/>\n\t<meta property=\"og:image:type\" content=\"image\/jpeg\" \/>\n<meta name=\"author\" content=\"Jessika Brito\" \/>\n<meta name=\"twitter:card\" content=\"summary_large_image\" \/>\n<meta name=\"twitter:label1\" content=\"Escrito por\" \/>\n\t<meta name=\"twitter:data1\" content=\"Jessika Brito\" \/>\n\t<meta name=\"twitter:label2\" content=\"Tiempo estimado de lectura\" \/>\n\t<meta name=\"twitter:data2\" content=\"6 minutos\" \/>\n<script type=\"application\/ld+json\" class=\"yoast-schema-graph\">{\"@context\":\"https:\/\/schema.org\",\"@graph\":[{\"@type\":\"Article\",\"@id\":\"https:\/\/neurovirtual.com\/latam\/el-dormir-en-la-pandemia-por-covid-19\/#article\",\"isPartOf\":{\"@id\":\"https:\/\/neurovirtual.com\/latam\/el-dormir-en-la-pandemia-por-covid-19\/\"},\"author\":{\"name\":\"Jessika Brito\",\"@id\":\"https:\/\/neurovirtual.com\/latam\/#\/schema\/person\/61c27629d3d16b3e601ef7db30001d49\"},\"headline\":\"El dormir en la pandemia por COVID-19\",\"datePublished\":\"2020-11-24T19:16:58+00:00\",\"dateModified\":\"2021-02-02T19:24:35+00:00\",\"mainEntityOfPage\":{\"@id\":\"https:\/\/neurovirtual.com\/latam\/el-dormir-en-la-pandemia-por-covid-19\/\"},\"wordCount\":1238,\"commentCount\":0,\"publisher\":{\"@id\":\"https:\/\/neurovirtual.com\/latam\/#organization\"},\"articleSection\":[\"Novedades\"],\"inLanguage\":\"es-CO\",\"potentialAction\":[{\"@type\":\"CommentAction\",\"name\":\"Comment\",\"target\":[\"https:\/\/neurovirtual.com\/latam\/el-dormir-en-la-pandemia-por-covid-19\/#respond\"]}]},{\"@type\":\"WebPage\",\"@id\":\"https:\/\/neurovirtual.com\/latam\/el-dormir-en-la-pandemia-por-covid-19\/\",\"url\":\"https:\/\/neurovirtual.com\/latam\/el-dormir-en-la-pandemia-por-covid-19\/\",\"name\":\"El dormir en la pandemia por COVID-19\",\"isPartOf\":{\"@id\":\"https:\/\/neurovirtual.com\/latam\/#website\"},\"datePublished\":\"2020-11-24T19:16:58+00:00\",\"dateModified\":\"2021-02-02T19:24:35+00:00\",\"description\":\"%seo_description%\",\"breadcrumb\":{\"@id\":\"https:\/\/neurovirtual.com\/latam\/el-dormir-en-la-pandemia-por-covid-19\/#breadcrumb\"},\"inLanguage\":\"es-CO\",\"potentialAction\":[{\"@type\":\"ReadAction\",\"target\":[\"https:\/\/neurovirtual.com\/latam\/el-dormir-en-la-pandemia-por-covid-19\/\"]}]},{\"@type\":\"BreadcrumbList\",\"@id\":\"https:\/\/neurovirtual.com\/latam\/el-dormir-en-la-pandemia-por-covid-19\/#breadcrumb\",\"itemListElement\":[{\"@type\":\"ListItem\",\"position\":1,\"name\":\"Portada\",\"item\":\"https:\/\/neurovirtual.com\/latam\/\"},{\"@type\":\"ListItem\",\"position\":2,\"name\":\"El dormir en la pandemia por COVID-19\"}]},{\"@type\":\"WebSite\",\"@id\":\"https:\/\/neurovirtual.com\/latam\/#website\",\"url\":\"https:\/\/neurovirtual.com\/latam\/\",\"name\":\"Neurovirtual \/ Humanizing diagnostics\",\"description\":\"\",\"publisher\":{\"@id\":\"https:\/\/neurovirtual.com\/latam\/#organization\"},\"potentialAction\":[{\"@type\":\"SearchAction\",\"target\":{\"@type\":\"EntryPoint\",\"urlTemplate\":\"https:\/\/neurovirtual.com\/latam\/?s={search_term_string}\"},\"query-input\":\"required name=search_term_string\"}],\"inLanguage\":\"es-CO\"},{\"@type\":\"Organization\",\"@id\":\"https:\/\/neurovirtual.com\/latam\/#organization\",\"name\":\"Neurovirtual\",\"url\":\"https:\/\/neurovirtual.com\/latam\/\",\"logo\":{\"@type\":\"ImageObject\",\"inLanguage\":\"es-CO\",\"@id\":\"https:\/\/neurovirtual.com\/latam\/#\/schema\/logo\/image\/\",\"url\":\"https:\/\/neurovirtual.com\/latam\/wp-content\/uploads\/2023\/08\/1.-Logo-Neurovirtual-2022.png\",\"contentUrl\":\"https:\/\/neurovirtual.com\/latam\/wp-content\/uploads\/2023\/08\/1.-Logo-Neurovirtual-2022.png\",\"width\":1964,\"height\":668,\"caption\":\"Neurovirtual\"},\"image\":{\"@id\":\"https:\/\/neurovirtual.com\/latam\/#\/schema\/logo\/image\/\"}},{\"@type\":\"Person\",\"@id\":\"https:\/\/neurovirtual.com\/latam\/#\/schema\/person\/61c27629d3d16b3e601ef7db30001d49\",\"name\":\"Jessika Brito\",\"image\":{\"@type\":\"ImageObject\",\"inLanguage\":\"es-CO\",\"@id\":\"https:\/\/neurovirtual.com\/latam\/#\/schema\/person\/image\/\",\"url\":\"https:\/\/secure.gravatar.com\/avatar\/08d2f62bc8a1f215fdfebe63356acc30?s=96&d=mm&r=g\",\"contentUrl\":\"https:\/\/secure.gravatar.com\/avatar\/08d2f62bc8a1f215fdfebe63356acc30?s=96&d=mm&r=g\",\"caption\":\"Jessika Brito\"},\"url\":\"https:\/\/neurovirtual.com\/latam\/author\/brito\/\"}]}<\/script>\n<!-- \/ Yoast SEO plugin. -->","yoast_head_json":{"title":"El dormir en la pandemia por COVID-19","description":"%seo_description%","robots":{"index":"index","follow":"follow","max-snippet":"max-snippet:-1","max-image-preview":"max-image-preview:large","max-video-preview":"max-video-preview:-1"},"canonical":"https:\/\/neurovirtual.com\/latam\/el-dormir-en-la-pandemia-por-covid-19\/","og_locale":"es_ES","og_type":"article","og_title":"El dormir en la pandemia por COVID-19","og_description":"%seo_description%","og_url":"https:\/\/neurovirtual.com\/latam\/el-dormir-en-la-pandemia-por-covid-19\/","og_site_name":"Neurovirtual \/ Humanizing diagnostics","article_published_time":"2020-11-24T19:16:58+00:00","article_modified_time":"2021-02-02T19:24:35+00:00","og_image":[{"width":300,"height":168,"url":"https:\/\/neurovirtual.com\/latam\/wp-content\/uploads\/2020\/11\/sleep-capa-menor.jpg","type":"image\/jpeg"}],"author":"Jessika Brito","twitter_card":"summary_large_image","twitter_misc":{"Escrito por":"Jessika Brito","Tiempo estimado de lectura":"6 minutos"},"schema":{"@context":"https:\/\/schema.org","@graph":[{"@type":"Article","@id":"https:\/\/neurovirtual.com\/latam\/el-dormir-en-la-pandemia-por-covid-19\/#article","isPartOf":{"@id":"https:\/\/neurovirtual.com\/latam\/el-dormir-en-la-pandemia-por-covid-19\/"},"author":{"name":"Jessika Brito","@id":"https:\/\/neurovirtual.com\/latam\/#\/schema\/person\/61c27629d3d16b3e601ef7db30001d49"},"headline":"El dormir en la pandemia por COVID-19","datePublished":"2020-11-24T19:16:58+00:00","dateModified":"2021-02-02T19:24:35+00:00","mainEntityOfPage":{"@id":"https:\/\/neurovirtual.com\/latam\/el-dormir-en-la-pandemia-por-covid-19\/"},"wordCount":1238,"commentCount":0,"publisher":{"@id":"https:\/\/neurovirtual.com\/latam\/#organization"},"articleSection":["Novedades"],"inLanguage":"es-CO","potentialAction":[{"@type":"CommentAction","name":"Comment","target":["https:\/\/neurovirtual.com\/latam\/el-dormir-en-la-pandemia-por-covid-19\/#respond"]}]},{"@type":"WebPage","@id":"https:\/\/neurovirtual.com\/latam\/el-dormir-en-la-pandemia-por-covid-19\/","url":"https:\/\/neurovirtual.com\/latam\/el-dormir-en-la-pandemia-por-covid-19\/","name":"El dormir en la pandemia por COVID-19","isPartOf":{"@id":"https:\/\/neurovirtual.com\/latam\/#website"},"datePublished":"2020-11-24T19:16:58+00:00","dateModified":"2021-02-02T19:24:35+00:00","description":"%seo_description%","breadcrumb":{"@id":"https:\/\/neurovirtual.com\/latam\/el-dormir-en-la-pandemia-por-covid-19\/#breadcrumb"},"inLanguage":"es-CO","potentialAction":[{"@type":"ReadAction","target":["https:\/\/neurovirtual.com\/latam\/el-dormir-en-la-pandemia-por-covid-19\/"]}]},{"@type":"BreadcrumbList","@id":"https:\/\/neurovirtual.com\/latam\/el-dormir-en-la-pandemia-por-covid-19\/#breadcrumb","itemListElement":[{"@type":"ListItem","position":1,"name":"Portada","item":"https:\/\/neurovirtual.com\/latam\/"},{"@type":"ListItem","position":2,"name":"El dormir en la pandemia por COVID-19"}]},{"@type":"WebSite","@id":"https:\/\/neurovirtual.com\/latam\/#website","url":"https:\/\/neurovirtual.com\/latam\/","name":"Neurovirtual \/ Humanizing diagnostics","description":"","publisher":{"@id":"https:\/\/neurovirtual.com\/latam\/#organization"},"potentialAction":[{"@type":"SearchAction","target":{"@type":"EntryPoint","urlTemplate":"https:\/\/neurovirtual.com\/latam\/?s={search_term_string}"},"query-input":"required name=search_term_string"}],"inLanguage":"es-CO"},{"@type":"Organization","@id":"https:\/\/neurovirtual.com\/latam\/#organization","name":"Neurovirtual","url":"https:\/\/neurovirtual.com\/latam\/","logo":{"@type":"ImageObject","inLanguage":"es-CO","@id":"https:\/\/neurovirtual.com\/latam\/#\/schema\/logo\/image\/","url":"https:\/\/neurovirtual.com\/latam\/wp-content\/uploads\/2023\/08\/1.-Logo-Neurovirtual-2022.png","contentUrl":"https:\/\/neurovirtual.com\/latam\/wp-content\/uploads\/2023\/08\/1.-Logo-Neurovirtual-2022.png","width":1964,"height":668,"caption":"Neurovirtual"},"image":{"@id":"https:\/\/neurovirtual.com\/latam\/#\/schema\/logo\/image\/"}},{"@type":"Person","@id":"https:\/\/neurovirtual.com\/latam\/#\/schema\/person\/61c27629d3d16b3e601ef7db30001d49","name":"Jessika Brito","image":{"@type":"ImageObject","inLanguage":"es-CO","@id":"https:\/\/neurovirtual.com\/latam\/#\/schema\/person\/image\/","url":"https:\/\/secure.gravatar.com\/avatar\/08d2f62bc8a1f215fdfebe63356acc30?s=96&d=mm&r=g","contentUrl":"https:\/\/secure.gravatar.com\/avatar\/08d2f62bc8a1f215fdfebe63356acc30?s=96&d=mm&r=g","caption":"Jessika Brito"},"url":"https:\/\/neurovirtual.com\/latam\/author\/brito\/"}]}},"_links":{"self":[{"href":"https:\/\/neurovirtual.com\/latam\/wp-json\/wp\/v2\/posts\/808364"}],"collection":[{"href":"https:\/\/neurovirtual.com\/latam\/wp-json\/wp\/v2\/posts"}],"about":[{"href":"https:\/\/neurovirtual.com\/latam\/wp-json\/wp\/v2\/types\/post"}],"author":[{"embeddable":true,"href":"https:\/\/neurovirtual.com\/latam\/wp-json\/wp\/v2\/users\/7"}],"replies":[{"embeddable":true,"href":"https:\/\/neurovirtual.com\/latam\/wp-json\/wp\/v2\/comments?post=808364"}],"version-history":[{"count":2,"href":"https:\/\/neurovirtual.com\/latam\/wp-json\/wp\/v2\/posts\/808364\/revisions"}],"predecessor-version":[{"id":808369,"href":"https:\/\/neurovirtual.com\/latam\/wp-json\/wp\/v2\/posts\/808364\/revisions\/808369"}],"wp:attachment":[{"href":"https:\/\/neurovirtual.com\/latam\/wp-json\/wp\/v2\/media?parent=808364"}],"wp:term":[{"taxonomy":"category","embeddable":true,"href":"https:\/\/neurovirtual.com\/latam\/wp-json\/wp\/v2\/categories?post=808364"},{"taxonomy":"post_tag","embeddable":true,"href":"https:\/\/neurovirtual.com\/latam\/wp-json\/wp\/v2\/tags?post=808364"}],"curies":[{"name":"wp","href":"https:\/\/api.w.org\/{rel}","templated":true}]}}