{"id":802101,"date":"2020-04-28T13:31:20","date_gmt":"2020-04-28T16:31:20","guid":{"rendered":"https:\/\/neurovirtual.com\/latam\/?p=802101"},"modified":"2020-04-28T13:31:58","modified_gmt":"2020-04-28T16:31:58","slug":"afectacion-neurologica-por-covid-19","status":"publish","type":"post","link":"https:\/\/neurovirtual.com\/latam\/afectacion-neurologica-por-covid-19\/","title":{"rendered":"AFECTACI\u00d3N NEUROLOGICA POR COVID-19"},"content":{"rendered":"<p><a href=\"https:\/\/neurovirtual.com\/latam\/wp-content\/uploads\/2020\/04\/CAPA-maior.jpg\"><img decoding=\"async\" class=\"aligncenter size-full wp-image-802103\" src=\"https:\/\/neurovirtual.com\/latam\/wp-content\/uploads\/2020\/04\/CAPA-maior.jpg\" alt=\"CAPA maior\" width=\"668\" height=\"168\" srcset=\"https:\/\/neurovirtual.com\/latam\/wp-content\/uploads\/2020\/04\/CAPA-maior.jpg 668w, https:\/\/neurovirtual.com\/latam\/wp-content\/uploads\/2020\/04\/CAPA-maior-300x75.jpg 300w, https:\/\/neurovirtual.com\/latam\/wp-content\/uploads\/2020\/04\/CAPA-maior-460x116.jpg 460w\" sizes=\"(max-width: 668px) 100vw, 668px\" \/><\/a><\/p>\n<p><strong>Nuestro equipo <a href=\"https:\/\/neurovirtual.com\/latam\/equipamento\/bwiii-eeg-plus-icu-brain-monitor\/\">BWIII EEG UCI <\/a>con tecnolog\u00eda de alta calidad, recomendado para diagnosticar determinadas afectaciones neurol\u00f3gicas por infecci\u00f3n Covid-19 en el proceso y recuperaci\u00f3n del paciente.<\/strong><\/p>\n<p>De acuerdo con varios estudios empiezan a describir ese fen\u00f3meno. Uno publicado en la revista de la Asociaci\u00f3n M\u00e9dica Estadounidense indica que el 36% de un grupo de 214 pacientes en 3 hospitales de Wuhan observados por m\u00e9dicos tuvieron s\u00edntomas neurol\u00f3gicos como la p\u00e9rdida de olfato, neuralgias, epilepsia, convulsiones y accidentes cerebrovasculares, evidencias tomadas con registros m\u00e9dicos electr\u00f3nicos (Electroencefalograf\u00eda, resonancia magn\u00e9tica) y datos de los s\u00edntomas neurol\u00f3gicos.\u00a0(Ling Mao, 2020)<\/p>\n<p>Un art\u00edculo del New England Journal of Medicine, la revista m\u00e9dica estadounidense m\u00e1s prestigiosa, se\u00f1ala que m\u00e9dicos franceses estudiaron a 58 pacientes con coronavirus y comprobaron que la mitad de ellos estaban desorientados o agitados. Unos esc\u00e1neres cerebrales mostraron posibles inflamaciones, estudios realizados con resonancia magn\u00e9tica, <strong>electroencefalograma<\/strong> y muestras de laboratorio. (Meziani, 2020)<\/p>\n<p>El coronavirus estar\u00eda dejando secuelas graves en el cerebro no solo se inflama en algunos casos, sino que es probable que pacientes necesiten tratamiento neurol\u00f3gico al recuperarse, dicen m\u00e9dicos franceses y de EE. UU. \u201cEntre m\u00e1s pasa el tiempo, m\u00e1s tenemos electroencefalogramas anormales que presentan un da\u00f1o cerebral ya sea inflamatorio o inmunol\u00f3gico\u201d, dice <strong><em>Nicol\u00e1s Engrand,<\/em><\/strong> anestesi\u00f3logo franc\u00e9s.\u00a0(El coronavirus estar\u00eda dejando secuelas graves en el cerebro, 2020)<\/p>\n<p>La sociedad Neurol\u00f3gica Europea SEN publica el Manual Covid-19 para el neur\u00f3logo general, para abordar el manejo de pacientes con s\u00edntomas neurol\u00f3gicos, estudios realizados con ex\u00e1menes Electroenfalograma, resonancia, laboratorios m\u00e9dicos, evidencias casos cl\u00ednicos.\u00a0(Sociedad Espa\u00f1ola de Neurolog\u00eda, 2020)<\/p>\n<p>Neurovirtual concluye: \u00a0Para diagnosticar dichas alteraciones neurol\u00f3gicas con la infecci\u00f3n Covid-19 y en el proceso de recuperaci\u00f3n es importante realizar estudios con nuestro equipo <a href=\"https:\/\/neurovirtual.com\/latam\/equipamento\/bwiii-eeg-plus-icu-brain-monitor\/\">BWIII UCI, <\/a>AEEG con todos los protocolos de cuidado y desinfecci\u00f3n.\u00a0 Seguimos comprometidos en el \u00e1rea de Neurolog\u00eda con tecnolog\u00eda de alta calidad para ofrecer un diagnostico mas humano y eficiente, nuestro apoyo en este momento es disponibilidad de nuestros equipos, insumos y soporte de ingenier\u00eda 24\/7.<\/p>\n<p>Equipo <a href=\"https:\/\/neurovirtual.com\/latam\/equipamento\/bwiii-eeg\/\">BWIII EEG<\/a> para electroencefalograf\u00eda, Video telemetr\u00eda, AEEG<\/p>\n<ul>\n<li>Suministramos protocolos de desinfecci\u00f3n para evitar contagios<\/li>\n<li>\u00a1\u00a1Recomendamos insumos \u201celectrodos desechables\u201d pregunta catalogo<\/li>\n<\/ul>\n<p>Pregunta por nuestros precios especiales!<\/p>\n<p><span style=\"font-size: 10pt;\"><strong>\u00a0<\/strong>Referencia<strong>:<\/strong><\/span><\/p>\n<p><span style=\"font-size: 10pt;\"><strong>\u00a0<\/strong>Revista Asociaci\u00f3n M\u00e9dica Estadounidense:\u00a0<\/span><span style=\"font-size: 10pt;\"><a href=\"https:\/\/jamanetwork.com\/journals\/jamaneurology\/fullarticle\/2764549?resultClick=1&amp;appId=scweb\">https:\/\/jamanetwork.com\/journals\/jamaneurology\/fullarticle\/2764549?resultClick=1&amp;appId=scweb<\/a><\/span><\/p>\n<p><span style=\"font-size: 10pt;\"><strong>\u00a0<\/strong>Revista New England Journal of Medicine:\u00a0<\/span><span style=\"font-size: 10pt;\"><a href=\"https:\/\/www.nejm.org\/doi\/full\/10.1056\/NEJMc2008597\">https:\/\/www.nejm.org\/doi\/full\/10.1056\/NEJMc2008597<\/a><\/span><\/p>\n<p><span style=\"font-size: 10pt;\">Ver Video:\u00a0<\/span><span style=\"font-size: 10pt;\"><a href=\"https:\/\/noticias.caracoltv.com\/coronavirus-covid-19\/el-coronavirus-estaria-dejando-secuelas-graves-en-el-cerebro-nid226996-ie35596\">https:\/\/noticias.caracoltv.com\/coronavirus-covid-19\/el-coronavirus-estaria-dejando-secuelas-graves-en-el-cerebro-nid226996-ie35596<\/a><\/span><\/p>\n<p><span style=\"font-size: 10pt;\">Sociedad Espa\u00f1ola de Neurolog\u00eda:\u00a0<\/span><span style=\"font-size: 10pt;\"><a href=\"http:\/\/www.sen.es\/attachments\/article\/2677\/Manual_neuroCOVID-19_SEN.pdf\">http:\/\/www.sen.es\/attachments\/article\/2677\/Manual_neuroCOVID-19_SEN.pdf<\/a><\/span><\/p>\n<p>&nbsp;<\/p>\n<p><strong>\u00a0<\/strong><\/p>\n","protected":false},"excerpt":{"rendered":"<p>Nuestro equipo BWIII EEG UCI con tecnolog\u00eda de alta calidad, recomendado para diagnosticar determinadas afectaciones neurol\u00f3gicas por infecci\u00f3n Covid-19 en el proceso y recuperaci\u00f3n del paciente. De acuerdo con varios estudios empiezan a describir ese fen\u00f3meno. Uno publicado en la revista de la Asociaci\u00f3n M\u00e9dica Estadounidense indica que el 36% de un grupo de 214&#8230;<\/p>\n","protected":false},"author":7,"featured_media":802102,"comment_status":"open","ping_status":"open","sticky":false,"template":"","format":"standard","meta":{"footnotes":"","_joinchat":[]},"categories":[21,13],"tags":[],"acf":[],"yoast_head":"<!-- This site is optimized with the Yoast SEO plugin v21.7 - https:\/\/yoast.com\/wordpress\/plugins\/seo\/ -->\n<title>AFECTACI\u00d3N NEUROLOGICA POR COVID-19 - Neurovirtual \/ Humanizing diagnostics<\/title>\n<meta name=\"description\" content=\"%seo_description%\" \/>\n<meta name=\"robots\" content=\"index, follow, max-snippet:-1, max-image-preview:large, max-video-preview:-1\" \/>\n<link rel=\"canonical\" href=\"https:\/\/neurovirtual.com\/latam\/afectacion-neurologica-por-covid-19\/\" \/>\n<meta property=\"og:locale\" content=\"es_ES\" \/>\n<meta property=\"og:type\" content=\"article\" \/>\n<meta property=\"og:title\" content=\"AFECTACI\u00d3N NEUROLOGICA POR COVID-19 - Neurovirtual \/ Humanizing diagnostics\" \/>\n<meta property=\"og:description\" content=\"%seo_description%\" \/>\n<meta property=\"og:url\" content=\"https:\/\/neurovirtual.com\/latam\/afectacion-neurologica-por-covid-19\/\" \/>\n<meta property=\"og:site_name\" content=\"Neurovirtual \/ Humanizing diagnostics\" \/>\n<meta property=\"article:published_time\" content=\"2020-04-28T16:31:20+00:00\" \/>\n<meta property=\"article:modified_time\" content=\"2020-04-28T16:31:58+00:00\" \/>\n<meta property=\"og:image\" content=\"https:\/\/neurovirtual.com\/latam\/wp-content\/uploads\/2020\/04\/capa-covid.jpg\" \/>\n\t<meta property=\"og:image:width\" content=\"300\" \/>\n\t<meta property=\"og:image:height\" content=\"168\" \/>\n\t<meta property=\"og:image:type\" content=\"image\/jpeg\" \/>\n<meta name=\"author\" content=\"Jessika Brito\" \/>\n<meta name=\"twitter:card\" content=\"summary_large_image\" \/>\n<meta name=\"twitter:label1\" content=\"Escrito por\" \/>\n\t<meta name=\"twitter:data1\" content=\"Jessika Brito\" \/>\n\t<meta name=\"twitter:label2\" content=\"Tiempo estimado de lectura\" \/>\n\t<meta name=\"twitter:data2\" content=\"2 minutos\" \/>\n<script type=\"application\/ld+json\" class=\"yoast-schema-graph\">{\"@context\":\"https:\/\/schema.org\",\"@graph\":[{\"@type\":\"Article\",\"@id\":\"https:\/\/neurovirtual.com\/latam\/afectacion-neurologica-por-covid-19\/#article\",\"isPartOf\":{\"@id\":\"https:\/\/neurovirtual.com\/latam\/afectacion-neurologica-por-covid-19\/\"},\"author\":{\"name\":\"Jessika Brito\",\"@id\":\"https:\/\/neurovirtual.com\/latam\/#\/schema\/person\/61c27629d3d16b3e601ef7db30001d49\"},\"headline\":\"AFECTACI\u00d3N NEUROLOGICA POR COVID-19\",\"datePublished\":\"2020-04-28T16:31:20+00:00\",\"dateModified\":\"2020-04-28T16:31:58+00:00\",\"mainEntityOfPage\":{\"@id\":\"https:\/\/neurovirtual.com\/latam\/afectacion-neurologica-por-covid-19\/\"},\"wordCount\":458,\"commentCount\":0,\"publisher\":{\"@id\":\"https:\/\/neurovirtual.com\/latam\/#organization\"},\"articleSection\":[\"EEG\",\"Latam\"],\"inLanguage\":\"es-CO\",\"potentialAction\":[{\"@type\":\"CommentAction\",\"name\":\"Comment\",\"target\":[\"https:\/\/neurovirtual.com\/latam\/afectacion-neurologica-por-covid-19\/#respond\"]}]},{\"@type\":\"WebPage\",\"@id\":\"https:\/\/neurovirtual.com\/latam\/afectacion-neurologica-por-covid-19\/\",\"url\":\"https:\/\/neurovirtual.com\/latam\/afectacion-neurologica-por-covid-19\/\",\"name\":\"AFECTACI\u00d3N NEUROLOGICA POR COVID-19 - Neurovirtual \/ Humanizing diagnostics\",\"isPartOf\":{\"@id\":\"https:\/\/neurovirtual.com\/latam\/#website\"},\"datePublished\":\"2020-04-28T16:31:20+00:00\",\"dateModified\":\"2020-04-28T16:31:58+00:00\",\"description\":\"%seo_description%\",\"breadcrumb\":{\"@id\":\"https:\/\/neurovirtual.com\/latam\/afectacion-neurologica-por-covid-19\/#breadcrumb\"},\"inLanguage\":\"es-CO\",\"potentialAction\":[{\"@type\":\"ReadAction\",\"target\":[\"https:\/\/neurovirtual.com\/latam\/afectacion-neurologica-por-covid-19\/\"]}]},{\"@type\":\"BreadcrumbList\",\"@id\":\"https:\/\/neurovirtual.com\/latam\/afectacion-neurologica-por-covid-19\/#breadcrumb\",\"itemListElement\":[{\"@type\":\"ListItem\",\"position\":1,\"name\":\"Portada\",\"item\":\"https:\/\/neurovirtual.com\/latam\/\"},{\"@type\":\"ListItem\",\"position\":2,\"name\":\"AFECTACI\u00d3N NEUROLOGICA POR COVID-19\"}]},{\"@type\":\"WebSite\",\"@id\":\"https:\/\/neurovirtual.com\/latam\/#website\",\"url\":\"https:\/\/neurovirtual.com\/latam\/\",\"name\":\"Neurovirtual \/ Humanizing diagnostics\",\"description\":\"\",\"publisher\":{\"@id\":\"https:\/\/neurovirtual.com\/latam\/#organization\"},\"potentialAction\":[{\"@type\":\"SearchAction\",\"target\":{\"@type\":\"EntryPoint\",\"urlTemplate\":\"https:\/\/neurovirtual.com\/latam\/?s={search_term_string}\"},\"query-input\":\"required name=search_term_string\"}],\"inLanguage\":\"es-CO\"},{\"@type\":\"Organization\",\"@id\":\"https:\/\/neurovirtual.com\/latam\/#organization\",\"name\":\"Neurovirtual\",\"url\":\"https:\/\/neurovirtual.com\/latam\/\",\"logo\":{\"@type\":\"ImageObject\",\"inLanguage\":\"es-CO\",\"@id\":\"https:\/\/neurovirtual.com\/latam\/#\/schema\/logo\/image\/\",\"url\":\"https:\/\/neurovirtual.com\/latam\/wp-content\/uploads\/2023\/08\/1.-Logo-Neurovirtual-2022.png\",\"contentUrl\":\"https:\/\/neurovirtual.com\/latam\/wp-content\/uploads\/2023\/08\/1.-Logo-Neurovirtual-2022.png\",\"width\":1964,\"height\":668,\"caption\":\"Neurovirtual\"},\"image\":{\"@id\":\"https:\/\/neurovirtual.com\/latam\/#\/schema\/logo\/image\/\"}},{\"@type\":\"Person\",\"@id\":\"https:\/\/neurovirtual.com\/latam\/#\/schema\/person\/61c27629d3d16b3e601ef7db30001d49\",\"name\":\"Jessika Brito\",\"image\":{\"@type\":\"ImageObject\",\"inLanguage\":\"es-CO\",\"@id\":\"https:\/\/neurovirtual.com\/latam\/#\/schema\/person\/image\/\",\"url\":\"https:\/\/secure.gravatar.com\/avatar\/08d2f62bc8a1f215fdfebe63356acc30?s=96&d=mm&r=g\",\"contentUrl\":\"https:\/\/secure.gravatar.com\/avatar\/08d2f62bc8a1f215fdfebe63356acc30?s=96&d=mm&r=g\",\"caption\":\"Jessika Brito\"},\"url\":\"https:\/\/neurovirtual.com\/latam\/author\/brito\/\"}]}<\/script>\n<!-- \/ Yoast SEO plugin. -->","yoast_head_json":{"title":"AFECTACI\u00d3N NEUROLOGICA POR COVID-19 - Neurovirtual \/ Humanizing diagnostics","description":"%seo_description%","robots":{"index":"index","follow":"follow","max-snippet":"max-snippet:-1","max-image-preview":"max-image-preview:large","max-video-preview":"max-video-preview:-1"},"canonical":"https:\/\/neurovirtual.com\/latam\/afectacion-neurologica-por-covid-19\/","og_locale":"es_ES","og_type":"article","og_title":"AFECTACI\u00d3N NEUROLOGICA POR COVID-19 - Neurovirtual \/ Humanizing diagnostics","og_description":"%seo_description%","og_url":"https:\/\/neurovirtual.com\/latam\/afectacion-neurologica-por-covid-19\/","og_site_name":"Neurovirtual \/ Humanizing diagnostics","article_published_time":"2020-04-28T16:31:20+00:00","article_modified_time":"2020-04-28T16:31:58+00:00","og_image":[{"width":300,"height":168,"url":"https:\/\/neurovirtual.com\/latam\/wp-content\/uploads\/2020\/04\/capa-covid.jpg","type":"image\/jpeg"}],"author":"Jessika Brito","twitter_card":"summary_large_image","twitter_misc":{"Escrito por":"Jessika Brito","Tiempo estimado de lectura":"2 minutos"},"schema":{"@context":"https:\/\/schema.org","@graph":[{"@type":"Article","@id":"https:\/\/neurovirtual.com\/latam\/afectacion-neurologica-por-covid-19\/#article","isPartOf":{"@id":"https:\/\/neurovirtual.com\/latam\/afectacion-neurologica-por-covid-19\/"},"author":{"name":"Jessika Brito","@id":"https:\/\/neurovirtual.com\/latam\/#\/schema\/person\/61c27629d3d16b3e601ef7db30001d49"},"headline":"AFECTACI\u00d3N NEUROLOGICA POR COVID-19","datePublished":"2020-04-28T16:31:20+00:00","dateModified":"2020-04-28T16:31:58+00:00","mainEntityOfPage":{"@id":"https:\/\/neurovirtual.com\/latam\/afectacion-neurologica-por-covid-19\/"},"wordCount":458,"commentCount":0,"publisher":{"@id":"https:\/\/neurovirtual.com\/latam\/#organization"},"articleSection":["EEG","Latam"],"inLanguage":"es-CO","potentialAction":[{"@type":"CommentAction","name":"Comment","target":["https:\/\/neurovirtual.com\/latam\/afectacion-neurologica-por-covid-19\/#respond"]}]},{"@type":"WebPage","@id":"https:\/\/neurovirtual.com\/latam\/afectacion-neurologica-por-covid-19\/","url":"https:\/\/neurovirtual.com\/latam\/afectacion-neurologica-por-covid-19\/","name":"AFECTACI\u00d3N NEUROLOGICA POR COVID-19 - Neurovirtual \/ Humanizing diagnostics","isPartOf":{"@id":"https:\/\/neurovirtual.com\/latam\/#website"},"datePublished":"2020-04-28T16:31:20+00:00","dateModified":"2020-04-28T16:31:58+00:00","description":"%seo_description%","breadcrumb":{"@id":"https:\/\/neurovirtual.com\/latam\/afectacion-neurologica-por-covid-19\/#breadcrumb"},"inLanguage":"es-CO","potentialAction":[{"@type":"ReadAction","target":["https:\/\/neurovirtual.com\/latam\/afectacion-neurologica-por-covid-19\/"]}]},{"@type":"BreadcrumbList","@id":"https:\/\/neurovirtual.com\/latam\/afectacion-neurologica-por-covid-19\/#breadcrumb","itemListElement":[{"@type":"ListItem","position":1,"name":"Portada","item":"https:\/\/neurovirtual.com\/latam\/"},{"@type":"ListItem","position":2,"name":"AFECTACI\u00d3N NEUROLOGICA POR COVID-19"}]},{"@type":"WebSite","@id":"https:\/\/neurovirtual.com\/latam\/#website","url":"https:\/\/neurovirtual.com\/latam\/","name":"Neurovirtual \/ Humanizing diagnostics","description":"","publisher":{"@id":"https:\/\/neurovirtual.com\/latam\/#organization"},"potentialAction":[{"@type":"SearchAction","target":{"@type":"EntryPoint","urlTemplate":"https:\/\/neurovirtual.com\/latam\/?s={search_term_string}"},"query-input":"required name=search_term_string"}],"inLanguage":"es-CO"},{"@type":"Organization","@id":"https:\/\/neurovirtual.com\/latam\/#organization","name":"Neurovirtual","url":"https:\/\/neurovirtual.com\/latam\/","logo":{"@type":"ImageObject","inLanguage":"es-CO","@id":"https:\/\/neurovirtual.com\/latam\/#\/schema\/logo\/image\/","url":"https:\/\/neurovirtual.com\/latam\/wp-content\/uploads\/2023\/08\/1.-Logo-Neurovirtual-2022.png","contentUrl":"https:\/\/neurovirtual.com\/latam\/wp-content\/uploads\/2023\/08\/1.-Logo-Neurovirtual-2022.png","width":1964,"height":668,"caption":"Neurovirtual"},"image":{"@id":"https:\/\/neurovirtual.com\/latam\/#\/schema\/logo\/image\/"}},{"@type":"Person","@id":"https:\/\/neurovirtual.com\/latam\/#\/schema\/person\/61c27629d3d16b3e601ef7db30001d49","name":"Jessika Brito","image":{"@type":"ImageObject","inLanguage":"es-CO","@id":"https:\/\/neurovirtual.com\/latam\/#\/schema\/person\/image\/","url":"https:\/\/secure.gravatar.com\/avatar\/08d2f62bc8a1f215fdfebe63356acc30?s=96&d=mm&r=g","contentUrl":"https:\/\/secure.gravatar.com\/avatar\/08d2f62bc8a1f215fdfebe63356acc30?s=96&d=mm&r=g","caption":"Jessika Brito"},"url":"https:\/\/neurovirtual.com\/latam\/author\/brito\/"}]}},"_links":{"self":[{"href":"https:\/\/neurovirtual.com\/latam\/wp-json\/wp\/v2\/posts\/802101"}],"collection":[{"href":"https:\/\/neurovirtual.com\/latam\/wp-json\/wp\/v2\/posts"}],"about":[{"href":"https:\/\/neurovirtual.com\/latam\/wp-json\/wp\/v2\/types\/post"}],"author":[{"embeddable":true,"href":"https:\/\/neurovirtual.com\/latam\/wp-json\/wp\/v2\/users\/7"}],"replies":[{"embeddable":true,"href":"https:\/\/neurovirtual.com\/latam\/wp-json\/wp\/v2\/comments?post=802101"}],"version-history":[{"count":2,"href":"https:\/\/neurovirtual.com\/latam\/wp-json\/wp\/v2\/posts\/802101\/revisions"}],"predecessor-version":[{"id":802105,"href":"https:\/\/neurovirtual.com\/latam\/wp-json\/wp\/v2\/posts\/802101\/revisions\/802105"}],"wp:featuredmedia":[{"embeddable":true,"href":"https:\/\/neurovirtual.com\/latam\/wp-json\/wp\/v2\/media\/802102"}],"wp:attachment":[{"href":"https:\/\/neurovirtual.com\/latam\/wp-json\/wp\/v2\/media?parent=802101"}],"wp:term":[{"taxonomy":"category","embeddable":true,"href":"https:\/\/neurovirtual.com\/latam\/wp-json\/wp\/v2\/categories?post=802101"},{"taxonomy":"post_tag","embeddable":true,"href":"https:\/\/neurovirtual.com\/latam\/wp-json\/wp\/v2\/tags?post=802101"}],"curies":[{"name":"wp","href":"https:\/\/api.w.org\/{rel}","templated":true}]}}