{"id":801475,"date":"2019-12-18T14:20:55","date_gmt":"2019-12-18T16:20:55","guid":{"rendered":"https:\/\/neurovirtual.com\/latam\/?p=801475"},"modified":"2020-08-20T17:19:22","modified_gmt":"2020-08-20T20:19:22","slug":"neurovirtual-refuerza-la-oferta-de-soluciones-en-el-17-congreso-brasileno-del-sueno","status":"publish","type":"post","link":"https:\/\/neurovirtual.com\/latam\/neurovirtual-refuerza-la-oferta-de-soluciones-en-el-17-congreso-brasileno-del-sueno\/","title":{"rendered":"Neurovirtual refuerza la oferta de soluciones en el 17\u00b0 Congreso Brasile\u00f1o del Sue\u00f1o"},"content":{"rendered":"<p><a href=\"https:\/\/neurovirtual.com\/latam\/wp-content\/uploads\/2020\/02\/congresso-brasileiro-so-sono_2.jpg\"><img decoding=\"async\" class=\"aligncenter size-full wp-image-801480\" src=\"https:\/\/neurovirtual.com\/latam\/wp-content\/uploads\/2020\/02\/congresso-brasileiro-so-sono_2.jpg\" alt=\"congresso brasileiro so sono_2\" width=\"668\" height=\"168\" srcset=\"https:\/\/neurovirtual.com\/latam\/wp-content\/uploads\/2020\/02\/congresso-brasileiro-so-sono_2.jpg 668w, https:\/\/neurovirtual.com\/latam\/wp-content\/uploads\/2020\/02\/congresso-brasileiro-so-sono_2-300x75.jpg 300w, https:\/\/neurovirtual.com\/latam\/wp-content\/uploads\/2020\/02\/congresso-brasileiro-so-sono_2-460x116.jpg 460w\" sizes=\"(max-width: 668px) 100vw, 668px\" \/><\/a><\/p>\n<p>Famosa por sus cascadas y belleza natural, la ciudad de Foz de Iguaz\u00fa, en Paran\u00e1 (Brasil), atrajo a unas mil personas con un prop\u00f3sito diferente, entre el 4 y el 7 de diciembre de 2019: la 17a edici\u00f3n del Congreso Brasile\u00f1o del Sue\u00f1o, que figura dentro de la principal agenda nacional del sector.\u00a0 Especialistas de diferentes estados brasile\u00f1os, adem\u00e1s de congresistas internacionales de m\u00e1s de 10 pa\u00edses, estuvieron presentes para discutir los principales temas relacionados con la medicina del sue\u00f1o.<\/p>\n<p>Promovido por la Asociaci\u00f3n Brasile\u00f1a del Sue\u00f1o (ABS), por la Asociaci\u00f3n Brasile\u00f1a de Medicina del Sue\u00f1o (ABMS) y por la Asociaci\u00f3n Brasile\u00f1a de Odontolog\u00eda del Sue\u00f1o (ABROS), el evento tuvo un car\u00e1cter multidisciplinario y reuni\u00f3 a especialistas de diferentes \u00e1reas de actividad, incluidos m\u00e9dicos y otros especialistas en ramas distintas a la medicina. Tambi\u00e9n incluy\u00f3 la celebraci\u00f3n del IV Congreso Brasile\u00f1o de ABROS, promovido por la Asociaci\u00f3n Brasile\u00f1a de Odontolog\u00eda del Sue\u00f1o y la aplicaci\u00f3n de pruebas de certificaci\u00f3n de t\u00e9cnica de polisomnograf\u00eda; psicolog\u00eda del sue\u00f1o; terapia del habla del sue\u00f1o y odontolog\u00eda en medicina del sue\u00f1o.<br \/>\n<a href=\"https:\/\/neurovirtual.com\/latam\/wp-content\/uploads\/2020\/02\/congresso-brasileiro-do-sono-2019_2.jpg\"><img decoding=\"async\" class=\"aligncenter size-medium wp-image-801477\" src=\"https:\/\/neurovirtual.com\/latam\/wp-content\/uploads\/2020\/02\/congresso-brasileiro-do-sono-2019_2-238x300.jpg\" alt=\"congresso brasileiro do sono 2019_2\" width=\"238\" height=\"300\" srcset=\"https:\/\/neurovirtual.com\/latam\/wp-content\/uploads\/2020\/02\/congresso-brasileiro-do-sono-2019_2-238x300.jpg 238w, https:\/\/neurovirtual.com\/latam\/wp-content\/uploads\/2020\/02\/congresso-brasileiro-do-sono-2019_2-812x1024.jpg 812w, https:\/\/neurovirtual.com\/latam\/wp-content\/uploads\/2020\/02\/congresso-brasileiro-do-sono-2019_2-198x250.jpg 198w, https:\/\/neurovirtual.com\/latam\/wp-content\/uploads\/2020\/02\/congresso-brasileiro-do-sono-2019_2-270x340.jpg 270w, https:\/\/neurovirtual.com\/latam\/wp-content\/uploads\/2020\/02\/congresso-brasileiro-do-sono-2019_2.jpg 1000w\" sizes=\"(max-width: 238px) 100vw, 238px\" \/><\/a><\/p>\n<p>Los simposios, debates y ponencias abordaron debates y reunieron oradores cuidadosamente seleccionados. Dentro de los temas incluidos podemos destacar los siguientes: un enfoque multidisciplinario para los trastornos del sue\u00f1o; trastornos del sue\u00f1o en mujeres y el envejecimiento; avances en el tratamiento del insomnio; simplificaci\u00f3n del diagn\u00f3stico de apnea, y desaf\u00edos y avances tecnol\u00f3gicos en la adhesi\u00f3n a CPAP.<a href=\"https:\/\/neurovirtual.com\/latam\/wp-content\/uploads\/2020\/02\/congresso-brasileiro-do-sono-2019_3.jpg\"><img decoding=\"async\" class=\"aligncenter size-medium wp-image-801478\" src=\"https:\/\/neurovirtual.com\/latam\/wp-content\/uploads\/2020\/02\/congresso-brasileiro-do-sono-2019_3-300x237.jpg\" alt=\"congresso brasileiro do sono 2019_3\" width=\"300\" height=\"237\" srcset=\"https:\/\/neurovirtual.com\/latam\/wp-content\/uploads\/2020\/02\/congresso-brasileiro-do-sono-2019_3-300x237.jpg 300w, https:\/\/neurovirtual.com\/latam\/wp-content\/uploads\/2020\/02\/congresso-brasileiro-do-sono-2019_3-316x250.jpg 316w, https:\/\/neurovirtual.com\/latam\/wp-content\/uploads\/2020\/02\/congresso-brasileiro-do-sono-2019_3-430x340.jpg 430w, https:\/\/neurovirtual.com\/latam\/wp-content\/uploads\/2020\/02\/congresso-brasileiro-do-sono-2019_3.jpg 1000w\" sizes=\"(max-width: 300px) 100vw, 300px\" \/><\/a><\/p>\n<p><em>\u201cContamos con la presencia de grandes nombres de la medicina del sue\u00f1o en todo el mundo, para traspasar importantes fronteras en el diagn\u00f3stico y tratamiento de los trastornos del sue\u00f1o\u201d,<\/em> destac\u00f3 el Dr. Luciano Drager, cardi\u00f3logo, coordinador cient\u00edfico del congreso, quien tambi\u00e9n es profesor asociado en el Departamento de Cl\u00ednica M\u00e9dica de la FMUSP.<\/p>\n<p>Neurovirtual estuvo presente y reforz\u00f3 su oferta de soluciones de medicina del sue\u00f1o para los participantes, con \u00e9nfasis en el moderno y compacto BWMini PSG y el robusto BWIII PSG Plus. Sandro Senra, director cl\u00ednico, y Alex Oliveira, consultor t\u00e9cnico, representaron a la empresa durante el Congreso, y respondieron preguntas, promovieron equipos y recibieron invitados como el Dr. Mauricio Bagnato del Hospital S\u00edrio Liban\u00eas de S\u00e3o Paulo.<\/p>\n<p>Seg\u00fan la Dra. Carolina Ferraz de Paula Soares, presidenta del Congreso, el evento fue un \u00e9xito, lo que se evidencia por los comentarios de los participantes, adem\u00e1s de \u201cser una oportunidad para interactuar con investigadores y profesionales nacionales e internacionales con experiencia reconocida en el campo del sue\u00f1o\u201d. La pr\u00f3xima edici\u00f3n ya tiene un destino determinado: la ciudad de S\u00e3o Paulo.<\/p>\n<p><a href=\"https:\/\/neurovirtual.com\/latam\/wp-content\/uploads\/2020\/02\/congresso-brasileiro-do-sono-2019_1.jpg\"><img decoding=\"async\" class=\"aligncenter size-medium wp-image-801476\" src=\"https:\/\/neurovirtual.com\/latam\/wp-content\/uploads\/2020\/02\/congresso-brasileiro-do-sono-2019_1-225x300.jpg\" alt=\"congresso brasileiro do sono 2019_1\" width=\"225\" height=\"300\" srcset=\"https:\/\/neurovirtual.com\/latam\/wp-content\/uploads\/2020\/02\/congresso-brasileiro-do-sono-2019_1-225x300.jpg 225w, https:\/\/neurovirtual.com\/latam\/wp-content\/uploads\/2020\/02\/congresso-brasileiro-do-sono-2019_1-768x1024.jpg 768w, https:\/\/neurovirtual.com\/latam\/wp-content\/uploads\/2020\/02\/congresso-brasileiro-do-sono-2019_1-188x250.jpg 188w, https:\/\/neurovirtual.com\/latam\/wp-content\/uploads\/2020\/02\/congresso-brasileiro-do-sono-2019_1-255x340.jpg 255w, https:\/\/neurovirtual.com\/latam\/wp-content\/uploads\/2020\/02\/congresso-brasileiro-do-sono-2019_1.jpg 1000w\" sizes=\"(max-width: 225px) 100vw, 225px\" \/><\/a><\/p>\n","protected":false},"excerpt":{"rendered":"<p>Famosa por sus cascadas y belleza natural, la ciudad de Foz de Iguaz\u00fa, en Paran\u00e1 (Brasil), atrajo a unas mil personas con un prop\u00f3sito diferente, entre el 4 y el 7 de diciembre de 2019: la 17a edici\u00f3n del Congreso Brasile\u00f1o del Sue\u00f1o, que figura dentro de la principal agenda nacional del sector.\u00a0 Especialistas de&#8230;<\/p>\n","protected":false},"author":7,"featured_media":801479,"comment_status":"open","ping_status":"open","sticky":false,"template":"","format":"standard","meta":{"footnotes":"","_joinchat":[]},"categories":[7,13],"tags":[],"acf":[],"yoast_head":"<!-- This site is optimized with the Yoast SEO plugin v21.7 - https:\/\/yoast.com\/wordpress\/plugins\/seo\/ -->\n<title>Neurovirtual refuerza la oferta de soluciones en el 17\u00b0 Congreso Brasile\u00f1o del Sue\u00f1o - Neurovirtual \/ Humanizing diagnostics<\/title>\n<meta name=\"description\" content=\"%seo_description%\" \/>\n<meta name=\"robots\" content=\"index, follow, max-snippet:-1, max-image-preview:large, max-video-preview:-1\" \/>\n<link rel=\"canonical\" href=\"https:\/\/neurovirtual.com\/latam\/neurovirtual-refuerza-la-oferta-de-soluciones-en-el-17-congreso-brasileno-del-sueno\/\" \/>\n<meta property=\"og:locale\" content=\"es_ES\" \/>\n<meta property=\"og:type\" content=\"article\" \/>\n<meta property=\"og:title\" content=\"Neurovirtual refuerza la oferta de soluciones en el 17\u00b0 Congreso Brasile\u00f1o del Sue\u00f1o - Neurovirtual \/ Humanizing diagnostics\" \/>\n<meta property=\"og:description\" content=\"%seo_description%\" \/>\n<meta property=\"og:url\" content=\"https:\/\/neurovirtual.com\/latam\/neurovirtual-refuerza-la-oferta-de-soluciones-en-el-17-congreso-brasileno-del-sueno\/\" \/>\n<meta property=\"og:site_name\" content=\"Neurovirtual \/ Humanizing diagnostics\" \/>\n<meta property=\"article:published_time\" content=\"2019-12-18T16:20:55+00:00\" \/>\n<meta property=\"article:modified_time\" content=\"2020-08-20T20:19:22+00:00\" \/>\n<meta property=\"og:image\" content=\"https:\/\/neurovirtual.com\/latam\/wp-content\/uploads\/2020\/02\/congresso-brasileiro-so-sono.jpg\" \/>\n\t<meta property=\"og:image:width\" content=\"300\" \/>\n\t<meta property=\"og:image:height\" content=\"168\" \/>\n\t<meta property=\"og:image:type\" content=\"image\/jpeg\" \/>\n<meta name=\"author\" content=\"Jessika Brito\" \/>\n<meta name=\"twitter:card\" content=\"summary_large_image\" \/>\n<meta name=\"twitter:label1\" content=\"Escrito por\" \/>\n\t<meta name=\"twitter:data1\" content=\"Jessika Brito\" \/>\n\t<meta name=\"twitter:label2\" content=\"Tiempo estimado de lectura\" \/>\n\t<meta name=\"twitter:data2\" content=\"2 minutos\" \/>\n<script type=\"application\/ld+json\" class=\"yoast-schema-graph\">{\"@context\":\"https:\/\/schema.org\",\"@graph\":[{\"@type\":\"Article\",\"@id\":\"https:\/\/neurovirtual.com\/latam\/neurovirtual-refuerza-la-oferta-de-soluciones-en-el-17-congreso-brasileno-del-sueno\/#article\",\"isPartOf\":{\"@id\":\"https:\/\/neurovirtual.com\/latam\/neurovirtual-refuerza-la-oferta-de-soluciones-en-el-17-congreso-brasileno-del-sueno\/\"},\"author\":{\"name\":\"Jessika Brito\",\"@id\":\"https:\/\/neurovirtual.com\/latam\/#\/schema\/person\/61c27629d3d16b3e601ef7db30001d49\"},\"headline\":\"Neurovirtual refuerza la oferta de soluciones en el 17\u00b0 Congreso Brasile\u00f1o del Sue\u00f1o\",\"datePublished\":\"2019-12-18T16:20:55+00:00\",\"dateModified\":\"2020-08-20T20:19:22+00:00\",\"mainEntityOfPage\":{\"@id\":\"https:\/\/neurovirtual.com\/latam\/neurovirtual-refuerza-la-oferta-de-soluciones-en-el-17-congreso-brasileno-del-sueno\/\"},\"wordCount\":491,\"commentCount\":0,\"publisher\":{\"@id\":\"https:\/\/neurovirtual.com\/latam\/#organization\"},\"articleSection\":[\"Conferencias\",\"Latam\"],\"inLanguage\":\"es-CO\",\"potentialAction\":[{\"@type\":\"CommentAction\",\"name\":\"Comment\",\"target\":[\"https:\/\/neurovirtual.com\/latam\/neurovirtual-refuerza-la-oferta-de-soluciones-en-el-17-congreso-brasileno-del-sueno\/#respond\"]}]},{\"@type\":\"WebPage\",\"@id\":\"https:\/\/neurovirtual.com\/latam\/neurovirtual-refuerza-la-oferta-de-soluciones-en-el-17-congreso-brasileno-del-sueno\/\",\"url\":\"https:\/\/neurovirtual.com\/latam\/neurovirtual-refuerza-la-oferta-de-soluciones-en-el-17-congreso-brasileno-del-sueno\/\",\"name\":\"Neurovirtual refuerza la oferta de soluciones en el 17\u00b0 Congreso Brasile\u00f1o del Sue\u00f1o - Neurovirtual \/ Humanizing diagnostics\",\"isPartOf\":{\"@id\":\"https:\/\/neurovirtual.com\/latam\/#website\"},\"datePublished\":\"2019-12-18T16:20:55+00:00\",\"dateModified\":\"2020-08-20T20:19:22+00:00\",\"description\":\"%seo_description%\",\"breadcrumb\":{\"@id\":\"https:\/\/neurovirtual.com\/latam\/neurovirtual-refuerza-la-oferta-de-soluciones-en-el-17-congreso-brasileno-del-sueno\/#breadcrumb\"},\"inLanguage\":\"es-CO\",\"potentialAction\":[{\"@type\":\"ReadAction\",\"target\":[\"https:\/\/neurovirtual.com\/latam\/neurovirtual-refuerza-la-oferta-de-soluciones-en-el-17-congreso-brasileno-del-sueno\/\"]}]},{\"@type\":\"BreadcrumbList\",\"@id\":\"https:\/\/neurovirtual.com\/latam\/neurovirtual-refuerza-la-oferta-de-soluciones-en-el-17-congreso-brasileno-del-sueno\/#breadcrumb\",\"itemListElement\":[{\"@type\":\"ListItem\",\"position\":1,\"name\":\"Portada\",\"item\":\"https:\/\/neurovirtual.com\/latam\/\"},{\"@type\":\"ListItem\",\"position\":2,\"name\":\"Neurovirtual refuerza la oferta de soluciones en el 17\u00b0 Congreso Brasile\u00f1o del Sue\u00f1o\"}]},{\"@type\":\"WebSite\",\"@id\":\"https:\/\/neurovirtual.com\/latam\/#website\",\"url\":\"https:\/\/neurovirtual.com\/latam\/\",\"name\":\"Neurovirtual \/ Humanizing diagnostics\",\"description\":\"\",\"publisher\":{\"@id\":\"https:\/\/neurovirtual.com\/latam\/#organization\"},\"potentialAction\":[{\"@type\":\"SearchAction\",\"target\":{\"@type\":\"EntryPoint\",\"urlTemplate\":\"https:\/\/neurovirtual.com\/latam\/?s={search_term_string}\"},\"query-input\":\"required name=search_term_string\"}],\"inLanguage\":\"es-CO\"},{\"@type\":\"Organization\",\"@id\":\"https:\/\/neurovirtual.com\/latam\/#organization\",\"name\":\"Neurovirtual\",\"url\":\"https:\/\/neurovirtual.com\/latam\/\",\"logo\":{\"@type\":\"ImageObject\",\"inLanguage\":\"es-CO\",\"@id\":\"https:\/\/neurovirtual.com\/latam\/#\/schema\/logo\/image\/\",\"url\":\"https:\/\/neurovirtual.com\/latam\/wp-content\/uploads\/2023\/08\/1.-Logo-Neurovirtual-2022.png\",\"contentUrl\":\"https:\/\/neurovirtual.com\/latam\/wp-content\/uploads\/2023\/08\/1.-Logo-Neurovirtual-2022.png\",\"width\":1964,\"height\":668,\"caption\":\"Neurovirtual\"},\"image\":{\"@id\":\"https:\/\/neurovirtual.com\/latam\/#\/schema\/logo\/image\/\"}},{\"@type\":\"Person\",\"@id\":\"https:\/\/neurovirtual.com\/latam\/#\/schema\/person\/61c27629d3d16b3e601ef7db30001d49\",\"name\":\"Jessika Brito\",\"image\":{\"@type\":\"ImageObject\",\"inLanguage\":\"es-CO\",\"@id\":\"https:\/\/neurovirtual.com\/latam\/#\/schema\/person\/image\/\",\"url\":\"https:\/\/secure.gravatar.com\/avatar\/08d2f62bc8a1f215fdfebe63356acc30?s=96&d=mm&r=g\",\"contentUrl\":\"https:\/\/secure.gravatar.com\/avatar\/08d2f62bc8a1f215fdfebe63356acc30?s=96&d=mm&r=g\",\"caption\":\"Jessika Brito\"},\"url\":\"https:\/\/neurovirtual.com\/latam\/author\/brito\/\"}]}<\/script>\n<!-- \/ Yoast SEO plugin. -->","yoast_head_json":{"title":"Neurovirtual refuerza la oferta de soluciones en el 17\u00b0 Congreso Brasile\u00f1o del Sue\u00f1o - Neurovirtual \/ Humanizing diagnostics","description":"%seo_description%","robots":{"index":"index","follow":"follow","max-snippet":"max-snippet:-1","max-image-preview":"max-image-preview:large","max-video-preview":"max-video-preview:-1"},"canonical":"https:\/\/neurovirtual.com\/latam\/neurovirtual-refuerza-la-oferta-de-soluciones-en-el-17-congreso-brasileno-del-sueno\/","og_locale":"es_ES","og_type":"article","og_title":"Neurovirtual refuerza la oferta de soluciones en el 17\u00b0 Congreso Brasile\u00f1o del Sue\u00f1o - Neurovirtual \/ Humanizing diagnostics","og_description":"%seo_description%","og_url":"https:\/\/neurovirtual.com\/latam\/neurovirtual-refuerza-la-oferta-de-soluciones-en-el-17-congreso-brasileno-del-sueno\/","og_site_name":"Neurovirtual \/ Humanizing diagnostics","article_published_time":"2019-12-18T16:20:55+00:00","article_modified_time":"2020-08-20T20:19:22+00:00","og_image":[{"width":300,"height":168,"url":"https:\/\/neurovirtual.com\/latam\/wp-content\/uploads\/2020\/02\/congresso-brasileiro-so-sono.jpg","type":"image\/jpeg"}],"author":"Jessika Brito","twitter_card":"summary_large_image","twitter_misc":{"Escrito por":"Jessika Brito","Tiempo estimado de lectura":"2 minutos"},"schema":{"@context":"https:\/\/schema.org","@graph":[{"@type":"Article","@id":"https:\/\/neurovirtual.com\/latam\/neurovirtual-refuerza-la-oferta-de-soluciones-en-el-17-congreso-brasileno-del-sueno\/#article","isPartOf":{"@id":"https:\/\/neurovirtual.com\/latam\/neurovirtual-refuerza-la-oferta-de-soluciones-en-el-17-congreso-brasileno-del-sueno\/"},"author":{"name":"Jessika Brito","@id":"https:\/\/neurovirtual.com\/latam\/#\/schema\/person\/61c27629d3d16b3e601ef7db30001d49"},"headline":"Neurovirtual refuerza la oferta de soluciones en el 17\u00b0 Congreso Brasile\u00f1o del Sue\u00f1o","datePublished":"2019-12-18T16:20:55+00:00","dateModified":"2020-08-20T20:19:22+00:00","mainEntityOfPage":{"@id":"https:\/\/neurovirtual.com\/latam\/neurovirtual-refuerza-la-oferta-de-soluciones-en-el-17-congreso-brasileno-del-sueno\/"},"wordCount":491,"commentCount":0,"publisher":{"@id":"https:\/\/neurovirtual.com\/latam\/#organization"},"articleSection":["Conferencias","Latam"],"inLanguage":"es-CO","potentialAction":[{"@type":"CommentAction","name":"Comment","target":["https:\/\/neurovirtual.com\/latam\/neurovirtual-refuerza-la-oferta-de-soluciones-en-el-17-congreso-brasileno-del-sueno\/#respond"]}]},{"@type":"WebPage","@id":"https:\/\/neurovirtual.com\/latam\/neurovirtual-refuerza-la-oferta-de-soluciones-en-el-17-congreso-brasileno-del-sueno\/","url":"https:\/\/neurovirtual.com\/latam\/neurovirtual-refuerza-la-oferta-de-soluciones-en-el-17-congreso-brasileno-del-sueno\/","name":"Neurovirtual refuerza la oferta de soluciones en el 17\u00b0 Congreso Brasile\u00f1o del Sue\u00f1o - Neurovirtual \/ Humanizing diagnostics","isPartOf":{"@id":"https:\/\/neurovirtual.com\/latam\/#website"},"datePublished":"2019-12-18T16:20:55+00:00","dateModified":"2020-08-20T20:19:22+00:00","description":"%seo_description%","breadcrumb":{"@id":"https:\/\/neurovirtual.com\/latam\/neurovirtual-refuerza-la-oferta-de-soluciones-en-el-17-congreso-brasileno-del-sueno\/#breadcrumb"},"inLanguage":"es-CO","potentialAction":[{"@type":"ReadAction","target":["https:\/\/neurovirtual.com\/latam\/neurovirtual-refuerza-la-oferta-de-soluciones-en-el-17-congreso-brasileno-del-sueno\/"]}]},{"@type":"BreadcrumbList","@id":"https:\/\/neurovirtual.com\/latam\/neurovirtual-refuerza-la-oferta-de-soluciones-en-el-17-congreso-brasileno-del-sueno\/#breadcrumb","itemListElement":[{"@type":"ListItem","position":1,"name":"Portada","item":"https:\/\/neurovirtual.com\/latam\/"},{"@type":"ListItem","position":2,"name":"Neurovirtual refuerza la oferta de soluciones en el 17\u00b0 Congreso Brasile\u00f1o del Sue\u00f1o"}]},{"@type":"WebSite","@id":"https:\/\/neurovirtual.com\/latam\/#website","url":"https:\/\/neurovirtual.com\/latam\/","name":"Neurovirtual \/ Humanizing diagnostics","description":"","publisher":{"@id":"https:\/\/neurovirtual.com\/latam\/#organization"},"potentialAction":[{"@type":"SearchAction","target":{"@type":"EntryPoint","urlTemplate":"https:\/\/neurovirtual.com\/latam\/?s={search_term_string}"},"query-input":"required name=search_term_string"}],"inLanguage":"es-CO"},{"@type":"Organization","@id":"https:\/\/neurovirtual.com\/latam\/#organization","name":"Neurovirtual","url":"https:\/\/neurovirtual.com\/latam\/","logo":{"@type":"ImageObject","inLanguage":"es-CO","@id":"https:\/\/neurovirtual.com\/latam\/#\/schema\/logo\/image\/","url":"https:\/\/neurovirtual.com\/latam\/wp-content\/uploads\/2023\/08\/1.-Logo-Neurovirtual-2022.png","contentUrl":"https:\/\/neurovirtual.com\/latam\/wp-content\/uploads\/2023\/08\/1.-Logo-Neurovirtual-2022.png","width":1964,"height":668,"caption":"Neurovirtual"},"image":{"@id":"https:\/\/neurovirtual.com\/latam\/#\/schema\/logo\/image\/"}},{"@type":"Person","@id":"https:\/\/neurovirtual.com\/latam\/#\/schema\/person\/61c27629d3d16b3e601ef7db30001d49","name":"Jessika Brito","image":{"@type":"ImageObject","inLanguage":"es-CO","@id":"https:\/\/neurovirtual.com\/latam\/#\/schema\/person\/image\/","url":"https:\/\/secure.gravatar.com\/avatar\/08d2f62bc8a1f215fdfebe63356acc30?s=96&d=mm&r=g","contentUrl":"https:\/\/secure.gravatar.com\/avatar\/08d2f62bc8a1f215fdfebe63356acc30?s=96&d=mm&r=g","caption":"Jessika Brito"},"url":"https:\/\/neurovirtual.com\/latam\/author\/brito\/"}]}},"_links":{"self":[{"href":"https:\/\/neurovirtual.com\/latam\/wp-json\/wp\/v2\/posts\/801475"}],"collection":[{"href":"https:\/\/neurovirtual.com\/latam\/wp-json\/wp\/v2\/posts"}],"about":[{"href":"https:\/\/neurovirtual.com\/latam\/wp-json\/wp\/v2\/types\/post"}],"author":[{"embeddable":true,"href":"https:\/\/neurovirtual.com\/latam\/wp-json\/wp\/v2\/users\/7"}],"replies":[{"embeddable":true,"href":"https:\/\/neurovirtual.com\/latam\/wp-json\/wp\/v2\/comments?post=801475"}],"version-history":[{"count":3,"href":"https:\/\/neurovirtual.com\/latam\/wp-json\/wp\/v2\/posts\/801475\/revisions"}],"predecessor-version":[{"id":805963,"href":"https:\/\/neurovirtual.com\/latam\/wp-json\/wp\/v2\/posts\/801475\/revisions\/805963"}],"wp:featuredmedia":[{"embeddable":true,"href":"https:\/\/neurovirtual.com\/latam\/wp-json\/wp\/v2\/media\/801479"}],"wp:attachment":[{"href":"https:\/\/neurovirtual.com\/latam\/wp-json\/wp\/v2\/media?parent=801475"}],"wp:term":[{"taxonomy":"category","embeddable":true,"href":"https:\/\/neurovirtual.com\/latam\/wp-json\/wp\/v2\/categories?post=801475"},{"taxonomy":"post_tag","embeddable":true,"href":"https:\/\/neurovirtual.com\/latam\/wp-json\/wp\/v2\/tags?post=801475"}],"curies":[{"name":"wp","href":"https:\/\/api.w.org\/{rel}","templated":true}]}}