{"id":801394,"date":"2020-01-31T19:16:48","date_gmt":"2020-01-31T21:16:48","guid":{"rendered":"https:\/\/neurovirtual.com\/latam\/?p=801394"},"modified":"2020-02-04T16:04:14","modified_gmt":"2020-02-04T18:04:14","slug":"primer-curso-teorico-practico-latinoamericano-de-electroencefalografia-clinica","status":"publish","type":"post","link":"https:\/\/neurovirtual.com\/latam\/primer-curso-teorico-practico-latinoamericano-de-electroencefalografia-clinica\/","title":{"rendered":"Primer Curso Te\u00f3rico Pr\u00e1ctico Latinoamericano De Electroencefalograf\u00eda Cl\u00ednica"},"content":{"rendered":"<p><a href=\"https:\/\/neurovirtual.com\/latam\/wp-content\/uploads\/2020\/01\/3095_principal.jpg\"><img decoding=\"async\" class=\"aligncenter wp-image-801397 size-full\" src=\"https:\/\/neurovirtual.com\/latam\/wp-content\/uploads\/2020\/01\/3095_principal.jpg\" alt=\"3095_principal\" width=\"575\" height=\"350\" srcset=\"https:\/\/neurovirtual.com\/latam\/wp-content\/uploads\/2020\/01\/3095_principal.jpg 575w, https:\/\/neurovirtual.com\/latam\/wp-content\/uploads\/2020\/01\/3095_principal-300x183.jpg 300w, https:\/\/neurovirtual.com\/latam\/wp-content\/uploads\/2020\/01\/3095_principal-411x250.jpg 411w, https:\/\/neurovirtual.com\/latam\/wp-content\/uploads\/2020\/01\/3095_principal-460x280.jpg 460w\" sizes=\"(max-width: 575px) 100vw, 575px\" \/><\/a><\/p>\n<p><a href=\"https:\/\/www.clinicaepilepsia.cl\/curso_electroencefalografia_clinica.php\">Invitaci\u00f3n: Primer curso Te\u00f3rico pr\u00e1ctico Latinoamericano de Electroencefalograf\u00eda cl\u00ednica &#8220;De la semiolog\u00eda al EEG&#8221;<\/a><\/p>\n<p>Usted, m\u00e1s que nadie, reconoce la importancia de mantenerse al d\u00eda con las \u00faltimas noticias y estudios en el campo de la epilepsia y la neurolog\u00eda.<\/p>\n<p>Por este motivo, lo invitamos a asistir al Primer Curso Te\u00f3rico pr\u00e1ctico Latinoamericano de Electroencefalograf\u00eda Cl\u00ednica &#8220;De la Semiolog\u00eda al EEG&#8221;, que tendr\u00e1 lugar los d\u00edas 2 y 3 de abril de 2020 en Chile y reunir\u00e1 a reconocidos expertos de Am\u00e9rica Latina y de los Estados Unidos.<\/p>\n<p>Dirigido por un equipo multidisciplinario de profesionales, compuesto por la Dra. Loreto R\u00edos Pohl, especialista en neurolog\u00eda infantil y epilepsia; Francisca Serry Lorca, enfermera con 10 a\u00f1os de experiencia en el tratamiento de pacientes con epilepsia, y Kristal Gonz\u00e1lez Barrera, t\u00e9cnica jefe de EEG, el curso brindar\u00e1 un enfoque integral.<\/p>\n<p>Entre los temas cubiertos por la programaci\u00f3n est\u00e1n &#8220;Importancia de un correcto registro EEG&#8221;; &#8220;EEG en paciente Neurocr\u00edtico&#8221;; &#8220;Importancia de la semiolog\u00eda em el EEG&#8221;; &#8220;EEG en encefalopat\u00edas epil\u00e9pticas&#8221;, entre otros temas clave para neur\u00f3logos, epilept\u00f3logos, residentes, enfermeras y t\u00e9cnicos de EEG.<\/p>\n<p>Mira la lista de oradores:<br \/>\nDra. Alicia Bogacz (Uruguay)<br \/>\nDra. Patricia Braga (Uruguay)<br \/>\nDra. Guilca Contreras (Venezuela)<br \/>\nDra. Elia Pestana-Knight (EE. UU.)<br \/>\nDra. Elza M\u00e1rcia Yacubian (Brasil)<br \/>\nDra. Anilu Daza (Venezuela)<br \/>\nDra. Marlene Mayz (Brasil)<br \/>\nTec. EEG (REEGT) Lourdes Colon (EE. UU.)<br \/>\nTec. EEG Lic. Laura Cristino (Uruguay)<\/p>\n<p>Neurovirtual es uno de las apoyadoras del curso, como parte fundamental de su compromiso de humanizar el diagn\u00f3stico en todo el mundo, y se enorgullece de colaborar con la educaci\u00f3n y la formaci\u00f3n de m\u00e9dicos y t\u00e9cnicos.<\/p>\n<p>Comience el a\u00f1o invirtiendo en su calificaci\u00f3n: las inscripciones presentadas hasta el 29 de febrero garantizan un 60% de descuento.<\/p>\n<p>Para m\u00e1s informaci\u00f3n e inscripciones,<a href=\"https:\/\/www.clinicaepilepsia.cl\/curso_electroencefalografia_clinica.php\"> haga clic aqu\u00ed.<\/a><\/p>\n","protected":false},"excerpt":{"rendered":"<p>Invitaci\u00f3n: Primer curso Te\u00f3rico pr\u00e1ctico Latinoamericano de Electroencefalograf\u00eda cl\u00ednica &#8220;De la semiolog\u00eda al EEG&#8221; Usted, m\u00e1s que nadie, reconoce la importancia de mantenerse al d\u00eda con las \u00faltimas noticias y estudios en el campo de la epilepsia y la neurolog\u00eda. Por este motivo, lo invitamos a asistir al Primer Curso Te\u00f3rico pr\u00e1ctico Latinoamericano de Electroencefalograf\u00eda&#8230;<\/p>\n","protected":false},"author":7,"featured_media":801410,"comment_status":"open","ping_status":"open","sticky":false,"template":"","format":"standard","meta":{"footnotes":"","_joinchat":[]},"categories":[9,21,13,20],"tags":[],"acf":[],"yoast_head":"<!-- This site is optimized with the Yoast SEO plugin v21.7 - https:\/\/yoast.com\/wordpress\/plugins\/seo\/ -->\n<title>Curso EEG<\/title>\n<meta name=\"description\" content=\"Primer Curso Te\u00f3rico Pr\u00e1ctico Latinoamericano De Electroencefalograf\u00eda Cl\u00ednica.\" \/>\n<meta name=\"robots\" content=\"index, follow, max-snippet:-1, max-image-preview:large, max-video-preview:-1\" \/>\n<link rel=\"canonical\" href=\"https:\/\/neurovirtual.com\/latam\/primer-curso-teorico-practico-latinoamericano-de-electroencefalografia-clinica\/\" \/>\n<meta property=\"og:locale\" content=\"es_ES\" \/>\n<meta property=\"og:type\" content=\"article\" \/>\n<meta property=\"og:title\" content=\"Curso EEG\" \/>\n<meta property=\"og:description\" content=\"Primer Curso Te\u00f3rico Pr\u00e1ctico Latinoamericano De Electroencefalograf\u00eda Cl\u00ednica.\" \/>\n<meta property=\"og:url\" content=\"https:\/\/neurovirtual.com\/latam\/primer-curso-teorico-practico-latinoamericano-de-electroencefalografia-clinica\/\" \/>\n<meta property=\"og:site_name\" content=\"Neurovirtual \/ Humanizing diagnostics\" \/>\n<meta property=\"article:published_time\" content=\"2020-01-31T21:16:48+00:00\" \/>\n<meta property=\"article:modified_time\" content=\"2020-02-04T18:04:14+00:00\" \/>\n<meta property=\"og:image\" content=\"https:\/\/neurovirtual.com\/latam\/wp-content\/uploads\/2020\/01\/capa-curso-EEG-chile.jpg\" \/>\n\t<meta property=\"og:image:width\" content=\"300\" \/>\n\t<meta property=\"og:image:height\" content=\"168\" \/>\n\t<meta property=\"og:image:type\" content=\"image\/jpeg\" \/>\n<meta name=\"author\" content=\"Jessika Brito\" \/>\n<meta name=\"twitter:card\" content=\"summary_large_image\" \/>\n<meta name=\"twitter:label1\" content=\"Escrito por\" \/>\n\t<meta name=\"twitter:data1\" content=\"Jessika Brito\" \/>\n\t<meta name=\"twitter:label2\" content=\"Tiempo estimado de lectura\" \/>\n\t<meta name=\"twitter:data2\" content=\"2 minutos\" \/>\n<script type=\"application\/ld+json\" class=\"yoast-schema-graph\">{\"@context\":\"https:\/\/schema.org\",\"@graph\":[{\"@type\":\"Article\",\"@id\":\"https:\/\/neurovirtual.com\/latam\/primer-curso-teorico-practico-latinoamericano-de-electroencefalografia-clinica\/#article\",\"isPartOf\":{\"@id\":\"https:\/\/neurovirtual.com\/latam\/primer-curso-teorico-practico-latinoamericano-de-electroencefalografia-clinica\/\"},\"author\":{\"name\":\"Jessika Brito\",\"@id\":\"https:\/\/neurovirtual.com\/latam\/#\/schema\/person\/61c27629d3d16b3e601ef7db30001d49\"},\"headline\":\"Primer Curso Te\u00f3rico Pr\u00e1ctico Latinoamericano De Electroencefalograf\u00eda Cl\u00ednica\",\"datePublished\":\"2020-01-31T21:16:48+00:00\",\"dateModified\":\"2020-02-04T18:04:14+00:00\",\"mainEntityOfPage\":{\"@id\":\"https:\/\/neurovirtual.com\/latam\/primer-curso-teorico-practico-latinoamericano-de-electroencefalografia-clinica\/\"},\"wordCount\":339,\"commentCount\":0,\"publisher\":{\"@id\":\"https:\/\/neurovirtual.com\/latam\/#organization\"},\"articleSection\":[\"Curso\",\"EEG\",\"Latam\",\"Neurovirtual\"],\"inLanguage\":\"es-CO\",\"potentialAction\":[{\"@type\":\"CommentAction\",\"name\":\"Comment\",\"target\":[\"https:\/\/neurovirtual.com\/latam\/primer-curso-teorico-practico-latinoamericano-de-electroencefalografia-clinica\/#respond\"]}]},{\"@type\":\"WebPage\",\"@id\":\"https:\/\/neurovirtual.com\/latam\/primer-curso-teorico-practico-latinoamericano-de-electroencefalografia-clinica\/\",\"url\":\"https:\/\/neurovirtual.com\/latam\/primer-curso-teorico-practico-latinoamericano-de-electroencefalografia-clinica\/\",\"name\":\"Curso EEG\",\"isPartOf\":{\"@id\":\"https:\/\/neurovirtual.com\/latam\/#website\"},\"datePublished\":\"2020-01-31T21:16:48+00:00\",\"dateModified\":\"2020-02-04T18:04:14+00:00\",\"description\":\"Primer Curso Te\u00f3rico Pr\u00e1ctico Latinoamericano De Electroencefalograf\u00eda Cl\u00ednica.\",\"breadcrumb\":{\"@id\":\"https:\/\/neurovirtual.com\/latam\/primer-curso-teorico-practico-latinoamericano-de-electroencefalografia-clinica\/#breadcrumb\"},\"inLanguage\":\"es-CO\",\"potentialAction\":[{\"@type\":\"ReadAction\",\"target\":[\"https:\/\/neurovirtual.com\/latam\/primer-curso-teorico-practico-latinoamericano-de-electroencefalografia-clinica\/\"]}]},{\"@type\":\"BreadcrumbList\",\"@id\":\"https:\/\/neurovirtual.com\/latam\/primer-curso-teorico-practico-latinoamericano-de-electroencefalografia-clinica\/#breadcrumb\",\"itemListElement\":[{\"@type\":\"ListItem\",\"position\":1,\"name\":\"Portada\",\"item\":\"https:\/\/neurovirtual.com\/latam\/\"},{\"@type\":\"ListItem\",\"position\":2,\"name\":\"Primer Curso Te\u00f3rico Pr\u00e1ctico Latinoamericano De Electroencefalograf\u00eda Cl\u00ednica\"}]},{\"@type\":\"WebSite\",\"@id\":\"https:\/\/neurovirtual.com\/latam\/#website\",\"url\":\"https:\/\/neurovirtual.com\/latam\/\",\"name\":\"Neurovirtual \/ Humanizing diagnostics\",\"description\":\"\",\"publisher\":{\"@id\":\"https:\/\/neurovirtual.com\/latam\/#organization\"},\"potentialAction\":[{\"@type\":\"SearchAction\",\"target\":{\"@type\":\"EntryPoint\",\"urlTemplate\":\"https:\/\/neurovirtual.com\/latam\/?s={search_term_string}\"},\"query-input\":\"required name=search_term_string\"}],\"inLanguage\":\"es-CO\"},{\"@type\":\"Organization\",\"@id\":\"https:\/\/neurovirtual.com\/latam\/#organization\",\"name\":\"Neurovirtual\",\"url\":\"https:\/\/neurovirtual.com\/latam\/\",\"logo\":{\"@type\":\"ImageObject\",\"inLanguage\":\"es-CO\",\"@id\":\"https:\/\/neurovirtual.com\/latam\/#\/schema\/logo\/image\/\",\"url\":\"https:\/\/neurovirtual.com\/latam\/wp-content\/uploads\/2023\/08\/1.-Logo-Neurovirtual-2022.png\",\"contentUrl\":\"https:\/\/neurovirtual.com\/latam\/wp-content\/uploads\/2023\/08\/1.-Logo-Neurovirtual-2022.png\",\"width\":1964,\"height\":668,\"caption\":\"Neurovirtual\"},\"image\":{\"@id\":\"https:\/\/neurovirtual.com\/latam\/#\/schema\/logo\/image\/\"}},{\"@type\":\"Person\",\"@id\":\"https:\/\/neurovirtual.com\/latam\/#\/schema\/person\/61c27629d3d16b3e601ef7db30001d49\",\"name\":\"Jessika Brito\",\"image\":{\"@type\":\"ImageObject\",\"inLanguage\":\"es-CO\",\"@id\":\"https:\/\/neurovirtual.com\/latam\/#\/schema\/person\/image\/\",\"url\":\"https:\/\/secure.gravatar.com\/avatar\/08d2f62bc8a1f215fdfebe63356acc30?s=96&d=mm&r=g\",\"contentUrl\":\"https:\/\/secure.gravatar.com\/avatar\/08d2f62bc8a1f215fdfebe63356acc30?s=96&d=mm&r=g\",\"caption\":\"Jessika Brito\"},\"url\":\"https:\/\/neurovirtual.com\/latam\/author\/brito\/\"}]}<\/script>\n<!-- \/ Yoast SEO plugin. -->","yoast_head_json":{"title":"Curso EEG","description":"Primer Curso Te\u00f3rico Pr\u00e1ctico Latinoamericano De Electroencefalograf\u00eda Cl\u00ednica.","robots":{"index":"index","follow":"follow","max-snippet":"max-snippet:-1","max-image-preview":"max-image-preview:large","max-video-preview":"max-video-preview:-1"},"canonical":"https:\/\/neurovirtual.com\/latam\/primer-curso-teorico-practico-latinoamericano-de-electroencefalografia-clinica\/","og_locale":"es_ES","og_type":"article","og_title":"Curso EEG","og_description":"Primer Curso Te\u00f3rico Pr\u00e1ctico Latinoamericano De Electroencefalograf\u00eda Cl\u00ednica.","og_url":"https:\/\/neurovirtual.com\/latam\/primer-curso-teorico-practico-latinoamericano-de-electroencefalografia-clinica\/","og_site_name":"Neurovirtual \/ Humanizing diagnostics","article_published_time":"2020-01-31T21:16:48+00:00","article_modified_time":"2020-02-04T18:04:14+00:00","og_image":[{"width":300,"height":168,"url":"https:\/\/neurovirtual.com\/latam\/wp-content\/uploads\/2020\/01\/capa-curso-EEG-chile.jpg","type":"image\/jpeg"}],"author":"Jessika Brito","twitter_card":"summary_large_image","twitter_misc":{"Escrito por":"Jessika Brito","Tiempo estimado de lectura":"2 minutos"},"schema":{"@context":"https:\/\/schema.org","@graph":[{"@type":"Article","@id":"https:\/\/neurovirtual.com\/latam\/primer-curso-teorico-practico-latinoamericano-de-electroencefalografia-clinica\/#article","isPartOf":{"@id":"https:\/\/neurovirtual.com\/latam\/primer-curso-teorico-practico-latinoamericano-de-electroencefalografia-clinica\/"},"author":{"name":"Jessika Brito","@id":"https:\/\/neurovirtual.com\/latam\/#\/schema\/person\/61c27629d3d16b3e601ef7db30001d49"},"headline":"Primer Curso Te\u00f3rico Pr\u00e1ctico Latinoamericano De Electroencefalograf\u00eda Cl\u00ednica","datePublished":"2020-01-31T21:16:48+00:00","dateModified":"2020-02-04T18:04:14+00:00","mainEntityOfPage":{"@id":"https:\/\/neurovirtual.com\/latam\/primer-curso-teorico-practico-latinoamericano-de-electroencefalografia-clinica\/"},"wordCount":339,"commentCount":0,"publisher":{"@id":"https:\/\/neurovirtual.com\/latam\/#organization"},"articleSection":["Curso","EEG","Latam","Neurovirtual"],"inLanguage":"es-CO","potentialAction":[{"@type":"CommentAction","name":"Comment","target":["https:\/\/neurovirtual.com\/latam\/primer-curso-teorico-practico-latinoamericano-de-electroencefalografia-clinica\/#respond"]}]},{"@type":"WebPage","@id":"https:\/\/neurovirtual.com\/latam\/primer-curso-teorico-practico-latinoamericano-de-electroencefalografia-clinica\/","url":"https:\/\/neurovirtual.com\/latam\/primer-curso-teorico-practico-latinoamericano-de-electroencefalografia-clinica\/","name":"Curso EEG","isPartOf":{"@id":"https:\/\/neurovirtual.com\/latam\/#website"},"datePublished":"2020-01-31T21:16:48+00:00","dateModified":"2020-02-04T18:04:14+00:00","description":"Primer Curso Te\u00f3rico Pr\u00e1ctico Latinoamericano De Electroencefalograf\u00eda Cl\u00ednica.","breadcrumb":{"@id":"https:\/\/neurovirtual.com\/latam\/primer-curso-teorico-practico-latinoamericano-de-electroencefalografia-clinica\/#breadcrumb"},"inLanguage":"es-CO","potentialAction":[{"@type":"ReadAction","target":["https:\/\/neurovirtual.com\/latam\/primer-curso-teorico-practico-latinoamericano-de-electroencefalografia-clinica\/"]}]},{"@type":"BreadcrumbList","@id":"https:\/\/neurovirtual.com\/latam\/primer-curso-teorico-practico-latinoamericano-de-electroencefalografia-clinica\/#breadcrumb","itemListElement":[{"@type":"ListItem","position":1,"name":"Portada","item":"https:\/\/neurovirtual.com\/latam\/"},{"@type":"ListItem","position":2,"name":"Primer Curso Te\u00f3rico Pr\u00e1ctico Latinoamericano De Electroencefalograf\u00eda Cl\u00ednica"}]},{"@type":"WebSite","@id":"https:\/\/neurovirtual.com\/latam\/#website","url":"https:\/\/neurovirtual.com\/latam\/","name":"Neurovirtual \/ Humanizing diagnostics","description":"","publisher":{"@id":"https:\/\/neurovirtual.com\/latam\/#organization"},"potentialAction":[{"@type":"SearchAction","target":{"@type":"EntryPoint","urlTemplate":"https:\/\/neurovirtual.com\/latam\/?s={search_term_string}"},"query-input":"required name=search_term_string"}],"inLanguage":"es-CO"},{"@type":"Organization","@id":"https:\/\/neurovirtual.com\/latam\/#organization","name":"Neurovirtual","url":"https:\/\/neurovirtual.com\/latam\/","logo":{"@type":"ImageObject","inLanguage":"es-CO","@id":"https:\/\/neurovirtual.com\/latam\/#\/schema\/logo\/image\/","url":"https:\/\/neurovirtual.com\/latam\/wp-content\/uploads\/2023\/08\/1.-Logo-Neurovirtual-2022.png","contentUrl":"https:\/\/neurovirtual.com\/latam\/wp-content\/uploads\/2023\/08\/1.-Logo-Neurovirtual-2022.png","width":1964,"height":668,"caption":"Neurovirtual"},"image":{"@id":"https:\/\/neurovirtual.com\/latam\/#\/schema\/logo\/image\/"}},{"@type":"Person","@id":"https:\/\/neurovirtual.com\/latam\/#\/schema\/person\/61c27629d3d16b3e601ef7db30001d49","name":"Jessika Brito","image":{"@type":"ImageObject","inLanguage":"es-CO","@id":"https:\/\/neurovirtual.com\/latam\/#\/schema\/person\/image\/","url":"https:\/\/secure.gravatar.com\/avatar\/08d2f62bc8a1f215fdfebe63356acc30?s=96&d=mm&r=g","contentUrl":"https:\/\/secure.gravatar.com\/avatar\/08d2f62bc8a1f215fdfebe63356acc30?s=96&d=mm&r=g","caption":"Jessika Brito"},"url":"https:\/\/neurovirtual.com\/latam\/author\/brito\/"}]}},"_links":{"self":[{"href":"https:\/\/neurovirtual.com\/latam\/wp-json\/wp\/v2\/posts\/801394"}],"collection":[{"href":"https:\/\/neurovirtual.com\/latam\/wp-json\/wp\/v2\/posts"}],"about":[{"href":"https:\/\/neurovirtual.com\/latam\/wp-json\/wp\/v2\/types\/post"}],"author":[{"embeddable":true,"href":"https:\/\/neurovirtual.com\/latam\/wp-json\/wp\/v2\/users\/7"}],"replies":[{"embeddable":true,"href":"https:\/\/neurovirtual.com\/latam\/wp-json\/wp\/v2\/comments?post=801394"}],"version-history":[{"count":2,"href":"https:\/\/neurovirtual.com\/latam\/wp-json\/wp\/v2\/posts\/801394\/revisions"}],"predecessor-version":[{"id":801409,"href":"https:\/\/neurovirtual.com\/latam\/wp-json\/wp\/v2\/posts\/801394\/revisions\/801409"}],"wp:featuredmedia":[{"embeddable":true,"href":"https:\/\/neurovirtual.com\/latam\/wp-json\/wp\/v2\/media\/801410"}],"wp:attachment":[{"href":"https:\/\/neurovirtual.com\/latam\/wp-json\/wp\/v2\/media?parent=801394"}],"wp:term":[{"taxonomy":"category","embeddable":true,"href":"https:\/\/neurovirtual.com\/latam\/wp-json\/wp\/v2\/categories?post=801394"},{"taxonomy":"post_tag","embeddable":true,"href":"https:\/\/neurovirtual.com\/latam\/wp-json\/wp\/v2\/tags?post=801394"}],"curies":[{"name":"wp","href":"https:\/\/api.w.org\/{rel}","templated":true}]}}