{"id":797999,"date":"2019-06-01T19:15:26","date_gmt":"2019-06-01T22:15:26","guid":{"rendered":"https:\/\/neurovirtual.com\/latam\/?p=797999"},"modified":"2019-10-01T19:20:09","modified_gmt":"2019-10-01T22:20:09","slug":"congreso-internacional-en-el-salvador-aborda-la-neurologia-para-no-neurologos","status":"publish","type":"post","link":"https:\/\/neurovirtual.com\/latam\/congreso-internacional-en-el-salvador-aborda-la-neurologia-para-no-neurologos\/","title":{"rendered":"Congreso internacional en El Salvador aborda la neurolog\u00eda para no neur\u00f3logos"},"content":{"rendered":"<p><a href=\"https:\/\/neurovirtual.com\/latam\/wp-content\/uploads\/2019\/10\/banner-acnes-abril.jpg\"><img decoding=\"async\" class=\"aligncenter wp-image-798000 size-large\" src=\"https:\/\/neurovirtual.com\/latam\/wp-content\/uploads\/2019\/10\/banner-acnes-abril-1024x256.jpg\" alt=\"banner-acnes-abril\" width=\"1024\" height=\"256\" srcset=\"https:\/\/neurovirtual.com\/latam\/wp-content\/uploads\/2019\/10\/banner-acnes-abril-1024x256.jpg 1024w, https:\/\/neurovirtual.com\/latam\/wp-content\/uploads\/2019\/10\/banner-acnes-abril-300x75.jpg 300w, https:\/\/neurovirtual.com\/latam\/wp-content\/uploads\/2019\/10\/banner-acnes-abril-1000x250.jpg 1000w, https:\/\/neurovirtual.com\/latam\/wp-content\/uploads\/2019\/10\/banner-acnes-abril-460x115.jpg 460w, https:\/\/neurovirtual.com\/latam\/wp-content\/uploads\/2019\/10\/banner-acnes-abril.jpg 1400w\" sizes=\"(max-width: 1024px) 100vw, 1024px\" \/><\/a><\/p>\n<p>Con el objetivo de democratizar los temas relacionados con la neurolog\u00eda para m\u00e9dicos, residentes, estudiantes y profesionales de la salud, la Asociaci\u00f3n de Ciencias Neurol\u00f3gicas de El Salvador organiz\u00f3 el VII Congreso Internacional de Neurolog\u00eda para No Neur\u00f3logos y el VI Simposio Internacional sobre Neurolog\u00eda. Del 23 al 25 de mayo, la ciudad de San Salvador fue escenario de importantes debates y presentaciones de soluciones para el \u00e1rea.<\/p>\n<p><a href=\"https:\/\/neurovirtual.com\/latam\/wp-content\/uploads\/2019\/06\/foto-el-salvador.jpg\"><img decoding=\"async\" class=\"aligncenter wp-image-798005 size-medium\" src=\"https:\/\/neurovirtual.com\/latam\/wp-content\/uploads\/2019\/06\/foto-el-salvador-300x146.jpg\" alt=\"foto el salvador\" width=\"300\" height=\"146\" srcset=\"https:\/\/neurovirtual.com\/latam\/wp-content\/uploads\/2019\/06\/foto-el-salvador-300x146.jpg 300w, https:\/\/neurovirtual.com\/latam\/wp-content\/uploads\/2019\/06\/foto-el-salvador-1024x498.jpg 1024w, https:\/\/neurovirtual.com\/latam\/wp-content\/uploads\/2019\/06\/foto-el-salvador-514x250.jpg 514w, https:\/\/neurovirtual.com\/latam\/wp-content\/uploads\/2019\/06\/foto-el-salvador-460x224.jpg 460w, https:\/\/neurovirtual.com\/latam\/wp-content\/uploads\/2019\/06\/foto-el-salvador.jpg 1920w\" sizes=\"(max-width: 300px) 100vw, 300px\" \/><\/a><\/p>\n<p>Entre los temas tratados estuvieron: la transici\u00f3n de la epilepsia de la edad adolescente a la edad adulta; migra\u00f1as y el riesgo de efectos adversos neurovasculares; c\u00f3mo detectar un accidente cerebrovascular a tiempo: hemorragia versus isquemia; accidente cerebrovascular pedi\u00e1trico: una realidad oculta; estrategias de prevenci\u00f3n y tratamiento vascular cognitivo; avances relacionados con el alzh\u00e9imer y el p\u00e1rkinson; aproximaci\u00f3n a las convulsiones febriles; s\u00edncope y lipotimia; desaf\u00edos de los diagn\u00f3sticos de dolor de cabeza en adultos; manejo del v\u00e9rtigo por m\u00e9dicos no neur\u00f3logos y avances en neuroimagen en enfermedades neurol\u00f3gicas.<\/p>\n<p><a href=\"https:\/\/neurovirtual.com\/latam\/wp-content\/uploads\/2019\/06\/foto-el-salvador-2.png\"><img decoding=\"async\" class=\"aligncenter size-medium wp-image-798004\" src=\"https:\/\/neurovirtual.com\/latam\/wp-content\/uploads\/2019\/06\/foto-el-salvador-2-241x300.png\" alt=\"foto el salvador (2)\" width=\"241\" height=\"300\" srcset=\"https:\/\/neurovirtual.com\/latam\/wp-content\/uploads\/2019\/06\/foto-el-salvador-2-241x300.png 241w, https:\/\/neurovirtual.com\/latam\/wp-content\/uploads\/2019\/06\/foto-el-salvador-2-201x250.png 201w, https:\/\/neurovirtual.com\/latam\/wp-content\/uploads\/2019\/06\/foto-el-salvador-2-273x340.png 273w, https:\/\/neurovirtual.com\/latam\/wp-content\/uploads\/2019\/06\/foto-el-salvador-2.png 780w\" sizes=\"(max-width: 241px) 100vw, 241px\" \/><\/a><\/p>\n<p>Neurovirtual particip\u00f3 en el evento con un estand, y estuvo representado por Andrea Parra, gerente de ventas para Am\u00e9rica Latina, y por el ingeniero Joseph Pardo. En esta oportunidad, presentaron la cartera de soluciones de la empresa dirigidas al sector de la neurolog\u00eda, con \u00e9nfasis especial en el equipo <a href=\"https:\/\/neurovirtual.com\/mx\/equipamento\/bw-iii-plus\/\">BWIII EEG Plus<\/a>, un dispositivo completo que permite a los m\u00e9dicos tener acceso remoto al examen a trav\u00e9s de un software espec\u00edfico. Numerosos expertos acudieron al estand y tuvieron la oportunidad de conocer la oferta de Neurovirtual, entre ellos el Dr. Francisco Cornejo Salvador y la Dra. Wendy S\u00e1nchez Salvador.<\/p>\n","protected":false},"excerpt":{"rendered":"<p>Con el objetivo de democratizar los temas relacionados con la neurolog\u00eda para m\u00e9dicos, residentes, estudiantes y profesionales de la salud, la Asociaci\u00f3n de Ciencias Neurol\u00f3gicas de El Salvador organiz\u00f3 el VII Congreso Internacional de Neurolog\u00eda para No Neur\u00f3logos y el VI Simposio Internacional sobre Neurolog\u00eda. Del 23 al 25 de mayo, la ciudad de San&#8230;<\/p>\n","protected":false},"author":7,"featured_media":798001,"comment_status":"open","ping_status":"open","sticky":false,"template":"","format":"standard","meta":{"footnotes":"","_joinchat":[]},"categories":[13,4],"tags":[],"acf":[],"yoast_head":"<!-- This site is optimized with the Yoast SEO plugin v21.7 - https:\/\/yoast.com\/wordpress\/plugins\/seo\/ -->\n<title>Congreso internacional en El Salvador aborda la neurolog\u00eda para no neur\u00f3logos - Neurovirtual \/ Humanizing diagnostics<\/title>\n<meta name=\"description\" content=\"%seo_description%\" \/>\n<meta name=\"robots\" content=\"index, follow, max-snippet:-1, max-image-preview:large, max-video-preview:-1\" \/>\n<link rel=\"canonical\" href=\"https:\/\/neurovirtual.com\/latam\/congreso-internacional-en-el-salvador-aborda-la-neurologia-para-no-neurologos\/\" \/>\n<meta property=\"og:locale\" content=\"es_ES\" \/>\n<meta property=\"og:type\" content=\"article\" \/>\n<meta property=\"og:title\" content=\"Congreso internacional en El Salvador aborda la neurolog\u00eda para no neur\u00f3logos - Neurovirtual \/ Humanizing diagnostics\" \/>\n<meta property=\"og:description\" content=\"%seo_description%\" \/>\n<meta property=\"og:url\" content=\"https:\/\/neurovirtual.com\/latam\/congreso-internacional-en-el-salvador-aborda-la-neurologia-para-no-neurologos\/\" \/>\n<meta property=\"og:site_name\" content=\"Neurovirtual \/ Humanizing diagnostics\" \/>\n<meta property=\"article:published_time\" content=\"2019-06-01T22:15:26+00:00\" \/>\n<meta property=\"article:modified_time\" content=\"2019-10-01T22:20:09+00:00\" \/>\n<meta property=\"og:image\" content=\"https:\/\/neurovirtual.com\/latam\/wp-content\/uploads\/2019\/10\/CAPA-NOTICIAS_el-salvador.png\" \/>\n\t<meta property=\"og:image:width\" content=\"300\" \/>\n\t<meta property=\"og:image:height\" content=\"168\" \/>\n\t<meta property=\"og:image:type\" content=\"image\/png\" \/>\n<meta name=\"author\" content=\"Jessika Brito\" \/>\n<meta name=\"twitter:card\" content=\"summary_large_image\" \/>\n<meta name=\"twitter:label1\" content=\"Escrito por\" \/>\n\t<meta name=\"twitter:data1\" content=\"Jessika Brito\" \/>\n\t<meta name=\"twitter:label2\" content=\"Tiempo estimado de lectura\" \/>\n\t<meta name=\"twitter:data2\" content=\"1 minuto\" \/>\n<script type=\"application\/ld+json\" class=\"yoast-schema-graph\">{\"@context\":\"https:\/\/schema.org\",\"@graph\":[{\"@type\":\"Article\",\"@id\":\"https:\/\/neurovirtual.com\/latam\/congreso-internacional-en-el-salvador-aborda-la-neurologia-para-no-neurologos\/#article\",\"isPartOf\":{\"@id\":\"https:\/\/neurovirtual.com\/latam\/congreso-internacional-en-el-salvador-aborda-la-neurologia-para-no-neurologos\/\"},\"author\":{\"name\":\"Jessika Brito\",\"@id\":\"https:\/\/neurovirtual.com\/latam\/#\/schema\/person\/61c27629d3d16b3e601ef7db30001d49\"},\"headline\":\"Congreso internacional en El Salvador aborda la neurolog\u00eda para no neur\u00f3logos\",\"datePublished\":\"2019-06-01T22:15:26+00:00\",\"dateModified\":\"2019-10-01T22:20:09+00:00\",\"mainEntityOfPage\":{\"@id\":\"https:\/\/neurovirtual.com\/latam\/congreso-internacional-en-el-salvador-aborda-la-neurologia-para-no-neurologos\/\"},\"wordCount\":295,\"commentCount\":0,\"publisher\":{\"@id\":\"https:\/\/neurovirtual.com\/latam\/#organization\"},\"articleSection\":[\"Latam\",\"Novedades\"],\"inLanguage\":\"es-CO\",\"potentialAction\":[{\"@type\":\"CommentAction\",\"name\":\"Comment\",\"target\":[\"https:\/\/neurovirtual.com\/latam\/congreso-internacional-en-el-salvador-aborda-la-neurologia-para-no-neurologos\/#respond\"]}]},{\"@type\":\"WebPage\",\"@id\":\"https:\/\/neurovirtual.com\/latam\/congreso-internacional-en-el-salvador-aborda-la-neurologia-para-no-neurologos\/\",\"url\":\"https:\/\/neurovirtual.com\/latam\/congreso-internacional-en-el-salvador-aborda-la-neurologia-para-no-neurologos\/\",\"name\":\"Congreso internacional en El Salvador aborda la neurolog\u00eda para no neur\u00f3logos - Neurovirtual \/ Humanizing diagnostics\",\"isPartOf\":{\"@id\":\"https:\/\/neurovirtual.com\/latam\/#website\"},\"datePublished\":\"2019-06-01T22:15:26+00:00\",\"dateModified\":\"2019-10-01T22:20:09+00:00\",\"description\":\"%seo_description%\",\"breadcrumb\":{\"@id\":\"https:\/\/neurovirtual.com\/latam\/congreso-internacional-en-el-salvador-aborda-la-neurologia-para-no-neurologos\/#breadcrumb\"},\"inLanguage\":\"es-CO\",\"potentialAction\":[{\"@type\":\"ReadAction\",\"target\":[\"https:\/\/neurovirtual.com\/latam\/congreso-internacional-en-el-salvador-aborda-la-neurologia-para-no-neurologos\/\"]}]},{\"@type\":\"BreadcrumbList\",\"@id\":\"https:\/\/neurovirtual.com\/latam\/congreso-internacional-en-el-salvador-aborda-la-neurologia-para-no-neurologos\/#breadcrumb\",\"itemListElement\":[{\"@type\":\"ListItem\",\"position\":1,\"name\":\"Portada\",\"item\":\"https:\/\/neurovirtual.com\/latam\/\"},{\"@type\":\"ListItem\",\"position\":2,\"name\":\"Congreso internacional en El Salvador aborda la neurolog\u00eda para no neur\u00f3logos\"}]},{\"@type\":\"WebSite\",\"@id\":\"https:\/\/neurovirtual.com\/latam\/#website\",\"url\":\"https:\/\/neurovirtual.com\/latam\/\",\"name\":\"Neurovirtual \/ Humanizing diagnostics\",\"description\":\"\",\"publisher\":{\"@id\":\"https:\/\/neurovirtual.com\/latam\/#organization\"},\"potentialAction\":[{\"@type\":\"SearchAction\",\"target\":{\"@type\":\"EntryPoint\",\"urlTemplate\":\"https:\/\/neurovirtual.com\/latam\/?s={search_term_string}\"},\"query-input\":\"required name=search_term_string\"}],\"inLanguage\":\"es-CO\"},{\"@type\":\"Organization\",\"@id\":\"https:\/\/neurovirtual.com\/latam\/#organization\",\"name\":\"Neurovirtual\",\"url\":\"https:\/\/neurovirtual.com\/latam\/\",\"logo\":{\"@type\":\"ImageObject\",\"inLanguage\":\"es-CO\",\"@id\":\"https:\/\/neurovirtual.com\/latam\/#\/schema\/logo\/image\/\",\"url\":\"https:\/\/neurovirtual.com\/latam\/wp-content\/uploads\/2023\/08\/1.-Logo-Neurovirtual-2022.png\",\"contentUrl\":\"https:\/\/neurovirtual.com\/latam\/wp-content\/uploads\/2023\/08\/1.-Logo-Neurovirtual-2022.png\",\"width\":1964,\"height\":668,\"caption\":\"Neurovirtual\"},\"image\":{\"@id\":\"https:\/\/neurovirtual.com\/latam\/#\/schema\/logo\/image\/\"}},{\"@type\":\"Person\",\"@id\":\"https:\/\/neurovirtual.com\/latam\/#\/schema\/person\/61c27629d3d16b3e601ef7db30001d49\",\"name\":\"Jessika Brito\",\"image\":{\"@type\":\"ImageObject\",\"inLanguage\":\"es-CO\",\"@id\":\"https:\/\/neurovirtual.com\/latam\/#\/schema\/person\/image\/\",\"url\":\"https:\/\/secure.gravatar.com\/avatar\/08d2f62bc8a1f215fdfebe63356acc30?s=96&d=mm&r=g\",\"contentUrl\":\"https:\/\/secure.gravatar.com\/avatar\/08d2f62bc8a1f215fdfebe63356acc30?s=96&d=mm&r=g\",\"caption\":\"Jessika Brito\"},\"url\":\"https:\/\/neurovirtual.com\/latam\/author\/brito\/\"}]}<\/script>\n<!-- \/ Yoast SEO plugin. -->","yoast_head_json":{"title":"Congreso internacional en El Salvador aborda la neurolog\u00eda para no neur\u00f3logos - Neurovirtual \/ Humanizing diagnostics","description":"%seo_description%","robots":{"index":"index","follow":"follow","max-snippet":"max-snippet:-1","max-image-preview":"max-image-preview:large","max-video-preview":"max-video-preview:-1"},"canonical":"https:\/\/neurovirtual.com\/latam\/congreso-internacional-en-el-salvador-aborda-la-neurologia-para-no-neurologos\/","og_locale":"es_ES","og_type":"article","og_title":"Congreso internacional en El Salvador aborda la neurolog\u00eda para no neur\u00f3logos - Neurovirtual \/ Humanizing diagnostics","og_description":"%seo_description%","og_url":"https:\/\/neurovirtual.com\/latam\/congreso-internacional-en-el-salvador-aborda-la-neurologia-para-no-neurologos\/","og_site_name":"Neurovirtual \/ Humanizing diagnostics","article_published_time":"2019-06-01T22:15:26+00:00","article_modified_time":"2019-10-01T22:20:09+00:00","og_image":[{"width":300,"height":168,"url":"https:\/\/neurovirtual.com\/latam\/wp-content\/uploads\/2019\/10\/CAPA-NOTICIAS_el-salvador.png","type":"image\/png"}],"author":"Jessika Brito","twitter_card":"summary_large_image","twitter_misc":{"Escrito por":"Jessika Brito","Tiempo estimado de lectura":"1 minuto"},"schema":{"@context":"https:\/\/schema.org","@graph":[{"@type":"Article","@id":"https:\/\/neurovirtual.com\/latam\/congreso-internacional-en-el-salvador-aborda-la-neurologia-para-no-neurologos\/#article","isPartOf":{"@id":"https:\/\/neurovirtual.com\/latam\/congreso-internacional-en-el-salvador-aborda-la-neurologia-para-no-neurologos\/"},"author":{"name":"Jessika Brito","@id":"https:\/\/neurovirtual.com\/latam\/#\/schema\/person\/61c27629d3d16b3e601ef7db30001d49"},"headline":"Congreso internacional en El Salvador aborda la neurolog\u00eda para no neur\u00f3logos","datePublished":"2019-06-01T22:15:26+00:00","dateModified":"2019-10-01T22:20:09+00:00","mainEntityOfPage":{"@id":"https:\/\/neurovirtual.com\/latam\/congreso-internacional-en-el-salvador-aborda-la-neurologia-para-no-neurologos\/"},"wordCount":295,"commentCount":0,"publisher":{"@id":"https:\/\/neurovirtual.com\/latam\/#organization"},"articleSection":["Latam","Novedades"],"inLanguage":"es-CO","potentialAction":[{"@type":"CommentAction","name":"Comment","target":["https:\/\/neurovirtual.com\/latam\/congreso-internacional-en-el-salvador-aborda-la-neurologia-para-no-neurologos\/#respond"]}]},{"@type":"WebPage","@id":"https:\/\/neurovirtual.com\/latam\/congreso-internacional-en-el-salvador-aborda-la-neurologia-para-no-neurologos\/","url":"https:\/\/neurovirtual.com\/latam\/congreso-internacional-en-el-salvador-aborda-la-neurologia-para-no-neurologos\/","name":"Congreso internacional en El Salvador aborda la neurolog\u00eda para no neur\u00f3logos - Neurovirtual \/ Humanizing diagnostics","isPartOf":{"@id":"https:\/\/neurovirtual.com\/latam\/#website"},"datePublished":"2019-06-01T22:15:26+00:00","dateModified":"2019-10-01T22:20:09+00:00","description":"%seo_description%","breadcrumb":{"@id":"https:\/\/neurovirtual.com\/latam\/congreso-internacional-en-el-salvador-aborda-la-neurologia-para-no-neurologos\/#breadcrumb"},"inLanguage":"es-CO","potentialAction":[{"@type":"ReadAction","target":["https:\/\/neurovirtual.com\/latam\/congreso-internacional-en-el-salvador-aborda-la-neurologia-para-no-neurologos\/"]}]},{"@type":"BreadcrumbList","@id":"https:\/\/neurovirtual.com\/latam\/congreso-internacional-en-el-salvador-aborda-la-neurologia-para-no-neurologos\/#breadcrumb","itemListElement":[{"@type":"ListItem","position":1,"name":"Portada","item":"https:\/\/neurovirtual.com\/latam\/"},{"@type":"ListItem","position":2,"name":"Congreso internacional en El Salvador aborda la neurolog\u00eda para no neur\u00f3logos"}]},{"@type":"WebSite","@id":"https:\/\/neurovirtual.com\/latam\/#website","url":"https:\/\/neurovirtual.com\/latam\/","name":"Neurovirtual \/ Humanizing diagnostics","description":"","publisher":{"@id":"https:\/\/neurovirtual.com\/latam\/#organization"},"potentialAction":[{"@type":"SearchAction","target":{"@type":"EntryPoint","urlTemplate":"https:\/\/neurovirtual.com\/latam\/?s={search_term_string}"},"query-input":"required name=search_term_string"}],"inLanguage":"es-CO"},{"@type":"Organization","@id":"https:\/\/neurovirtual.com\/latam\/#organization","name":"Neurovirtual","url":"https:\/\/neurovirtual.com\/latam\/","logo":{"@type":"ImageObject","inLanguage":"es-CO","@id":"https:\/\/neurovirtual.com\/latam\/#\/schema\/logo\/image\/","url":"https:\/\/neurovirtual.com\/latam\/wp-content\/uploads\/2023\/08\/1.-Logo-Neurovirtual-2022.png","contentUrl":"https:\/\/neurovirtual.com\/latam\/wp-content\/uploads\/2023\/08\/1.-Logo-Neurovirtual-2022.png","width":1964,"height":668,"caption":"Neurovirtual"},"image":{"@id":"https:\/\/neurovirtual.com\/latam\/#\/schema\/logo\/image\/"}},{"@type":"Person","@id":"https:\/\/neurovirtual.com\/latam\/#\/schema\/person\/61c27629d3d16b3e601ef7db30001d49","name":"Jessika Brito","image":{"@type":"ImageObject","inLanguage":"es-CO","@id":"https:\/\/neurovirtual.com\/latam\/#\/schema\/person\/image\/","url":"https:\/\/secure.gravatar.com\/avatar\/08d2f62bc8a1f215fdfebe63356acc30?s=96&d=mm&r=g","contentUrl":"https:\/\/secure.gravatar.com\/avatar\/08d2f62bc8a1f215fdfebe63356acc30?s=96&d=mm&r=g","caption":"Jessika Brito"},"url":"https:\/\/neurovirtual.com\/latam\/author\/brito\/"}]}},"_links":{"self":[{"href":"https:\/\/neurovirtual.com\/latam\/wp-json\/wp\/v2\/posts\/797999"}],"collection":[{"href":"https:\/\/neurovirtual.com\/latam\/wp-json\/wp\/v2\/posts"}],"about":[{"href":"https:\/\/neurovirtual.com\/latam\/wp-json\/wp\/v2\/types\/post"}],"author":[{"embeddable":true,"href":"https:\/\/neurovirtual.com\/latam\/wp-json\/wp\/v2\/users\/7"}],"replies":[{"embeddable":true,"href":"https:\/\/neurovirtual.com\/latam\/wp-json\/wp\/v2\/comments?post=797999"}],"version-history":[{"count":3,"href":"https:\/\/neurovirtual.com\/latam\/wp-json\/wp\/v2\/posts\/797999\/revisions"}],"predecessor-version":[{"id":798006,"href":"https:\/\/neurovirtual.com\/latam\/wp-json\/wp\/v2\/posts\/797999\/revisions\/798006"}],"wp:featuredmedia":[{"embeddable":true,"href":"https:\/\/neurovirtual.com\/latam\/wp-json\/wp\/v2\/media\/798001"}],"wp:attachment":[{"href":"https:\/\/neurovirtual.com\/latam\/wp-json\/wp\/v2\/media?parent=797999"}],"wp:term":[{"taxonomy":"category","embeddable":true,"href":"https:\/\/neurovirtual.com\/latam\/wp-json\/wp\/v2\/categories?post=797999"},{"taxonomy":"post_tag","embeddable":true,"href":"https:\/\/neurovirtual.com\/latam\/wp-json\/wp\/v2\/tags?post=797999"}],"curies":[{"name":"wp","href":"https:\/\/api.w.org\/{rel}","templated":true}]}}