{"id":797982,"date":"2019-08-31T14:30:52","date_gmt":"2019-08-31T17:30:52","guid":{"rendered":"https:\/\/neurovirtual.com\/latam\/?p=797982"},"modified":"2019-09-24T20:20:07","modified_gmt":"2019-09-24T23:20:07","slug":"autoridades-mundiales-en-neurofisiologia-se-reunen-en-el-congreso-de-este-campo-en-sao-paulo","status":"publish","type":"post","link":"https:\/\/neurovirtual.com\/latam\/autoridades-mundiales-en-neurofisiologia-se-reunen-en-el-congreso-de-este-campo-en-sao-paulo\/","title":{"rendered":"Autoridades mundiales en neurofisiolog\u00eda se re\u00fanen en el congreso de este campo en S\u00e3o Paulo"},"content":{"rendered":"<p><a href=\"https:\/\/neurovirtual.com\/latam\/wp-content\/uploads\/2019\/09\/CAPA-NOTICIAS_MAIOR_sbnc.jpg\"><img decoding=\"async\" class=\"aligncenter size-full wp-image-797983\" src=\"https:\/\/neurovirtual.com\/latam\/wp-content\/uploads\/2019\/09\/CAPA-NOTICIAS_MAIOR_sbnc.jpg\" alt=\"CAPA NOTICIAS_MAIOR_sbnc\" width=\"668\" height=\"168\" srcset=\"https:\/\/neurovirtual.com\/latam\/wp-content\/uploads\/2019\/09\/CAPA-NOTICIAS_MAIOR_sbnc.jpg 668w, https:\/\/neurovirtual.com\/latam\/wp-content\/uploads\/2019\/09\/CAPA-NOTICIAS_MAIOR_sbnc-300x75.jpg 300w, https:\/\/neurovirtual.com\/latam\/wp-content\/uploads\/2019\/09\/CAPA-NOTICIAS_MAIOR_sbnc-460x116.jpg 460w\" sizes=\"(max-width: 668px) 100vw, 668px\" \/><\/a><\/p>\n<p>El XXVII Congreso Brasile\u00f1o de Neurofisiolog\u00eda Cl\u00ednica, un evento importante en el calendario m\u00e9dico brasile\u00f1o, y el VIII Congreso Latinoamericano de Neurofisiolog\u00eda Cl\u00ednica se llevaron a cabo del 14 al 17 de agosto en Sao Paulo en un encuentro que reuni\u00f3 a cientos de expertos e investigadores de todo el mundo.<\/p>\n<p>El evento tuvo como objetivo compartir conocimientos, presentar y discutir las \u00faltimas noticias en las \u00e1reas de electroencefalograf\u00eda, electroneuromiograf\u00eda, potenciales evocados, polisomnograf\u00eda, monitoreo intraoperatorio, neuromodulaci\u00f3n y ultrasonido neuromuscular, todo esto a trav\u00e9s de presentaciones t\u00e9cnicas de alto nivel en forma de conferencias, mesas redondas y talleres pr\u00e1cticos.<\/p>\n<p><img decoding=\"async\" class=\"aligncenter size-medium wp-image-797985\" src=\"https:\/\/neurovirtual.com\/latam\/wp-content\/uploads\/2019\/09\/Fotos-sbnc_1-287x300.png\" alt=\"Fotos-sbnc_1\" width=\"287\" height=\"300\" srcset=\"https:\/\/neurovirtual.com\/latam\/wp-content\/uploads\/2019\/09\/Fotos-sbnc_1-287x300.png 287w, https:\/\/neurovirtual.com\/latam\/wp-content\/uploads\/2019\/09\/Fotos-sbnc_1-239x250.png 239w, https:\/\/neurovirtual.com\/latam\/wp-content\/uploads\/2019\/09\/Fotos-sbnc_1-326x340.png 326w, https:\/\/neurovirtual.com\/latam\/wp-content\/uploads\/2019\/09\/Fotos-sbnc_1.png 904w\" sizes=\"(max-width: 287px) 100vw, 287px\" \/><\/p>\n<p>Durante cuatro d\u00edas, una programaci\u00f3n intensa y simult\u00e1nea en cuatro salas de conferencia abord\u00f3 los temas principales relacionados con la neurofisiolog\u00eda: monitoreo continuo del EEG en pacientes cr\u00edticos: fundamentos y pr\u00e1ctica; polisomnograf\u00eda: actualizaci\u00f3n y nuevos criterios; desaf\u00edos en electroencefalograf\u00eda; estudios cl\u00ednicos sobre el estado epil\u00e9ptico no convulsivo: el papel de la EEG; cirug\u00eda de epilepsia; epilepsia infantil; polisomnograf\u00eda: trastorno del comportamiento del sue\u00f1o REM; polisomnograf\u00eda: sue\u00f1o en el per\u00edodo neonatal, entre otros.<\/p>\n<p>Entre los ponentes destacamos dos clientes de Neurovirtual, la Dra. Elza M\u00e1rcia Targas Yacubian, PhD en Neurolog\u00eda, profesora asociada del Departamento de Neurolog\u00eda y Neurocirug\u00eda de la Universidad Federal de Sao Paulo, habl\u00f3 sobre \u201cLa EEG en el diagn\u00f3stico y tratamiento de las epilepsias\u201d. Por su parte, el Dr. Geraldo Nunes Vieira Rizzo, neur\u00f3logo y neurofisi\u00f3logo, director del Instituto de Neurofisiolog\u00eda Cl\u00ednica y Laboratorio del Sue\u00f1o del Hospital Moinhos de Vento y especialista en neurolog\u00eda, neurofisiolog\u00eda cl\u00ednica y medicina del sue\u00f1o de la AMB, presidi\u00f3 una mesa redonda sobre polisomnograf\u00eda y neuromodulaci\u00f3n y present\u00f3 una conferencia titulada \u201cEstimulaci\u00f3n magn\u00e9tica transcraneal: uso potencial en los trastornos del sue\u00f1o\u201d.<\/p>\n<p>Neurovirtual, a trav\u00e9s de la representaci\u00f3n del consultor comercial Alex Ribeiro,\u00a0 estuvo presente en el congreso en donde tuvo la oportunidad de presentar al p\u00fablico los equipos BWIII EEG y BWIII EEG PLUS ICU, lo que refuerza su liderazgo en el \u00e1rea de soluciones para el sector de la neurofisiolog\u00eda. Otra iniciativa fue una actividad promocional que consisti\u00f3 en el sorteo de un cup\u00f3n por valor de 5 mil reales para usar en la compra de cualquier equipo de la compa\u00f1\u00eda.<\/p>\n","protected":false},"excerpt":{"rendered":"<p>El XXVII Congreso Brasile\u00f1o de Neurofisiolog\u00eda Cl\u00ednica, un evento importante en el calendario m\u00e9dico brasile\u00f1o, y el VIII Congreso Latinoamericano de Neurofisiolog\u00eda Cl\u00ednica se llevaron a cabo del 14 al 17 de agosto en Sao Paulo en un encuentro que reuni\u00f3 a cientos de expertos e investigadores de todo el mundo. El evento tuvo como&#8230;<\/p>\n","protected":false},"author":7,"featured_media":797984,"comment_status":"open","ping_status":"open","sticky":false,"template":"","format":"standard","meta":{"footnotes":"","_joinchat":[]},"categories":[13,4],"tags":[],"acf":[],"yoast_head":"<!-- This site is optimized with the Yoast SEO plugin v21.7 - https:\/\/yoast.com\/wordpress\/plugins\/seo\/ -->\n<title>Autoridades mundiales en neurofisiolog\u00eda se re\u00fanen en el congreso de este campo en S\u00e3o Paulo - Neurovirtual \/ Humanizing diagnostics<\/title>\n<meta name=\"description\" content=\"%seo_description%\" \/>\n<meta name=\"robots\" content=\"index, follow, max-snippet:-1, max-image-preview:large, max-video-preview:-1\" \/>\n<link rel=\"canonical\" href=\"https:\/\/neurovirtual.com\/latam\/autoridades-mundiales-en-neurofisiologia-se-reunen-en-el-congreso-de-este-campo-en-sao-paulo\/\" \/>\n<meta property=\"og:locale\" content=\"es_ES\" \/>\n<meta property=\"og:type\" content=\"article\" \/>\n<meta property=\"og:title\" content=\"Autoridades mundiales en neurofisiolog\u00eda se re\u00fanen en el congreso de este campo en S\u00e3o Paulo - Neurovirtual \/ Humanizing diagnostics\" \/>\n<meta property=\"og:description\" content=\"%seo_description%\" \/>\n<meta property=\"og:url\" content=\"https:\/\/neurovirtual.com\/latam\/autoridades-mundiales-en-neurofisiologia-se-reunen-en-el-congreso-de-este-campo-en-sao-paulo\/\" \/>\n<meta property=\"og:site_name\" content=\"Neurovirtual \/ Humanizing diagnostics\" \/>\n<meta property=\"article:published_time\" content=\"2019-08-31T17:30:52+00:00\" \/>\n<meta property=\"article:modified_time\" content=\"2019-09-24T23:20:07+00:00\" \/>\n<meta property=\"og:image\" content=\"https:\/\/neurovirtual.com\/latam\/wp-content\/uploads\/2019\/09\/CAPA-NOTICIAS_menor_SBNC.jpg\" \/>\n\t<meta property=\"og:image:width\" content=\"300\" \/>\n\t<meta property=\"og:image:height\" content=\"168\" \/>\n\t<meta property=\"og:image:type\" content=\"image\/jpeg\" \/>\n<meta name=\"author\" content=\"Jessika Brito\" \/>\n<meta name=\"twitter:card\" content=\"summary_large_image\" \/>\n<meta name=\"twitter:label1\" content=\"Escrito por\" \/>\n\t<meta name=\"twitter:data1\" content=\"Jessika Brito\" \/>\n\t<meta name=\"twitter:label2\" content=\"Tiempo estimado de lectura\" \/>\n\t<meta name=\"twitter:data2\" content=\"2 minutos\" \/>\n<script type=\"application\/ld+json\" class=\"yoast-schema-graph\">{\"@context\":\"https:\/\/schema.org\",\"@graph\":[{\"@type\":\"Article\",\"@id\":\"https:\/\/neurovirtual.com\/latam\/autoridades-mundiales-en-neurofisiologia-se-reunen-en-el-congreso-de-este-campo-en-sao-paulo\/#article\",\"isPartOf\":{\"@id\":\"https:\/\/neurovirtual.com\/latam\/autoridades-mundiales-en-neurofisiologia-se-reunen-en-el-congreso-de-este-campo-en-sao-paulo\/\"},\"author\":{\"name\":\"Jessika Brito\",\"@id\":\"https:\/\/neurovirtual.com\/latam\/#\/schema\/person\/61c27629d3d16b3e601ef7db30001d49\"},\"headline\":\"Autoridades mundiales en neurofisiolog\u00eda se re\u00fanen en el congreso de este campo en S\u00e3o Paulo\",\"datePublished\":\"2019-08-31T17:30:52+00:00\",\"dateModified\":\"2019-09-24T23:20:07+00:00\",\"mainEntityOfPage\":{\"@id\":\"https:\/\/neurovirtual.com\/latam\/autoridades-mundiales-en-neurofisiologia-se-reunen-en-el-congreso-de-este-campo-en-sao-paulo\/\"},\"wordCount\":430,\"commentCount\":0,\"publisher\":{\"@id\":\"https:\/\/neurovirtual.com\/latam\/#organization\"},\"articleSection\":[\"Latam\",\"Novedades\"],\"inLanguage\":\"es-CO\",\"potentialAction\":[{\"@type\":\"CommentAction\",\"name\":\"Comment\",\"target\":[\"https:\/\/neurovirtual.com\/latam\/autoridades-mundiales-en-neurofisiologia-se-reunen-en-el-congreso-de-este-campo-en-sao-paulo\/#respond\"]}]},{\"@type\":\"WebPage\",\"@id\":\"https:\/\/neurovirtual.com\/latam\/autoridades-mundiales-en-neurofisiologia-se-reunen-en-el-congreso-de-este-campo-en-sao-paulo\/\",\"url\":\"https:\/\/neurovirtual.com\/latam\/autoridades-mundiales-en-neurofisiologia-se-reunen-en-el-congreso-de-este-campo-en-sao-paulo\/\",\"name\":\"Autoridades mundiales en neurofisiolog\u00eda se re\u00fanen en el congreso de este campo en S\u00e3o Paulo - Neurovirtual \/ Humanizing diagnostics\",\"isPartOf\":{\"@id\":\"https:\/\/neurovirtual.com\/latam\/#website\"},\"datePublished\":\"2019-08-31T17:30:52+00:00\",\"dateModified\":\"2019-09-24T23:20:07+00:00\",\"description\":\"%seo_description%\",\"breadcrumb\":{\"@id\":\"https:\/\/neurovirtual.com\/latam\/autoridades-mundiales-en-neurofisiologia-se-reunen-en-el-congreso-de-este-campo-en-sao-paulo\/#breadcrumb\"},\"inLanguage\":\"es-CO\",\"potentialAction\":[{\"@type\":\"ReadAction\",\"target\":[\"https:\/\/neurovirtual.com\/latam\/autoridades-mundiales-en-neurofisiologia-se-reunen-en-el-congreso-de-este-campo-en-sao-paulo\/\"]}]},{\"@type\":\"BreadcrumbList\",\"@id\":\"https:\/\/neurovirtual.com\/latam\/autoridades-mundiales-en-neurofisiologia-se-reunen-en-el-congreso-de-este-campo-en-sao-paulo\/#breadcrumb\",\"itemListElement\":[{\"@type\":\"ListItem\",\"position\":1,\"name\":\"Portada\",\"item\":\"https:\/\/neurovirtual.com\/latam\/\"},{\"@type\":\"ListItem\",\"position\":2,\"name\":\"Autoridades mundiales en neurofisiolog\u00eda se re\u00fanen en el congreso de este campo en S\u00e3o Paulo\"}]},{\"@type\":\"WebSite\",\"@id\":\"https:\/\/neurovirtual.com\/latam\/#website\",\"url\":\"https:\/\/neurovirtual.com\/latam\/\",\"name\":\"Neurovirtual \/ Humanizing diagnostics\",\"description\":\"\",\"publisher\":{\"@id\":\"https:\/\/neurovirtual.com\/latam\/#organization\"},\"potentialAction\":[{\"@type\":\"SearchAction\",\"target\":{\"@type\":\"EntryPoint\",\"urlTemplate\":\"https:\/\/neurovirtual.com\/latam\/?s={search_term_string}\"},\"query-input\":\"required name=search_term_string\"}],\"inLanguage\":\"es-CO\"},{\"@type\":\"Organization\",\"@id\":\"https:\/\/neurovirtual.com\/latam\/#organization\",\"name\":\"Neurovirtual\",\"url\":\"https:\/\/neurovirtual.com\/latam\/\",\"logo\":{\"@type\":\"ImageObject\",\"inLanguage\":\"es-CO\",\"@id\":\"https:\/\/neurovirtual.com\/latam\/#\/schema\/logo\/image\/\",\"url\":\"https:\/\/neurovirtual.com\/latam\/wp-content\/uploads\/2023\/08\/1.-Logo-Neurovirtual-2022.png\",\"contentUrl\":\"https:\/\/neurovirtual.com\/latam\/wp-content\/uploads\/2023\/08\/1.-Logo-Neurovirtual-2022.png\",\"width\":1964,\"height\":668,\"caption\":\"Neurovirtual\"},\"image\":{\"@id\":\"https:\/\/neurovirtual.com\/latam\/#\/schema\/logo\/image\/\"}},{\"@type\":\"Person\",\"@id\":\"https:\/\/neurovirtual.com\/latam\/#\/schema\/person\/61c27629d3d16b3e601ef7db30001d49\",\"name\":\"Jessika Brito\",\"image\":{\"@type\":\"ImageObject\",\"inLanguage\":\"es-CO\",\"@id\":\"https:\/\/neurovirtual.com\/latam\/#\/schema\/person\/image\/\",\"url\":\"https:\/\/secure.gravatar.com\/avatar\/08d2f62bc8a1f215fdfebe63356acc30?s=96&d=mm&r=g\",\"contentUrl\":\"https:\/\/secure.gravatar.com\/avatar\/08d2f62bc8a1f215fdfebe63356acc30?s=96&d=mm&r=g\",\"caption\":\"Jessika Brito\"},\"url\":\"https:\/\/neurovirtual.com\/latam\/author\/brito\/\"}]}<\/script>\n<!-- \/ Yoast SEO plugin. -->","yoast_head_json":{"title":"Autoridades mundiales en neurofisiolog\u00eda se re\u00fanen en el congreso de este campo en S\u00e3o Paulo - Neurovirtual \/ Humanizing diagnostics","description":"%seo_description%","robots":{"index":"index","follow":"follow","max-snippet":"max-snippet:-1","max-image-preview":"max-image-preview:large","max-video-preview":"max-video-preview:-1"},"canonical":"https:\/\/neurovirtual.com\/latam\/autoridades-mundiales-en-neurofisiologia-se-reunen-en-el-congreso-de-este-campo-en-sao-paulo\/","og_locale":"es_ES","og_type":"article","og_title":"Autoridades mundiales en neurofisiolog\u00eda se re\u00fanen en el congreso de este campo en S\u00e3o Paulo - Neurovirtual \/ Humanizing diagnostics","og_description":"%seo_description%","og_url":"https:\/\/neurovirtual.com\/latam\/autoridades-mundiales-en-neurofisiologia-se-reunen-en-el-congreso-de-este-campo-en-sao-paulo\/","og_site_name":"Neurovirtual \/ Humanizing diagnostics","article_published_time":"2019-08-31T17:30:52+00:00","article_modified_time":"2019-09-24T23:20:07+00:00","og_image":[{"width":300,"height":168,"url":"https:\/\/neurovirtual.com\/latam\/wp-content\/uploads\/2019\/09\/CAPA-NOTICIAS_menor_SBNC.jpg","type":"image\/jpeg"}],"author":"Jessika Brito","twitter_card":"summary_large_image","twitter_misc":{"Escrito por":"Jessika Brito","Tiempo estimado de lectura":"2 minutos"},"schema":{"@context":"https:\/\/schema.org","@graph":[{"@type":"Article","@id":"https:\/\/neurovirtual.com\/latam\/autoridades-mundiales-en-neurofisiologia-se-reunen-en-el-congreso-de-este-campo-en-sao-paulo\/#article","isPartOf":{"@id":"https:\/\/neurovirtual.com\/latam\/autoridades-mundiales-en-neurofisiologia-se-reunen-en-el-congreso-de-este-campo-en-sao-paulo\/"},"author":{"name":"Jessika Brito","@id":"https:\/\/neurovirtual.com\/latam\/#\/schema\/person\/61c27629d3d16b3e601ef7db30001d49"},"headline":"Autoridades mundiales en neurofisiolog\u00eda se re\u00fanen en el congreso de este campo en S\u00e3o Paulo","datePublished":"2019-08-31T17:30:52+00:00","dateModified":"2019-09-24T23:20:07+00:00","mainEntityOfPage":{"@id":"https:\/\/neurovirtual.com\/latam\/autoridades-mundiales-en-neurofisiologia-se-reunen-en-el-congreso-de-este-campo-en-sao-paulo\/"},"wordCount":430,"commentCount":0,"publisher":{"@id":"https:\/\/neurovirtual.com\/latam\/#organization"},"articleSection":["Latam","Novedades"],"inLanguage":"es-CO","potentialAction":[{"@type":"CommentAction","name":"Comment","target":["https:\/\/neurovirtual.com\/latam\/autoridades-mundiales-en-neurofisiologia-se-reunen-en-el-congreso-de-este-campo-en-sao-paulo\/#respond"]}]},{"@type":"WebPage","@id":"https:\/\/neurovirtual.com\/latam\/autoridades-mundiales-en-neurofisiologia-se-reunen-en-el-congreso-de-este-campo-en-sao-paulo\/","url":"https:\/\/neurovirtual.com\/latam\/autoridades-mundiales-en-neurofisiologia-se-reunen-en-el-congreso-de-este-campo-en-sao-paulo\/","name":"Autoridades mundiales en neurofisiolog\u00eda se re\u00fanen en el congreso de este campo en S\u00e3o Paulo - Neurovirtual \/ Humanizing diagnostics","isPartOf":{"@id":"https:\/\/neurovirtual.com\/latam\/#website"},"datePublished":"2019-08-31T17:30:52+00:00","dateModified":"2019-09-24T23:20:07+00:00","description":"%seo_description%","breadcrumb":{"@id":"https:\/\/neurovirtual.com\/latam\/autoridades-mundiales-en-neurofisiologia-se-reunen-en-el-congreso-de-este-campo-en-sao-paulo\/#breadcrumb"},"inLanguage":"es-CO","potentialAction":[{"@type":"ReadAction","target":["https:\/\/neurovirtual.com\/latam\/autoridades-mundiales-en-neurofisiologia-se-reunen-en-el-congreso-de-este-campo-en-sao-paulo\/"]}]},{"@type":"BreadcrumbList","@id":"https:\/\/neurovirtual.com\/latam\/autoridades-mundiales-en-neurofisiologia-se-reunen-en-el-congreso-de-este-campo-en-sao-paulo\/#breadcrumb","itemListElement":[{"@type":"ListItem","position":1,"name":"Portada","item":"https:\/\/neurovirtual.com\/latam\/"},{"@type":"ListItem","position":2,"name":"Autoridades mundiales en neurofisiolog\u00eda se re\u00fanen en el congreso de este campo en S\u00e3o Paulo"}]},{"@type":"WebSite","@id":"https:\/\/neurovirtual.com\/latam\/#website","url":"https:\/\/neurovirtual.com\/latam\/","name":"Neurovirtual \/ Humanizing diagnostics","description":"","publisher":{"@id":"https:\/\/neurovirtual.com\/latam\/#organization"},"potentialAction":[{"@type":"SearchAction","target":{"@type":"EntryPoint","urlTemplate":"https:\/\/neurovirtual.com\/latam\/?s={search_term_string}"},"query-input":"required name=search_term_string"}],"inLanguage":"es-CO"},{"@type":"Organization","@id":"https:\/\/neurovirtual.com\/latam\/#organization","name":"Neurovirtual","url":"https:\/\/neurovirtual.com\/latam\/","logo":{"@type":"ImageObject","inLanguage":"es-CO","@id":"https:\/\/neurovirtual.com\/latam\/#\/schema\/logo\/image\/","url":"https:\/\/neurovirtual.com\/latam\/wp-content\/uploads\/2023\/08\/1.-Logo-Neurovirtual-2022.png","contentUrl":"https:\/\/neurovirtual.com\/latam\/wp-content\/uploads\/2023\/08\/1.-Logo-Neurovirtual-2022.png","width":1964,"height":668,"caption":"Neurovirtual"},"image":{"@id":"https:\/\/neurovirtual.com\/latam\/#\/schema\/logo\/image\/"}},{"@type":"Person","@id":"https:\/\/neurovirtual.com\/latam\/#\/schema\/person\/61c27629d3d16b3e601ef7db30001d49","name":"Jessika Brito","image":{"@type":"ImageObject","inLanguage":"es-CO","@id":"https:\/\/neurovirtual.com\/latam\/#\/schema\/person\/image\/","url":"https:\/\/secure.gravatar.com\/avatar\/08d2f62bc8a1f215fdfebe63356acc30?s=96&d=mm&r=g","contentUrl":"https:\/\/secure.gravatar.com\/avatar\/08d2f62bc8a1f215fdfebe63356acc30?s=96&d=mm&r=g","caption":"Jessika Brito"},"url":"https:\/\/neurovirtual.com\/latam\/author\/brito\/"}]}},"_links":{"self":[{"href":"https:\/\/neurovirtual.com\/latam\/wp-json\/wp\/v2\/posts\/797982"}],"collection":[{"href":"https:\/\/neurovirtual.com\/latam\/wp-json\/wp\/v2\/posts"}],"about":[{"href":"https:\/\/neurovirtual.com\/latam\/wp-json\/wp\/v2\/types\/post"}],"author":[{"embeddable":true,"href":"https:\/\/neurovirtual.com\/latam\/wp-json\/wp\/v2\/users\/7"}],"replies":[{"embeddable":true,"href":"https:\/\/neurovirtual.com\/latam\/wp-json\/wp\/v2\/comments?post=797982"}],"version-history":[{"count":4,"href":"https:\/\/neurovirtual.com\/latam\/wp-json\/wp\/v2\/posts\/797982\/revisions"}],"predecessor-version":[{"id":797989,"href":"https:\/\/neurovirtual.com\/latam\/wp-json\/wp\/v2\/posts\/797982\/revisions\/797989"}],"wp:featuredmedia":[{"embeddable":true,"href":"https:\/\/neurovirtual.com\/latam\/wp-json\/wp\/v2\/media\/797984"}],"wp:attachment":[{"href":"https:\/\/neurovirtual.com\/latam\/wp-json\/wp\/v2\/media?parent=797982"}],"wp:term":[{"taxonomy":"category","embeddable":true,"href":"https:\/\/neurovirtual.com\/latam\/wp-json\/wp\/v2\/categories?post=797982"},{"taxonomy":"post_tag","embeddable":true,"href":"https:\/\/neurovirtual.com\/latam\/wp-json\/wp\/v2\/tags?post=797982"}],"curies":[{"name":"wp","href":"https:\/\/api.w.org\/{rel}","templated":true}]}}