{"id":797502,"date":"2019-05-20T16:56:10","date_gmt":"2019-05-20T19:56:10","guid":{"rendered":"https:\/\/neurovirtual.com\/latam\/?p=797502"},"modified":"2019-08-05T17:00:27","modified_gmt":"2019-08-05T20:00:27","slug":"el-xxviii-congreso-nacional-de-la-sociedad-mexicana-de-neurologia-pediatrica-a-c-reune-a-mil-especialistas","status":"publish","type":"post","link":"https:\/\/neurovirtual.com\/latam\/el-xxviii-congreso-nacional-de-la-sociedad-mexicana-de-neurologia-pediatrica-a-c-reune-a-mil-especialistas\/","title":{"rendered":"El XXVIII Congreso Nacional de la Sociedad Mexicana de Neurolog\u00eda Pedi\u00e1trica A.C. re\u00fane a mil especialistas"},"content":{"rendered":"<p><a href=\"https:\/\/neurovirtual.com\/latam\/wp-content\/uploads\/2019\/08\/55508076_2164796726974544_9158808950294970368_n.jpg\"><img decoding=\"async\" class=\"aligncenter wp-image-797504 \" src=\"https:\/\/neurovirtual.com\/latam\/wp-content\/uploads\/2019\/08\/55508076_2164796726974544_9158808950294970368_n.jpg\" alt=\"55508076_2164796726974544_9158808950294970368_n\" width=\"701\" height=\"283\" srcset=\"https:\/\/neurovirtual.com\/latam\/wp-content\/uploads\/2019\/08\/55508076_2164796726974544_9158808950294970368_n.jpg 960w, https:\/\/neurovirtual.com\/latam\/wp-content\/uploads\/2019\/08\/55508076_2164796726974544_9158808950294970368_n-300x121.jpg 300w, https:\/\/neurovirtual.com\/latam\/wp-content\/uploads\/2019\/08\/55508076_2164796726974544_9158808950294970368_n-620x250.jpg 620w, https:\/\/neurovirtual.com\/latam\/wp-content\/uploads\/2019\/08\/55508076_2164796726974544_9158808950294970368_n-460x185.jpg 460w\" sizes=\"(max-width: 701px) 100vw, 701px\" \/><\/a><\/p>\n<p>La versi\u00f3n n\u00famero veintiocho del Congreso Nacional de la Sociedad Mexicana de Neurolog\u00eda Pedi\u00e1trica A.C. reuni\u00f3 a alrededor de mil especialistas, residentes y estudiantes, mexicanos y extranjeros, del \u00e1rea de neurolog\u00eda pedi\u00e1trica en la ciudad de San Luis Potos\u00ed, M\u00e9xico, entre el 13 y el 18 de mayo.<\/p>\n<p><a href=\"https:\/\/neurovirtual.com\/latam\/wp-content\/uploads\/2019\/08\/IMG-20190517-WA0004.jpg\"><img decoding=\"async\" class=\"aligncenter size-medium wp-image-797507\" src=\"https:\/\/neurovirtual.com\/latam\/wp-content\/uploads\/2019\/08\/IMG-20190517-WA0004-300x220.jpg\" alt=\"IMG-20190517-WA0004\" width=\"300\" height=\"220\" srcset=\"https:\/\/neurovirtual.com\/latam\/wp-content\/uploads\/2019\/08\/IMG-20190517-WA0004-300x220.jpg 300w, https:\/\/neurovirtual.com\/latam\/wp-content\/uploads\/2019\/08\/IMG-20190517-WA0004-1024x750.jpg 1024w, https:\/\/neurovirtual.com\/latam\/wp-content\/uploads\/2019\/08\/IMG-20190517-WA0004-341x250.jpg 341w, https:\/\/neurovirtual.com\/latam\/wp-content\/uploads\/2019\/08\/IMG-20190517-WA0004-460x337.jpg 460w, https:\/\/neurovirtual.com\/latam\/wp-content\/uploads\/2019\/08\/IMG-20190517-WA0004.jpg 1280w\" sizes=\"(max-width: 300px) 100vw, 300px\" \/><\/a><\/p>\n<p style=\"text-align: center;\"><span style=\"font-size: 10pt;\">\u00c9rika Almaz\u00e1n Cruz (ejecutiva de mercadeo), Dra. Avril Molina Garc\u00eda (neur\u00f3loga pediatra, presidenta de la Sociedad Mexicana de Neurolog\u00eda Pedi\u00e1trica) e Ing. Joseph W. Pardo Bernal (ingeniero de soporte t\u00e9cnico).<\/span><\/p>\n<p>Las actividades acad\u00e9micas llenaron la agenda por dos d\u00edas, del 15 al 17 de mayo, con presentaciones conducidas por especialistas de alto nivel cient\u00edfico y de gran de experiencia acad\u00e9mica. Dentro de los temas abordados se encontraron: el da\u00f1o cerebral cr\u00f3nico, el dolor en patolog\u00eda neurol\u00f3gica pedi\u00e1trica, la protecci\u00f3n neurol\u00f3gica en reci\u00e9n nacidos, la epilepsia refractaria, estrategias de detecci\u00f3n de focos epilept\u00f3genos, encefalopat\u00edas epil\u00e9pticas. El cierre de la programaci\u00f3n se present\u00f3 por cuenta de un taller de casos cl\u00ednicos, conducido por la Dra. Esther Toro, del Hospital Universitario Vall D\u00b4Hebron, de Barcelona, Espa\u00f1a.<\/p>\n<p><a href=\"https:\/\/neurovirtual.com\/latam\/wp-content\/uploads\/2019\/08\/IMG-20190516-WA0018.jpg\"><img decoding=\"async\" class=\"aligncenter size-medium wp-image-797506\" src=\"https:\/\/neurovirtual.com\/latam\/wp-content\/uploads\/2019\/08\/IMG-20190516-WA0018-300x225.jpg\" alt=\"IMG-20190516-WA0018\" width=\"300\" height=\"225\" srcset=\"https:\/\/neurovirtual.com\/latam\/wp-content\/uploads\/2019\/08\/IMG-20190516-WA0018-300x225.jpg 300w, https:\/\/neurovirtual.com\/latam\/wp-content\/uploads\/2019\/08\/IMG-20190516-WA0018-1024x768.jpg 1024w, https:\/\/neurovirtual.com\/latam\/wp-content\/uploads\/2019\/08\/IMG-20190516-WA0018-333x250.jpg 333w, https:\/\/neurovirtual.com\/latam\/wp-content\/uploads\/2019\/08\/IMG-20190516-WA0018-453x340.jpg 453w, https:\/\/neurovirtual.com\/latam\/wp-content\/uploads\/2019\/08\/IMG-20190516-WA0018.jpg 1280w\" sizes=\"(max-width: 300px) 100vw, 300px\" \/><\/a><\/p>\n<p>Para enfatizar su compromiso con el tema y el reconocimiento de la marca por parte del p\u00fablico interesado, Neurovirtual estuvo presente en el congreso, representada por los colaboradores \u00c9rika Almaz\u00e1n y Joseph Pardo, quienes presentaron el portafolio de productos de la compa\u00f1\u00eda para el campo de la neurolog\u00eda. Se destacaron los equipos BWIII EEG, BWIII EEG PLUS y BWMini EEG, el lanzamiento m\u00e1s reciente de la empresa, un dispositivo port\u00e1til con las caracter\u00edsticas m\u00e1s modernas y robustas para el registro electroencefalogr\u00e1fico ambulatorio.<\/p>\n","protected":false},"excerpt":{"rendered":"<p>La versi\u00f3n n\u00famero veintiocho del Congreso Nacional de la Sociedad Mexicana de Neurolog\u00eda Pedi\u00e1trica A.C. reuni\u00f3 a alrededor de mil especialistas, residentes y estudiantes, mexicanos y extranjeros, del \u00e1rea de neurolog\u00eda pedi\u00e1trica en la ciudad de San Luis Potos\u00ed, M\u00e9xico, entre el 13 y el 18 de mayo. \u00c9rika Almaz\u00e1n Cruz (ejecutiva de mercadeo), Dra&#8230;.<\/p>\n","protected":false},"author":7,"featured_media":797505,"comment_status":"open","ping_status":"open","sticky":false,"template":"","format":"standard","meta":{"footnotes":"","_joinchat":[]},"categories":[7,13],"tags":[],"acf":[],"yoast_head":"<!-- This site is optimized with the Yoast SEO plugin v21.7 - https:\/\/yoast.com\/wordpress\/plugins\/seo\/ -->\n<title>El XXVIII Congreso Nacional de la Sociedad Mexicana de Neurolog\u00eda Pedi\u00e1trica A.C. re\u00fane a mil especialistas - Neurovirtual \/ Humanizing diagnostics<\/title>\n<meta name=\"description\" content=\"%seo_description%\" \/>\n<meta name=\"robots\" content=\"index, follow, max-snippet:-1, max-image-preview:large, max-video-preview:-1\" \/>\n<link rel=\"canonical\" href=\"https:\/\/neurovirtual.com\/latam\/el-xxviii-congreso-nacional-de-la-sociedad-mexicana-de-neurologia-pediatrica-a-c-reune-a-mil-especialistas\/\" \/>\n<meta property=\"og:locale\" content=\"es_ES\" \/>\n<meta property=\"og:type\" content=\"article\" \/>\n<meta property=\"og:title\" content=\"El XXVIII Congreso Nacional de la Sociedad Mexicana de Neurolog\u00eda Pedi\u00e1trica A.C. re\u00fane a mil especialistas - Neurovirtual \/ Humanizing diagnostics\" \/>\n<meta property=\"og:description\" content=\"%seo_description%\" \/>\n<meta property=\"og:url\" content=\"https:\/\/neurovirtual.com\/latam\/el-xxviii-congreso-nacional-de-la-sociedad-mexicana-de-neurologia-pediatrica-a-c-reune-a-mil-especialistas\/\" \/>\n<meta property=\"og:site_name\" content=\"Neurovirtual \/ Humanizing diagnostics\" \/>\n<meta property=\"article:published_time\" content=\"2019-05-20T19:56:10+00:00\" \/>\n<meta property=\"article:modified_time\" content=\"2019-08-05T20:00:27+00:00\" \/>\n<meta property=\"og:image\" content=\"https:\/\/neurovirtual.com\/latam\/wp-content\/uploads\/2019\/08\/capa-congreso-MXICO.png\" \/>\n\t<meta property=\"og:image:width\" content=\"300\" \/>\n\t<meta property=\"og:image:height\" content=\"168\" \/>\n\t<meta property=\"og:image:type\" content=\"image\/png\" \/>\n<meta name=\"author\" content=\"Jessika Brito\" \/>\n<meta name=\"twitter:card\" content=\"summary_large_image\" \/>\n<meta name=\"twitter:label1\" content=\"Escrito por\" \/>\n\t<meta name=\"twitter:data1\" content=\"Jessika Brito\" \/>\n\t<meta name=\"twitter:label2\" content=\"Tiempo estimado de lectura\" \/>\n\t<meta name=\"twitter:data2\" content=\"1 minuto\" \/>\n<script type=\"application\/ld+json\" class=\"yoast-schema-graph\">{\"@context\":\"https:\/\/schema.org\",\"@graph\":[{\"@type\":\"Article\",\"@id\":\"https:\/\/neurovirtual.com\/latam\/el-xxviii-congreso-nacional-de-la-sociedad-mexicana-de-neurologia-pediatrica-a-c-reune-a-mil-especialistas\/#article\",\"isPartOf\":{\"@id\":\"https:\/\/neurovirtual.com\/latam\/el-xxviii-congreso-nacional-de-la-sociedad-mexicana-de-neurologia-pediatrica-a-c-reune-a-mil-especialistas\/\"},\"author\":{\"name\":\"Jessika Brito\",\"@id\":\"https:\/\/neurovirtual.com\/latam\/#\/schema\/person\/61c27629d3d16b3e601ef7db30001d49\"},\"headline\":\"El XXVIII Congreso Nacional de la Sociedad Mexicana de Neurolog\u00eda Pedi\u00e1trica A.C. re\u00fane a mil especialistas\",\"datePublished\":\"2019-05-20T19:56:10+00:00\",\"dateModified\":\"2019-08-05T20:00:27+00:00\",\"mainEntityOfPage\":{\"@id\":\"https:\/\/neurovirtual.com\/latam\/el-xxviii-congreso-nacional-de-la-sociedad-mexicana-de-neurologia-pediatrica-a-c-reune-a-mil-especialistas\/\"},\"wordCount\":312,\"commentCount\":0,\"publisher\":{\"@id\":\"https:\/\/neurovirtual.com\/latam\/#organization\"},\"articleSection\":[\"Conferencias\",\"Latam\"],\"inLanguage\":\"es-CO\",\"potentialAction\":[{\"@type\":\"CommentAction\",\"name\":\"Comment\",\"target\":[\"https:\/\/neurovirtual.com\/latam\/el-xxviii-congreso-nacional-de-la-sociedad-mexicana-de-neurologia-pediatrica-a-c-reune-a-mil-especialistas\/#respond\"]}]},{\"@type\":\"WebPage\",\"@id\":\"https:\/\/neurovirtual.com\/latam\/el-xxviii-congreso-nacional-de-la-sociedad-mexicana-de-neurologia-pediatrica-a-c-reune-a-mil-especialistas\/\",\"url\":\"https:\/\/neurovirtual.com\/latam\/el-xxviii-congreso-nacional-de-la-sociedad-mexicana-de-neurologia-pediatrica-a-c-reune-a-mil-especialistas\/\",\"name\":\"El XXVIII Congreso Nacional de la Sociedad Mexicana de Neurolog\u00eda Pedi\u00e1trica A.C. re\u00fane a mil especialistas - Neurovirtual \/ Humanizing diagnostics\",\"isPartOf\":{\"@id\":\"https:\/\/neurovirtual.com\/latam\/#website\"},\"datePublished\":\"2019-05-20T19:56:10+00:00\",\"dateModified\":\"2019-08-05T20:00:27+00:00\",\"description\":\"%seo_description%\",\"breadcrumb\":{\"@id\":\"https:\/\/neurovirtual.com\/latam\/el-xxviii-congreso-nacional-de-la-sociedad-mexicana-de-neurologia-pediatrica-a-c-reune-a-mil-especialistas\/#breadcrumb\"},\"inLanguage\":\"es-CO\",\"potentialAction\":[{\"@type\":\"ReadAction\",\"target\":[\"https:\/\/neurovirtual.com\/latam\/el-xxviii-congreso-nacional-de-la-sociedad-mexicana-de-neurologia-pediatrica-a-c-reune-a-mil-especialistas\/\"]}]},{\"@type\":\"BreadcrumbList\",\"@id\":\"https:\/\/neurovirtual.com\/latam\/el-xxviii-congreso-nacional-de-la-sociedad-mexicana-de-neurologia-pediatrica-a-c-reune-a-mil-especialistas\/#breadcrumb\",\"itemListElement\":[{\"@type\":\"ListItem\",\"position\":1,\"name\":\"Portada\",\"item\":\"https:\/\/neurovirtual.com\/latam\/\"},{\"@type\":\"ListItem\",\"position\":2,\"name\":\"El XXVIII Congreso Nacional de la Sociedad Mexicana de Neurolog\u00eda Pedi\u00e1trica A.C. re\u00fane a mil especialistas\"}]},{\"@type\":\"WebSite\",\"@id\":\"https:\/\/neurovirtual.com\/latam\/#website\",\"url\":\"https:\/\/neurovirtual.com\/latam\/\",\"name\":\"Neurovirtual \/ Humanizing diagnostics\",\"description\":\"\",\"publisher\":{\"@id\":\"https:\/\/neurovirtual.com\/latam\/#organization\"},\"potentialAction\":[{\"@type\":\"SearchAction\",\"target\":{\"@type\":\"EntryPoint\",\"urlTemplate\":\"https:\/\/neurovirtual.com\/latam\/?s={search_term_string}\"},\"query-input\":\"required name=search_term_string\"}],\"inLanguage\":\"es-CO\"},{\"@type\":\"Organization\",\"@id\":\"https:\/\/neurovirtual.com\/latam\/#organization\",\"name\":\"Neurovirtual\",\"url\":\"https:\/\/neurovirtual.com\/latam\/\",\"logo\":{\"@type\":\"ImageObject\",\"inLanguage\":\"es-CO\",\"@id\":\"https:\/\/neurovirtual.com\/latam\/#\/schema\/logo\/image\/\",\"url\":\"https:\/\/neurovirtual.com\/latam\/wp-content\/uploads\/2023\/08\/1.-Logo-Neurovirtual-2022.png\",\"contentUrl\":\"https:\/\/neurovirtual.com\/latam\/wp-content\/uploads\/2023\/08\/1.-Logo-Neurovirtual-2022.png\",\"width\":1964,\"height\":668,\"caption\":\"Neurovirtual\"},\"image\":{\"@id\":\"https:\/\/neurovirtual.com\/latam\/#\/schema\/logo\/image\/\"}},{\"@type\":\"Person\",\"@id\":\"https:\/\/neurovirtual.com\/latam\/#\/schema\/person\/61c27629d3d16b3e601ef7db30001d49\",\"name\":\"Jessika Brito\",\"image\":{\"@type\":\"ImageObject\",\"inLanguage\":\"es-CO\",\"@id\":\"https:\/\/neurovirtual.com\/latam\/#\/schema\/person\/image\/\",\"url\":\"https:\/\/secure.gravatar.com\/avatar\/08d2f62bc8a1f215fdfebe63356acc30?s=96&d=mm&r=g\",\"contentUrl\":\"https:\/\/secure.gravatar.com\/avatar\/08d2f62bc8a1f215fdfebe63356acc30?s=96&d=mm&r=g\",\"caption\":\"Jessika Brito\"},\"url\":\"https:\/\/neurovirtual.com\/latam\/author\/brito\/\"}]}<\/script>\n<!-- \/ Yoast SEO plugin. -->","yoast_head_json":{"title":"El XXVIII Congreso Nacional de la Sociedad Mexicana de Neurolog\u00eda Pedi\u00e1trica A.C. re\u00fane a mil especialistas - Neurovirtual \/ Humanizing diagnostics","description":"%seo_description%","robots":{"index":"index","follow":"follow","max-snippet":"max-snippet:-1","max-image-preview":"max-image-preview:large","max-video-preview":"max-video-preview:-1"},"canonical":"https:\/\/neurovirtual.com\/latam\/el-xxviii-congreso-nacional-de-la-sociedad-mexicana-de-neurologia-pediatrica-a-c-reune-a-mil-especialistas\/","og_locale":"es_ES","og_type":"article","og_title":"El XXVIII Congreso Nacional de la Sociedad Mexicana de Neurolog\u00eda Pedi\u00e1trica A.C. re\u00fane a mil especialistas - Neurovirtual \/ Humanizing diagnostics","og_description":"%seo_description%","og_url":"https:\/\/neurovirtual.com\/latam\/el-xxviii-congreso-nacional-de-la-sociedad-mexicana-de-neurologia-pediatrica-a-c-reune-a-mil-especialistas\/","og_site_name":"Neurovirtual \/ Humanizing diagnostics","article_published_time":"2019-05-20T19:56:10+00:00","article_modified_time":"2019-08-05T20:00:27+00:00","og_image":[{"width":300,"height":168,"url":"https:\/\/neurovirtual.com\/latam\/wp-content\/uploads\/2019\/08\/capa-congreso-MXICO.png","type":"image\/png"}],"author":"Jessika Brito","twitter_card":"summary_large_image","twitter_misc":{"Escrito por":"Jessika Brito","Tiempo estimado de lectura":"1 minuto"},"schema":{"@context":"https:\/\/schema.org","@graph":[{"@type":"Article","@id":"https:\/\/neurovirtual.com\/latam\/el-xxviii-congreso-nacional-de-la-sociedad-mexicana-de-neurologia-pediatrica-a-c-reune-a-mil-especialistas\/#article","isPartOf":{"@id":"https:\/\/neurovirtual.com\/latam\/el-xxviii-congreso-nacional-de-la-sociedad-mexicana-de-neurologia-pediatrica-a-c-reune-a-mil-especialistas\/"},"author":{"name":"Jessika Brito","@id":"https:\/\/neurovirtual.com\/latam\/#\/schema\/person\/61c27629d3d16b3e601ef7db30001d49"},"headline":"El XXVIII Congreso Nacional de la Sociedad Mexicana de Neurolog\u00eda Pedi\u00e1trica A.C. re\u00fane a mil especialistas","datePublished":"2019-05-20T19:56:10+00:00","dateModified":"2019-08-05T20:00:27+00:00","mainEntityOfPage":{"@id":"https:\/\/neurovirtual.com\/latam\/el-xxviii-congreso-nacional-de-la-sociedad-mexicana-de-neurologia-pediatrica-a-c-reune-a-mil-especialistas\/"},"wordCount":312,"commentCount":0,"publisher":{"@id":"https:\/\/neurovirtual.com\/latam\/#organization"},"articleSection":["Conferencias","Latam"],"inLanguage":"es-CO","potentialAction":[{"@type":"CommentAction","name":"Comment","target":["https:\/\/neurovirtual.com\/latam\/el-xxviii-congreso-nacional-de-la-sociedad-mexicana-de-neurologia-pediatrica-a-c-reune-a-mil-especialistas\/#respond"]}]},{"@type":"WebPage","@id":"https:\/\/neurovirtual.com\/latam\/el-xxviii-congreso-nacional-de-la-sociedad-mexicana-de-neurologia-pediatrica-a-c-reune-a-mil-especialistas\/","url":"https:\/\/neurovirtual.com\/latam\/el-xxviii-congreso-nacional-de-la-sociedad-mexicana-de-neurologia-pediatrica-a-c-reune-a-mil-especialistas\/","name":"El XXVIII Congreso Nacional de la Sociedad Mexicana de Neurolog\u00eda Pedi\u00e1trica A.C. re\u00fane a mil especialistas - Neurovirtual \/ Humanizing diagnostics","isPartOf":{"@id":"https:\/\/neurovirtual.com\/latam\/#website"},"datePublished":"2019-05-20T19:56:10+00:00","dateModified":"2019-08-05T20:00:27+00:00","description":"%seo_description%","breadcrumb":{"@id":"https:\/\/neurovirtual.com\/latam\/el-xxviii-congreso-nacional-de-la-sociedad-mexicana-de-neurologia-pediatrica-a-c-reune-a-mil-especialistas\/#breadcrumb"},"inLanguage":"es-CO","potentialAction":[{"@type":"ReadAction","target":["https:\/\/neurovirtual.com\/latam\/el-xxviii-congreso-nacional-de-la-sociedad-mexicana-de-neurologia-pediatrica-a-c-reune-a-mil-especialistas\/"]}]},{"@type":"BreadcrumbList","@id":"https:\/\/neurovirtual.com\/latam\/el-xxviii-congreso-nacional-de-la-sociedad-mexicana-de-neurologia-pediatrica-a-c-reune-a-mil-especialistas\/#breadcrumb","itemListElement":[{"@type":"ListItem","position":1,"name":"Portada","item":"https:\/\/neurovirtual.com\/latam\/"},{"@type":"ListItem","position":2,"name":"El XXVIII Congreso Nacional de la Sociedad Mexicana de Neurolog\u00eda Pedi\u00e1trica A.C. re\u00fane a mil especialistas"}]},{"@type":"WebSite","@id":"https:\/\/neurovirtual.com\/latam\/#website","url":"https:\/\/neurovirtual.com\/latam\/","name":"Neurovirtual \/ Humanizing diagnostics","description":"","publisher":{"@id":"https:\/\/neurovirtual.com\/latam\/#organization"},"potentialAction":[{"@type":"SearchAction","target":{"@type":"EntryPoint","urlTemplate":"https:\/\/neurovirtual.com\/latam\/?s={search_term_string}"},"query-input":"required name=search_term_string"}],"inLanguage":"es-CO"},{"@type":"Organization","@id":"https:\/\/neurovirtual.com\/latam\/#organization","name":"Neurovirtual","url":"https:\/\/neurovirtual.com\/latam\/","logo":{"@type":"ImageObject","inLanguage":"es-CO","@id":"https:\/\/neurovirtual.com\/latam\/#\/schema\/logo\/image\/","url":"https:\/\/neurovirtual.com\/latam\/wp-content\/uploads\/2023\/08\/1.-Logo-Neurovirtual-2022.png","contentUrl":"https:\/\/neurovirtual.com\/latam\/wp-content\/uploads\/2023\/08\/1.-Logo-Neurovirtual-2022.png","width":1964,"height":668,"caption":"Neurovirtual"},"image":{"@id":"https:\/\/neurovirtual.com\/latam\/#\/schema\/logo\/image\/"}},{"@type":"Person","@id":"https:\/\/neurovirtual.com\/latam\/#\/schema\/person\/61c27629d3d16b3e601ef7db30001d49","name":"Jessika Brito","image":{"@type":"ImageObject","inLanguage":"es-CO","@id":"https:\/\/neurovirtual.com\/latam\/#\/schema\/person\/image\/","url":"https:\/\/secure.gravatar.com\/avatar\/08d2f62bc8a1f215fdfebe63356acc30?s=96&d=mm&r=g","contentUrl":"https:\/\/secure.gravatar.com\/avatar\/08d2f62bc8a1f215fdfebe63356acc30?s=96&d=mm&r=g","caption":"Jessika Brito"},"url":"https:\/\/neurovirtual.com\/latam\/author\/brito\/"}]}},"_links":{"self":[{"href":"https:\/\/neurovirtual.com\/latam\/wp-json\/wp\/v2\/posts\/797502"}],"collection":[{"href":"https:\/\/neurovirtual.com\/latam\/wp-json\/wp\/v2\/posts"}],"about":[{"href":"https:\/\/neurovirtual.com\/latam\/wp-json\/wp\/v2\/types\/post"}],"author":[{"embeddable":true,"href":"https:\/\/neurovirtual.com\/latam\/wp-json\/wp\/v2\/users\/7"}],"replies":[{"embeddable":true,"href":"https:\/\/neurovirtual.com\/latam\/wp-json\/wp\/v2\/comments?post=797502"}],"version-history":[{"count":1,"href":"https:\/\/neurovirtual.com\/latam\/wp-json\/wp\/v2\/posts\/797502\/revisions"}],"predecessor-version":[{"id":797508,"href":"https:\/\/neurovirtual.com\/latam\/wp-json\/wp\/v2\/posts\/797502\/revisions\/797508"}],"wp:featuredmedia":[{"embeddable":true,"href":"https:\/\/neurovirtual.com\/latam\/wp-json\/wp\/v2\/media\/797505"}],"wp:attachment":[{"href":"https:\/\/neurovirtual.com\/latam\/wp-json\/wp\/v2\/media?parent=797502"}],"wp:term":[{"taxonomy":"category","embeddable":true,"href":"https:\/\/neurovirtual.com\/latam\/wp-json\/wp\/v2\/categories?post=797502"},{"taxonomy":"post_tag","embeddable":true,"href":"https:\/\/neurovirtual.com\/latam\/wp-json\/wp\/v2\/tags?post=797502"}],"curies":[{"name":"wp","href":"https:\/\/api.w.org\/{rel}","templated":true}]}}