{"id":797443,"date":"2019-07-06T19:53:27","date_gmt":"2019-07-06T22:53:27","guid":{"rendered":"https:\/\/neurovirtual.com\/latam\/?p=797443"},"modified":"2019-07-30T19:53:54","modified_gmt":"2019-07-30T22:53:54","slug":"el-simposio-internacional-de-medicina-del-sueno-habla-sobre-tratamiento-eficaz-y-oportuno","status":"publish","type":"post","link":"https:\/\/neurovirtual.com\/latam\/el-simposio-internacional-de-medicina-del-sueno-habla-sobre-tratamiento-eficaz-y-oportuno\/","title":{"rendered":"El Simposio Internacional de Medicina del Sue\u00f1o habla sobre tratamiento eficaz y oportuno"},"content":{"rendered":"<p><a href=\"https:\/\/neurovirtual.com\/latam\/wp-content\/uploads\/2019\/07\/banner_simposio-sono.jpg\"><img decoding=\"async\" class=\"aligncenter size-full wp-image-797444\" src=\"https:\/\/neurovirtual.com\/latam\/wp-content\/uploads\/2019\/07\/banner_simposio-sono.jpg\" alt=\"banner_simposio sono\" width=\"668\" height=\"168\" srcset=\"https:\/\/neurovirtual.com\/latam\/wp-content\/uploads\/2019\/07\/banner_simposio-sono.jpg 668w, https:\/\/neurovirtual.com\/latam\/wp-content\/uploads\/2019\/07\/banner_simposio-sono-300x75.jpg 300w, https:\/\/neurovirtual.com\/latam\/wp-content\/uploads\/2019\/07\/banner_simposio-sono-460x116.jpg 460w\" sizes=\"(max-width: 668px) 100vw, 668px\" \/><\/a><\/p>\n<p>El II Simposio Internacional de Medicina del Sue\u00f1o, promovido por la Cl\u00ednica Universidad de Los Andes de Chile, entre el 4 y el 6 de julio, cont\u00f3 con la participaci\u00f3n de m\u00e1s de 300 profesionales, entre especialistas y docentes nacionales e internacionales, con una programaci\u00f3n rebosante de temas de gran relevancia y de nombres de igual relevancia a nivel mundial en la industria.<\/p>\n<p>La programaci\u00f3n cient\u00edfica fue muy intensa; cont\u00f3 con 26 conferencistas renombrados, entre otros, el Dr. Daniel P\u00e9rez Chada, la Dra. Marianna Evans, el Dr. Eduardo Castrill\u00f3n. El evento abord\u00f3 los diversos problemas relacionados con la medicina del sue\u00f1o, tanto en el campo de la neurolog\u00eda como en los campos de la medicina broncopulmonar, la otorrinolaringolog\u00eda y la odontolog\u00eda, al convocar a m\u00e9dicos y odont\u00f3logos y sus respectivos mecanismos de acci\u00f3n.<\/p>\n<p>Tambi\u00e9n se destac\u00f3 el tema de las distintas patolog\u00edas asociadas con las apneas, condiciones como el bruxismo, el da\u00f1o endotelial y las malformaciones gen\u00e9ticas, para las que se recomend\u00f3 el uso de pruebas como la poligraf\u00eda y la polisomnograf\u00eda como elementos diagn\u00f3sticos.<\/p>\n<p><a href=\"https:\/\/neurovirtual.com\/latam\/wp-content\/uploads\/2019\/07\/foto-simposio.jpg\"><img decoding=\"async\" class=\"aligncenter size-medium wp-image-797446\" src=\"https:\/\/neurovirtual.com\/latam\/wp-content\/uploads\/2019\/07\/foto-simposio-300x225.jpg\" alt=\"foto simposio\" width=\"300\" height=\"225\" srcset=\"https:\/\/neurovirtual.com\/latam\/wp-content\/uploads\/2019\/07\/foto-simposio-300x225.jpg 300w, https:\/\/neurovirtual.com\/latam\/wp-content\/uploads\/2019\/07\/foto-simposio-1024x768.jpg 1024w, https:\/\/neurovirtual.com\/latam\/wp-content\/uploads\/2019\/07\/foto-simposio-333x250.jpg 333w, https:\/\/neurovirtual.com\/latam\/wp-content\/uploads\/2019\/07\/foto-simposio-454x340.jpg 454w, https:\/\/neurovirtual.com\/latam\/wp-content\/uploads\/2019\/07\/foto-simposio.jpg 1350w\" sizes=\"(max-width: 300px) 100vw, 300px\" \/><\/a><\/p>\n<p>Neurovirtual particip\u00f3 en el simposio con un stand en el que expuso los equipos de la l\u00ednea de polisomnograf\u00eda; se destacaron particularmente los modelos BWIII PSG y BWMini PSG\/HST, equipos que representan el liderazgo de la empresa en calidad y tecnolog\u00eda en el \u00e1rea de la medicina del sue\u00f1o, en un evento que ya se ha convertido en referencia a nivel nacional e internacional.<\/p>\n<p>La Dra. Evelyn Benavides, neur\u00f3loga y una de las realizadoras del simposio, resalt\u00f3 el gran nivel de asistencia al evento: \u201c<em>Estamos muy entusiasmados y esperamos volver a realizar el evento el a\u00f1o que viene, pues este es un encuentro altamente valorado por todos los que somos especialistas en medicina del sue\u00f1o<\/em>\u201d, afirm\u00f3 la Dra. Benavides.<\/p>\n","protected":false},"excerpt":{"rendered":"<p>El II Simposio Internacional de Medicina del Sue\u00f1o, promovido por la Cl\u00ednica Universidad de Los Andes de Chile, entre el 4 y el 6 de julio, cont\u00f3 con la participaci\u00f3n de m\u00e1s de 300 profesionales, entre especialistas y docentes nacionales e internacionales, con una programaci\u00f3n rebosante de temas de gran relevancia y de nombres de&#8230;<\/p>\n","protected":false},"author":7,"featured_media":797445,"comment_status":"open","ping_status":"open","sticky":false,"template":"","format":"standard","meta":{"footnotes":"","_joinchat":[]},"categories":[7,13],"tags":[],"acf":[],"yoast_head":"<!-- This site is optimized with the Yoast SEO plugin v21.7 - https:\/\/yoast.com\/wordpress\/plugins\/seo\/ -->\n<title>El Simposio Internacional de Medicina del Sue\u00f1o habla sobre tratamiento eficaz y oportuno - Neurovirtual \/ Humanizing diagnostics<\/title>\n<meta name=\"description\" content=\"%seo_description%\" \/>\n<meta name=\"robots\" content=\"index, follow, max-snippet:-1, max-image-preview:large, max-video-preview:-1\" \/>\n<link rel=\"canonical\" href=\"https:\/\/neurovirtual.com\/latam\/el-simposio-internacional-de-medicina-del-sueno-habla-sobre-tratamiento-eficaz-y-oportuno\/\" \/>\n<meta property=\"og:locale\" content=\"es_ES\" \/>\n<meta property=\"og:type\" content=\"article\" \/>\n<meta property=\"og:title\" content=\"El Simposio Internacional de Medicina del Sue\u00f1o habla sobre tratamiento eficaz y oportuno - Neurovirtual \/ Humanizing diagnostics\" \/>\n<meta property=\"og:description\" content=\"%seo_description%\" \/>\n<meta property=\"og:url\" content=\"https:\/\/neurovirtual.com\/latam\/el-simposio-internacional-de-medicina-del-sueno-habla-sobre-tratamiento-eficaz-y-oportuno\/\" \/>\n<meta property=\"og:site_name\" content=\"Neurovirtual \/ Humanizing diagnostics\" \/>\n<meta property=\"article:published_time\" content=\"2019-07-06T22:53:27+00:00\" \/>\n<meta property=\"article:modified_time\" content=\"2019-07-30T22:53:54+00:00\" \/>\n<meta property=\"og:image\" content=\"https:\/\/neurovirtual.com\/latam\/wp-content\/uploads\/2019\/07\/capa.jpg\" \/>\n\t<meta property=\"og:image:width\" content=\"300\" \/>\n\t<meta property=\"og:image:height\" content=\"168\" \/>\n\t<meta property=\"og:image:type\" content=\"image\/jpeg\" \/>\n<meta name=\"author\" content=\"Jessika Brito\" \/>\n<meta name=\"twitter:card\" content=\"summary_large_image\" \/>\n<meta name=\"twitter:label1\" content=\"Escrito por\" \/>\n\t<meta name=\"twitter:data1\" content=\"Jessika Brito\" \/>\n\t<meta name=\"twitter:label2\" content=\"Tiempo estimado de lectura\" \/>\n\t<meta name=\"twitter:data2\" content=\"2 minutos\" \/>\n<script type=\"application\/ld+json\" class=\"yoast-schema-graph\">{\"@context\":\"https:\/\/schema.org\",\"@graph\":[{\"@type\":\"Article\",\"@id\":\"https:\/\/neurovirtual.com\/latam\/el-simposio-internacional-de-medicina-del-sueno-habla-sobre-tratamiento-eficaz-y-oportuno\/#article\",\"isPartOf\":{\"@id\":\"https:\/\/neurovirtual.com\/latam\/el-simposio-internacional-de-medicina-del-sueno-habla-sobre-tratamiento-eficaz-y-oportuno\/\"},\"author\":{\"name\":\"Jessika Brito\",\"@id\":\"https:\/\/neurovirtual.com\/latam\/#\/schema\/person\/61c27629d3d16b3e601ef7db30001d49\"},\"headline\":\"El Simposio Internacional de Medicina del Sue\u00f1o habla sobre tratamiento eficaz y oportuno\",\"datePublished\":\"2019-07-06T22:53:27+00:00\",\"dateModified\":\"2019-07-30T22:53:54+00:00\",\"mainEntityOfPage\":{\"@id\":\"https:\/\/neurovirtual.com\/latam\/el-simposio-internacional-de-medicina-del-sueno-habla-sobre-tratamiento-eficaz-y-oportuno\/\"},\"wordCount\":335,\"commentCount\":0,\"publisher\":{\"@id\":\"https:\/\/neurovirtual.com\/latam\/#organization\"},\"articleSection\":[\"Conferencias\",\"Latam\"],\"inLanguage\":\"es-CO\",\"potentialAction\":[{\"@type\":\"CommentAction\",\"name\":\"Comment\",\"target\":[\"https:\/\/neurovirtual.com\/latam\/el-simposio-internacional-de-medicina-del-sueno-habla-sobre-tratamiento-eficaz-y-oportuno\/#respond\"]}]},{\"@type\":\"WebPage\",\"@id\":\"https:\/\/neurovirtual.com\/latam\/el-simposio-internacional-de-medicina-del-sueno-habla-sobre-tratamiento-eficaz-y-oportuno\/\",\"url\":\"https:\/\/neurovirtual.com\/latam\/el-simposio-internacional-de-medicina-del-sueno-habla-sobre-tratamiento-eficaz-y-oportuno\/\",\"name\":\"El Simposio Internacional de Medicina del Sue\u00f1o habla sobre tratamiento eficaz y oportuno - Neurovirtual \/ Humanizing diagnostics\",\"isPartOf\":{\"@id\":\"https:\/\/neurovirtual.com\/latam\/#website\"},\"datePublished\":\"2019-07-06T22:53:27+00:00\",\"dateModified\":\"2019-07-30T22:53:54+00:00\",\"description\":\"%seo_description%\",\"breadcrumb\":{\"@id\":\"https:\/\/neurovirtual.com\/latam\/el-simposio-internacional-de-medicina-del-sueno-habla-sobre-tratamiento-eficaz-y-oportuno\/#breadcrumb\"},\"inLanguage\":\"es-CO\",\"potentialAction\":[{\"@type\":\"ReadAction\",\"target\":[\"https:\/\/neurovirtual.com\/latam\/el-simposio-internacional-de-medicina-del-sueno-habla-sobre-tratamiento-eficaz-y-oportuno\/\"]}]},{\"@type\":\"BreadcrumbList\",\"@id\":\"https:\/\/neurovirtual.com\/latam\/el-simposio-internacional-de-medicina-del-sueno-habla-sobre-tratamiento-eficaz-y-oportuno\/#breadcrumb\",\"itemListElement\":[{\"@type\":\"ListItem\",\"position\":1,\"name\":\"Portada\",\"item\":\"https:\/\/neurovirtual.com\/latam\/\"},{\"@type\":\"ListItem\",\"position\":2,\"name\":\"El Simposio Internacional de Medicina del Sue\u00f1o habla sobre tratamiento eficaz y oportuno\"}]},{\"@type\":\"WebSite\",\"@id\":\"https:\/\/neurovirtual.com\/latam\/#website\",\"url\":\"https:\/\/neurovirtual.com\/latam\/\",\"name\":\"Neurovirtual \/ Humanizing diagnostics\",\"description\":\"\",\"publisher\":{\"@id\":\"https:\/\/neurovirtual.com\/latam\/#organization\"},\"potentialAction\":[{\"@type\":\"SearchAction\",\"target\":{\"@type\":\"EntryPoint\",\"urlTemplate\":\"https:\/\/neurovirtual.com\/latam\/?s={search_term_string}\"},\"query-input\":\"required name=search_term_string\"}],\"inLanguage\":\"es-CO\"},{\"@type\":\"Organization\",\"@id\":\"https:\/\/neurovirtual.com\/latam\/#organization\",\"name\":\"Neurovirtual\",\"url\":\"https:\/\/neurovirtual.com\/latam\/\",\"logo\":{\"@type\":\"ImageObject\",\"inLanguage\":\"es-CO\",\"@id\":\"https:\/\/neurovirtual.com\/latam\/#\/schema\/logo\/image\/\",\"url\":\"https:\/\/neurovirtual.com\/latam\/wp-content\/uploads\/2023\/08\/1.-Logo-Neurovirtual-2022.png\",\"contentUrl\":\"https:\/\/neurovirtual.com\/latam\/wp-content\/uploads\/2023\/08\/1.-Logo-Neurovirtual-2022.png\",\"width\":1964,\"height\":668,\"caption\":\"Neurovirtual\"},\"image\":{\"@id\":\"https:\/\/neurovirtual.com\/latam\/#\/schema\/logo\/image\/\"}},{\"@type\":\"Person\",\"@id\":\"https:\/\/neurovirtual.com\/latam\/#\/schema\/person\/61c27629d3d16b3e601ef7db30001d49\",\"name\":\"Jessika Brito\",\"image\":{\"@type\":\"ImageObject\",\"inLanguage\":\"es-CO\",\"@id\":\"https:\/\/neurovirtual.com\/latam\/#\/schema\/person\/image\/\",\"url\":\"https:\/\/secure.gravatar.com\/avatar\/08d2f62bc8a1f215fdfebe63356acc30?s=96&d=mm&r=g\",\"contentUrl\":\"https:\/\/secure.gravatar.com\/avatar\/08d2f62bc8a1f215fdfebe63356acc30?s=96&d=mm&r=g\",\"caption\":\"Jessika Brito\"},\"url\":\"https:\/\/neurovirtual.com\/latam\/author\/brito\/\"}]}<\/script>\n<!-- \/ Yoast SEO plugin. -->","yoast_head_json":{"title":"El Simposio Internacional de Medicina del Sue\u00f1o habla sobre tratamiento eficaz y oportuno - Neurovirtual \/ Humanizing diagnostics","description":"%seo_description%","robots":{"index":"index","follow":"follow","max-snippet":"max-snippet:-1","max-image-preview":"max-image-preview:large","max-video-preview":"max-video-preview:-1"},"canonical":"https:\/\/neurovirtual.com\/latam\/el-simposio-internacional-de-medicina-del-sueno-habla-sobre-tratamiento-eficaz-y-oportuno\/","og_locale":"es_ES","og_type":"article","og_title":"El Simposio Internacional de Medicina del Sue\u00f1o habla sobre tratamiento eficaz y oportuno - Neurovirtual \/ Humanizing diagnostics","og_description":"%seo_description%","og_url":"https:\/\/neurovirtual.com\/latam\/el-simposio-internacional-de-medicina-del-sueno-habla-sobre-tratamiento-eficaz-y-oportuno\/","og_site_name":"Neurovirtual \/ Humanizing diagnostics","article_published_time":"2019-07-06T22:53:27+00:00","article_modified_time":"2019-07-30T22:53:54+00:00","og_image":[{"width":300,"height":168,"url":"https:\/\/neurovirtual.com\/latam\/wp-content\/uploads\/2019\/07\/capa.jpg","type":"image\/jpeg"}],"author":"Jessika Brito","twitter_card":"summary_large_image","twitter_misc":{"Escrito por":"Jessika Brito","Tiempo estimado de lectura":"2 minutos"},"schema":{"@context":"https:\/\/schema.org","@graph":[{"@type":"Article","@id":"https:\/\/neurovirtual.com\/latam\/el-simposio-internacional-de-medicina-del-sueno-habla-sobre-tratamiento-eficaz-y-oportuno\/#article","isPartOf":{"@id":"https:\/\/neurovirtual.com\/latam\/el-simposio-internacional-de-medicina-del-sueno-habla-sobre-tratamiento-eficaz-y-oportuno\/"},"author":{"name":"Jessika Brito","@id":"https:\/\/neurovirtual.com\/latam\/#\/schema\/person\/61c27629d3d16b3e601ef7db30001d49"},"headline":"El Simposio Internacional de Medicina del Sue\u00f1o habla sobre tratamiento eficaz y oportuno","datePublished":"2019-07-06T22:53:27+00:00","dateModified":"2019-07-30T22:53:54+00:00","mainEntityOfPage":{"@id":"https:\/\/neurovirtual.com\/latam\/el-simposio-internacional-de-medicina-del-sueno-habla-sobre-tratamiento-eficaz-y-oportuno\/"},"wordCount":335,"commentCount":0,"publisher":{"@id":"https:\/\/neurovirtual.com\/latam\/#organization"},"articleSection":["Conferencias","Latam"],"inLanguage":"es-CO","potentialAction":[{"@type":"CommentAction","name":"Comment","target":["https:\/\/neurovirtual.com\/latam\/el-simposio-internacional-de-medicina-del-sueno-habla-sobre-tratamiento-eficaz-y-oportuno\/#respond"]}]},{"@type":"WebPage","@id":"https:\/\/neurovirtual.com\/latam\/el-simposio-internacional-de-medicina-del-sueno-habla-sobre-tratamiento-eficaz-y-oportuno\/","url":"https:\/\/neurovirtual.com\/latam\/el-simposio-internacional-de-medicina-del-sueno-habla-sobre-tratamiento-eficaz-y-oportuno\/","name":"El Simposio Internacional de Medicina del Sue\u00f1o habla sobre tratamiento eficaz y oportuno - Neurovirtual \/ Humanizing diagnostics","isPartOf":{"@id":"https:\/\/neurovirtual.com\/latam\/#website"},"datePublished":"2019-07-06T22:53:27+00:00","dateModified":"2019-07-30T22:53:54+00:00","description":"%seo_description%","breadcrumb":{"@id":"https:\/\/neurovirtual.com\/latam\/el-simposio-internacional-de-medicina-del-sueno-habla-sobre-tratamiento-eficaz-y-oportuno\/#breadcrumb"},"inLanguage":"es-CO","potentialAction":[{"@type":"ReadAction","target":["https:\/\/neurovirtual.com\/latam\/el-simposio-internacional-de-medicina-del-sueno-habla-sobre-tratamiento-eficaz-y-oportuno\/"]}]},{"@type":"BreadcrumbList","@id":"https:\/\/neurovirtual.com\/latam\/el-simposio-internacional-de-medicina-del-sueno-habla-sobre-tratamiento-eficaz-y-oportuno\/#breadcrumb","itemListElement":[{"@type":"ListItem","position":1,"name":"Portada","item":"https:\/\/neurovirtual.com\/latam\/"},{"@type":"ListItem","position":2,"name":"El Simposio Internacional de Medicina del Sue\u00f1o habla sobre tratamiento eficaz y oportuno"}]},{"@type":"WebSite","@id":"https:\/\/neurovirtual.com\/latam\/#website","url":"https:\/\/neurovirtual.com\/latam\/","name":"Neurovirtual \/ Humanizing diagnostics","description":"","publisher":{"@id":"https:\/\/neurovirtual.com\/latam\/#organization"},"potentialAction":[{"@type":"SearchAction","target":{"@type":"EntryPoint","urlTemplate":"https:\/\/neurovirtual.com\/latam\/?s={search_term_string}"},"query-input":"required name=search_term_string"}],"inLanguage":"es-CO"},{"@type":"Organization","@id":"https:\/\/neurovirtual.com\/latam\/#organization","name":"Neurovirtual","url":"https:\/\/neurovirtual.com\/latam\/","logo":{"@type":"ImageObject","inLanguage":"es-CO","@id":"https:\/\/neurovirtual.com\/latam\/#\/schema\/logo\/image\/","url":"https:\/\/neurovirtual.com\/latam\/wp-content\/uploads\/2023\/08\/1.-Logo-Neurovirtual-2022.png","contentUrl":"https:\/\/neurovirtual.com\/latam\/wp-content\/uploads\/2023\/08\/1.-Logo-Neurovirtual-2022.png","width":1964,"height":668,"caption":"Neurovirtual"},"image":{"@id":"https:\/\/neurovirtual.com\/latam\/#\/schema\/logo\/image\/"}},{"@type":"Person","@id":"https:\/\/neurovirtual.com\/latam\/#\/schema\/person\/61c27629d3d16b3e601ef7db30001d49","name":"Jessika Brito","image":{"@type":"ImageObject","inLanguage":"es-CO","@id":"https:\/\/neurovirtual.com\/latam\/#\/schema\/person\/image\/","url":"https:\/\/secure.gravatar.com\/avatar\/08d2f62bc8a1f215fdfebe63356acc30?s=96&d=mm&r=g","contentUrl":"https:\/\/secure.gravatar.com\/avatar\/08d2f62bc8a1f215fdfebe63356acc30?s=96&d=mm&r=g","caption":"Jessika Brito"},"url":"https:\/\/neurovirtual.com\/latam\/author\/brito\/"}]}},"_links":{"self":[{"href":"https:\/\/neurovirtual.com\/latam\/wp-json\/wp\/v2\/posts\/797443"}],"collection":[{"href":"https:\/\/neurovirtual.com\/latam\/wp-json\/wp\/v2\/posts"}],"about":[{"href":"https:\/\/neurovirtual.com\/latam\/wp-json\/wp\/v2\/types\/post"}],"author":[{"embeddable":true,"href":"https:\/\/neurovirtual.com\/latam\/wp-json\/wp\/v2\/users\/7"}],"replies":[{"embeddable":true,"href":"https:\/\/neurovirtual.com\/latam\/wp-json\/wp\/v2\/comments?post=797443"}],"version-history":[{"count":1,"href":"https:\/\/neurovirtual.com\/latam\/wp-json\/wp\/v2\/posts\/797443\/revisions"}],"predecessor-version":[{"id":797447,"href":"https:\/\/neurovirtual.com\/latam\/wp-json\/wp\/v2\/posts\/797443\/revisions\/797447"}],"wp:featuredmedia":[{"embeddable":true,"href":"https:\/\/neurovirtual.com\/latam\/wp-json\/wp\/v2\/media\/797445"}],"wp:attachment":[{"href":"https:\/\/neurovirtual.com\/latam\/wp-json\/wp\/v2\/media?parent=797443"}],"wp:term":[{"taxonomy":"category","embeddable":true,"href":"https:\/\/neurovirtual.com\/latam\/wp-json\/wp\/v2\/categories?post=797443"},{"taxonomy":"post_tag","embeddable":true,"href":"https:\/\/neurovirtual.com\/latam\/wp-json\/wp\/v2\/tags?post=797443"}],"curies":[{"name":"wp","href":"https:\/\/api.w.org\/{rel}","templated":true}]}}