{"id":797398,"date":"2019-06-01T18:40:30","date_gmt":"2019-06-01T21:40:30","guid":{"rendered":"https:\/\/neurovirtual.com\/latam\/?p=797398"},"modified":"2019-07-15T18:44:43","modified_gmt":"2019-07-15T21:44:43","slug":"dos-mil-especialistas-se-reunen-para-discutir-las-mejores-practicas-en-el-xii-congreso-paulista-de-neurologia","status":"publish","type":"post","link":"https:\/\/neurovirtual.com\/latam\/dos-mil-especialistas-se-reunen-para-discutir-las-mejores-practicas-en-el-xii-congreso-paulista-de-neurologia\/","title":{"rendered":"Dos mil especialistas se re\u00fanen para discutir las mejores pr\u00e1cticas en el XII Congreso Paulista de Neurolog\u00eda"},"content":{"rendered":"<p><a href=\"https:\/\/neurovirtual.com\/latam\/wp-content\/uploads\/2019\/07\/capa-congresso-paulista-de-neurologia-2019.png\"><img decoding=\"async\" class=\"aligncenter size-full wp-image-797399\" src=\"https:\/\/neurovirtual.com\/latam\/wp-content\/uploads\/2019\/07\/capa-congresso-paulista-de-neurologia-2019.png\" alt=\"capa congresso paulista de neurologia 2019\" width=\"600\" height=\"182\" srcset=\"https:\/\/neurovirtual.com\/latam\/wp-content\/uploads\/2019\/07\/capa-congresso-paulista-de-neurologia-2019.png 600w, https:\/\/neurovirtual.com\/latam\/wp-content\/uploads\/2019\/07\/capa-congresso-paulista-de-neurologia-2019-300x91.png 300w, https:\/\/neurovirtual.com\/latam\/wp-content\/uploads\/2019\/07\/capa-congresso-paulista-de-neurologia-2019-460x140.png 460w\" sizes=\"(max-width: 600px) 100vw, 600px\" \/><\/a><\/p>\n<p>\u00bfCu\u00e1l es la manera de reunir datos m\u00faltiples en busca de un criterio de valoraci\u00f3n de espectro, incluidos el diagn\u00f3stico y el tratamiento, que contribuya al crecimiento profesional de nosotros los neur\u00f3logos y que ofrezca una mejor asistencia a nuestros pacientes?&#8230; Ese fue el interrogante que condujo la programaci\u00f3n del Congreso Paulista de Neurolog\u00eda que se desarroll\u00f3 del 29 de mayo al 1 de junio de 2019 en Guaruj\u00e1 (Estado de Sao Paulo).<\/p>\n<p><a href=\"https:\/\/neurovirtual.com\/latam\/wp-content\/uploads\/2019\/07\/Congresso-paulista-de-Neurologia_2.png\"><img decoding=\"async\" class=\"aligncenter size-medium wp-image-797402\" src=\"https:\/\/neurovirtual.com\/latam\/wp-content\/uploads\/2019\/07\/Congresso-paulista-de-Neurologia_2-300x235.png\" alt=\"Congresso-paulista-de-Neurologia_2\" width=\"300\" height=\"235\" srcset=\"https:\/\/neurovirtual.com\/latam\/wp-content\/uploads\/2019\/07\/Congresso-paulista-de-Neurologia_2-300x235.png 300w, https:\/\/neurovirtual.com\/latam\/wp-content\/uploads\/2019\/07\/Congresso-paulista-de-Neurologia_2-319x250.png 319w, https:\/\/neurovirtual.com\/latam\/wp-content\/uploads\/2019\/07\/Congresso-paulista-de-Neurologia_2-434x340.png 434w, https:\/\/neurovirtual.com\/latam\/wp-content\/uploads\/2019\/07\/Congresso-paulista-de-Neurologia_2.png 1000w\" sizes=\"(max-width: 300px) 100vw, 300px\" \/><\/a><\/p>\n<p>En su d\u00e9cimo segunda versi\u00f3n, el evento reuni\u00f3 cerca de dos mil especialistas en neurolog\u00eda provenientes de todas las regiones del pa\u00eds. Neurovirtual estuvo presente en el pabell\u00f3n de expositores con un estand estrat\u00e9gicamente localizado en la zona de acceso al auditorio y aprovech\u00f3 la oportunidad para hacer un relanzamiento de la pasta MaxxiFIX con su f\u00f3rmula original. La empresa norteamericana tambi\u00e9n promocion\u00f3 sus principales equipos para electroencefalograf\u00eda: entre los cuales est\u00e1n: el BWIII EEG PLUS, el BWIII EEG, el BWMini EEG y el BWIII EEG Plus ICU, un completo equipo de monitoreo que est\u00e1 en capacidad de personalizar los protocolos para la UTI de neurolog\u00eda, trauma o video EEG\/LTM.<\/p>\n<p>Durante esta segunda participaci\u00f3n como compa\u00f1\u00eda expositora en este congreso, el estand de Neurovirtual cont\u00f3 con la presencia de m\u00e9dicos y conferencistas de renombre como la Dra. Mirian Guaranha, quien habl\u00f3 sobre la indicaci\u00f3n y la importancia de la est\u00e9reo-electroencefalograf\u00eda en las cirug\u00edas de epilepsia, y el Dr. Samir Magalh\u00e3es, quien trat\u00f3 el tema de la neuromodulaci\u00f3n. Otra de las actividades que tuvo lugar en este espacio fue el sorteo de un cup\u00f3n de descuento en la compra de un equipo por valor de cinco mil reales, otorgado a la Dra. Ana Carolina Zetehaku, neur\u00f3loga y neurofisi\u00f3loga de Sao Paulo.<\/p>\n<p>El evento alberg\u00f3 importantes espacios de debate y conversaciones con antiguos y futuros clientes sobre proyectos futuros, sobre los estudios m\u00e1s relevantes y sobre las innovaciones en el campo del diagn\u00f3stico en neurolog\u00eda. En el congreso se destacaron algunos temas, dentro de los que se encuentran: \u201cLas comorbilidades de la electroencefalograf\u00eda y la epilepsia\u201d, presentado por la Docente Eliova Zukerman; \u201cLa focalizaci\u00f3n en epilepsias generalizadas y los paroxismos generalizados en epilepsias focales: la importancia de la electroencefalograf\u00eda\u201d, conducido por el Dr. Luiz Ot\u00e1vio Caboclo; \u201cLas encefalopat\u00edas autoinmunes: diagn\u00f3stico y conducta\u201d, presentado por la Dra. Renata Barbosa Paolillo y \u201cLos pr\u00f3dromos y auras en epilepsia\u201d, tema presentado por la Dra. Elza M\u00e1rcia Yacubian.<a href=\"https:\/\/neurovirtual.com\/latam\/wp-content\/uploads\/2019\/07\/Congresso-paulista-de-Neurologia.png\"><img decoding=\"async\" class=\"aligncenter size-medium wp-image-797401\" src=\"https:\/\/neurovirtual.com\/latam\/wp-content\/uploads\/2019\/07\/Congresso-paulista-de-Neurologia-300x225.png\" alt=\"Congresso-paulista-de-Neurologia\" width=\"300\" height=\"225\" srcset=\"https:\/\/neurovirtual.com\/latam\/wp-content\/uploads\/2019\/07\/Congresso-paulista-de-Neurologia-300x225.png 300w, https:\/\/neurovirtual.com\/latam\/wp-content\/uploads\/2019\/07\/Congresso-paulista-de-Neurologia-1024x768.png 1024w, https:\/\/neurovirtual.com\/latam\/wp-content\/uploads\/2019\/07\/Congresso-paulista-de-Neurologia-333x250.png 333w, https:\/\/neurovirtual.com\/latam\/wp-content\/uploads\/2019\/07\/Congresso-paulista-de-Neurologia-453x340.png 453w, https:\/\/neurovirtual.com\/latam\/wp-content\/uploads\/2019\/07\/Congresso-paulista-de-Neurologia.png 1280w\" sizes=\"(max-width: 300px) 100vw, 300px\" \/><\/a><\/p>\n<p>Otro tema destacado del congreso fue el aplicativo de la APAN (la Asociaci\u00f3n Paulista de Neurolog\u00eda), a trav\u00e9s del cual los participantes pudieron compartir informaci\u00f3n y con el cual tienen acceso a Neurovirtual News, la publicaci\u00f3n de nuestra empresa que, en tres idiomas, presenta noticias y entrevistas e informaci\u00f3n sobre los estudios m\u00e1s recientes en las \u00e1reas de la neurolog\u00eda y de la medicina del sue\u00f1o.<\/p>\n<p><a href=\"https:\/\/neurovirtual.com\/latam\/wp-content\/uploads\/2019\/07\/Congresso-paulista-de-Neurologia_3.png\"><img decoding=\"async\" class=\"aligncenter size-medium wp-image-797403\" src=\"https:\/\/neurovirtual.com\/latam\/wp-content\/uploads\/2019\/07\/Congresso-paulista-de-Neurologia_3-300x260.png\" alt=\"Congresso-paulista-de-Neurologia_3\" width=\"300\" height=\"260\" srcset=\"https:\/\/neurovirtual.com\/latam\/wp-content\/uploads\/2019\/07\/Congresso-paulista-de-Neurologia_3-300x260.png 300w, https:\/\/neurovirtual.com\/latam\/wp-content\/uploads\/2019\/07\/Congresso-paulista-de-Neurologia_3-289x250.png 289w, https:\/\/neurovirtual.com\/latam\/wp-content\/uploads\/2019\/07\/Congresso-paulista-de-Neurologia_3-393x340.png 393w, https:\/\/neurovirtual.com\/latam\/wp-content\/uploads\/2019\/07\/Congresso-paulista-de-Neurologia_3.png 1000w\" sizes=\"(max-width: 300px) 100vw, 300px\" \/><\/a><\/p>\n<p>Durante el congreso, Ed Faria, Presidente y Director General de Neurovirtual; Sandro Senra, Director Cl\u00ednico; J\u00e9ssika Brito, Coordinadora de Mercadeo, y Alex Ribeiro, Consultor de Negocios, representaron a la compa\u00f1\u00eda.<\/p>\n","protected":false},"excerpt":{"rendered":"<p>\u00bfCu\u00e1l es la manera de reunir datos m\u00faltiples en busca de un criterio de valoraci\u00f3n de espectro, incluidos el diagn\u00f3stico y el tratamiento, que contribuya al crecimiento profesional de nosotros los neur\u00f3logos y que ofrezca una mejor asistencia a nuestros pacientes?&#8230; Ese fue el interrogante que condujo la programaci\u00f3n del Congreso Paulista de Neurolog\u00eda que&#8230;<\/p>\n","protected":false},"author":7,"featured_media":797400,"comment_status":"open","ping_status":"open","sticky":false,"template":"","format":"standard","meta":{"footnotes":"","_joinchat":[]},"categories":[7,13],"tags":[],"acf":[],"yoast_head":"<!-- This site is optimized with the Yoast SEO plugin v21.7 - https:\/\/yoast.com\/wordpress\/plugins\/seo\/ -->\n<title>Dos mil especialistas se re\u00fanen para discutir las mejores pr\u00e1cticas en el XII Congreso Paulista de Neurolog\u00eda - Neurovirtual \/ Humanizing diagnostics<\/title>\n<meta name=\"description\" content=\"%seo_description%\" \/>\n<meta name=\"robots\" content=\"index, follow, max-snippet:-1, max-image-preview:large, max-video-preview:-1\" \/>\n<link rel=\"canonical\" href=\"https:\/\/neurovirtual.com\/latam\/dos-mil-especialistas-se-reunen-para-discutir-las-mejores-practicas-en-el-xii-congreso-paulista-de-neurologia\/\" \/>\n<meta property=\"og:locale\" content=\"es_ES\" \/>\n<meta property=\"og:type\" content=\"article\" \/>\n<meta property=\"og:title\" content=\"Dos mil especialistas se re\u00fanen para discutir las mejores pr\u00e1cticas en el XII Congreso Paulista de Neurolog\u00eda - Neurovirtual \/ Humanizing diagnostics\" \/>\n<meta property=\"og:description\" content=\"%seo_description%\" \/>\n<meta property=\"og:url\" content=\"https:\/\/neurovirtual.com\/latam\/dos-mil-especialistas-se-reunen-para-discutir-las-mejores-practicas-en-el-xii-congreso-paulista-de-neurologia\/\" \/>\n<meta property=\"og:site_name\" content=\"Neurovirtual \/ Humanizing diagnostics\" \/>\n<meta property=\"article:published_time\" content=\"2019-06-01T21:40:30+00:00\" \/>\n<meta property=\"article:modified_time\" content=\"2019-07-15T21:44:43+00:00\" \/>\n<meta property=\"og:image\" content=\"https:\/\/neurovirtual.com\/latam\/wp-content\/uploads\/2019\/07\/capa-congresso-paulista-de-neurologia-2019_2.png\" \/>\n\t<meta property=\"og:image:width\" content=\"300\" \/>\n\t<meta property=\"og:image:height\" content=\"168\" \/>\n\t<meta property=\"og:image:type\" content=\"image\/png\" \/>\n<meta name=\"author\" content=\"Jessika Brito\" \/>\n<meta name=\"twitter:card\" content=\"summary_large_image\" \/>\n<meta name=\"twitter:label1\" content=\"Escrito por\" \/>\n\t<meta name=\"twitter:data1\" content=\"Jessika Brito\" \/>\n\t<meta name=\"twitter:label2\" content=\"Tiempo estimado de lectura\" \/>\n\t<meta name=\"twitter:data2\" content=\"3 minutos\" \/>\n<script type=\"application\/ld+json\" class=\"yoast-schema-graph\">{\"@context\":\"https:\/\/schema.org\",\"@graph\":[{\"@type\":\"Article\",\"@id\":\"https:\/\/neurovirtual.com\/latam\/dos-mil-especialistas-se-reunen-para-discutir-las-mejores-practicas-en-el-xii-congreso-paulista-de-neurologia\/#article\",\"isPartOf\":{\"@id\":\"https:\/\/neurovirtual.com\/latam\/dos-mil-especialistas-se-reunen-para-discutir-las-mejores-practicas-en-el-xii-congreso-paulista-de-neurologia\/\"},\"author\":{\"name\":\"Jessika Brito\",\"@id\":\"https:\/\/neurovirtual.com\/latam\/#\/schema\/person\/61c27629d3d16b3e601ef7db30001d49\"},\"headline\":\"Dos mil especialistas se re\u00fanen para discutir las mejores pr\u00e1cticas en el XII Congreso Paulista de Neurolog\u00eda\",\"datePublished\":\"2019-06-01T21:40:30+00:00\",\"dateModified\":\"2019-07-15T21:44:43+00:00\",\"mainEntityOfPage\":{\"@id\":\"https:\/\/neurovirtual.com\/latam\/dos-mil-especialistas-se-reunen-para-discutir-las-mejores-practicas-en-el-xii-congreso-paulista-de-neurologia\/\"},\"wordCount\":562,\"commentCount\":0,\"publisher\":{\"@id\":\"https:\/\/neurovirtual.com\/latam\/#organization\"},\"articleSection\":[\"Conferencias\",\"Latam\"],\"inLanguage\":\"es-CO\",\"potentialAction\":[{\"@type\":\"CommentAction\",\"name\":\"Comment\",\"target\":[\"https:\/\/neurovirtual.com\/latam\/dos-mil-especialistas-se-reunen-para-discutir-las-mejores-practicas-en-el-xii-congreso-paulista-de-neurologia\/#respond\"]}]},{\"@type\":\"WebPage\",\"@id\":\"https:\/\/neurovirtual.com\/latam\/dos-mil-especialistas-se-reunen-para-discutir-las-mejores-practicas-en-el-xii-congreso-paulista-de-neurologia\/\",\"url\":\"https:\/\/neurovirtual.com\/latam\/dos-mil-especialistas-se-reunen-para-discutir-las-mejores-practicas-en-el-xii-congreso-paulista-de-neurologia\/\",\"name\":\"Dos mil especialistas se re\u00fanen para discutir las mejores pr\u00e1cticas en el XII Congreso Paulista de Neurolog\u00eda - Neurovirtual \/ Humanizing diagnostics\",\"isPartOf\":{\"@id\":\"https:\/\/neurovirtual.com\/latam\/#website\"},\"datePublished\":\"2019-06-01T21:40:30+00:00\",\"dateModified\":\"2019-07-15T21:44:43+00:00\",\"description\":\"%seo_description%\",\"breadcrumb\":{\"@id\":\"https:\/\/neurovirtual.com\/latam\/dos-mil-especialistas-se-reunen-para-discutir-las-mejores-practicas-en-el-xii-congreso-paulista-de-neurologia\/#breadcrumb\"},\"inLanguage\":\"es-CO\",\"potentialAction\":[{\"@type\":\"ReadAction\",\"target\":[\"https:\/\/neurovirtual.com\/latam\/dos-mil-especialistas-se-reunen-para-discutir-las-mejores-practicas-en-el-xii-congreso-paulista-de-neurologia\/\"]}]},{\"@type\":\"BreadcrumbList\",\"@id\":\"https:\/\/neurovirtual.com\/latam\/dos-mil-especialistas-se-reunen-para-discutir-las-mejores-practicas-en-el-xii-congreso-paulista-de-neurologia\/#breadcrumb\",\"itemListElement\":[{\"@type\":\"ListItem\",\"position\":1,\"name\":\"Portada\",\"item\":\"https:\/\/neurovirtual.com\/latam\/\"},{\"@type\":\"ListItem\",\"position\":2,\"name\":\"Dos mil especialistas se re\u00fanen para discutir las mejores pr\u00e1cticas en el XII Congreso Paulista de Neurolog\u00eda\"}]},{\"@type\":\"WebSite\",\"@id\":\"https:\/\/neurovirtual.com\/latam\/#website\",\"url\":\"https:\/\/neurovirtual.com\/latam\/\",\"name\":\"Neurovirtual \/ Humanizing diagnostics\",\"description\":\"\",\"publisher\":{\"@id\":\"https:\/\/neurovirtual.com\/latam\/#organization\"},\"potentialAction\":[{\"@type\":\"SearchAction\",\"target\":{\"@type\":\"EntryPoint\",\"urlTemplate\":\"https:\/\/neurovirtual.com\/latam\/?s={search_term_string}\"},\"query-input\":\"required name=search_term_string\"}],\"inLanguage\":\"es-CO\"},{\"@type\":\"Organization\",\"@id\":\"https:\/\/neurovirtual.com\/latam\/#organization\",\"name\":\"Neurovirtual\",\"url\":\"https:\/\/neurovirtual.com\/latam\/\",\"logo\":{\"@type\":\"ImageObject\",\"inLanguage\":\"es-CO\",\"@id\":\"https:\/\/neurovirtual.com\/latam\/#\/schema\/logo\/image\/\",\"url\":\"https:\/\/neurovirtual.com\/latam\/wp-content\/uploads\/2023\/08\/1.-Logo-Neurovirtual-2022.png\",\"contentUrl\":\"https:\/\/neurovirtual.com\/latam\/wp-content\/uploads\/2023\/08\/1.-Logo-Neurovirtual-2022.png\",\"width\":1964,\"height\":668,\"caption\":\"Neurovirtual\"},\"image\":{\"@id\":\"https:\/\/neurovirtual.com\/latam\/#\/schema\/logo\/image\/\"}},{\"@type\":\"Person\",\"@id\":\"https:\/\/neurovirtual.com\/latam\/#\/schema\/person\/61c27629d3d16b3e601ef7db30001d49\",\"name\":\"Jessika Brito\",\"image\":{\"@type\":\"ImageObject\",\"inLanguage\":\"es-CO\",\"@id\":\"https:\/\/neurovirtual.com\/latam\/#\/schema\/person\/image\/\",\"url\":\"https:\/\/secure.gravatar.com\/avatar\/08d2f62bc8a1f215fdfebe63356acc30?s=96&d=mm&r=g\",\"contentUrl\":\"https:\/\/secure.gravatar.com\/avatar\/08d2f62bc8a1f215fdfebe63356acc30?s=96&d=mm&r=g\",\"caption\":\"Jessika Brito\"},\"url\":\"https:\/\/neurovirtual.com\/latam\/author\/brito\/\"}]}<\/script>\n<!-- \/ Yoast SEO plugin. -->","yoast_head_json":{"title":"Dos mil especialistas se re\u00fanen para discutir las mejores pr\u00e1cticas en el XII Congreso Paulista de Neurolog\u00eda - Neurovirtual \/ Humanizing diagnostics","description":"%seo_description%","robots":{"index":"index","follow":"follow","max-snippet":"max-snippet:-1","max-image-preview":"max-image-preview:large","max-video-preview":"max-video-preview:-1"},"canonical":"https:\/\/neurovirtual.com\/latam\/dos-mil-especialistas-se-reunen-para-discutir-las-mejores-practicas-en-el-xii-congreso-paulista-de-neurologia\/","og_locale":"es_ES","og_type":"article","og_title":"Dos mil especialistas se re\u00fanen para discutir las mejores pr\u00e1cticas en el XII Congreso Paulista de Neurolog\u00eda - Neurovirtual \/ Humanizing diagnostics","og_description":"%seo_description%","og_url":"https:\/\/neurovirtual.com\/latam\/dos-mil-especialistas-se-reunen-para-discutir-las-mejores-practicas-en-el-xii-congreso-paulista-de-neurologia\/","og_site_name":"Neurovirtual \/ Humanizing diagnostics","article_published_time":"2019-06-01T21:40:30+00:00","article_modified_time":"2019-07-15T21:44:43+00:00","og_image":[{"width":300,"height":168,"url":"https:\/\/neurovirtual.com\/latam\/wp-content\/uploads\/2019\/07\/capa-congresso-paulista-de-neurologia-2019_2.png","type":"image\/png"}],"author":"Jessika Brito","twitter_card":"summary_large_image","twitter_misc":{"Escrito por":"Jessika Brito","Tiempo estimado de lectura":"3 minutos"},"schema":{"@context":"https:\/\/schema.org","@graph":[{"@type":"Article","@id":"https:\/\/neurovirtual.com\/latam\/dos-mil-especialistas-se-reunen-para-discutir-las-mejores-practicas-en-el-xii-congreso-paulista-de-neurologia\/#article","isPartOf":{"@id":"https:\/\/neurovirtual.com\/latam\/dos-mil-especialistas-se-reunen-para-discutir-las-mejores-practicas-en-el-xii-congreso-paulista-de-neurologia\/"},"author":{"name":"Jessika Brito","@id":"https:\/\/neurovirtual.com\/latam\/#\/schema\/person\/61c27629d3d16b3e601ef7db30001d49"},"headline":"Dos mil especialistas se re\u00fanen para discutir las mejores pr\u00e1cticas en el XII Congreso Paulista de Neurolog\u00eda","datePublished":"2019-06-01T21:40:30+00:00","dateModified":"2019-07-15T21:44:43+00:00","mainEntityOfPage":{"@id":"https:\/\/neurovirtual.com\/latam\/dos-mil-especialistas-se-reunen-para-discutir-las-mejores-practicas-en-el-xii-congreso-paulista-de-neurologia\/"},"wordCount":562,"commentCount":0,"publisher":{"@id":"https:\/\/neurovirtual.com\/latam\/#organization"},"articleSection":["Conferencias","Latam"],"inLanguage":"es-CO","potentialAction":[{"@type":"CommentAction","name":"Comment","target":["https:\/\/neurovirtual.com\/latam\/dos-mil-especialistas-se-reunen-para-discutir-las-mejores-practicas-en-el-xii-congreso-paulista-de-neurologia\/#respond"]}]},{"@type":"WebPage","@id":"https:\/\/neurovirtual.com\/latam\/dos-mil-especialistas-se-reunen-para-discutir-las-mejores-practicas-en-el-xii-congreso-paulista-de-neurologia\/","url":"https:\/\/neurovirtual.com\/latam\/dos-mil-especialistas-se-reunen-para-discutir-las-mejores-practicas-en-el-xii-congreso-paulista-de-neurologia\/","name":"Dos mil especialistas se re\u00fanen para discutir las mejores pr\u00e1cticas en el XII Congreso Paulista de Neurolog\u00eda - Neurovirtual \/ Humanizing diagnostics","isPartOf":{"@id":"https:\/\/neurovirtual.com\/latam\/#website"},"datePublished":"2019-06-01T21:40:30+00:00","dateModified":"2019-07-15T21:44:43+00:00","description":"%seo_description%","breadcrumb":{"@id":"https:\/\/neurovirtual.com\/latam\/dos-mil-especialistas-se-reunen-para-discutir-las-mejores-practicas-en-el-xii-congreso-paulista-de-neurologia\/#breadcrumb"},"inLanguage":"es-CO","potentialAction":[{"@type":"ReadAction","target":["https:\/\/neurovirtual.com\/latam\/dos-mil-especialistas-se-reunen-para-discutir-las-mejores-practicas-en-el-xii-congreso-paulista-de-neurologia\/"]}]},{"@type":"BreadcrumbList","@id":"https:\/\/neurovirtual.com\/latam\/dos-mil-especialistas-se-reunen-para-discutir-las-mejores-practicas-en-el-xii-congreso-paulista-de-neurologia\/#breadcrumb","itemListElement":[{"@type":"ListItem","position":1,"name":"Portada","item":"https:\/\/neurovirtual.com\/latam\/"},{"@type":"ListItem","position":2,"name":"Dos mil especialistas se re\u00fanen para discutir las mejores pr\u00e1cticas en el XII Congreso Paulista de Neurolog\u00eda"}]},{"@type":"WebSite","@id":"https:\/\/neurovirtual.com\/latam\/#website","url":"https:\/\/neurovirtual.com\/latam\/","name":"Neurovirtual \/ Humanizing diagnostics","description":"","publisher":{"@id":"https:\/\/neurovirtual.com\/latam\/#organization"},"potentialAction":[{"@type":"SearchAction","target":{"@type":"EntryPoint","urlTemplate":"https:\/\/neurovirtual.com\/latam\/?s={search_term_string}"},"query-input":"required name=search_term_string"}],"inLanguage":"es-CO"},{"@type":"Organization","@id":"https:\/\/neurovirtual.com\/latam\/#organization","name":"Neurovirtual","url":"https:\/\/neurovirtual.com\/latam\/","logo":{"@type":"ImageObject","inLanguage":"es-CO","@id":"https:\/\/neurovirtual.com\/latam\/#\/schema\/logo\/image\/","url":"https:\/\/neurovirtual.com\/latam\/wp-content\/uploads\/2023\/08\/1.-Logo-Neurovirtual-2022.png","contentUrl":"https:\/\/neurovirtual.com\/latam\/wp-content\/uploads\/2023\/08\/1.-Logo-Neurovirtual-2022.png","width":1964,"height":668,"caption":"Neurovirtual"},"image":{"@id":"https:\/\/neurovirtual.com\/latam\/#\/schema\/logo\/image\/"}},{"@type":"Person","@id":"https:\/\/neurovirtual.com\/latam\/#\/schema\/person\/61c27629d3d16b3e601ef7db30001d49","name":"Jessika Brito","image":{"@type":"ImageObject","inLanguage":"es-CO","@id":"https:\/\/neurovirtual.com\/latam\/#\/schema\/person\/image\/","url":"https:\/\/secure.gravatar.com\/avatar\/08d2f62bc8a1f215fdfebe63356acc30?s=96&d=mm&r=g","contentUrl":"https:\/\/secure.gravatar.com\/avatar\/08d2f62bc8a1f215fdfebe63356acc30?s=96&d=mm&r=g","caption":"Jessika Brito"},"url":"https:\/\/neurovirtual.com\/latam\/author\/brito\/"}]}},"_links":{"self":[{"href":"https:\/\/neurovirtual.com\/latam\/wp-json\/wp\/v2\/posts\/797398"}],"collection":[{"href":"https:\/\/neurovirtual.com\/latam\/wp-json\/wp\/v2\/posts"}],"about":[{"href":"https:\/\/neurovirtual.com\/latam\/wp-json\/wp\/v2\/types\/post"}],"author":[{"embeddable":true,"href":"https:\/\/neurovirtual.com\/latam\/wp-json\/wp\/v2\/users\/7"}],"replies":[{"embeddable":true,"href":"https:\/\/neurovirtual.com\/latam\/wp-json\/wp\/v2\/comments?post=797398"}],"version-history":[{"count":1,"href":"https:\/\/neurovirtual.com\/latam\/wp-json\/wp\/v2\/posts\/797398\/revisions"}],"predecessor-version":[{"id":797404,"href":"https:\/\/neurovirtual.com\/latam\/wp-json\/wp\/v2\/posts\/797398\/revisions\/797404"}],"wp:featuredmedia":[{"embeddable":true,"href":"https:\/\/neurovirtual.com\/latam\/wp-json\/wp\/v2\/media\/797400"}],"wp:attachment":[{"href":"https:\/\/neurovirtual.com\/latam\/wp-json\/wp\/v2\/media?parent=797398"}],"wp:term":[{"taxonomy":"category","embeddable":true,"href":"https:\/\/neurovirtual.com\/latam\/wp-json\/wp\/v2\/categories?post=797398"},{"taxonomy":"post_tag","embeddable":true,"href":"https:\/\/neurovirtual.com\/latam\/wp-json\/wp\/v2\/tags?post=797398"}],"curies":[{"name":"wp","href":"https:\/\/api.w.org\/{rel}","templated":true}]}}