{"id":793303,"date":"2019-03-24T11:09:39","date_gmt":"2019-03-24T14:09:39","guid":{"rendered":"https:\/\/neurovirtual.com\/latam\/?p=793303"},"modified":"2019-04-09T11:17:07","modified_gmt":"2019-04-09T14:17:07","slug":"xiii-congreso-colombiano-de-neurologia-infantil","status":"publish","type":"post","link":"https:\/\/neurovirtual.com\/latam\/xiii-congreso-colombiano-de-neurologia-infantil\/","title":{"rendered":"XIII Congreso Colombiano de Neurolog\u00eda Infantil"},"content":{"rendered":"<p><a href=\"https:\/\/neurovirtual.com\/latam\/wp-content\/uploads\/2019\/04\/capa-2.jpg\"><img decoding=\"async\" class=\"aligncenter size-large wp-image-793305\" src=\"https:\/\/neurovirtual.com\/latam\/wp-content\/uploads\/2019\/04\/capa-2-1024x256.jpg\" alt=\"capa 2\" width=\"1024\" height=\"256\" srcset=\"https:\/\/neurovirtual.com\/latam\/wp-content\/uploads\/2019\/04\/capa-2-1024x256.jpg 1024w, https:\/\/neurovirtual.com\/latam\/wp-content\/uploads\/2019\/04\/capa-2-300x75.jpg 300w, https:\/\/neurovirtual.com\/latam\/wp-content\/uploads\/2019\/04\/capa-2-998x250.jpg 998w, https:\/\/neurovirtual.com\/latam\/wp-content\/uploads\/2019\/04\/capa-2-460x115.jpg 460w\" sizes=\"(max-width: 1024px) 100vw, 1024px\" \/><\/a><\/p>\n<p>El XIII Congreso Colombiano de Neurolog\u00eda Infantil conducido por ASCONI <em>(Asociaci\u00f3n Colombiana de Neurolog\u00eda Infantil), <\/em>tuvo lugar en Manizales, Colombia, del 22 al 24 de marzo, dicho evento logro reunir alrededor de 160 participantes entre especialistas y residentes en el \u00e1rea de Neurolog\u00eda y Neuropediatr\u00eda.<\/p>\n<p><a href=\"https:\/\/neurovirtual.com\/latam\/wp-content\/uploads\/2019\/04\/1.png\"><img decoding=\"async\" class=\"aligncenter size-medium wp-image-793306\" src=\"https:\/\/neurovirtual.com\/latam\/wp-content\/uploads\/2019\/04\/1-300x272.png\" alt=\"1\" width=\"300\" height=\"272\" srcset=\"https:\/\/neurovirtual.com\/latam\/wp-content\/uploads\/2019\/04\/1-300x272.png 300w, https:\/\/neurovirtual.com\/latam\/wp-content\/uploads\/2019\/04\/1-276x250.png 276w, https:\/\/neurovirtual.com\/latam\/wp-content\/uploads\/2019\/04\/1-375x340.png 375w, https:\/\/neurovirtual.com\/latam\/wp-content\/uploads\/2019\/04\/1.png 836w\" sizes=\"(max-width: 300px) 100vw, 300px\" \/><\/a><\/p>\n<p>Con la presencia de 21 conferencistas nacionales, quienes abordaron temas relacionados en diferentes casos cl\u00ednicos; entre ellos \u201clas enfermedades neuromusculares en ni\u00f1os\u201d. Adicional, la Dra. Lina Tavera desarrollo una presentaci\u00f3n sobre \u201cla relaci\u00f3n entre Sue\u00f1o y Neurolog\u00eda\u201d, ponderando sobre el Insomnio Cr\u00f3nico y la Polisomnograf\u00eda Ambulatoria.<\/p>\n<p>Neurovirtual sigue firme en la contribuci\u00f3n y desarrollo de estos eventos, presentado dentro del \u00e1rea comercial la l\u00ednea de equipos m\u00e9dicos de electroencefalograf\u00eda que actualmente la marca ofrece dentro del mercado. La respuesta fue positiva por parte de los participantes quienes tuvieron oportunidad interactuar con nuestro equipo comercial y resolver sus inquietudes.<\/p>\n","protected":false},"excerpt":{"rendered":"<p>El XIII Congreso Colombiano de Neurolog\u00eda Infantil conducido por ASCONI (Asociaci\u00f3n Colombiana de Neurolog\u00eda Infantil), tuvo lugar en Manizales, Colombia, del 22 al 24 de marzo, dicho evento logro reunir alrededor de 160 participantes entre especialistas y residentes en el \u00e1rea de Neurolog\u00eda y Neuropediatr\u00eda. Con la presencia de 21 conferencistas nacionales, quienes abordaron temas&#8230;<\/p>\n","protected":false},"author":7,"featured_media":793304,"comment_status":"open","ping_status":"open","sticky":false,"template":"","format":"standard","meta":{"footnotes":"","_joinchat":[]},"categories":[7,13,4],"tags":[],"acf":[],"yoast_head":"<!-- This site is optimized with the Yoast SEO plugin v21.7 - https:\/\/yoast.com\/wordpress\/plugins\/seo\/ -->\n<title>XIII Congreso Colombiano de Neurolog\u00eda Infantil - Neurovirtual \/ Humanizing diagnostics<\/title>\n<meta name=\"description\" content=\"%seo_description%\" \/>\n<meta name=\"robots\" content=\"index, follow, max-snippet:-1, max-image-preview:large, max-video-preview:-1\" \/>\n<link rel=\"canonical\" href=\"https:\/\/neurovirtual.com\/latam\/xiii-congreso-colombiano-de-neurologia-infantil\/\" \/>\n<meta property=\"og:locale\" content=\"es_ES\" \/>\n<meta property=\"og:type\" content=\"article\" \/>\n<meta property=\"og:title\" content=\"XIII Congreso Colombiano de Neurolog\u00eda Infantil - Neurovirtual \/ Humanizing diagnostics\" \/>\n<meta property=\"og:description\" content=\"%seo_description%\" \/>\n<meta property=\"og:url\" content=\"https:\/\/neurovirtual.com\/latam\/xiii-congreso-colombiano-de-neurologia-infantil\/\" \/>\n<meta property=\"og:site_name\" content=\"Neurovirtual \/ Humanizing diagnostics\" \/>\n<meta property=\"article:published_time\" content=\"2019-03-24T14:09:39+00:00\" \/>\n<meta property=\"article:modified_time\" content=\"2019-04-09T14:17:07+00:00\" \/>\n<meta property=\"og:image\" content=\"https:\/\/neurovirtual.com\/latam\/wp-content\/uploads\/2019\/04\/capa.png\" \/>\n\t<meta property=\"og:image:width\" content=\"300\" \/>\n\t<meta property=\"og:image:height\" content=\"168\" \/>\n\t<meta property=\"og:image:type\" content=\"image\/png\" \/>\n<meta name=\"author\" content=\"Jessika Brito\" \/>\n<meta name=\"twitter:card\" content=\"summary_large_image\" \/>\n<meta name=\"twitter:label1\" content=\"Escrito por\" \/>\n\t<meta name=\"twitter:data1\" content=\"Jessika Brito\" \/>\n\t<meta name=\"twitter:label2\" content=\"Tiempo estimado de lectura\" \/>\n\t<meta name=\"twitter:data2\" content=\"1 minuto\" \/>\n<script type=\"application\/ld+json\" class=\"yoast-schema-graph\">{\"@context\":\"https:\/\/schema.org\",\"@graph\":[{\"@type\":\"Article\",\"@id\":\"https:\/\/neurovirtual.com\/latam\/xiii-congreso-colombiano-de-neurologia-infantil\/#article\",\"isPartOf\":{\"@id\":\"https:\/\/neurovirtual.com\/latam\/xiii-congreso-colombiano-de-neurologia-infantil\/\"},\"author\":{\"name\":\"Jessika Brito\",\"@id\":\"https:\/\/neurovirtual.com\/latam\/#\/schema\/person\/61c27629d3d16b3e601ef7db30001d49\"},\"headline\":\"XIII Congreso Colombiano de Neurolog\u00eda Infantil\",\"datePublished\":\"2019-03-24T14:09:39+00:00\",\"dateModified\":\"2019-04-09T14:17:07+00:00\",\"mainEntityOfPage\":{\"@id\":\"https:\/\/neurovirtual.com\/latam\/xiii-congreso-colombiano-de-neurologia-infantil\/\"},\"wordCount\":163,\"commentCount\":0,\"publisher\":{\"@id\":\"https:\/\/neurovirtual.com\/latam\/#organization\"},\"articleSection\":[\"Conferencias\",\"Latam\",\"Novedades\"],\"inLanguage\":\"es-CO\",\"potentialAction\":[{\"@type\":\"CommentAction\",\"name\":\"Comment\",\"target\":[\"https:\/\/neurovirtual.com\/latam\/xiii-congreso-colombiano-de-neurologia-infantil\/#respond\"]}]},{\"@type\":\"WebPage\",\"@id\":\"https:\/\/neurovirtual.com\/latam\/xiii-congreso-colombiano-de-neurologia-infantil\/\",\"url\":\"https:\/\/neurovirtual.com\/latam\/xiii-congreso-colombiano-de-neurologia-infantil\/\",\"name\":\"XIII Congreso Colombiano de Neurolog\u00eda Infantil - Neurovirtual \/ Humanizing diagnostics\",\"isPartOf\":{\"@id\":\"https:\/\/neurovirtual.com\/latam\/#website\"},\"datePublished\":\"2019-03-24T14:09:39+00:00\",\"dateModified\":\"2019-04-09T14:17:07+00:00\",\"description\":\"%seo_description%\",\"breadcrumb\":{\"@id\":\"https:\/\/neurovirtual.com\/latam\/xiii-congreso-colombiano-de-neurologia-infantil\/#breadcrumb\"},\"inLanguage\":\"es-CO\",\"potentialAction\":[{\"@type\":\"ReadAction\",\"target\":[\"https:\/\/neurovirtual.com\/latam\/xiii-congreso-colombiano-de-neurologia-infantil\/\"]}]},{\"@type\":\"BreadcrumbList\",\"@id\":\"https:\/\/neurovirtual.com\/latam\/xiii-congreso-colombiano-de-neurologia-infantil\/#breadcrumb\",\"itemListElement\":[{\"@type\":\"ListItem\",\"position\":1,\"name\":\"Portada\",\"item\":\"https:\/\/neurovirtual.com\/latam\/\"},{\"@type\":\"ListItem\",\"position\":2,\"name\":\"XIII Congreso Colombiano de Neurolog\u00eda Infantil\"}]},{\"@type\":\"WebSite\",\"@id\":\"https:\/\/neurovirtual.com\/latam\/#website\",\"url\":\"https:\/\/neurovirtual.com\/latam\/\",\"name\":\"Neurovirtual \/ Humanizing diagnostics\",\"description\":\"\",\"publisher\":{\"@id\":\"https:\/\/neurovirtual.com\/latam\/#organization\"},\"potentialAction\":[{\"@type\":\"SearchAction\",\"target\":{\"@type\":\"EntryPoint\",\"urlTemplate\":\"https:\/\/neurovirtual.com\/latam\/?s={search_term_string}\"},\"query-input\":\"required name=search_term_string\"}],\"inLanguage\":\"es-CO\"},{\"@type\":\"Organization\",\"@id\":\"https:\/\/neurovirtual.com\/latam\/#organization\",\"name\":\"Neurovirtual\",\"url\":\"https:\/\/neurovirtual.com\/latam\/\",\"logo\":{\"@type\":\"ImageObject\",\"inLanguage\":\"es-CO\",\"@id\":\"https:\/\/neurovirtual.com\/latam\/#\/schema\/logo\/image\/\",\"url\":\"https:\/\/neurovirtual.com\/latam\/wp-content\/uploads\/2023\/08\/1.-Logo-Neurovirtual-2022.png\",\"contentUrl\":\"https:\/\/neurovirtual.com\/latam\/wp-content\/uploads\/2023\/08\/1.-Logo-Neurovirtual-2022.png\",\"width\":1964,\"height\":668,\"caption\":\"Neurovirtual\"},\"image\":{\"@id\":\"https:\/\/neurovirtual.com\/latam\/#\/schema\/logo\/image\/\"}},{\"@type\":\"Person\",\"@id\":\"https:\/\/neurovirtual.com\/latam\/#\/schema\/person\/61c27629d3d16b3e601ef7db30001d49\",\"name\":\"Jessika Brito\",\"image\":{\"@type\":\"ImageObject\",\"inLanguage\":\"es-CO\",\"@id\":\"https:\/\/neurovirtual.com\/latam\/#\/schema\/person\/image\/\",\"url\":\"https:\/\/secure.gravatar.com\/avatar\/08d2f62bc8a1f215fdfebe63356acc30?s=96&d=mm&r=g\",\"contentUrl\":\"https:\/\/secure.gravatar.com\/avatar\/08d2f62bc8a1f215fdfebe63356acc30?s=96&d=mm&r=g\",\"caption\":\"Jessika Brito\"},\"url\":\"https:\/\/neurovirtual.com\/latam\/author\/brito\/\"}]}<\/script>\n<!-- \/ Yoast SEO plugin. -->","yoast_head_json":{"title":"XIII Congreso Colombiano de Neurolog\u00eda Infantil - Neurovirtual \/ Humanizing diagnostics","description":"%seo_description%","robots":{"index":"index","follow":"follow","max-snippet":"max-snippet:-1","max-image-preview":"max-image-preview:large","max-video-preview":"max-video-preview:-1"},"canonical":"https:\/\/neurovirtual.com\/latam\/xiii-congreso-colombiano-de-neurologia-infantil\/","og_locale":"es_ES","og_type":"article","og_title":"XIII Congreso Colombiano de Neurolog\u00eda Infantil - Neurovirtual \/ Humanizing diagnostics","og_description":"%seo_description%","og_url":"https:\/\/neurovirtual.com\/latam\/xiii-congreso-colombiano-de-neurologia-infantil\/","og_site_name":"Neurovirtual \/ Humanizing diagnostics","article_published_time":"2019-03-24T14:09:39+00:00","article_modified_time":"2019-04-09T14:17:07+00:00","og_image":[{"width":300,"height":168,"url":"https:\/\/neurovirtual.com\/latam\/wp-content\/uploads\/2019\/04\/capa.png","type":"image\/png"}],"author":"Jessika Brito","twitter_card":"summary_large_image","twitter_misc":{"Escrito por":"Jessika Brito","Tiempo estimado de lectura":"1 minuto"},"schema":{"@context":"https:\/\/schema.org","@graph":[{"@type":"Article","@id":"https:\/\/neurovirtual.com\/latam\/xiii-congreso-colombiano-de-neurologia-infantil\/#article","isPartOf":{"@id":"https:\/\/neurovirtual.com\/latam\/xiii-congreso-colombiano-de-neurologia-infantil\/"},"author":{"name":"Jessika Brito","@id":"https:\/\/neurovirtual.com\/latam\/#\/schema\/person\/61c27629d3d16b3e601ef7db30001d49"},"headline":"XIII Congreso Colombiano de Neurolog\u00eda Infantil","datePublished":"2019-03-24T14:09:39+00:00","dateModified":"2019-04-09T14:17:07+00:00","mainEntityOfPage":{"@id":"https:\/\/neurovirtual.com\/latam\/xiii-congreso-colombiano-de-neurologia-infantil\/"},"wordCount":163,"commentCount":0,"publisher":{"@id":"https:\/\/neurovirtual.com\/latam\/#organization"},"articleSection":["Conferencias","Latam","Novedades"],"inLanguage":"es-CO","potentialAction":[{"@type":"CommentAction","name":"Comment","target":["https:\/\/neurovirtual.com\/latam\/xiii-congreso-colombiano-de-neurologia-infantil\/#respond"]}]},{"@type":"WebPage","@id":"https:\/\/neurovirtual.com\/latam\/xiii-congreso-colombiano-de-neurologia-infantil\/","url":"https:\/\/neurovirtual.com\/latam\/xiii-congreso-colombiano-de-neurologia-infantil\/","name":"XIII Congreso Colombiano de Neurolog\u00eda Infantil - Neurovirtual \/ Humanizing diagnostics","isPartOf":{"@id":"https:\/\/neurovirtual.com\/latam\/#website"},"datePublished":"2019-03-24T14:09:39+00:00","dateModified":"2019-04-09T14:17:07+00:00","description":"%seo_description%","breadcrumb":{"@id":"https:\/\/neurovirtual.com\/latam\/xiii-congreso-colombiano-de-neurologia-infantil\/#breadcrumb"},"inLanguage":"es-CO","potentialAction":[{"@type":"ReadAction","target":["https:\/\/neurovirtual.com\/latam\/xiii-congreso-colombiano-de-neurologia-infantil\/"]}]},{"@type":"BreadcrumbList","@id":"https:\/\/neurovirtual.com\/latam\/xiii-congreso-colombiano-de-neurologia-infantil\/#breadcrumb","itemListElement":[{"@type":"ListItem","position":1,"name":"Portada","item":"https:\/\/neurovirtual.com\/latam\/"},{"@type":"ListItem","position":2,"name":"XIII Congreso Colombiano de Neurolog\u00eda Infantil"}]},{"@type":"WebSite","@id":"https:\/\/neurovirtual.com\/latam\/#website","url":"https:\/\/neurovirtual.com\/latam\/","name":"Neurovirtual \/ Humanizing diagnostics","description":"","publisher":{"@id":"https:\/\/neurovirtual.com\/latam\/#organization"},"potentialAction":[{"@type":"SearchAction","target":{"@type":"EntryPoint","urlTemplate":"https:\/\/neurovirtual.com\/latam\/?s={search_term_string}"},"query-input":"required name=search_term_string"}],"inLanguage":"es-CO"},{"@type":"Organization","@id":"https:\/\/neurovirtual.com\/latam\/#organization","name":"Neurovirtual","url":"https:\/\/neurovirtual.com\/latam\/","logo":{"@type":"ImageObject","inLanguage":"es-CO","@id":"https:\/\/neurovirtual.com\/latam\/#\/schema\/logo\/image\/","url":"https:\/\/neurovirtual.com\/latam\/wp-content\/uploads\/2023\/08\/1.-Logo-Neurovirtual-2022.png","contentUrl":"https:\/\/neurovirtual.com\/latam\/wp-content\/uploads\/2023\/08\/1.-Logo-Neurovirtual-2022.png","width":1964,"height":668,"caption":"Neurovirtual"},"image":{"@id":"https:\/\/neurovirtual.com\/latam\/#\/schema\/logo\/image\/"}},{"@type":"Person","@id":"https:\/\/neurovirtual.com\/latam\/#\/schema\/person\/61c27629d3d16b3e601ef7db30001d49","name":"Jessika Brito","image":{"@type":"ImageObject","inLanguage":"es-CO","@id":"https:\/\/neurovirtual.com\/latam\/#\/schema\/person\/image\/","url":"https:\/\/secure.gravatar.com\/avatar\/08d2f62bc8a1f215fdfebe63356acc30?s=96&d=mm&r=g","contentUrl":"https:\/\/secure.gravatar.com\/avatar\/08d2f62bc8a1f215fdfebe63356acc30?s=96&d=mm&r=g","caption":"Jessika Brito"},"url":"https:\/\/neurovirtual.com\/latam\/author\/brito\/"}]}},"_links":{"self":[{"href":"https:\/\/neurovirtual.com\/latam\/wp-json\/wp\/v2\/posts\/793303"}],"collection":[{"href":"https:\/\/neurovirtual.com\/latam\/wp-json\/wp\/v2\/posts"}],"about":[{"href":"https:\/\/neurovirtual.com\/latam\/wp-json\/wp\/v2\/types\/post"}],"author":[{"embeddable":true,"href":"https:\/\/neurovirtual.com\/latam\/wp-json\/wp\/v2\/users\/7"}],"replies":[{"embeddable":true,"href":"https:\/\/neurovirtual.com\/latam\/wp-json\/wp\/v2\/comments?post=793303"}],"version-history":[{"count":1,"href":"https:\/\/neurovirtual.com\/latam\/wp-json\/wp\/v2\/posts\/793303\/revisions"}],"predecessor-version":[{"id":793307,"href":"https:\/\/neurovirtual.com\/latam\/wp-json\/wp\/v2\/posts\/793303\/revisions\/793307"}],"wp:featuredmedia":[{"embeddable":true,"href":"https:\/\/neurovirtual.com\/latam\/wp-json\/wp\/v2\/media\/793304"}],"wp:attachment":[{"href":"https:\/\/neurovirtual.com\/latam\/wp-json\/wp\/v2\/media?parent=793303"}],"wp:term":[{"taxonomy":"category","embeddable":true,"href":"https:\/\/neurovirtual.com\/latam\/wp-json\/wp\/v2\/categories?post=793303"},{"taxonomy":"post_tag","embeddable":true,"href":"https:\/\/neurovirtual.com\/latam\/wp-json\/wp\/v2\/tags?post=793303"}],"curies":[{"name":"wp","href":"https:\/\/api.w.org\/{rel}","templated":true}]}}