{"id":793040,"date":"2018-12-01T13:04:15","date_gmt":"2018-12-01T15:04:15","guid":{"rendered":"https:\/\/neurovirtual.com\/latam\/?p=793040"},"modified":"2019-03-28T17:31:28","modified_gmt":"2019-03-28T20:31:28","slug":"congreso-brasileno-del-sueno-en-sao-paulo","status":"publish","type":"post","link":"https:\/\/neurovirtual.com\/latam\/congreso-brasileno-del-sueno-en-sao-paulo\/","title":{"rendered":"Congreso Brasile\u00f1o del Sue\u00f1o en S\u00e3o Paulo"},"content":{"rendered":"<p><a href=\"https:\/\/neurovirtual.com\/latam\/wp-content\/uploads\/2019\/01\/top-site_1.png\"><img decoding=\"async\" class=\"aligncenter size-large wp-image-793043\" src=\"https:\/\/neurovirtual.com\/latam\/wp-content\/uploads\/2019\/01\/top-site_1-1024x287.png\" alt=\"top site_1\" width=\"1024\" height=\"287\" srcset=\"https:\/\/neurovirtual.com\/latam\/wp-content\/uploads\/2019\/01\/top-site_1-1024x287.png 1024w, https:\/\/neurovirtual.com\/latam\/wp-content\/uploads\/2019\/01\/top-site_1-300x84.png 300w, https:\/\/neurovirtual.com\/latam\/wp-content\/uploads\/2019\/01\/top-site_1-892x250.png 892w, https:\/\/neurovirtual.com\/latam\/wp-content\/uploads\/2019\/01\/top-site_1-460x129.png 460w, https:\/\/neurovirtual.com\/latam\/wp-content\/uploads\/2019\/01\/top-site_1.png 1541w\" sizes=\"(max-width: 1024px) 100vw, 1024px\" \/><\/a><\/p>\n<p>El Congreso Brasile\u00f1o del Sue\u00f1o se desarroll\u00f3 del 30 de noviembre al 1 de diciembre, tomando como sede el Centro de Convenciones Frei Caneca, en la ciudad de S\u00e3o Paulo. El evento fue realizado por tres sociedades aliadas: Asociaci\u00f3n Brasile\u00f1a del Sue\u00f1o (ABS), Asociaci\u00f3n Brasile\u00f1a de Odontolog\u00eda del Sue\u00f1o (ABROS) y Asociaci\u00f3n Brasile\u00f1a de Medicina del Sue\u00f1o (ABMS).<\/p>\n<p><a href=\"https:\/\/neurovirtual.com\/latam\/wp-content\/uploads\/2019\/01\/congresso-brasileiro-do-sono.png\"><img decoding=\"async\" class=\"aligncenter size-medium wp-image-793042\" src=\"https:\/\/neurovirtual.com\/latam\/wp-content\/uploads\/2019\/01\/congresso-brasileiro-do-sono-254x300.png\" alt=\"congresso brasileiro do sono\" width=\"254\" height=\"300\" srcset=\"https:\/\/neurovirtual.com\/latam\/wp-content\/uploads\/2019\/01\/congresso-brasileiro-do-sono-254x300.png 254w, https:\/\/neurovirtual.com\/latam\/wp-content\/uploads\/2019\/01\/congresso-brasileiro-do-sono-211x250.png 211w, https:\/\/neurovirtual.com\/latam\/wp-content\/uploads\/2019\/01\/congresso-brasileiro-do-sono-288x340.png 288w, https:\/\/neurovirtual.com\/latam\/wp-content\/uploads\/2019\/01\/congresso-brasileiro-do-sono.png 768w\" sizes=\"(max-width: 254px) 100vw, 254px\" \/><\/a><\/p>\n<p>La din\u00e1mica consisti\u00f3 en salas multidisciplinarias, ofreciendo una visi\u00f3n actualizada de las novedades del mundo del sue\u00f1o. El equipo directivo del congreso fue formado por la presidenta, Claudia Roberta de C. Moreno (Directora Cient\u00edfica), Andrea Bacelar (presidenta de la ABS), Fernanda Martinho Haddad (presidenta de la ABMS) y Marco Antonio C. Machado (presidente de la ABROS). Destacando la participaci\u00f3n de diversos expositores nacionales e internacionales, como el Dr. Ferran Barb\u00e9 (Espa\u00f1a), Dr. Daniel Cardinali (Argentina), Dr. Gottard D. Tribl (\u00c1ustria) y Dr. Daniel P\u00e9rez Chada (Argentina); quienes debatieron temas como: crono medicina, \u00bfc\u00f3mo diagnosticar la apnea del sue\u00f1o?, aplicaci\u00f3n cl\u00ednica de la actigraf\u00eda, la influencia de los fenotipos de la AOS en la elecci\u00f3n del tratamiento, etc.<\/p>\n<p>Neurovirtual estuvo presente en el evento y tuvo la oportunidad de presentar la l\u00ednea de equipos que actualmente comercializa en el \u00e1rea de sue\u00f1o, como el equipo <strong>BWMini PSG<\/strong> y <strong>BWIII PSG Plus<\/strong>; el <strong>BWMini PSG<\/strong> es un equipo compacto, que realiza estudios de PSG Tipo I, II, III y IV. \u00a0El BWIII PSG Plus, por su parte tiene chequeo directo de impedancia del amplificador incorporado al cabezal.<\/p>\n<p>Estamos agradecidos de formar parte de este evento que sin duda alguna, nos ha permitido conocer m\u00e1s las necesidades de nuestros clientes.<\/p>\n","protected":false},"excerpt":{"rendered":"<p>El Congreso Brasile\u00f1o del Sue\u00f1o se desarroll\u00f3 del 30 de noviembre al 1 de diciembre, tomando como sede el Centro de Convenciones Frei Caneca, en la ciudad de S\u00e3o Paulo. El evento fue realizado por tres sociedades aliadas: Asociaci\u00f3n Brasile\u00f1a del Sue\u00f1o (ABS), Asociaci\u00f3n Brasile\u00f1a de Odontolog\u00eda del Sue\u00f1o (ABROS) y Asociaci\u00f3n Brasile\u00f1a de Medicina&#8230;<\/p>\n","protected":false},"author":7,"featured_media":793041,"comment_status":"open","ping_status":"open","sticky":false,"template":"","format":"standard","meta":{"footnotes":"","_joinchat":[]},"categories":[7,8,13],"tags":[],"acf":[],"yoast_head":"<!-- This site is optimized with the Yoast SEO plugin v21.7 - https:\/\/yoast.com\/wordpress\/plugins\/seo\/ -->\n<title>Congreso Brasile\u00f1o del Sue\u00f1o en S\u00e3o Paulo - Neurovirtual \/ Humanizing diagnostics<\/title>\n<meta name=\"description\" content=\"%seo_description%\" \/>\n<meta name=\"robots\" content=\"index, follow, max-snippet:-1, max-image-preview:large, max-video-preview:-1\" \/>\n<link rel=\"canonical\" href=\"https:\/\/neurovirtual.com\/latam\/congreso-brasileno-del-sueno-en-sao-paulo\/\" \/>\n<meta property=\"og:locale\" content=\"es_ES\" \/>\n<meta property=\"og:type\" content=\"article\" \/>\n<meta property=\"og:title\" content=\"Congreso Brasile\u00f1o del Sue\u00f1o en S\u00e3o Paulo - Neurovirtual \/ Humanizing diagnostics\" \/>\n<meta property=\"og:description\" content=\"%seo_description%\" \/>\n<meta property=\"og:url\" content=\"https:\/\/neurovirtual.com\/latam\/congreso-brasileno-del-sueno-en-sao-paulo\/\" \/>\n<meta property=\"og:site_name\" content=\"Neurovirtual \/ Humanizing diagnostics\" \/>\n<meta property=\"article:published_time\" content=\"2018-12-01T15:04:15+00:00\" \/>\n<meta property=\"article:modified_time\" content=\"2019-03-28T20:31:28+00:00\" \/>\n<meta property=\"og:image\" content=\"https:\/\/neurovirtual.com\/latam\/wp-content\/uploads\/2019\/01\/capa-congresso-do-sono.jpg\" \/>\n\t<meta property=\"og:image:width\" content=\"300\" \/>\n\t<meta property=\"og:image:height\" content=\"168\" \/>\n\t<meta property=\"og:image:type\" content=\"image\/jpeg\" \/>\n<meta name=\"author\" content=\"Jessika Brito\" \/>\n<meta name=\"twitter:card\" content=\"summary_large_image\" \/>\n<meta name=\"twitter:label1\" content=\"Escrito por\" \/>\n\t<meta name=\"twitter:data1\" content=\"Jessika Brito\" \/>\n\t<meta name=\"twitter:label2\" content=\"Tiempo estimado de lectura\" \/>\n\t<meta name=\"twitter:data2\" content=\"1 minuto\" \/>\n<script type=\"application\/ld+json\" class=\"yoast-schema-graph\">{\"@context\":\"https:\/\/schema.org\",\"@graph\":[{\"@type\":\"Article\",\"@id\":\"https:\/\/neurovirtual.com\/latam\/congreso-brasileno-del-sueno-en-sao-paulo\/#article\",\"isPartOf\":{\"@id\":\"https:\/\/neurovirtual.com\/latam\/congreso-brasileno-del-sueno-en-sao-paulo\/\"},\"author\":{\"name\":\"Jessika Brito\",\"@id\":\"https:\/\/neurovirtual.com\/latam\/#\/schema\/person\/61c27629d3d16b3e601ef7db30001d49\"},\"headline\":\"Congreso Brasile\u00f1o del Sue\u00f1o en S\u00e3o Paulo\",\"datePublished\":\"2018-12-01T15:04:15+00:00\",\"dateModified\":\"2019-03-28T20:31:28+00:00\",\"mainEntityOfPage\":{\"@id\":\"https:\/\/neurovirtual.com\/latam\/congreso-brasileno-del-sueno-en-sao-paulo\/\"},\"wordCount\":302,\"commentCount\":0,\"publisher\":{\"@id\":\"https:\/\/neurovirtual.com\/latam\/#organization\"},\"articleSection\":[\"Conferencias\",\"Internacional\",\"Latam\"],\"inLanguage\":\"es-CO\",\"potentialAction\":[{\"@type\":\"CommentAction\",\"name\":\"Comment\",\"target\":[\"https:\/\/neurovirtual.com\/latam\/congreso-brasileno-del-sueno-en-sao-paulo\/#respond\"]}]},{\"@type\":\"WebPage\",\"@id\":\"https:\/\/neurovirtual.com\/latam\/congreso-brasileno-del-sueno-en-sao-paulo\/\",\"url\":\"https:\/\/neurovirtual.com\/latam\/congreso-brasileno-del-sueno-en-sao-paulo\/\",\"name\":\"Congreso Brasile\u00f1o del Sue\u00f1o en S\u00e3o Paulo - Neurovirtual \/ Humanizing diagnostics\",\"isPartOf\":{\"@id\":\"https:\/\/neurovirtual.com\/latam\/#website\"},\"datePublished\":\"2018-12-01T15:04:15+00:00\",\"dateModified\":\"2019-03-28T20:31:28+00:00\",\"description\":\"%seo_description%\",\"breadcrumb\":{\"@id\":\"https:\/\/neurovirtual.com\/latam\/congreso-brasileno-del-sueno-en-sao-paulo\/#breadcrumb\"},\"inLanguage\":\"es-CO\",\"potentialAction\":[{\"@type\":\"ReadAction\",\"target\":[\"https:\/\/neurovirtual.com\/latam\/congreso-brasileno-del-sueno-en-sao-paulo\/\"]}]},{\"@type\":\"BreadcrumbList\",\"@id\":\"https:\/\/neurovirtual.com\/latam\/congreso-brasileno-del-sueno-en-sao-paulo\/#breadcrumb\",\"itemListElement\":[{\"@type\":\"ListItem\",\"position\":1,\"name\":\"Portada\",\"item\":\"https:\/\/neurovirtual.com\/latam\/\"},{\"@type\":\"ListItem\",\"position\":2,\"name\":\"Congreso Brasile\u00f1o del Sue\u00f1o en S\u00e3o Paulo\"}]},{\"@type\":\"WebSite\",\"@id\":\"https:\/\/neurovirtual.com\/latam\/#website\",\"url\":\"https:\/\/neurovirtual.com\/latam\/\",\"name\":\"Neurovirtual \/ Humanizing diagnostics\",\"description\":\"\",\"publisher\":{\"@id\":\"https:\/\/neurovirtual.com\/latam\/#organization\"},\"potentialAction\":[{\"@type\":\"SearchAction\",\"target\":{\"@type\":\"EntryPoint\",\"urlTemplate\":\"https:\/\/neurovirtual.com\/latam\/?s={search_term_string}\"},\"query-input\":\"required name=search_term_string\"}],\"inLanguage\":\"es-CO\"},{\"@type\":\"Organization\",\"@id\":\"https:\/\/neurovirtual.com\/latam\/#organization\",\"name\":\"Neurovirtual\",\"url\":\"https:\/\/neurovirtual.com\/latam\/\",\"logo\":{\"@type\":\"ImageObject\",\"inLanguage\":\"es-CO\",\"@id\":\"https:\/\/neurovirtual.com\/latam\/#\/schema\/logo\/image\/\",\"url\":\"https:\/\/neurovirtual.com\/latam\/wp-content\/uploads\/2023\/08\/1.-Logo-Neurovirtual-2022.png\",\"contentUrl\":\"https:\/\/neurovirtual.com\/latam\/wp-content\/uploads\/2023\/08\/1.-Logo-Neurovirtual-2022.png\",\"width\":1964,\"height\":668,\"caption\":\"Neurovirtual\"},\"image\":{\"@id\":\"https:\/\/neurovirtual.com\/latam\/#\/schema\/logo\/image\/\"}},{\"@type\":\"Person\",\"@id\":\"https:\/\/neurovirtual.com\/latam\/#\/schema\/person\/61c27629d3d16b3e601ef7db30001d49\",\"name\":\"Jessika Brito\",\"image\":{\"@type\":\"ImageObject\",\"inLanguage\":\"es-CO\",\"@id\":\"https:\/\/neurovirtual.com\/latam\/#\/schema\/person\/image\/\",\"url\":\"https:\/\/secure.gravatar.com\/avatar\/08d2f62bc8a1f215fdfebe63356acc30?s=96&d=mm&r=g\",\"contentUrl\":\"https:\/\/secure.gravatar.com\/avatar\/08d2f62bc8a1f215fdfebe63356acc30?s=96&d=mm&r=g\",\"caption\":\"Jessika Brito\"},\"url\":\"https:\/\/neurovirtual.com\/latam\/author\/brito\/\"}]}<\/script>\n<!-- \/ Yoast SEO plugin. -->","yoast_head_json":{"title":"Congreso Brasile\u00f1o del Sue\u00f1o en S\u00e3o Paulo - Neurovirtual \/ Humanizing diagnostics","description":"%seo_description%","robots":{"index":"index","follow":"follow","max-snippet":"max-snippet:-1","max-image-preview":"max-image-preview:large","max-video-preview":"max-video-preview:-1"},"canonical":"https:\/\/neurovirtual.com\/latam\/congreso-brasileno-del-sueno-en-sao-paulo\/","og_locale":"es_ES","og_type":"article","og_title":"Congreso Brasile\u00f1o del Sue\u00f1o en S\u00e3o Paulo - Neurovirtual \/ Humanizing diagnostics","og_description":"%seo_description%","og_url":"https:\/\/neurovirtual.com\/latam\/congreso-brasileno-del-sueno-en-sao-paulo\/","og_site_name":"Neurovirtual \/ Humanizing diagnostics","article_published_time":"2018-12-01T15:04:15+00:00","article_modified_time":"2019-03-28T20:31:28+00:00","og_image":[{"width":300,"height":168,"url":"https:\/\/neurovirtual.com\/latam\/wp-content\/uploads\/2019\/01\/capa-congresso-do-sono.jpg","type":"image\/jpeg"}],"author":"Jessika Brito","twitter_card":"summary_large_image","twitter_misc":{"Escrito por":"Jessika Brito","Tiempo estimado de lectura":"1 minuto"},"schema":{"@context":"https:\/\/schema.org","@graph":[{"@type":"Article","@id":"https:\/\/neurovirtual.com\/latam\/congreso-brasileno-del-sueno-en-sao-paulo\/#article","isPartOf":{"@id":"https:\/\/neurovirtual.com\/latam\/congreso-brasileno-del-sueno-en-sao-paulo\/"},"author":{"name":"Jessika Brito","@id":"https:\/\/neurovirtual.com\/latam\/#\/schema\/person\/61c27629d3d16b3e601ef7db30001d49"},"headline":"Congreso Brasile\u00f1o del Sue\u00f1o en S\u00e3o Paulo","datePublished":"2018-12-01T15:04:15+00:00","dateModified":"2019-03-28T20:31:28+00:00","mainEntityOfPage":{"@id":"https:\/\/neurovirtual.com\/latam\/congreso-brasileno-del-sueno-en-sao-paulo\/"},"wordCount":302,"commentCount":0,"publisher":{"@id":"https:\/\/neurovirtual.com\/latam\/#organization"},"articleSection":["Conferencias","Internacional","Latam"],"inLanguage":"es-CO","potentialAction":[{"@type":"CommentAction","name":"Comment","target":["https:\/\/neurovirtual.com\/latam\/congreso-brasileno-del-sueno-en-sao-paulo\/#respond"]}]},{"@type":"WebPage","@id":"https:\/\/neurovirtual.com\/latam\/congreso-brasileno-del-sueno-en-sao-paulo\/","url":"https:\/\/neurovirtual.com\/latam\/congreso-brasileno-del-sueno-en-sao-paulo\/","name":"Congreso Brasile\u00f1o del Sue\u00f1o en S\u00e3o Paulo - Neurovirtual \/ Humanizing diagnostics","isPartOf":{"@id":"https:\/\/neurovirtual.com\/latam\/#website"},"datePublished":"2018-12-01T15:04:15+00:00","dateModified":"2019-03-28T20:31:28+00:00","description":"%seo_description%","breadcrumb":{"@id":"https:\/\/neurovirtual.com\/latam\/congreso-brasileno-del-sueno-en-sao-paulo\/#breadcrumb"},"inLanguage":"es-CO","potentialAction":[{"@type":"ReadAction","target":["https:\/\/neurovirtual.com\/latam\/congreso-brasileno-del-sueno-en-sao-paulo\/"]}]},{"@type":"BreadcrumbList","@id":"https:\/\/neurovirtual.com\/latam\/congreso-brasileno-del-sueno-en-sao-paulo\/#breadcrumb","itemListElement":[{"@type":"ListItem","position":1,"name":"Portada","item":"https:\/\/neurovirtual.com\/latam\/"},{"@type":"ListItem","position":2,"name":"Congreso Brasile\u00f1o del Sue\u00f1o en S\u00e3o Paulo"}]},{"@type":"WebSite","@id":"https:\/\/neurovirtual.com\/latam\/#website","url":"https:\/\/neurovirtual.com\/latam\/","name":"Neurovirtual \/ Humanizing diagnostics","description":"","publisher":{"@id":"https:\/\/neurovirtual.com\/latam\/#organization"},"potentialAction":[{"@type":"SearchAction","target":{"@type":"EntryPoint","urlTemplate":"https:\/\/neurovirtual.com\/latam\/?s={search_term_string}"},"query-input":"required name=search_term_string"}],"inLanguage":"es-CO"},{"@type":"Organization","@id":"https:\/\/neurovirtual.com\/latam\/#organization","name":"Neurovirtual","url":"https:\/\/neurovirtual.com\/latam\/","logo":{"@type":"ImageObject","inLanguage":"es-CO","@id":"https:\/\/neurovirtual.com\/latam\/#\/schema\/logo\/image\/","url":"https:\/\/neurovirtual.com\/latam\/wp-content\/uploads\/2023\/08\/1.-Logo-Neurovirtual-2022.png","contentUrl":"https:\/\/neurovirtual.com\/latam\/wp-content\/uploads\/2023\/08\/1.-Logo-Neurovirtual-2022.png","width":1964,"height":668,"caption":"Neurovirtual"},"image":{"@id":"https:\/\/neurovirtual.com\/latam\/#\/schema\/logo\/image\/"}},{"@type":"Person","@id":"https:\/\/neurovirtual.com\/latam\/#\/schema\/person\/61c27629d3d16b3e601ef7db30001d49","name":"Jessika Brito","image":{"@type":"ImageObject","inLanguage":"es-CO","@id":"https:\/\/neurovirtual.com\/latam\/#\/schema\/person\/image\/","url":"https:\/\/secure.gravatar.com\/avatar\/08d2f62bc8a1f215fdfebe63356acc30?s=96&d=mm&r=g","contentUrl":"https:\/\/secure.gravatar.com\/avatar\/08d2f62bc8a1f215fdfebe63356acc30?s=96&d=mm&r=g","caption":"Jessika Brito"},"url":"https:\/\/neurovirtual.com\/latam\/author\/brito\/"}]}},"_links":{"self":[{"href":"https:\/\/neurovirtual.com\/latam\/wp-json\/wp\/v2\/posts\/793040"}],"collection":[{"href":"https:\/\/neurovirtual.com\/latam\/wp-json\/wp\/v2\/posts"}],"about":[{"href":"https:\/\/neurovirtual.com\/latam\/wp-json\/wp\/v2\/types\/post"}],"author":[{"embeddable":true,"href":"https:\/\/neurovirtual.com\/latam\/wp-json\/wp\/v2\/users\/7"}],"replies":[{"embeddable":true,"href":"https:\/\/neurovirtual.com\/latam\/wp-json\/wp\/v2\/comments?post=793040"}],"version-history":[{"count":2,"href":"https:\/\/neurovirtual.com\/latam\/wp-json\/wp\/v2\/posts\/793040\/revisions"}],"predecessor-version":[{"id":793257,"href":"https:\/\/neurovirtual.com\/latam\/wp-json\/wp\/v2\/posts\/793040\/revisions\/793257"}],"wp:featuredmedia":[{"embeddable":true,"href":"https:\/\/neurovirtual.com\/latam\/wp-json\/wp\/v2\/media\/793041"}],"wp:attachment":[{"href":"https:\/\/neurovirtual.com\/latam\/wp-json\/wp\/v2\/media?parent=793040"}],"wp:term":[{"taxonomy":"category","embeddable":true,"href":"https:\/\/neurovirtual.com\/latam\/wp-json\/wp\/v2\/categories?post=793040"},{"taxonomy":"post_tag","embeddable":true,"href":"https:\/\/neurovirtual.com\/latam\/wp-json\/wp\/v2\/tags?post=793040"}],"curies":[{"name":"wp","href":"https:\/\/api.w.org\/{rel}","templated":true}]}}