{"id":792134,"date":"2018-11-24T16:20:05","date_gmt":"2018-11-24T18:20:05","guid":{"rendered":"https:\/\/neurovirtual.com\/latam\/?p=792134"},"modified":"2018-12-20T17:53:39","modified_gmt":"2018-12-20T19:53:39","slug":"simposio-actualizacion-trastornos-del-sueno-cali","status":"publish","type":"post","link":"https:\/\/neurovirtual.com\/latam\/simposio-actualizacion-trastornos-del-sueno-cali\/","title":{"rendered":"Simposio Actualizaci\u00f3n Trastornos Del Sue\u00f1o 2018 &#8211; Cali"},"content":{"rendered":"<p><a href=\"https:\/\/neurovirtual.com\/latam\/wp-content\/uploads\/2018\/11\/capa2.png\"><img decoding=\"async\" class=\"aligncenter size-full wp-image-792144\" src=\"https:\/\/neurovirtual.com\/latam\/wp-content\/uploads\/2018\/11\/capa2.png\" alt=\"capa\" width=\"900\" height=\"250\" srcset=\"https:\/\/neurovirtual.com\/latam\/wp-content\/uploads\/2018\/11\/capa2.png 900w, https:\/\/neurovirtual.com\/latam\/wp-content\/uploads\/2018\/11\/capa2-300x83.png 300w, https:\/\/neurovirtual.com\/latam\/wp-content\/uploads\/2018\/11\/capa2-460x128.png 460w\" sizes=\"(max-width: 900px) 100vw, 900px\" \/><\/a><\/p>\n<p>Bajo el respaldo de la Asociaci\u00f3n Colombiana de Medicina del Sue\u00f1o (ACMES), se organiz\u00f3 el \u201cSimposio Actualizaci\u00f3n Trastornos del Sue\u00f1o\u201d, el pasado 23 y 24 de noviembre, evento que reuni\u00f3 cerca de 100 especialistas locales y nacionales, asimismo, el evento cont\u00f3 con la participaci\u00f3n de 12 conferencistas de m\u00e1ximo nivel acad\u00e9mico, en el que se trataron temas como la nueva clasificaci\u00f3n de los trastornos del sue\u00f1o, fenotipos y mecanismos fisiopatol\u00f3gicos en apnea obstructiva del sue\u00f1o, evaluaci\u00f3n cl\u00ednica y diagn\u00f3stico del insomnio, indicaciones de los estudios de sue\u00f1o y, trastornos del ritmo circadiano, entre otros.<\/p>\n<p><a href=\"https:\/\/neurovirtual.com\/latam\/wp-content\/uploads\/2018\/11\/13.jpg\"><img decoding=\"async\" class=\"aligncenter size-medium wp-image-792137\" src=\"https:\/\/neurovirtual.com\/latam\/wp-content\/uploads\/2018\/11\/13-300x225.jpg\" alt=\"1\" width=\"300\" height=\"225\" srcset=\"https:\/\/neurovirtual.com\/latam\/wp-content\/uploads\/2018\/11\/13-300x225.jpg 300w, https:\/\/neurovirtual.com\/latam\/wp-content\/uploads\/2018\/11\/13-1024x768.jpg 1024w, https:\/\/neurovirtual.com\/latam\/wp-content\/uploads\/2018\/11\/13-333x250.jpg 333w, https:\/\/neurovirtual.com\/latam\/wp-content\/uploads\/2018\/11\/13-453x340.jpg 453w, https:\/\/neurovirtual.com\/latam\/wp-content\/uploads\/2018\/11\/13.jpg 1280w\" sizes=\"(max-width: 300px) 100vw, 300px\" \/><\/a><\/p>\n<p>\u201cParasomnias y Privaci\u00f3n del Sue\u00f1o\u201d fueron exposiciones extraordinarias ofrecidas por la Dra. Lina Tavera, (Especialista en Neuropediatr\u00eda), quien cuenta con un Posgrado de alta especialidad en medicina integral del sue\u00f1o, destacada por compartir conferencias asertivas y de mucho inter\u00e9s, adicional a las charlas expuestas; participo junto a Neurovirtual realizando un taller utilizando el equipo BWIII PSG PLUS, donde se presenci\u00f3 participaci\u00f3n de los asistentes, logrando una conexi\u00f3n eficaz.<\/p>\n<p><a href=\"https:\/\/neurovirtual.com\/latam\/wp-content\/uploads\/2018\/11\/23.jpg\"><img decoding=\"async\" class=\"aligncenter size-medium wp-image-792138\" src=\"https:\/\/neurovirtual.com\/latam\/wp-content\/uploads\/2018\/11\/23-300x225.jpg\" alt=\"2\" width=\"300\" height=\"225\" srcset=\"https:\/\/neurovirtual.com\/latam\/wp-content\/uploads\/2018\/11\/23-300x225.jpg 300w, https:\/\/neurovirtual.com\/latam\/wp-content\/uploads\/2018\/11\/23-1024x768.jpg 1024w, https:\/\/neurovirtual.com\/latam\/wp-content\/uploads\/2018\/11\/23-333x250.jpg 333w, https:\/\/neurovirtual.com\/latam\/wp-content\/uploads\/2018\/11\/23-453x340.jpg 453w, https:\/\/neurovirtual.com\/latam\/wp-content\/uploads\/2018\/11\/23.jpg 1152w\" sizes=\"(max-width: 300px) 100vw, 300px\" \/><\/a><\/p>\n<p>Neurovirtual ocupo un lugar como patrocinador del evento, y aprovecho para demostrar una vez m\u00e1s el compromiso que la compa\u00f1\u00eda tiene con m\u00e9dicos y pacientes de contribuir al desarrollo de nuevas tecnolog\u00edas que faciliten el trabajo y brinden seguridad y calidad de vida a los pacientes. El BWIII PSG Plus y el BWMini HST fueron dos de los dispositivos mostrados por la compa\u00f1\u00eda, destacando los diferenciadores que la compa\u00f1\u00eda asume dentro del mercado.<\/p>\n<p><a href=\"https:\/\/neurovirtual.com\/latam\/wp-content\/uploads\/2018\/11\/33.jpg\"><img decoding=\"async\" class=\"aligncenter size-medium wp-image-792139\" src=\"https:\/\/neurovirtual.com\/latam\/wp-content\/uploads\/2018\/11\/33-300x225.jpg\" alt=\"3\" width=\"300\" height=\"225\" srcset=\"https:\/\/neurovirtual.com\/latam\/wp-content\/uploads\/2018\/11\/33-300x225.jpg 300w, https:\/\/neurovirtual.com\/latam\/wp-content\/uploads\/2018\/11\/33-1024x768.jpg 1024w, https:\/\/neurovirtual.com\/latam\/wp-content\/uploads\/2018\/11\/33-333x250.jpg 333w, https:\/\/neurovirtual.com\/latam\/wp-content\/uploads\/2018\/11\/33-453x340.jpg 453w, https:\/\/neurovirtual.com\/latam\/wp-content\/uploads\/2018\/11\/33.jpg 1152w\" sizes=\"(max-width: 300px) 100vw, 300px\" \/><\/a><\/p>\n","protected":false},"excerpt":{"rendered":"<p>Bajo el respaldo de la Asociaci\u00f3n Colombiana de Medicina del Sue\u00f1o (ACMES), se organiz\u00f3 el \u201cSimposio Actualizaci\u00f3n Trastornos del Sue\u00f1o\u201d, el pasado 23 y 24 de noviembre, evento que reuni\u00f3 cerca de 100 especialistas locales y nacionales, asimismo, el evento cont\u00f3 con la participaci\u00f3n de 12 conferencistas de m\u00e1ximo nivel acad\u00e9mico, en el que se&#8230;<\/p>\n","protected":false},"author":7,"featured_media":0,"comment_status":"open","ping_status":"open","sticky":false,"template":"","format":"standard","meta":{"footnotes":"","_joinchat":[]},"categories":[13,4],"tags":[],"acf":[],"yoast_head":"<!-- This site is optimized with the Yoast SEO plugin v21.7 - https:\/\/yoast.com\/wordpress\/plugins\/seo\/ -->\n<title>Simposio Actualizaci\u00f3n Trastornos Del Sue\u00f1o 2018 - Cali - Neurovirtual \/ Humanizing diagnostics<\/title>\n<meta name=\"description\" content=\"%seo_description%\" \/>\n<meta name=\"robots\" content=\"index, follow, max-snippet:-1, max-image-preview:large, max-video-preview:-1\" \/>\n<link rel=\"canonical\" href=\"https:\/\/neurovirtual.com\/latam\/simposio-actualizacion-trastornos-del-sueno-cali\/\" \/>\n<meta property=\"og:locale\" content=\"es_ES\" \/>\n<meta property=\"og:type\" content=\"article\" \/>\n<meta property=\"og:title\" content=\"Simposio Actualizaci\u00f3n Trastornos Del Sue\u00f1o 2018 - Cali - Neurovirtual \/ Humanizing diagnostics\" \/>\n<meta property=\"og:description\" content=\"%seo_description%\" \/>\n<meta property=\"og:url\" content=\"https:\/\/neurovirtual.com\/latam\/simposio-actualizacion-trastornos-del-sueno-cali\/\" \/>\n<meta property=\"og:site_name\" content=\"Neurovirtual \/ Humanizing diagnostics\" \/>\n<meta property=\"article:published_time\" content=\"2018-11-24T18:20:05+00:00\" \/>\n<meta property=\"article:modified_time\" content=\"2018-12-20T19:53:39+00:00\" \/>\n<meta property=\"og:image\" content=\"https:\/\/neurovirtual.com\/latam\/wp-content\/uploads\/2018\/11\/capa-simposio-2.png\" \/>\n\t<meta property=\"og:image:width\" content=\"300\" \/>\n\t<meta property=\"og:image:height\" content=\"168\" \/>\n\t<meta property=\"og:image:type\" content=\"image\/png\" \/>\n<meta name=\"author\" content=\"Jessika Brito\" \/>\n<meta name=\"twitter:card\" content=\"summary_large_image\" \/>\n<meta name=\"twitter:label1\" content=\"Escrito por\" \/>\n\t<meta name=\"twitter:data1\" content=\"Jessika Brito\" \/>\n\t<meta name=\"twitter:label2\" content=\"Tiempo estimado de lectura\" \/>\n\t<meta name=\"twitter:data2\" content=\"1 minuto\" \/>\n<script type=\"application\/ld+json\" class=\"yoast-schema-graph\">{\"@context\":\"https:\/\/schema.org\",\"@graph\":[{\"@type\":\"Article\",\"@id\":\"https:\/\/neurovirtual.com\/latam\/simposio-actualizacion-trastornos-del-sueno-cali\/#article\",\"isPartOf\":{\"@id\":\"https:\/\/neurovirtual.com\/latam\/simposio-actualizacion-trastornos-del-sueno-cali\/\"},\"author\":{\"name\":\"Jessika Brito\",\"@id\":\"https:\/\/neurovirtual.com\/latam\/#\/schema\/person\/61c27629d3d16b3e601ef7db30001d49\"},\"headline\":\"Simposio Actualizaci\u00f3n Trastornos Del Sue\u00f1o 2018 &#8211; Cali\",\"datePublished\":\"2018-11-24T18:20:05+00:00\",\"dateModified\":\"2018-12-20T19:53:39+00:00\",\"mainEntityOfPage\":{\"@id\":\"https:\/\/neurovirtual.com\/latam\/simposio-actualizacion-trastornos-del-sueno-cali\/\"},\"wordCount\":268,\"commentCount\":0,\"publisher\":{\"@id\":\"https:\/\/neurovirtual.com\/latam\/#organization\"},\"articleSection\":[\"Latam\",\"Novedades\"],\"inLanguage\":\"es-CO\",\"potentialAction\":[{\"@type\":\"CommentAction\",\"name\":\"Comment\",\"target\":[\"https:\/\/neurovirtual.com\/latam\/simposio-actualizacion-trastornos-del-sueno-cali\/#respond\"]}]},{\"@type\":\"WebPage\",\"@id\":\"https:\/\/neurovirtual.com\/latam\/simposio-actualizacion-trastornos-del-sueno-cali\/\",\"url\":\"https:\/\/neurovirtual.com\/latam\/simposio-actualizacion-trastornos-del-sueno-cali\/\",\"name\":\"Simposio Actualizaci\u00f3n Trastornos Del Sue\u00f1o 2018 - Cali - Neurovirtual \/ Humanizing diagnostics\",\"isPartOf\":{\"@id\":\"https:\/\/neurovirtual.com\/latam\/#website\"},\"datePublished\":\"2018-11-24T18:20:05+00:00\",\"dateModified\":\"2018-12-20T19:53:39+00:00\",\"description\":\"%seo_description%\",\"breadcrumb\":{\"@id\":\"https:\/\/neurovirtual.com\/latam\/simposio-actualizacion-trastornos-del-sueno-cali\/#breadcrumb\"},\"inLanguage\":\"es-CO\",\"potentialAction\":[{\"@type\":\"ReadAction\",\"target\":[\"https:\/\/neurovirtual.com\/latam\/simposio-actualizacion-trastornos-del-sueno-cali\/\"]}]},{\"@type\":\"BreadcrumbList\",\"@id\":\"https:\/\/neurovirtual.com\/latam\/simposio-actualizacion-trastornos-del-sueno-cali\/#breadcrumb\",\"itemListElement\":[{\"@type\":\"ListItem\",\"position\":1,\"name\":\"Portada\",\"item\":\"https:\/\/neurovirtual.com\/latam\/\"},{\"@type\":\"ListItem\",\"position\":2,\"name\":\"Simposio Actualizaci\u00f3n Trastornos Del Sue\u00f1o 2018 &#8211; Cali\"}]},{\"@type\":\"WebSite\",\"@id\":\"https:\/\/neurovirtual.com\/latam\/#website\",\"url\":\"https:\/\/neurovirtual.com\/latam\/\",\"name\":\"Neurovirtual \/ Humanizing diagnostics\",\"description\":\"\",\"publisher\":{\"@id\":\"https:\/\/neurovirtual.com\/latam\/#organization\"},\"potentialAction\":[{\"@type\":\"SearchAction\",\"target\":{\"@type\":\"EntryPoint\",\"urlTemplate\":\"https:\/\/neurovirtual.com\/latam\/?s={search_term_string}\"},\"query-input\":\"required name=search_term_string\"}],\"inLanguage\":\"es-CO\"},{\"@type\":\"Organization\",\"@id\":\"https:\/\/neurovirtual.com\/latam\/#organization\",\"name\":\"Neurovirtual\",\"url\":\"https:\/\/neurovirtual.com\/latam\/\",\"logo\":{\"@type\":\"ImageObject\",\"inLanguage\":\"es-CO\",\"@id\":\"https:\/\/neurovirtual.com\/latam\/#\/schema\/logo\/image\/\",\"url\":\"https:\/\/neurovirtual.com\/latam\/wp-content\/uploads\/2023\/08\/1.-Logo-Neurovirtual-2022.png\",\"contentUrl\":\"https:\/\/neurovirtual.com\/latam\/wp-content\/uploads\/2023\/08\/1.-Logo-Neurovirtual-2022.png\",\"width\":1964,\"height\":668,\"caption\":\"Neurovirtual\"},\"image\":{\"@id\":\"https:\/\/neurovirtual.com\/latam\/#\/schema\/logo\/image\/\"}},{\"@type\":\"Person\",\"@id\":\"https:\/\/neurovirtual.com\/latam\/#\/schema\/person\/61c27629d3d16b3e601ef7db30001d49\",\"name\":\"Jessika Brito\",\"image\":{\"@type\":\"ImageObject\",\"inLanguage\":\"es-CO\",\"@id\":\"https:\/\/neurovirtual.com\/latam\/#\/schema\/person\/image\/\",\"url\":\"https:\/\/secure.gravatar.com\/avatar\/08d2f62bc8a1f215fdfebe63356acc30?s=96&d=mm&r=g\",\"contentUrl\":\"https:\/\/secure.gravatar.com\/avatar\/08d2f62bc8a1f215fdfebe63356acc30?s=96&d=mm&r=g\",\"caption\":\"Jessika Brito\"},\"url\":\"https:\/\/neurovirtual.com\/latam\/author\/brito\/\"}]}<\/script>\n<!-- \/ Yoast SEO plugin. -->","yoast_head_json":{"title":"Simposio Actualizaci\u00f3n Trastornos Del Sue\u00f1o 2018 - Cali - Neurovirtual \/ Humanizing diagnostics","description":"%seo_description%","robots":{"index":"index","follow":"follow","max-snippet":"max-snippet:-1","max-image-preview":"max-image-preview:large","max-video-preview":"max-video-preview:-1"},"canonical":"https:\/\/neurovirtual.com\/latam\/simposio-actualizacion-trastornos-del-sueno-cali\/","og_locale":"es_ES","og_type":"article","og_title":"Simposio Actualizaci\u00f3n Trastornos Del Sue\u00f1o 2018 - Cali - Neurovirtual \/ Humanizing diagnostics","og_description":"%seo_description%","og_url":"https:\/\/neurovirtual.com\/latam\/simposio-actualizacion-trastornos-del-sueno-cali\/","og_site_name":"Neurovirtual \/ Humanizing diagnostics","article_published_time":"2018-11-24T18:20:05+00:00","article_modified_time":"2018-12-20T19:53:39+00:00","og_image":[{"width":300,"height":168,"url":"https:\/\/neurovirtual.com\/latam\/wp-content\/uploads\/2018\/11\/capa-simposio-2.png","type":"image\/png"}],"author":"Jessika Brito","twitter_card":"summary_large_image","twitter_misc":{"Escrito por":"Jessika Brito","Tiempo estimado de lectura":"1 minuto"},"schema":{"@context":"https:\/\/schema.org","@graph":[{"@type":"Article","@id":"https:\/\/neurovirtual.com\/latam\/simposio-actualizacion-trastornos-del-sueno-cali\/#article","isPartOf":{"@id":"https:\/\/neurovirtual.com\/latam\/simposio-actualizacion-trastornos-del-sueno-cali\/"},"author":{"name":"Jessika Brito","@id":"https:\/\/neurovirtual.com\/latam\/#\/schema\/person\/61c27629d3d16b3e601ef7db30001d49"},"headline":"Simposio Actualizaci\u00f3n Trastornos Del Sue\u00f1o 2018 &#8211; Cali","datePublished":"2018-11-24T18:20:05+00:00","dateModified":"2018-12-20T19:53:39+00:00","mainEntityOfPage":{"@id":"https:\/\/neurovirtual.com\/latam\/simposio-actualizacion-trastornos-del-sueno-cali\/"},"wordCount":268,"commentCount":0,"publisher":{"@id":"https:\/\/neurovirtual.com\/latam\/#organization"},"articleSection":["Latam","Novedades"],"inLanguage":"es-CO","potentialAction":[{"@type":"CommentAction","name":"Comment","target":["https:\/\/neurovirtual.com\/latam\/simposio-actualizacion-trastornos-del-sueno-cali\/#respond"]}]},{"@type":"WebPage","@id":"https:\/\/neurovirtual.com\/latam\/simposio-actualizacion-trastornos-del-sueno-cali\/","url":"https:\/\/neurovirtual.com\/latam\/simposio-actualizacion-trastornos-del-sueno-cali\/","name":"Simposio Actualizaci\u00f3n Trastornos Del Sue\u00f1o 2018 - Cali - Neurovirtual \/ Humanizing diagnostics","isPartOf":{"@id":"https:\/\/neurovirtual.com\/latam\/#website"},"datePublished":"2018-11-24T18:20:05+00:00","dateModified":"2018-12-20T19:53:39+00:00","description":"%seo_description%","breadcrumb":{"@id":"https:\/\/neurovirtual.com\/latam\/simposio-actualizacion-trastornos-del-sueno-cali\/#breadcrumb"},"inLanguage":"es-CO","potentialAction":[{"@type":"ReadAction","target":["https:\/\/neurovirtual.com\/latam\/simposio-actualizacion-trastornos-del-sueno-cali\/"]}]},{"@type":"BreadcrumbList","@id":"https:\/\/neurovirtual.com\/latam\/simposio-actualizacion-trastornos-del-sueno-cali\/#breadcrumb","itemListElement":[{"@type":"ListItem","position":1,"name":"Portada","item":"https:\/\/neurovirtual.com\/latam\/"},{"@type":"ListItem","position":2,"name":"Simposio Actualizaci\u00f3n Trastornos Del Sue\u00f1o 2018 &#8211; Cali"}]},{"@type":"WebSite","@id":"https:\/\/neurovirtual.com\/latam\/#website","url":"https:\/\/neurovirtual.com\/latam\/","name":"Neurovirtual \/ Humanizing diagnostics","description":"","publisher":{"@id":"https:\/\/neurovirtual.com\/latam\/#organization"},"potentialAction":[{"@type":"SearchAction","target":{"@type":"EntryPoint","urlTemplate":"https:\/\/neurovirtual.com\/latam\/?s={search_term_string}"},"query-input":"required name=search_term_string"}],"inLanguage":"es-CO"},{"@type":"Organization","@id":"https:\/\/neurovirtual.com\/latam\/#organization","name":"Neurovirtual","url":"https:\/\/neurovirtual.com\/latam\/","logo":{"@type":"ImageObject","inLanguage":"es-CO","@id":"https:\/\/neurovirtual.com\/latam\/#\/schema\/logo\/image\/","url":"https:\/\/neurovirtual.com\/latam\/wp-content\/uploads\/2023\/08\/1.-Logo-Neurovirtual-2022.png","contentUrl":"https:\/\/neurovirtual.com\/latam\/wp-content\/uploads\/2023\/08\/1.-Logo-Neurovirtual-2022.png","width":1964,"height":668,"caption":"Neurovirtual"},"image":{"@id":"https:\/\/neurovirtual.com\/latam\/#\/schema\/logo\/image\/"}},{"@type":"Person","@id":"https:\/\/neurovirtual.com\/latam\/#\/schema\/person\/61c27629d3d16b3e601ef7db30001d49","name":"Jessika Brito","image":{"@type":"ImageObject","inLanguage":"es-CO","@id":"https:\/\/neurovirtual.com\/latam\/#\/schema\/person\/image\/","url":"https:\/\/secure.gravatar.com\/avatar\/08d2f62bc8a1f215fdfebe63356acc30?s=96&d=mm&r=g","contentUrl":"https:\/\/secure.gravatar.com\/avatar\/08d2f62bc8a1f215fdfebe63356acc30?s=96&d=mm&r=g","caption":"Jessika Brito"},"url":"https:\/\/neurovirtual.com\/latam\/author\/brito\/"}]}},"_links":{"self":[{"href":"https:\/\/neurovirtual.com\/latam\/wp-json\/wp\/v2\/posts\/792134"}],"collection":[{"href":"https:\/\/neurovirtual.com\/latam\/wp-json\/wp\/v2\/posts"}],"about":[{"href":"https:\/\/neurovirtual.com\/latam\/wp-json\/wp\/v2\/types\/post"}],"author":[{"embeddable":true,"href":"https:\/\/neurovirtual.com\/latam\/wp-json\/wp\/v2\/users\/7"}],"replies":[{"embeddable":true,"href":"https:\/\/neurovirtual.com\/latam\/wp-json\/wp\/v2\/comments?post=792134"}],"version-history":[{"count":7,"href":"https:\/\/neurovirtual.com\/latam\/wp-json\/wp\/v2\/posts\/792134\/revisions"}],"predecessor-version":[{"id":792148,"href":"https:\/\/neurovirtual.com\/latam\/wp-json\/wp\/v2\/posts\/792134\/revisions\/792148"}],"wp:attachment":[{"href":"https:\/\/neurovirtual.com\/latam\/wp-json\/wp\/v2\/media?parent=792134"}],"wp:term":[{"taxonomy":"category","embeddable":true,"href":"https:\/\/neurovirtual.com\/latam\/wp-json\/wp\/v2\/categories?post=792134"},{"taxonomy":"post_tag","embeddable":true,"href":"https:\/\/neurovirtual.com\/latam\/wp-json\/wp\/v2\/tags?post=792134"}],"curies":[{"name":"wp","href":"https:\/\/api.w.org\/{rel}","templated":true}]}}