{"id":787085,"date":"2018-06-30T11:10:43","date_gmt":"2018-06-30T14:10:43","guid":{"rendered":"https:\/\/neurovirtual.com\/latam\/?p=787085"},"modified":"2018-08-31T11:15:56","modified_gmt":"2018-08-31T14:15:56","slug":"xxvi-congreso-peruano-de-neurologia","status":"publish","type":"post","link":"https:\/\/neurovirtual.com\/latam\/xxvi-congreso-peruano-de-neurologia\/","title":{"rendered":"XXVI Congreso Peruano de Neurolog\u00eda"},"content":{"rendered":"<p><a href=\"https:\/\/neurovirtual.com\/latam\/wp-content\/uploads\/2018\/08\/slide-congreso_neurologia2018.jpg\"><img decoding=\"async\" class=\"aligncenter size-large wp-image-787087\" src=\"https:\/\/neurovirtual.com\/latam\/wp-content\/uploads\/2018\/08\/slide-congreso_neurologia2018-1024x359.jpg\" alt=\"slide-congreso_neurologia2018\" width=\"1024\" height=\"359\" srcset=\"https:\/\/neurovirtual.com\/latam\/wp-content\/uploads\/2018\/08\/slide-congreso_neurologia2018-1024x359.jpg 1024w, https:\/\/neurovirtual.com\/latam\/wp-content\/uploads\/2018\/08\/slide-congreso_neurologia2018-300x105.jpg 300w, https:\/\/neurovirtual.com\/latam\/wp-content\/uploads\/2018\/08\/slide-congreso_neurologia2018-713x250.jpg 713w, https:\/\/neurovirtual.com\/latam\/wp-content\/uploads\/2018\/08\/slide-congreso_neurologia2018-460x161.jpg 460w, https:\/\/neurovirtual.com\/latam\/wp-content\/uploads\/2018\/08\/slide-congreso_neurologia2018.jpg 1140w\" sizes=\"(max-width: 1024px) 100vw, 1024px\" \/><\/a><\/p>\n<p>El XXVI Congreso Peruano de Neurolog\u00eda tuvo lugar entre el 28 y el 30 de junio en el Hotel Costa del Sol de la ciudad de Trujillo en Per\u00fa. El evento tuvo como objetivo la promoci\u00f3n de la investigaci\u00f3n cl\u00ednica y la actualizaci\u00f3n de los m\u00e9dicos provenientes de distintas regiones del pa\u00eds en cuanto a las \u00e1reas m\u00e1s importantes de la neurolog\u00eda. M\u00e1s de 280 profesionales asistieron al congreso, que cont\u00f3 con la participaci\u00f3n activa de los j\u00f3venes neur\u00f3logos.<br \/>\nSe destacan dentro de los temas abordados:<\/p>\n<p><a href=\"https:\/\/neurovirtual.com\/latam\/wp-content\/uploads\/2018\/08\/congresso-peru.jpg\"><img decoding=\"async\" class=\"aligncenter size-medium wp-image-787088\" src=\"https:\/\/neurovirtual.com\/latam\/wp-content\/uploads\/2018\/08\/congresso-peru-300x226.jpg\" alt=\"congresso peru\" width=\"300\" height=\"226\" srcset=\"https:\/\/neurovirtual.com\/latam\/wp-content\/uploads\/2018\/08\/congresso-peru-300x226.jpg 300w, https:\/\/neurovirtual.com\/latam\/wp-content\/uploads\/2018\/08\/congresso-peru-333x250.jpg 333w, https:\/\/neurovirtual.com\/latam\/wp-content\/uploads\/2018\/08\/congresso-peru-452x340.jpg 452w, https:\/\/neurovirtual.com\/latam\/wp-content\/uploads\/2018\/08\/congresso-peru.jpg 858w\" sizes=\"(max-width: 300px) 100vw, 300px\" \/><\/a><\/p>\n<ul>\n<li>La neurocisticercosis y la epilepsia<\/li>\n<li>Trastornos del movimiento<\/li>\n<li>Medicina del sue\u00f1o<\/li>\n<\/ul>\n<p>El equipo de Neurovirtual estuvo presente y present\u00f3 algunos de sus equipos a los asistentes; equipos como el BWIII EEG Plus, el BW Mini EEG, el BWIII EEG ICU. Se destac\u00f3 el equipo BWIII EEG Plus, el cual permite la conducci\u00f3n de un EEG de rutina completo adem\u00e1s de permitir el acceso remoto de los m\u00e9dicos a los ex\u00e1menes durante el registro de estos.<\/p>\n<p><a href=\"https:\/\/neurovirtual.com\/latam\/wp-content\/uploads\/2018\/06\/congresso-peru-2.png\"><img decoding=\"async\" class=\"aligncenter size-medium wp-image-787090\" src=\"https:\/\/neurovirtual.com\/latam\/wp-content\/uploads\/2018\/06\/congresso-peru-2-300x274.png\" alt=\"congresso peru 2\" width=\"300\" height=\"274\" srcset=\"https:\/\/neurovirtual.com\/latam\/wp-content\/uploads\/2018\/06\/congresso-peru-2-300x274.png 300w, https:\/\/neurovirtual.com\/latam\/wp-content\/uploads\/2018\/06\/congresso-peru-2-274x250.png 274w, https:\/\/neurovirtual.com\/latam\/wp-content\/uploads\/2018\/06\/congresso-peru-2-373x340.png 373w, https:\/\/neurovirtual.com\/latam\/wp-content\/uploads\/2018\/06\/congresso-peru-2.png 864w\" sizes=\"(max-width: 300px) 100vw, 300px\" \/><\/a><\/p>\n","protected":false},"excerpt":{"rendered":"<p>El XXVI Congreso Peruano de Neurolog\u00eda tuvo lugar entre el 28 y el 30 de junio en el Hotel Costa del Sol de la ciudad de Trujillo en Per\u00fa. El evento tuvo como objetivo la promoci\u00f3n de la investigaci\u00f3n cl\u00ednica y la actualizaci\u00f3n de los m\u00e9dicos provenientes de distintas regiones del pa\u00eds en cuanto a&#8230;<\/p>\n","protected":false},"author":7,"featured_media":787086,"comment_status":"open","ping_status":"open","sticky":false,"template":"","format":"standard","meta":{"footnotes":"","_joinchat":[]},"categories":[7,13],"tags":[],"acf":[],"yoast_head":"<!-- This site is optimized with the Yoast SEO plugin v21.7 - https:\/\/yoast.com\/wordpress\/plugins\/seo\/ -->\n<title>XXVI Congreso Peruano de Neurolog\u00eda - Neurovirtual \/ Humanizing diagnostics<\/title>\n<meta name=\"description\" content=\"%seo_description%\" \/>\n<meta name=\"robots\" content=\"index, follow, max-snippet:-1, max-image-preview:large, max-video-preview:-1\" \/>\n<link rel=\"canonical\" href=\"https:\/\/neurovirtual.com\/latam\/xxvi-congreso-peruano-de-neurologia\/\" \/>\n<meta property=\"og:locale\" content=\"es_ES\" \/>\n<meta property=\"og:type\" content=\"article\" \/>\n<meta property=\"og:title\" content=\"XXVI Congreso Peruano de Neurolog\u00eda - Neurovirtual \/ Humanizing diagnostics\" \/>\n<meta property=\"og:description\" content=\"%seo_description%\" \/>\n<meta property=\"og:url\" content=\"https:\/\/neurovirtual.com\/latam\/xxvi-congreso-peruano-de-neurologia\/\" \/>\n<meta property=\"og:site_name\" content=\"Neurovirtual \/ Humanizing diagnostics\" \/>\n<meta property=\"article:published_time\" content=\"2018-06-30T14:10:43+00:00\" \/>\n<meta property=\"article:modified_time\" content=\"2018-08-31T14:15:56+00:00\" \/>\n<meta property=\"og:image\" content=\"https:\/\/neurovirtual.com\/latam\/wp-content\/uploads\/2018\/08\/capa-congresso-do-peru.png\" \/>\n\t<meta property=\"og:image:width\" content=\"300\" \/>\n\t<meta property=\"og:image:height\" content=\"168\" \/>\n\t<meta property=\"og:image:type\" content=\"image\/png\" \/>\n<meta name=\"author\" content=\"Jessika Brito\" \/>\n<meta name=\"twitter:card\" content=\"summary_large_image\" \/>\n<meta name=\"twitter:label1\" content=\"Escrito por\" \/>\n\t<meta name=\"twitter:data1\" content=\"Jessika Brito\" \/>\n\t<meta name=\"twitter:label2\" content=\"Tiempo estimado de lectura\" \/>\n\t<meta name=\"twitter:data2\" content=\"1 minuto\" \/>\n<script type=\"application\/ld+json\" class=\"yoast-schema-graph\">{\"@context\":\"https:\/\/schema.org\",\"@graph\":[{\"@type\":\"Article\",\"@id\":\"https:\/\/neurovirtual.com\/latam\/xxvi-congreso-peruano-de-neurologia\/#article\",\"isPartOf\":{\"@id\":\"https:\/\/neurovirtual.com\/latam\/xxvi-congreso-peruano-de-neurologia\/\"},\"author\":{\"name\":\"Jessika Brito\",\"@id\":\"https:\/\/neurovirtual.com\/latam\/#\/schema\/person\/61c27629d3d16b3e601ef7db30001d49\"},\"headline\":\"XXVI Congreso Peruano de Neurolog\u00eda\",\"datePublished\":\"2018-06-30T14:10:43+00:00\",\"dateModified\":\"2018-08-31T14:15:56+00:00\",\"mainEntityOfPage\":{\"@id\":\"https:\/\/neurovirtual.com\/latam\/xxvi-congreso-peruano-de-neurologia\/\"},\"wordCount\":182,\"commentCount\":0,\"publisher\":{\"@id\":\"https:\/\/neurovirtual.com\/latam\/#organization\"},\"articleSection\":[\"Conferencias\",\"Latam\"],\"inLanguage\":\"es-CO\",\"potentialAction\":[{\"@type\":\"CommentAction\",\"name\":\"Comment\",\"target\":[\"https:\/\/neurovirtual.com\/latam\/xxvi-congreso-peruano-de-neurologia\/#respond\"]}]},{\"@type\":\"WebPage\",\"@id\":\"https:\/\/neurovirtual.com\/latam\/xxvi-congreso-peruano-de-neurologia\/\",\"url\":\"https:\/\/neurovirtual.com\/latam\/xxvi-congreso-peruano-de-neurologia\/\",\"name\":\"XXVI Congreso Peruano de Neurolog\u00eda - Neurovirtual \/ Humanizing diagnostics\",\"isPartOf\":{\"@id\":\"https:\/\/neurovirtual.com\/latam\/#website\"},\"datePublished\":\"2018-06-30T14:10:43+00:00\",\"dateModified\":\"2018-08-31T14:15:56+00:00\",\"description\":\"%seo_description%\",\"breadcrumb\":{\"@id\":\"https:\/\/neurovirtual.com\/latam\/xxvi-congreso-peruano-de-neurologia\/#breadcrumb\"},\"inLanguage\":\"es-CO\",\"potentialAction\":[{\"@type\":\"ReadAction\",\"target\":[\"https:\/\/neurovirtual.com\/latam\/xxvi-congreso-peruano-de-neurologia\/\"]}]},{\"@type\":\"BreadcrumbList\",\"@id\":\"https:\/\/neurovirtual.com\/latam\/xxvi-congreso-peruano-de-neurologia\/#breadcrumb\",\"itemListElement\":[{\"@type\":\"ListItem\",\"position\":1,\"name\":\"Portada\",\"item\":\"https:\/\/neurovirtual.com\/latam\/\"},{\"@type\":\"ListItem\",\"position\":2,\"name\":\"XXVI Congreso Peruano de Neurolog\u00eda\"}]},{\"@type\":\"WebSite\",\"@id\":\"https:\/\/neurovirtual.com\/latam\/#website\",\"url\":\"https:\/\/neurovirtual.com\/latam\/\",\"name\":\"Neurovirtual \/ Humanizing diagnostics\",\"description\":\"\",\"publisher\":{\"@id\":\"https:\/\/neurovirtual.com\/latam\/#organization\"},\"potentialAction\":[{\"@type\":\"SearchAction\",\"target\":{\"@type\":\"EntryPoint\",\"urlTemplate\":\"https:\/\/neurovirtual.com\/latam\/?s={search_term_string}\"},\"query-input\":\"required name=search_term_string\"}],\"inLanguage\":\"es-CO\"},{\"@type\":\"Organization\",\"@id\":\"https:\/\/neurovirtual.com\/latam\/#organization\",\"name\":\"Neurovirtual\",\"url\":\"https:\/\/neurovirtual.com\/latam\/\",\"logo\":{\"@type\":\"ImageObject\",\"inLanguage\":\"es-CO\",\"@id\":\"https:\/\/neurovirtual.com\/latam\/#\/schema\/logo\/image\/\",\"url\":\"https:\/\/neurovirtual.com\/latam\/wp-content\/uploads\/2023\/08\/1.-Logo-Neurovirtual-2022.png\",\"contentUrl\":\"https:\/\/neurovirtual.com\/latam\/wp-content\/uploads\/2023\/08\/1.-Logo-Neurovirtual-2022.png\",\"width\":1964,\"height\":668,\"caption\":\"Neurovirtual\"},\"image\":{\"@id\":\"https:\/\/neurovirtual.com\/latam\/#\/schema\/logo\/image\/\"}},{\"@type\":\"Person\",\"@id\":\"https:\/\/neurovirtual.com\/latam\/#\/schema\/person\/61c27629d3d16b3e601ef7db30001d49\",\"name\":\"Jessika Brito\",\"image\":{\"@type\":\"ImageObject\",\"inLanguage\":\"es-CO\",\"@id\":\"https:\/\/neurovirtual.com\/latam\/#\/schema\/person\/image\/\",\"url\":\"https:\/\/secure.gravatar.com\/avatar\/08d2f62bc8a1f215fdfebe63356acc30?s=96&d=mm&r=g\",\"contentUrl\":\"https:\/\/secure.gravatar.com\/avatar\/08d2f62bc8a1f215fdfebe63356acc30?s=96&d=mm&r=g\",\"caption\":\"Jessika Brito\"},\"url\":\"https:\/\/neurovirtual.com\/latam\/author\/brito\/\"}]}<\/script>\n<!-- \/ Yoast SEO plugin. -->","yoast_head_json":{"title":"XXVI Congreso Peruano de Neurolog\u00eda - Neurovirtual \/ Humanizing diagnostics","description":"%seo_description%","robots":{"index":"index","follow":"follow","max-snippet":"max-snippet:-1","max-image-preview":"max-image-preview:large","max-video-preview":"max-video-preview:-1"},"canonical":"https:\/\/neurovirtual.com\/latam\/xxvi-congreso-peruano-de-neurologia\/","og_locale":"es_ES","og_type":"article","og_title":"XXVI Congreso Peruano de Neurolog\u00eda - Neurovirtual \/ Humanizing diagnostics","og_description":"%seo_description%","og_url":"https:\/\/neurovirtual.com\/latam\/xxvi-congreso-peruano-de-neurologia\/","og_site_name":"Neurovirtual \/ Humanizing diagnostics","article_published_time":"2018-06-30T14:10:43+00:00","article_modified_time":"2018-08-31T14:15:56+00:00","og_image":[{"width":300,"height":168,"url":"https:\/\/neurovirtual.com\/latam\/wp-content\/uploads\/2018\/08\/capa-congresso-do-peru.png","type":"image\/png"}],"author":"Jessika Brito","twitter_card":"summary_large_image","twitter_misc":{"Escrito por":"Jessika Brito","Tiempo estimado de lectura":"1 minuto"},"schema":{"@context":"https:\/\/schema.org","@graph":[{"@type":"Article","@id":"https:\/\/neurovirtual.com\/latam\/xxvi-congreso-peruano-de-neurologia\/#article","isPartOf":{"@id":"https:\/\/neurovirtual.com\/latam\/xxvi-congreso-peruano-de-neurologia\/"},"author":{"name":"Jessika Brito","@id":"https:\/\/neurovirtual.com\/latam\/#\/schema\/person\/61c27629d3d16b3e601ef7db30001d49"},"headline":"XXVI Congreso Peruano de Neurolog\u00eda","datePublished":"2018-06-30T14:10:43+00:00","dateModified":"2018-08-31T14:15:56+00:00","mainEntityOfPage":{"@id":"https:\/\/neurovirtual.com\/latam\/xxvi-congreso-peruano-de-neurologia\/"},"wordCount":182,"commentCount":0,"publisher":{"@id":"https:\/\/neurovirtual.com\/latam\/#organization"},"articleSection":["Conferencias","Latam"],"inLanguage":"es-CO","potentialAction":[{"@type":"CommentAction","name":"Comment","target":["https:\/\/neurovirtual.com\/latam\/xxvi-congreso-peruano-de-neurologia\/#respond"]}]},{"@type":"WebPage","@id":"https:\/\/neurovirtual.com\/latam\/xxvi-congreso-peruano-de-neurologia\/","url":"https:\/\/neurovirtual.com\/latam\/xxvi-congreso-peruano-de-neurologia\/","name":"XXVI Congreso Peruano de Neurolog\u00eda - Neurovirtual \/ Humanizing diagnostics","isPartOf":{"@id":"https:\/\/neurovirtual.com\/latam\/#website"},"datePublished":"2018-06-30T14:10:43+00:00","dateModified":"2018-08-31T14:15:56+00:00","description":"%seo_description%","breadcrumb":{"@id":"https:\/\/neurovirtual.com\/latam\/xxvi-congreso-peruano-de-neurologia\/#breadcrumb"},"inLanguage":"es-CO","potentialAction":[{"@type":"ReadAction","target":["https:\/\/neurovirtual.com\/latam\/xxvi-congreso-peruano-de-neurologia\/"]}]},{"@type":"BreadcrumbList","@id":"https:\/\/neurovirtual.com\/latam\/xxvi-congreso-peruano-de-neurologia\/#breadcrumb","itemListElement":[{"@type":"ListItem","position":1,"name":"Portada","item":"https:\/\/neurovirtual.com\/latam\/"},{"@type":"ListItem","position":2,"name":"XXVI Congreso Peruano de Neurolog\u00eda"}]},{"@type":"WebSite","@id":"https:\/\/neurovirtual.com\/latam\/#website","url":"https:\/\/neurovirtual.com\/latam\/","name":"Neurovirtual \/ Humanizing diagnostics","description":"","publisher":{"@id":"https:\/\/neurovirtual.com\/latam\/#organization"},"potentialAction":[{"@type":"SearchAction","target":{"@type":"EntryPoint","urlTemplate":"https:\/\/neurovirtual.com\/latam\/?s={search_term_string}"},"query-input":"required name=search_term_string"}],"inLanguage":"es-CO"},{"@type":"Organization","@id":"https:\/\/neurovirtual.com\/latam\/#organization","name":"Neurovirtual","url":"https:\/\/neurovirtual.com\/latam\/","logo":{"@type":"ImageObject","inLanguage":"es-CO","@id":"https:\/\/neurovirtual.com\/latam\/#\/schema\/logo\/image\/","url":"https:\/\/neurovirtual.com\/latam\/wp-content\/uploads\/2023\/08\/1.-Logo-Neurovirtual-2022.png","contentUrl":"https:\/\/neurovirtual.com\/latam\/wp-content\/uploads\/2023\/08\/1.-Logo-Neurovirtual-2022.png","width":1964,"height":668,"caption":"Neurovirtual"},"image":{"@id":"https:\/\/neurovirtual.com\/latam\/#\/schema\/logo\/image\/"}},{"@type":"Person","@id":"https:\/\/neurovirtual.com\/latam\/#\/schema\/person\/61c27629d3d16b3e601ef7db30001d49","name":"Jessika Brito","image":{"@type":"ImageObject","inLanguage":"es-CO","@id":"https:\/\/neurovirtual.com\/latam\/#\/schema\/person\/image\/","url":"https:\/\/secure.gravatar.com\/avatar\/08d2f62bc8a1f215fdfebe63356acc30?s=96&d=mm&r=g","contentUrl":"https:\/\/secure.gravatar.com\/avatar\/08d2f62bc8a1f215fdfebe63356acc30?s=96&d=mm&r=g","caption":"Jessika Brito"},"url":"https:\/\/neurovirtual.com\/latam\/author\/brito\/"}]}},"_links":{"self":[{"href":"https:\/\/neurovirtual.com\/latam\/wp-json\/wp\/v2\/posts\/787085"}],"collection":[{"href":"https:\/\/neurovirtual.com\/latam\/wp-json\/wp\/v2\/posts"}],"about":[{"href":"https:\/\/neurovirtual.com\/latam\/wp-json\/wp\/v2\/types\/post"}],"author":[{"embeddable":true,"href":"https:\/\/neurovirtual.com\/latam\/wp-json\/wp\/v2\/users\/7"}],"replies":[{"embeddable":true,"href":"https:\/\/neurovirtual.com\/latam\/wp-json\/wp\/v2\/comments?post=787085"}],"version-history":[{"count":3,"href":"https:\/\/neurovirtual.com\/latam\/wp-json\/wp\/v2\/posts\/787085\/revisions"}],"predecessor-version":[{"id":787092,"href":"https:\/\/neurovirtual.com\/latam\/wp-json\/wp\/v2\/posts\/787085\/revisions\/787092"}],"wp:featuredmedia":[{"embeddable":true,"href":"https:\/\/neurovirtual.com\/latam\/wp-json\/wp\/v2\/media\/787086"}],"wp:attachment":[{"href":"https:\/\/neurovirtual.com\/latam\/wp-json\/wp\/v2\/media?parent=787085"}],"wp:term":[{"taxonomy":"category","embeddable":true,"href":"https:\/\/neurovirtual.com\/latam\/wp-json\/wp\/v2\/categories?post=787085"},{"taxonomy":"post_tag","embeddable":true,"href":"https:\/\/neurovirtual.com\/latam\/wp-json\/wp\/v2\/tags?post=787085"}],"curies":[{"name":"wp","href":"https:\/\/api.w.org\/{rel}","templated":true}]}}