{"id":786828,"date":"2018-05-06T11:48:00","date_gmt":"2018-05-06T14:48:00","guid":{"rendered":"https:\/\/neurovirtual.com\/latam\/?p=786828"},"modified":"2018-08-13T15:38:14","modified_gmt":"2018-08-13T18:38:14","slug":"duerma-bien-fortalezca-su-vida-fue-la-tematica-del-xxvi-congreso-anual-de-la-sociedad-espanola-del-sueno","status":"publish","type":"post","link":"https:\/\/neurovirtual.com\/latam\/duerma-bien-fortalezca-su-vida-fue-la-tematica-del-xxvi-congreso-anual-de-la-sociedad-espanola-del-sueno\/","title":{"rendered":"\u201cDuerma bien, fortalezca su vida\u201d fue la tem\u00e1tica del XXVI Congreso Anual de la Sociedad Espa\u00f1ola del Sue\u00f1o"},"content":{"rendered":"<p><a href=\"https:\/\/neurovirtual.com\/latam\/wp-content\/uploads\/2018\/07\/ses2018_banner_1200x200.png\"><img decoding=\"async\" class=\"aligncenter size-large wp-image-786830\" src=\"https:\/\/neurovirtual.com\/latam\/wp-content\/uploads\/2018\/07\/ses2018_banner_1200x200-1024x171.png\" alt=\"ses2018_banner_1200x200\" width=\"1024\" height=\"171\" srcset=\"https:\/\/neurovirtual.com\/latam\/wp-content\/uploads\/2018\/07\/ses2018_banner_1200x200-1024x171.png 1024w, https:\/\/neurovirtual.com\/latam\/wp-content\/uploads\/2018\/07\/ses2018_banner_1200x200-300x50.png 300w, https:\/\/neurovirtual.com\/latam\/wp-content\/uploads\/2018\/07\/ses2018_banner_1200x200-460x77.png 460w, https:\/\/neurovirtual.com\/latam\/wp-content\/uploads\/2018\/07\/ses2018_banner_1200x200.png 1200w\" sizes=\"(max-width: 1024px) 100vw, 1024px\" \/><\/a><\/p>\n<p>Especialistas del sue\u00f1o de Espa\u00f1a y de otras regiones del mundo se encontraron en Barcelona, Espa\u00f1a, entre el 26 y el 28 de abril para participar en el vig\u00e9simo sexto Congreso Anual de la Sociedad Espa\u00f1ola del Sue\u00f1o, que tuvo el lema \u201cDuerma bien, fortalezca su vida\u201d como tem\u00e1tica. En el encuentro se reflexion\u00f3 sobre la importancia de la medicina del sue\u00f1o y de la calidad de vida integral.<\/p>\n<p>Adem\u00e1s, de contar con conferencistas profesionales de renombre provenientes de Espa\u00f1a y de otros pa\u00edses, el programa incluy\u00f3 algunos de los aspectos m\u00e1s novedosos y actuales de las patolog\u00edas del sue\u00f1o sin olvidar los aspectos m\u00e1s tradicionales al respecto.<\/p>\n<p><a href=\"https:\/\/neurovirtual.com\/latam\/wp-content\/uploads\/2018\/07\/11.jpg\"><img decoding=\"async\" class=\"aligncenter size-medium wp-image-786831\" src=\"https:\/\/neurovirtual.com\/latam\/wp-content\/uploads\/2018\/07\/11-300x225.jpg\" alt=\"11\" width=\"300\" height=\"225\" srcset=\"https:\/\/neurovirtual.com\/latam\/wp-content\/uploads\/2018\/07\/11-300x225.jpg 300w, https:\/\/neurovirtual.com\/latam\/wp-content\/uploads\/2018\/07\/11-333x250.jpg 333w, https:\/\/neurovirtual.com\/latam\/wp-content\/uploads\/2018\/07\/11-453x340.jpg 453w, https:\/\/neurovirtual.com\/latam\/wp-content\/uploads\/2018\/07\/11.jpg 1000w\" sizes=\"(max-width: 300px) 100vw, 300px\" \/><\/a><\/p>\n<p>Durante el congreso, Sleepvirtual present\u00f3 su l\u00ednea de equipos de \u00faltima tecnolog\u00eda. Se resalt\u00f3 el equipo BWMini PSG, un amplificador ligero y compacto dise\u00f1ado para HST Tipo 3 con capacidad de cambio a HST Tipo 2 y Tipo 1 en polisomnograf\u00eda de laboratorio, y con capacidad de cambio a EEG ambulatoria. \u00a0Tambi\u00e9n se present\u00f3 el producto BWIII PSG Plus, que le permite al usuario conducir tanto electroencefalograf\u00edas como polisomnograf\u00edas en el laboratorio usando una \u00fanica plataforma de hardware y software.<\/p>\n","protected":false},"excerpt":{"rendered":"<p>Especialistas del sue\u00f1o de Espa\u00f1a y de otras regiones del mundo se encontraron en Barcelona, Espa\u00f1a, entre el 26 y el 28 de abril para participar en el vig\u00e9simo sexto Congreso Anual de la Sociedad Espa\u00f1ola del Sue\u00f1o, que tuvo el lema \u201cDuerma bien, fortalezca su vida\u201d como tem\u00e1tica. En el encuentro se reflexion\u00f3 sobre&#8230;<\/p>\n","protected":false},"author":7,"featured_media":786829,"comment_status":"open","ping_status":"open","sticky":false,"template":"","format":"standard","meta":{"footnotes":"","_joinchat":[]},"categories":[7,4],"tags":[],"acf":[],"yoast_head":"<!-- This site is optimized with the Yoast SEO plugin v21.7 - https:\/\/yoast.com\/wordpress\/plugins\/seo\/ -->\n<title>\u201cDuerma bien, fortalezca su vida\u201d fue la tem\u00e1tica del XXVI Congreso Anual de la Sociedad Espa\u00f1ola del Sue\u00f1o - Neurovirtual \/ Humanizing diagnostics<\/title>\n<meta name=\"description\" content=\"%seo_description%\" \/>\n<meta name=\"robots\" content=\"index, follow, max-snippet:-1, max-image-preview:large, max-video-preview:-1\" \/>\n<link rel=\"canonical\" href=\"https:\/\/neurovirtual.com\/latam\/duerma-bien-fortalezca-su-vida-fue-la-tematica-del-xxvi-congreso-anual-de-la-sociedad-espanola-del-sueno\/\" \/>\n<meta property=\"og:locale\" content=\"es_ES\" \/>\n<meta property=\"og:type\" content=\"article\" \/>\n<meta property=\"og:title\" content=\"\u201cDuerma bien, fortalezca su vida\u201d fue la tem\u00e1tica del XXVI Congreso Anual de la Sociedad Espa\u00f1ola del Sue\u00f1o - Neurovirtual \/ Humanizing diagnostics\" \/>\n<meta property=\"og:description\" content=\"%seo_description%\" \/>\n<meta property=\"og:url\" content=\"https:\/\/neurovirtual.com\/latam\/duerma-bien-fortalezca-su-vida-fue-la-tematica-del-xxvi-congreso-anual-de-la-sociedad-espanola-del-sueno\/\" \/>\n<meta property=\"og:site_name\" content=\"Neurovirtual \/ Humanizing diagnostics\" \/>\n<meta property=\"article:published_time\" content=\"2018-05-06T14:48:00+00:00\" \/>\n<meta property=\"article:modified_time\" content=\"2018-08-13T18:38:14+00:00\" \/>\n<meta property=\"og:image\" content=\"https:\/\/neurovirtual.com\/latam\/wp-content\/uploads\/2018\/07\/ses-capa.jpg\" \/>\n\t<meta property=\"og:image:width\" content=\"300\" \/>\n\t<meta property=\"og:image:height\" content=\"168\" \/>\n\t<meta property=\"og:image:type\" content=\"image\/jpeg\" \/>\n<meta name=\"author\" content=\"Jessika Brito\" \/>\n<meta name=\"twitter:card\" content=\"summary_large_image\" \/>\n<meta name=\"twitter:label1\" content=\"Escrito por\" \/>\n\t<meta name=\"twitter:data1\" content=\"Jessika Brito\" \/>\n\t<meta name=\"twitter:label2\" content=\"Tiempo estimado de lectura\" \/>\n\t<meta name=\"twitter:data2\" content=\"1 minuto\" \/>\n<script type=\"application\/ld+json\" class=\"yoast-schema-graph\">{\"@context\":\"https:\/\/schema.org\",\"@graph\":[{\"@type\":\"Article\",\"@id\":\"https:\/\/neurovirtual.com\/latam\/duerma-bien-fortalezca-su-vida-fue-la-tematica-del-xxvi-congreso-anual-de-la-sociedad-espanola-del-sueno\/#article\",\"isPartOf\":{\"@id\":\"https:\/\/neurovirtual.com\/latam\/duerma-bien-fortalezca-su-vida-fue-la-tematica-del-xxvi-congreso-anual-de-la-sociedad-espanola-del-sueno\/\"},\"author\":{\"name\":\"Jessika Brito\",\"@id\":\"https:\/\/neurovirtual.com\/latam\/#\/schema\/person\/61c27629d3d16b3e601ef7db30001d49\"},\"headline\":\"\u201cDuerma bien, fortalezca su vida\u201d fue la tem\u00e1tica del XXVI Congreso Anual de la Sociedad Espa\u00f1ola del Sue\u00f1o\",\"datePublished\":\"2018-05-06T14:48:00+00:00\",\"dateModified\":\"2018-08-13T18:38:14+00:00\",\"mainEntityOfPage\":{\"@id\":\"https:\/\/neurovirtual.com\/latam\/duerma-bien-fortalezca-su-vida-fue-la-tematica-del-xxvi-congreso-anual-de-la-sociedad-espanola-del-sueno\/\"},\"wordCount\":226,\"commentCount\":0,\"publisher\":{\"@id\":\"https:\/\/neurovirtual.com\/latam\/#organization\"},\"articleSection\":[\"Conferencias\",\"Novedades\"],\"inLanguage\":\"es-CO\",\"potentialAction\":[{\"@type\":\"CommentAction\",\"name\":\"Comment\",\"target\":[\"https:\/\/neurovirtual.com\/latam\/duerma-bien-fortalezca-su-vida-fue-la-tematica-del-xxvi-congreso-anual-de-la-sociedad-espanola-del-sueno\/#respond\"]}]},{\"@type\":\"WebPage\",\"@id\":\"https:\/\/neurovirtual.com\/latam\/duerma-bien-fortalezca-su-vida-fue-la-tematica-del-xxvi-congreso-anual-de-la-sociedad-espanola-del-sueno\/\",\"url\":\"https:\/\/neurovirtual.com\/latam\/duerma-bien-fortalezca-su-vida-fue-la-tematica-del-xxvi-congreso-anual-de-la-sociedad-espanola-del-sueno\/\",\"name\":\"\u201cDuerma bien, fortalezca su vida\u201d fue la tem\u00e1tica del XXVI Congreso Anual de la Sociedad Espa\u00f1ola del Sue\u00f1o - Neurovirtual \/ Humanizing diagnostics\",\"isPartOf\":{\"@id\":\"https:\/\/neurovirtual.com\/latam\/#website\"},\"datePublished\":\"2018-05-06T14:48:00+00:00\",\"dateModified\":\"2018-08-13T18:38:14+00:00\",\"description\":\"%seo_description%\",\"breadcrumb\":{\"@id\":\"https:\/\/neurovirtual.com\/latam\/duerma-bien-fortalezca-su-vida-fue-la-tematica-del-xxvi-congreso-anual-de-la-sociedad-espanola-del-sueno\/#breadcrumb\"},\"inLanguage\":\"es-CO\",\"potentialAction\":[{\"@type\":\"ReadAction\",\"target\":[\"https:\/\/neurovirtual.com\/latam\/duerma-bien-fortalezca-su-vida-fue-la-tematica-del-xxvi-congreso-anual-de-la-sociedad-espanola-del-sueno\/\"]}]},{\"@type\":\"BreadcrumbList\",\"@id\":\"https:\/\/neurovirtual.com\/latam\/duerma-bien-fortalezca-su-vida-fue-la-tematica-del-xxvi-congreso-anual-de-la-sociedad-espanola-del-sueno\/#breadcrumb\",\"itemListElement\":[{\"@type\":\"ListItem\",\"position\":1,\"name\":\"Portada\",\"item\":\"https:\/\/neurovirtual.com\/latam\/\"},{\"@type\":\"ListItem\",\"position\":2,\"name\":\"\u201cDuerma bien, fortalezca su vida\u201d fue la tem\u00e1tica del XXVI Congreso Anual de la Sociedad Espa\u00f1ola del Sue\u00f1o\"}]},{\"@type\":\"WebSite\",\"@id\":\"https:\/\/neurovirtual.com\/latam\/#website\",\"url\":\"https:\/\/neurovirtual.com\/latam\/\",\"name\":\"Neurovirtual \/ Humanizing diagnostics\",\"description\":\"\",\"publisher\":{\"@id\":\"https:\/\/neurovirtual.com\/latam\/#organization\"},\"potentialAction\":[{\"@type\":\"SearchAction\",\"target\":{\"@type\":\"EntryPoint\",\"urlTemplate\":\"https:\/\/neurovirtual.com\/latam\/?s={search_term_string}\"},\"query-input\":\"required name=search_term_string\"}],\"inLanguage\":\"es-CO\"},{\"@type\":\"Organization\",\"@id\":\"https:\/\/neurovirtual.com\/latam\/#organization\",\"name\":\"Neurovirtual\",\"url\":\"https:\/\/neurovirtual.com\/latam\/\",\"logo\":{\"@type\":\"ImageObject\",\"inLanguage\":\"es-CO\",\"@id\":\"https:\/\/neurovirtual.com\/latam\/#\/schema\/logo\/image\/\",\"url\":\"https:\/\/neurovirtual.com\/latam\/wp-content\/uploads\/2023\/08\/1.-Logo-Neurovirtual-2022.png\",\"contentUrl\":\"https:\/\/neurovirtual.com\/latam\/wp-content\/uploads\/2023\/08\/1.-Logo-Neurovirtual-2022.png\",\"width\":1964,\"height\":668,\"caption\":\"Neurovirtual\"},\"image\":{\"@id\":\"https:\/\/neurovirtual.com\/latam\/#\/schema\/logo\/image\/\"}},{\"@type\":\"Person\",\"@id\":\"https:\/\/neurovirtual.com\/latam\/#\/schema\/person\/61c27629d3d16b3e601ef7db30001d49\",\"name\":\"Jessika Brito\",\"image\":{\"@type\":\"ImageObject\",\"inLanguage\":\"es-CO\",\"@id\":\"https:\/\/neurovirtual.com\/latam\/#\/schema\/person\/image\/\",\"url\":\"https:\/\/secure.gravatar.com\/avatar\/08d2f62bc8a1f215fdfebe63356acc30?s=96&d=mm&r=g\",\"contentUrl\":\"https:\/\/secure.gravatar.com\/avatar\/08d2f62bc8a1f215fdfebe63356acc30?s=96&d=mm&r=g\",\"caption\":\"Jessika Brito\"},\"url\":\"https:\/\/neurovirtual.com\/latam\/author\/brito\/\"}]}<\/script>\n<!-- \/ Yoast SEO plugin. -->","yoast_head_json":{"title":"\u201cDuerma bien, fortalezca su vida\u201d fue la tem\u00e1tica del XXVI Congreso Anual de la Sociedad Espa\u00f1ola del Sue\u00f1o - Neurovirtual \/ Humanizing diagnostics","description":"%seo_description%","robots":{"index":"index","follow":"follow","max-snippet":"max-snippet:-1","max-image-preview":"max-image-preview:large","max-video-preview":"max-video-preview:-1"},"canonical":"https:\/\/neurovirtual.com\/latam\/duerma-bien-fortalezca-su-vida-fue-la-tematica-del-xxvi-congreso-anual-de-la-sociedad-espanola-del-sueno\/","og_locale":"es_ES","og_type":"article","og_title":"\u201cDuerma bien, fortalezca su vida\u201d fue la tem\u00e1tica del XXVI Congreso Anual de la Sociedad Espa\u00f1ola del Sue\u00f1o - Neurovirtual \/ Humanizing diagnostics","og_description":"%seo_description%","og_url":"https:\/\/neurovirtual.com\/latam\/duerma-bien-fortalezca-su-vida-fue-la-tematica-del-xxvi-congreso-anual-de-la-sociedad-espanola-del-sueno\/","og_site_name":"Neurovirtual \/ Humanizing diagnostics","article_published_time":"2018-05-06T14:48:00+00:00","article_modified_time":"2018-08-13T18:38:14+00:00","og_image":[{"width":300,"height":168,"url":"https:\/\/neurovirtual.com\/latam\/wp-content\/uploads\/2018\/07\/ses-capa.jpg","type":"image\/jpeg"}],"author":"Jessika Brito","twitter_card":"summary_large_image","twitter_misc":{"Escrito por":"Jessika Brito","Tiempo estimado de lectura":"1 minuto"},"schema":{"@context":"https:\/\/schema.org","@graph":[{"@type":"Article","@id":"https:\/\/neurovirtual.com\/latam\/duerma-bien-fortalezca-su-vida-fue-la-tematica-del-xxvi-congreso-anual-de-la-sociedad-espanola-del-sueno\/#article","isPartOf":{"@id":"https:\/\/neurovirtual.com\/latam\/duerma-bien-fortalezca-su-vida-fue-la-tematica-del-xxvi-congreso-anual-de-la-sociedad-espanola-del-sueno\/"},"author":{"name":"Jessika Brito","@id":"https:\/\/neurovirtual.com\/latam\/#\/schema\/person\/61c27629d3d16b3e601ef7db30001d49"},"headline":"\u201cDuerma bien, fortalezca su vida\u201d fue la tem\u00e1tica del XXVI Congreso Anual de la Sociedad Espa\u00f1ola del Sue\u00f1o","datePublished":"2018-05-06T14:48:00+00:00","dateModified":"2018-08-13T18:38:14+00:00","mainEntityOfPage":{"@id":"https:\/\/neurovirtual.com\/latam\/duerma-bien-fortalezca-su-vida-fue-la-tematica-del-xxvi-congreso-anual-de-la-sociedad-espanola-del-sueno\/"},"wordCount":226,"commentCount":0,"publisher":{"@id":"https:\/\/neurovirtual.com\/latam\/#organization"},"articleSection":["Conferencias","Novedades"],"inLanguage":"es-CO","potentialAction":[{"@type":"CommentAction","name":"Comment","target":["https:\/\/neurovirtual.com\/latam\/duerma-bien-fortalezca-su-vida-fue-la-tematica-del-xxvi-congreso-anual-de-la-sociedad-espanola-del-sueno\/#respond"]}]},{"@type":"WebPage","@id":"https:\/\/neurovirtual.com\/latam\/duerma-bien-fortalezca-su-vida-fue-la-tematica-del-xxvi-congreso-anual-de-la-sociedad-espanola-del-sueno\/","url":"https:\/\/neurovirtual.com\/latam\/duerma-bien-fortalezca-su-vida-fue-la-tematica-del-xxvi-congreso-anual-de-la-sociedad-espanola-del-sueno\/","name":"\u201cDuerma bien, fortalezca su vida\u201d fue la tem\u00e1tica del XXVI Congreso Anual de la Sociedad Espa\u00f1ola del Sue\u00f1o - Neurovirtual \/ Humanizing diagnostics","isPartOf":{"@id":"https:\/\/neurovirtual.com\/latam\/#website"},"datePublished":"2018-05-06T14:48:00+00:00","dateModified":"2018-08-13T18:38:14+00:00","description":"%seo_description%","breadcrumb":{"@id":"https:\/\/neurovirtual.com\/latam\/duerma-bien-fortalezca-su-vida-fue-la-tematica-del-xxvi-congreso-anual-de-la-sociedad-espanola-del-sueno\/#breadcrumb"},"inLanguage":"es-CO","potentialAction":[{"@type":"ReadAction","target":["https:\/\/neurovirtual.com\/latam\/duerma-bien-fortalezca-su-vida-fue-la-tematica-del-xxvi-congreso-anual-de-la-sociedad-espanola-del-sueno\/"]}]},{"@type":"BreadcrumbList","@id":"https:\/\/neurovirtual.com\/latam\/duerma-bien-fortalezca-su-vida-fue-la-tematica-del-xxvi-congreso-anual-de-la-sociedad-espanola-del-sueno\/#breadcrumb","itemListElement":[{"@type":"ListItem","position":1,"name":"Portada","item":"https:\/\/neurovirtual.com\/latam\/"},{"@type":"ListItem","position":2,"name":"\u201cDuerma bien, fortalezca su vida\u201d fue la tem\u00e1tica del XXVI Congreso Anual de la Sociedad Espa\u00f1ola del Sue\u00f1o"}]},{"@type":"WebSite","@id":"https:\/\/neurovirtual.com\/latam\/#website","url":"https:\/\/neurovirtual.com\/latam\/","name":"Neurovirtual \/ Humanizing diagnostics","description":"","publisher":{"@id":"https:\/\/neurovirtual.com\/latam\/#organization"},"potentialAction":[{"@type":"SearchAction","target":{"@type":"EntryPoint","urlTemplate":"https:\/\/neurovirtual.com\/latam\/?s={search_term_string}"},"query-input":"required name=search_term_string"}],"inLanguage":"es-CO"},{"@type":"Organization","@id":"https:\/\/neurovirtual.com\/latam\/#organization","name":"Neurovirtual","url":"https:\/\/neurovirtual.com\/latam\/","logo":{"@type":"ImageObject","inLanguage":"es-CO","@id":"https:\/\/neurovirtual.com\/latam\/#\/schema\/logo\/image\/","url":"https:\/\/neurovirtual.com\/latam\/wp-content\/uploads\/2023\/08\/1.-Logo-Neurovirtual-2022.png","contentUrl":"https:\/\/neurovirtual.com\/latam\/wp-content\/uploads\/2023\/08\/1.-Logo-Neurovirtual-2022.png","width":1964,"height":668,"caption":"Neurovirtual"},"image":{"@id":"https:\/\/neurovirtual.com\/latam\/#\/schema\/logo\/image\/"}},{"@type":"Person","@id":"https:\/\/neurovirtual.com\/latam\/#\/schema\/person\/61c27629d3d16b3e601ef7db30001d49","name":"Jessika Brito","image":{"@type":"ImageObject","inLanguage":"es-CO","@id":"https:\/\/neurovirtual.com\/latam\/#\/schema\/person\/image\/","url":"https:\/\/secure.gravatar.com\/avatar\/08d2f62bc8a1f215fdfebe63356acc30?s=96&d=mm&r=g","contentUrl":"https:\/\/secure.gravatar.com\/avatar\/08d2f62bc8a1f215fdfebe63356acc30?s=96&d=mm&r=g","caption":"Jessika Brito"},"url":"https:\/\/neurovirtual.com\/latam\/author\/brito\/"}]}},"_links":{"self":[{"href":"https:\/\/neurovirtual.com\/latam\/wp-json\/wp\/v2\/posts\/786828"}],"collection":[{"href":"https:\/\/neurovirtual.com\/latam\/wp-json\/wp\/v2\/posts"}],"about":[{"href":"https:\/\/neurovirtual.com\/latam\/wp-json\/wp\/v2\/types\/post"}],"author":[{"embeddable":true,"href":"https:\/\/neurovirtual.com\/latam\/wp-json\/wp\/v2\/users\/7"}],"replies":[{"embeddable":true,"href":"https:\/\/neurovirtual.com\/latam\/wp-json\/wp\/v2\/comments?post=786828"}],"version-history":[{"count":3,"href":"https:\/\/neurovirtual.com\/latam\/wp-json\/wp\/v2\/posts\/786828\/revisions"}],"predecessor-version":[{"id":787052,"href":"https:\/\/neurovirtual.com\/latam\/wp-json\/wp\/v2\/posts\/786828\/revisions\/787052"}],"wp:featuredmedia":[{"embeddable":true,"href":"https:\/\/neurovirtual.com\/latam\/wp-json\/wp\/v2\/media\/786829"}],"wp:attachment":[{"href":"https:\/\/neurovirtual.com\/latam\/wp-json\/wp\/v2\/media?parent=786828"}],"wp:term":[{"taxonomy":"category","embeddable":true,"href":"https:\/\/neurovirtual.com\/latam\/wp-json\/wp\/v2\/categories?post=786828"},{"taxonomy":"post_tag","embeddable":true,"href":"https:\/\/neurovirtual.com\/latam\/wp-json\/wp\/v2\/tags?post=786828"}],"curies":[{"name":"wp","href":"https:\/\/api.w.org\/{rel}","templated":true}]}}