{"id":785057,"date":"2018-04-06T18:06:35","date_gmt":"2018-04-06T21:06:35","guid":{"rendered":"https:\/\/neurovirtual.com\/latam\/?p=785057"},"modified":"2018-06-11T18:12:44","modified_gmt":"2018-06-11T21:12:44","slug":"77-congreso-internacional-de-neumologia-y-cirugia-de-torax-2018-smnyct","status":"publish","type":"post","link":"https:\/\/neurovirtual.com\/latam\/77-congreso-internacional-de-neumologia-y-cirugia-de-torax-2018-smnyct\/","title":{"rendered":"77 Congreso Internacional de Neumolog\u00eda y Cirug\u00eda de T\u00f3rax 2018"},"content":{"rendered":"<p><a href=\"https:\/\/neurovirtual.com\/latam\/wp-content\/uploads\/2018\/06\/77-congreso-internacional-de-neumologia-y-cirugia-de-torax-2018_capa2.jpg\"><img decoding=\"async\" class=\"aligncenter size-full wp-image-785059\" src=\"https:\/\/neurovirtual.com\/latam\/wp-content\/uploads\/2018\/06\/77-congreso-internacional-de-neumologia-y-cirugia-de-torax-2018_capa2.jpg\" alt=\"17AM OnDemand EXPERT-Logo\" width=\"800\" height=\"208\" srcset=\"https:\/\/neurovirtual.com\/latam\/wp-content\/uploads\/2018\/06\/77-congreso-internacional-de-neumologia-y-cirugia-de-torax-2018_capa2.jpg 800w, https:\/\/neurovirtual.com\/latam\/wp-content\/uploads\/2018\/06\/77-congreso-internacional-de-neumologia-y-cirugia-de-torax-2018_capa2-300x78.jpg 300w, https:\/\/neurovirtual.com\/latam\/wp-content\/uploads\/2018\/06\/77-congreso-internacional-de-neumologia-y-cirugia-de-torax-2018_capa2-460x120.jpg 460w\" sizes=\"(max-width: 800px) 100vw, 800px\" \/><\/a><\/p>\n<p>Especialistas del \u00e1rea de Neumolog\u00eda adultos, neumolog\u00eda pedi\u00e1trica y Cirug\u00eda de T\u00f3rax se dieron cita del 2 al 6 de abril en el recinto de congresos y exposiciones m\u00e1s completo y vers\u00e1til de M\u00e9xico; el Poliforum Le\u00f3n, ubicado en la Ciudad Le\u00f3n, Guanajuato.<\/p>\n<p><a href=\"https:\/\/neurovirtual.com\/latam\/wp-content\/uploads\/2018\/06\/33.jpg\"><img decoding=\"async\" class=\"aligncenter size-medium wp-image-785062\" src=\"https:\/\/neurovirtual.com\/latam\/wp-content\/uploads\/2018\/06\/33-300x200.jpg\" alt=\"33\" width=\"300\" height=\"200\" srcset=\"https:\/\/neurovirtual.com\/latam\/wp-content\/uploads\/2018\/06\/33-300x200.jpg 300w, https:\/\/neurovirtual.com\/latam\/wp-content\/uploads\/2018\/06\/33-1024x683.jpg 1024w, https:\/\/neurovirtual.com\/latam\/wp-content\/uploads\/2018\/06\/33-375x250.jpg 375w, https:\/\/neurovirtual.com\/latam\/wp-content\/uploads\/2018\/06\/33-460x307.jpg 460w, https:\/\/neurovirtual.com\/latam\/wp-content\/uploads\/2018\/06\/33.jpg 1920w\" sizes=\"(max-width: 300px) 100vw, 300px\" \/><\/a><br \/>\nEl evento reuni\u00f3 a m\u00e1s de mil asistentes de distintas partes del mundo que, junto con las sociedades respiratorias de Am\u00e9rica Central, Am\u00e9rica del Sur y Europa hicieron posible la realizaci\u00f3n del evento, teniendo como objetivo principal compartir sus conocimientos y mantenerse actualizados en temas de: terapia respiratoria, medicina del sue\u00f1o, EPOC, pediatr\u00eda, asma, terapia intensiva y cirug\u00eda entre otros temas de inter\u00e9s para los especialistas de Neumolog\u00eda y cirug\u00eda de t\u00f3rax<\/p>\n<p><a href=\"https:\/\/neurovirtual.com\/latam\/wp-content\/uploads\/2018\/06\/11.jpg\"><img decoding=\"async\" class=\"aligncenter size-medium wp-image-785060\" src=\"https:\/\/neurovirtual.com\/latam\/wp-content\/uploads\/2018\/06\/11-200x300.jpg\" alt=\"11\" width=\"200\" height=\"300\" srcset=\"https:\/\/neurovirtual.com\/latam\/wp-content\/uploads\/2018\/06\/11-200x300.jpg 200w, https:\/\/neurovirtual.com\/latam\/wp-content\/uploads\/2018\/06\/11-683x1024.jpg 683w, https:\/\/neurovirtual.com\/latam\/wp-content\/uploads\/2018\/06\/11-167x250.jpg 167w, https:\/\/neurovirtual.com\/latam\/wp-content\/uploads\/2018\/06\/11-227x340.jpg 227w, https:\/\/neurovirtual.com\/latam\/wp-content\/uploads\/2018\/06\/11.jpg 1280w\" sizes=\"(max-width: 200px) 100vw, 200px\" \/><\/a><br \/>\nSleepvirtual, participante y patrocinador del evento conto con un stand dentro del \u00e1rea comercial donde la compa\u00f1\u00eda fue representada por el gerente de ventas de la compa\u00f1\u00eda en M\u00e9xico; Marcelo Belli, quien recibi\u00f3 a los clientes de la compa\u00f1\u00eda y estuvo al pendiente de brindar informaci\u00f3n a m\u00e9dicos interesados, principalmente en los equipos<a href=\"https:\/\/neurovirtual.com\/latam\/equipamento\/bwiii-psg\/\"> BWIII PSG<\/a> y <a href=\"https:\/\/neurovirtual.com\/latam\/equipamento\/bw-iii-plus\/\">BWIII PSG PLUS<\/a> lanzados al mercado en 2017.<\/p>\n<p><a href=\"https:\/\/neurovirtual.com\/latam\/wp-content\/uploads\/2018\/06\/22.jpg\"><img decoding=\"async\" class=\"aligncenter size-medium wp-image-785061\" src=\"https:\/\/neurovirtual.com\/latam\/wp-content\/uploads\/2018\/06\/22-300x200.jpg\" alt=\"22\" width=\"300\" height=\"200\" srcset=\"https:\/\/neurovirtual.com\/latam\/wp-content\/uploads\/2018\/06\/22-300x200.jpg 300w, https:\/\/neurovirtual.com\/latam\/wp-content\/uploads\/2018\/06\/22-1024x683.jpg 1024w, https:\/\/neurovirtual.com\/latam\/wp-content\/uploads\/2018\/06\/22-375x250.jpg 375w, https:\/\/neurovirtual.com\/latam\/wp-content\/uploads\/2018\/06\/22-460x307.jpg 460w, https:\/\/neurovirtual.com\/latam\/wp-content\/uploads\/2018\/06\/22.jpg 1920w\" sizes=\"(max-width: 300px) 100vw, 300px\" \/><\/a><br \/>\n<em>&#8220;Estamos orgullosos de formar parte de este evento y poder colaborar con los especialistas en sus proyectos cl\u00ednicos, nuestro objetivo es proveer productos de calidad como hasta ahora y atender las necesidades del mercado&#8221;<\/em>, comparti\u00f3 Marcelo Belli.<\/p>\n","protected":false},"excerpt":{"rendered":"<p>Especialistas del \u00e1rea de Neumolog\u00eda adultos, neumolog\u00eda pedi\u00e1trica y Cirug\u00eda de T\u00f3rax se dieron cita del 2 al 6 de abril en el recinto de congresos y exposiciones m\u00e1s completo y vers\u00e1til de M\u00e9xico; el Poliforum Le\u00f3n, ubicado en la Ciudad Le\u00f3n, Guanajuato. El evento reuni\u00f3 a m\u00e1s de mil asistentes de distintas partes del&#8230;<\/p>\n","protected":false},"author":7,"featured_media":785058,"comment_status":"open","ping_status":"open","sticky":false,"template":"","format":"standard","meta":{"footnotes":"","_joinchat":[]},"categories":[7,13],"tags":[],"acf":[],"yoast_head":"<!-- This site is optimized with the Yoast SEO plugin v21.7 - https:\/\/yoast.com\/wordpress\/plugins\/seo\/ -->\n<title>77 Congreso Internacional de Neumolog\u00eda y Cirug\u00eda de T\u00f3rax 2018 - Neurovirtual \/ Humanizing diagnostics<\/title>\n<meta name=\"description\" content=\"%seo_description%\" \/>\n<meta name=\"robots\" content=\"index, follow, max-snippet:-1, max-image-preview:large, max-video-preview:-1\" \/>\n<link rel=\"canonical\" href=\"https:\/\/neurovirtual.com\/latam\/77-congreso-internacional-de-neumologia-y-cirugia-de-torax-2018-smnyct\/\" \/>\n<meta property=\"og:locale\" content=\"es_ES\" \/>\n<meta property=\"og:type\" content=\"article\" \/>\n<meta property=\"og:title\" content=\"77 Congreso Internacional de Neumolog\u00eda y Cirug\u00eda de T\u00f3rax 2018 - Neurovirtual \/ Humanizing diagnostics\" \/>\n<meta property=\"og:description\" content=\"%seo_description%\" \/>\n<meta property=\"og:url\" content=\"https:\/\/neurovirtual.com\/latam\/77-congreso-internacional-de-neumologia-y-cirugia-de-torax-2018-smnyct\/\" \/>\n<meta property=\"og:site_name\" content=\"Neurovirtual \/ Humanizing diagnostics\" \/>\n<meta property=\"article:published_time\" content=\"2018-04-06T21:06:35+00:00\" \/>\n<meta property=\"article:modified_time\" content=\"2018-06-11T21:12:44+00:00\" \/>\n<meta property=\"og:image\" content=\"https:\/\/neurovirtual.com\/latam\/wp-content\/uploads\/2018\/06\/77-congreso-internacional-de-neumologia-y-cirugia-de-torax-2018_capa1.jpg\" \/>\n\t<meta property=\"og:image:width\" content=\"300\" \/>\n\t<meta property=\"og:image:height\" content=\"168\" \/>\n\t<meta property=\"og:image:type\" content=\"image\/jpeg\" \/>\n<meta name=\"author\" content=\"Jessika Brito\" \/>\n<meta name=\"twitter:card\" content=\"summary_large_image\" \/>\n<meta name=\"twitter:label1\" content=\"Escrito por\" \/>\n\t<meta name=\"twitter:data1\" content=\"Jessika Brito\" \/>\n\t<meta name=\"twitter:label2\" content=\"Tiempo estimado de lectura\" \/>\n\t<meta name=\"twitter:data2\" content=\"1 minuto\" \/>\n<script type=\"application\/ld+json\" class=\"yoast-schema-graph\">{\"@context\":\"https:\/\/schema.org\",\"@graph\":[{\"@type\":\"Article\",\"@id\":\"https:\/\/neurovirtual.com\/latam\/77-congreso-internacional-de-neumologia-y-cirugia-de-torax-2018-smnyct\/#article\",\"isPartOf\":{\"@id\":\"https:\/\/neurovirtual.com\/latam\/77-congreso-internacional-de-neumologia-y-cirugia-de-torax-2018-smnyct\/\"},\"author\":{\"name\":\"Jessika Brito\",\"@id\":\"https:\/\/neurovirtual.com\/latam\/#\/schema\/person\/61c27629d3d16b3e601ef7db30001d49\"},\"headline\":\"77 Congreso Internacional de Neumolog\u00eda y Cirug\u00eda de T\u00f3rax 2018\",\"datePublished\":\"2018-04-06T21:06:35+00:00\",\"dateModified\":\"2018-06-11T21:12:44+00:00\",\"mainEntityOfPage\":{\"@id\":\"https:\/\/neurovirtual.com\/latam\/77-congreso-internacional-de-neumologia-y-cirugia-de-torax-2018-smnyct\/\"},\"wordCount\":252,\"commentCount\":0,\"publisher\":{\"@id\":\"https:\/\/neurovirtual.com\/latam\/#organization\"},\"articleSection\":[\"Conferencias\",\"Latam\"],\"inLanguage\":\"es-CO\",\"potentialAction\":[{\"@type\":\"CommentAction\",\"name\":\"Comment\",\"target\":[\"https:\/\/neurovirtual.com\/latam\/77-congreso-internacional-de-neumologia-y-cirugia-de-torax-2018-smnyct\/#respond\"]}]},{\"@type\":\"WebPage\",\"@id\":\"https:\/\/neurovirtual.com\/latam\/77-congreso-internacional-de-neumologia-y-cirugia-de-torax-2018-smnyct\/\",\"url\":\"https:\/\/neurovirtual.com\/latam\/77-congreso-internacional-de-neumologia-y-cirugia-de-torax-2018-smnyct\/\",\"name\":\"77 Congreso Internacional de Neumolog\u00eda y Cirug\u00eda de T\u00f3rax 2018 - Neurovirtual \/ Humanizing diagnostics\",\"isPartOf\":{\"@id\":\"https:\/\/neurovirtual.com\/latam\/#website\"},\"datePublished\":\"2018-04-06T21:06:35+00:00\",\"dateModified\":\"2018-06-11T21:12:44+00:00\",\"description\":\"%seo_description%\",\"breadcrumb\":{\"@id\":\"https:\/\/neurovirtual.com\/latam\/77-congreso-internacional-de-neumologia-y-cirugia-de-torax-2018-smnyct\/#breadcrumb\"},\"inLanguage\":\"es-CO\",\"potentialAction\":[{\"@type\":\"ReadAction\",\"target\":[\"https:\/\/neurovirtual.com\/latam\/77-congreso-internacional-de-neumologia-y-cirugia-de-torax-2018-smnyct\/\"]}]},{\"@type\":\"BreadcrumbList\",\"@id\":\"https:\/\/neurovirtual.com\/latam\/77-congreso-internacional-de-neumologia-y-cirugia-de-torax-2018-smnyct\/#breadcrumb\",\"itemListElement\":[{\"@type\":\"ListItem\",\"position\":1,\"name\":\"Portada\",\"item\":\"https:\/\/neurovirtual.com\/latam\/\"},{\"@type\":\"ListItem\",\"position\":2,\"name\":\"77 Congreso Internacional de Neumolog\u00eda y Cirug\u00eda de T\u00f3rax 2018\"}]},{\"@type\":\"WebSite\",\"@id\":\"https:\/\/neurovirtual.com\/latam\/#website\",\"url\":\"https:\/\/neurovirtual.com\/latam\/\",\"name\":\"Neurovirtual \/ Humanizing diagnostics\",\"description\":\"\",\"publisher\":{\"@id\":\"https:\/\/neurovirtual.com\/latam\/#organization\"},\"potentialAction\":[{\"@type\":\"SearchAction\",\"target\":{\"@type\":\"EntryPoint\",\"urlTemplate\":\"https:\/\/neurovirtual.com\/latam\/?s={search_term_string}\"},\"query-input\":\"required name=search_term_string\"}],\"inLanguage\":\"es-CO\"},{\"@type\":\"Organization\",\"@id\":\"https:\/\/neurovirtual.com\/latam\/#organization\",\"name\":\"Neurovirtual\",\"url\":\"https:\/\/neurovirtual.com\/latam\/\",\"logo\":{\"@type\":\"ImageObject\",\"inLanguage\":\"es-CO\",\"@id\":\"https:\/\/neurovirtual.com\/latam\/#\/schema\/logo\/image\/\",\"url\":\"https:\/\/neurovirtual.com\/latam\/wp-content\/uploads\/2023\/08\/1.-Logo-Neurovirtual-2022.png\",\"contentUrl\":\"https:\/\/neurovirtual.com\/latam\/wp-content\/uploads\/2023\/08\/1.-Logo-Neurovirtual-2022.png\",\"width\":1964,\"height\":668,\"caption\":\"Neurovirtual\"},\"image\":{\"@id\":\"https:\/\/neurovirtual.com\/latam\/#\/schema\/logo\/image\/\"}},{\"@type\":\"Person\",\"@id\":\"https:\/\/neurovirtual.com\/latam\/#\/schema\/person\/61c27629d3d16b3e601ef7db30001d49\",\"name\":\"Jessika Brito\",\"image\":{\"@type\":\"ImageObject\",\"inLanguage\":\"es-CO\",\"@id\":\"https:\/\/neurovirtual.com\/latam\/#\/schema\/person\/image\/\",\"url\":\"https:\/\/secure.gravatar.com\/avatar\/08d2f62bc8a1f215fdfebe63356acc30?s=96&d=mm&r=g\",\"contentUrl\":\"https:\/\/secure.gravatar.com\/avatar\/08d2f62bc8a1f215fdfebe63356acc30?s=96&d=mm&r=g\",\"caption\":\"Jessika Brito\"},\"url\":\"https:\/\/neurovirtual.com\/latam\/author\/brito\/\"}]}<\/script>\n<!-- \/ Yoast SEO plugin. -->","yoast_head_json":{"title":"77 Congreso Internacional de Neumolog\u00eda y Cirug\u00eda de T\u00f3rax 2018 - Neurovirtual \/ Humanizing diagnostics","description":"%seo_description%","robots":{"index":"index","follow":"follow","max-snippet":"max-snippet:-1","max-image-preview":"max-image-preview:large","max-video-preview":"max-video-preview:-1"},"canonical":"https:\/\/neurovirtual.com\/latam\/77-congreso-internacional-de-neumologia-y-cirugia-de-torax-2018-smnyct\/","og_locale":"es_ES","og_type":"article","og_title":"77 Congreso Internacional de Neumolog\u00eda y Cirug\u00eda de T\u00f3rax 2018 - Neurovirtual \/ Humanizing diagnostics","og_description":"%seo_description%","og_url":"https:\/\/neurovirtual.com\/latam\/77-congreso-internacional-de-neumologia-y-cirugia-de-torax-2018-smnyct\/","og_site_name":"Neurovirtual \/ Humanizing diagnostics","article_published_time":"2018-04-06T21:06:35+00:00","article_modified_time":"2018-06-11T21:12:44+00:00","og_image":[{"width":300,"height":168,"url":"https:\/\/neurovirtual.com\/latam\/wp-content\/uploads\/2018\/06\/77-congreso-internacional-de-neumologia-y-cirugia-de-torax-2018_capa1.jpg","type":"image\/jpeg"}],"author":"Jessika Brito","twitter_card":"summary_large_image","twitter_misc":{"Escrito por":"Jessika Brito","Tiempo estimado de lectura":"1 minuto"},"schema":{"@context":"https:\/\/schema.org","@graph":[{"@type":"Article","@id":"https:\/\/neurovirtual.com\/latam\/77-congreso-internacional-de-neumologia-y-cirugia-de-torax-2018-smnyct\/#article","isPartOf":{"@id":"https:\/\/neurovirtual.com\/latam\/77-congreso-internacional-de-neumologia-y-cirugia-de-torax-2018-smnyct\/"},"author":{"name":"Jessika Brito","@id":"https:\/\/neurovirtual.com\/latam\/#\/schema\/person\/61c27629d3d16b3e601ef7db30001d49"},"headline":"77 Congreso Internacional de Neumolog\u00eda y Cirug\u00eda de T\u00f3rax 2018","datePublished":"2018-04-06T21:06:35+00:00","dateModified":"2018-06-11T21:12:44+00:00","mainEntityOfPage":{"@id":"https:\/\/neurovirtual.com\/latam\/77-congreso-internacional-de-neumologia-y-cirugia-de-torax-2018-smnyct\/"},"wordCount":252,"commentCount":0,"publisher":{"@id":"https:\/\/neurovirtual.com\/latam\/#organization"},"articleSection":["Conferencias","Latam"],"inLanguage":"es-CO","potentialAction":[{"@type":"CommentAction","name":"Comment","target":["https:\/\/neurovirtual.com\/latam\/77-congreso-internacional-de-neumologia-y-cirugia-de-torax-2018-smnyct\/#respond"]}]},{"@type":"WebPage","@id":"https:\/\/neurovirtual.com\/latam\/77-congreso-internacional-de-neumologia-y-cirugia-de-torax-2018-smnyct\/","url":"https:\/\/neurovirtual.com\/latam\/77-congreso-internacional-de-neumologia-y-cirugia-de-torax-2018-smnyct\/","name":"77 Congreso Internacional de Neumolog\u00eda y Cirug\u00eda de T\u00f3rax 2018 - Neurovirtual \/ Humanizing diagnostics","isPartOf":{"@id":"https:\/\/neurovirtual.com\/latam\/#website"},"datePublished":"2018-04-06T21:06:35+00:00","dateModified":"2018-06-11T21:12:44+00:00","description":"%seo_description%","breadcrumb":{"@id":"https:\/\/neurovirtual.com\/latam\/77-congreso-internacional-de-neumologia-y-cirugia-de-torax-2018-smnyct\/#breadcrumb"},"inLanguage":"es-CO","potentialAction":[{"@type":"ReadAction","target":["https:\/\/neurovirtual.com\/latam\/77-congreso-internacional-de-neumologia-y-cirugia-de-torax-2018-smnyct\/"]}]},{"@type":"BreadcrumbList","@id":"https:\/\/neurovirtual.com\/latam\/77-congreso-internacional-de-neumologia-y-cirugia-de-torax-2018-smnyct\/#breadcrumb","itemListElement":[{"@type":"ListItem","position":1,"name":"Portada","item":"https:\/\/neurovirtual.com\/latam\/"},{"@type":"ListItem","position":2,"name":"77 Congreso Internacional de Neumolog\u00eda y Cirug\u00eda de T\u00f3rax 2018"}]},{"@type":"WebSite","@id":"https:\/\/neurovirtual.com\/latam\/#website","url":"https:\/\/neurovirtual.com\/latam\/","name":"Neurovirtual \/ Humanizing diagnostics","description":"","publisher":{"@id":"https:\/\/neurovirtual.com\/latam\/#organization"},"potentialAction":[{"@type":"SearchAction","target":{"@type":"EntryPoint","urlTemplate":"https:\/\/neurovirtual.com\/latam\/?s={search_term_string}"},"query-input":"required name=search_term_string"}],"inLanguage":"es-CO"},{"@type":"Organization","@id":"https:\/\/neurovirtual.com\/latam\/#organization","name":"Neurovirtual","url":"https:\/\/neurovirtual.com\/latam\/","logo":{"@type":"ImageObject","inLanguage":"es-CO","@id":"https:\/\/neurovirtual.com\/latam\/#\/schema\/logo\/image\/","url":"https:\/\/neurovirtual.com\/latam\/wp-content\/uploads\/2023\/08\/1.-Logo-Neurovirtual-2022.png","contentUrl":"https:\/\/neurovirtual.com\/latam\/wp-content\/uploads\/2023\/08\/1.-Logo-Neurovirtual-2022.png","width":1964,"height":668,"caption":"Neurovirtual"},"image":{"@id":"https:\/\/neurovirtual.com\/latam\/#\/schema\/logo\/image\/"}},{"@type":"Person","@id":"https:\/\/neurovirtual.com\/latam\/#\/schema\/person\/61c27629d3d16b3e601ef7db30001d49","name":"Jessika Brito","image":{"@type":"ImageObject","inLanguage":"es-CO","@id":"https:\/\/neurovirtual.com\/latam\/#\/schema\/person\/image\/","url":"https:\/\/secure.gravatar.com\/avatar\/08d2f62bc8a1f215fdfebe63356acc30?s=96&d=mm&r=g","contentUrl":"https:\/\/secure.gravatar.com\/avatar\/08d2f62bc8a1f215fdfebe63356acc30?s=96&d=mm&r=g","caption":"Jessika Brito"},"url":"https:\/\/neurovirtual.com\/latam\/author\/brito\/"}]}},"_links":{"self":[{"href":"https:\/\/neurovirtual.com\/latam\/wp-json\/wp\/v2\/posts\/785057"}],"collection":[{"href":"https:\/\/neurovirtual.com\/latam\/wp-json\/wp\/v2\/posts"}],"about":[{"href":"https:\/\/neurovirtual.com\/latam\/wp-json\/wp\/v2\/types\/post"}],"author":[{"embeddable":true,"href":"https:\/\/neurovirtual.com\/latam\/wp-json\/wp\/v2\/users\/7"}],"replies":[{"embeddable":true,"href":"https:\/\/neurovirtual.com\/latam\/wp-json\/wp\/v2\/comments?post=785057"}],"version-history":[{"count":2,"href":"https:\/\/neurovirtual.com\/latam\/wp-json\/wp\/v2\/posts\/785057\/revisions"}],"predecessor-version":[{"id":785064,"href":"https:\/\/neurovirtual.com\/latam\/wp-json\/wp\/v2\/posts\/785057\/revisions\/785064"}],"wp:featuredmedia":[{"embeddable":true,"href":"https:\/\/neurovirtual.com\/latam\/wp-json\/wp\/v2\/media\/785058"}],"wp:attachment":[{"href":"https:\/\/neurovirtual.com\/latam\/wp-json\/wp\/v2\/media?parent=785057"}],"wp:term":[{"taxonomy":"category","embeddable":true,"href":"https:\/\/neurovirtual.com\/latam\/wp-json\/wp\/v2\/categories?post=785057"},{"taxonomy":"post_tag","embeddable":true,"href":"https:\/\/neurovirtual.com\/latam\/wp-json\/wp\/v2\/tags?post=785057"}],"curies":[{"name":"wp","href":"https:\/\/api.w.org\/{rel}","templated":true}]}}