{"id":785043,"date":"2018-03-17T20:27:01","date_gmt":"2018-03-17T23:27:01","guid":{"rendered":"https:\/\/neurovirtual.com\/latam\/?p=785043"},"modified":"2018-06-07T20:31:30","modified_gmt":"2018-06-07T23:31:30","slug":"xiii-congreso-colombiano-de-neurologia","status":"publish","type":"post","link":"https:\/\/neurovirtual.com\/latam\/xiii-congreso-colombiano-de-neurologia\/","title":{"rendered":"XIII Congreso Colombiano de Neurolog\u00eda"},"content":{"rendered":"<p><a href=\"https:\/\/neurovirtual.com\/latam\/wp-content\/uploads\/2018\/06\/capa-congresso-colombia.jpg\"><img decoding=\"async\" class=\"aligncenter wp-image-785046 size-full\" src=\"https:\/\/neurovirtual.com\/latam\/wp-content\/uploads\/2018\/06\/capa-congresso-colombia.jpg\" alt=\"capa congresso colombia\" width=\"872\" height=\"234\" srcset=\"https:\/\/neurovirtual.com\/latam\/wp-content\/uploads\/2018\/06\/capa-congresso-colombia.jpg 872w, https:\/\/neurovirtual.com\/latam\/wp-content\/uploads\/2018\/06\/capa-congresso-colombia-300x81.jpg 300w, https:\/\/neurovirtual.com\/latam\/wp-content\/uploads\/2018\/06\/capa-congresso-colombia-460x123.jpg 460w\" sizes=\"(max-width: 872px) 100vw, 872px\" \/><\/a><\/p>\n<p>Entre el 15 y el 17 de marzo la Asociaci\u00f3n Colombiana de Neurolog\u00eda promovi\u00f3 el XIII Congreso Nacional de Neurolog\u00eda, que reuni\u00f3 a m\u00e1s de 300 asistentes, entre especialistas y residentes. El encuentro tuvo lugar en el Hotel Blue Gardens de la ciudad de Barranquilla, Colombia.<\/p>\n<p><a href=\"https:\/\/neurovirtual.com\/latam\/wp-content\/uploads\/2018\/06\/20180315_115418.jpg\"><img decoding=\"async\" class=\"aligncenter size-medium wp-image-785044\" src=\"https:\/\/neurovirtual.com\/latam\/wp-content\/uploads\/2018\/06\/20180315_115418-300x289.jpg\" alt=\"20180315_115418\" width=\"300\" height=\"289\" srcset=\"https:\/\/neurovirtual.com\/latam\/wp-content\/uploads\/2018\/06\/20180315_115418-300x289.jpg 300w, https:\/\/neurovirtual.com\/latam\/wp-content\/uploads\/2018\/06\/20180315_115418-1024x988.jpg 1024w, https:\/\/neurovirtual.com\/latam\/wp-content\/uploads\/2018\/06\/20180315_115418-259x250.jpg 259w, https:\/\/neurovirtual.com\/latam\/wp-content\/uploads\/2018\/06\/20180315_115418-352x340.jpg 352w, https:\/\/neurovirtual.com\/latam\/wp-content\/uploads\/2018\/06\/20180315_115418.jpg 1920w\" sizes=\"(max-width: 300px) 100vw, 300px\" \/><\/a><\/p>\n<p>La \u201cNueva clasificaci\u00f3n de la epilepsia\u201d, tema principal del congreso dirigido por los doctores Joe Mu\u00f1oz y Michel Volcy, fue promovido por la Liga Internacional contra la Epilepsia y la Cefalea. Varios especialistas nacionales e internacionales dictaron charlas que dieron a los asistentes informaci\u00f3n sobre los desarrollos m\u00e1s modernos e innovadores en las \u00e1reas de neurolog\u00eda y epilepsia.<\/p>\n<p><a href=\"https:\/\/neurovirtual.com\/latam\/wp-content\/uploads\/2018\/06\/20180316_112419.png\"><img decoding=\"async\" class=\"aligncenter size-medium wp-image-785045\" src=\"https:\/\/neurovirtual.com\/latam\/wp-content\/uploads\/2018\/06\/20180316_112419-284x300.png\" alt=\"20180316_112419\" width=\"284\" height=\"300\" srcset=\"https:\/\/neurovirtual.com\/latam\/wp-content\/uploads\/2018\/06\/20180316_112419-284x300.png 284w, https:\/\/neurovirtual.com\/latam\/wp-content\/uploads\/2018\/06\/20180316_112419-968x1024.png 968w, https:\/\/neurovirtual.com\/latam\/wp-content\/uploads\/2018\/06\/20180316_112419-236x250.png 236w, https:\/\/neurovirtual.com\/latam\/wp-content\/uploads\/2018\/06\/20180316_112419-321x340.png 321w, https:\/\/neurovirtual.com\/latam\/wp-content\/uploads\/2018\/06\/20180316_112419.png 1814w\" sizes=\"(max-width: 284px) 100vw, 284px\" \/><\/a><\/p>\n<p>Neurovirtual particip\u00f3 en este congreso y tuvo la oportunidad de mostrar a los especialistas los equipos m\u00e1s modernos para hacer diagn\u00f3stico en epilepsia. Los equipos que se presentaron fueron el <a href=\"https:\/\/neurovirtual.com\/latam\/equipamento\/bwiii-eeg-plus-icu-brain-monitor\/\">BWIII EEG Plus LTM\u00a0ICU<\/a>\u00a0ideal para ex\u00e1menes de electroencefalograf\u00eda y monitoreo en unidades de terapia intensiva, que cuenta con m\u00e1s de 50 canales y grabaci\u00f3n en video en alta definici\u00f3n; y el nuevo <a href=\"https:\/\/neurovirtual.com\/latam\/equipamento\/bwmini-ambulatorio-psg-hst-2-2\/\">BWMini AEEG, <\/a>una soluci\u00f3n port\u00e1til y ambulatoria para la conducci\u00f3n de ex\u00e1menes de electroencefalograf\u00eda que graba hasta 72 horas de ex\u00e1menes.<\/p>\n","protected":false},"excerpt":{"rendered":"<p>Entre el 15 y el 17 de marzo la Asociaci\u00f3n Colombiana de Neurolog\u00eda promovi\u00f3 el XIII Congreso Nacional de Neurolog\u00eda, que reuni\u00f3 a m\u00e1s de 300 asistentes, entre especialistas y residentes. El encuentro tuvo lugar en el Hotel Blue Gardens de la ciudad de Barranquilla, Colombia. La \u201cNueva clasificaci\u00f3n de la epilepsia\u201d, tema principal del&#8230;<\/p>\n","protected":false},"author":7,"featured_media":785047,"comment_status":"open","ping_status":"open","sticky":false,"template":"","format":"standard","meta":{"footnotes":"","_joinchat":[]},"categories":[7,13,4],"tags":[],"acf":[],"yoast_head":"<!-- This site is optimized with the Yoast SEO plugin v21.7 - https:\/\/yoast.com\/wordpress\/plugins\/seo\/ -->\n<title>XIII Congreso Colombiano de Neurolog\u00eda - Neurovirtual \/ Humanizing diagnostics<\/title>\n<meta name=\"description\" content=\"%seo_description%\" \/>\n<meta name=\"robots\" content=\"index, follow, max-snippet:-1, max-image-preview:large, max-video-preview:-1\" \/>\n<link rel=\"canonical\" href=\"https:\/\/neurovirtual.com\/latam\/xiii-congreso-colombiano-de-neurologia\/\" \/>\n<meta property=\"og:locale\" content=\"es_ES\" \/>\n<meta property=\"og:type\" content=\"article\" \/>\n<meta property=\"og:title\" content=\"XIII Congreso Colombiano de Neurolog\u00eda - Neurovirtual \/ Humanizing diagnostics\" \/>\n<meta property=\"og:description\" content=\"%seo_description%\" \/>\n<meta property=\"og:url\" content=\"https:\/\/neurovirtual.com\/latam\/xiii-congreso-colombiano-de-neurologia\/\" \/>\n<meta property=\"og:site_name\" content=\"Neurovirtual \/ Humanizing diagnostics\" \/>\n<meta property=\"article:published_time\" content=\"2018-03-17T23:27:01+00:00\" \/>\n<meta property=\"article:modified_time\" content=\"2018-06-07T23:31:30+00:00\" \/>\n<meta property=\"og:image\" content=\"https:\/\/neurovirtual.com\/latam\/wp-content\/uploads\/2018\/06\/Congreso-Nacional-de-Neurologia-2018_capa.jpg\" \/>\n\t<meta property=\"og:image:width\" content=\"300\" \/>\n\t<meta property=\"og:image:height\" content=\"168\" \/>\n\t<meta property=\"og:image:type\" content=\"image\/jpeg\" \/>\n<meta name=\"author\" content=\"Jessika Brito\" \/>\n<meta name=\"twitter:card\" content=\"summary_large_image\" \/>\n<meta name=\"twitter:label1\" content=\"Escrito por\" \/>\n\t<meta name=\"twitter:data1\" content=\"Jessika Brito\" \/>\n\t<meta name=\"twitter:label2\" content=\"Tiempo estimado de lectura\" \/>\n\t<meta name=\"twitter:data2\" content=\"1 minuto\" \/>\n<script type=\"application\/ld+json\" class=\"yoast-schema-graph\">{\"@context\":\"https:\/\/schema.org\",\"@graph\":[{\"@type\":\"Article\",\"@id\":\"https:\/\/neurovirtual.com\/latam\/xiii-congreso-colombiano-de-neurologia\/#article\",\"isPartOf\":{\"@id\":\"https:\/\/neurovirtual.com\/latam\/xiii-congreso-colombiano-de-neurologia\/\"},\"author\":{\"name\":\"Jessika Brito\",\"@id\":\"https:\/\/neurovirtual.com\/latam\/#\/schema\/person\/61c27629d3d16b3e601ef7db30001d49\"},\"headline\":\"XIII Congreso Colombiano de Neurolog\u00eda\",\"datePublished\":\"2018-03-17T23:27:01+00:00\",\"dateModified\":\"2018-06-07T23:31:30+00:00\",\"mainEntityOfPage\":{\"@id\":\"https:\/\/neurovirtual.com\/latam\/xiii-congreso-colombiano-de-neurologia\/\"},\"wordCount\":212,\"commentCount\":0,\"publisher\":{\"@id\":\"https:\/\/neurovirtual.com\/latam\/#organization\"},\"articleSection\":[\"Conferencias\",\"Latam\",\"Novedades\"],\"inLanguage\":\"es-CO\",\"potentialAction\":[{\"@type\":\"CommentAction\",\"name\":\"Comment\",\"target\":[\"https:\/\/neurovirtual.com\/latam\/xiii-congreso-colombiano-de-neurologia\/#respond\"]}]},{\"@type\":\"WebPage\",\"@id\":\"https:\/\/neurovirtual.com\/latam\/xiii-congreso-colombiano-de-neurologia\/\",\"url\":\"https:\/\/neurovirtual.com\/latam\/xiii-congreso-colombiano-de-neurologia\/\",\"name\":\"XIII Congreso Colombiano de Neurolog\u00eda - Neurovirtual \/ Humanizing diagnostics\",\"isPartOf\":{\"@id\":\"https:\/\/neurovirtual.com\/latam\/#website\"},\"datePublished\":\"2018-03-17T23:27:01+00:00\",\"dateModified\":\"2018-06-07T23:31:30+00:00\",\"description\":\"%seo_description%\",\"breadcrumb\":{\"@id\":\"https:\/\/neurovirtual.com\/latam\/xiii-congreso-colombiano-de-neurologia\/#breadcrumb\"},\"inLanguage\":\"es-CO\",\"potentialAction\":[{\"@type\":\"ReadAction\",\"target\":[\"https:\/\/neurovirtual.com\/latam\/xiii-congreso-colombiano-de-neurologia\/\"]}]},{\"@type\":\"BreadcrumbList\",\"@id\":\"https:\/\/neurovirtual.com\/latam\/xiii-congreso-colombiano-de-neurologia\/#breadcrumb\",\"itemListElement\":[{\"@type\":\"ListItem\",\"position\":1,\"name\":\"Portada\",\"item\":\"https:\/\/neurovirtual.com\/latam\/\"},{\"@type\":\"ListItem\",\"position\":2,\"name\":\"XIII Congreso Colombiano de Neurolog\u00eda\"}]},{\"@type\":\"WebSite\",\"@id\":\"https:\/\/neurovirtual.com\/latam\/#website\",\"url\":\"https:\/\/neurovirtual.com\/latam\/\",\"name\":\"Neurovirtual \/ Humanizing diagnostics\",\"description\":\"\",\"publisher\":{\"@id\":\"https:\/\/neurovirtual.com\/latam\/#organization\"},\"potentialAction\":[{\"@type\":\"SearchAction\",\"target\":{\"@type\":\"EntryPoint\",\"urlTemplate\":\"https:\/\/neurovirtual.com\/latam\/?s={search_term_string}\"},\"query-input\":\"required name=search_term_string\"}],\"inLanguage\":\"es-CO\"},{\"@type\":\"Organization\",\"@id\":\"https:\/\/neurovirtual.com\/latam\/#organization\",\"name\":\"Neurovirtual\",\"url\":\"https:\/\/neurovirtual.com\/latam\/\",\"logo\":{\"@type\":\"ImageObject\",\"inLanguage\":\"es-CO\",\"@id\":\"https:\/\/neurovirtual.com\/latam\/#\/schema\/logo\/image\/\",\"url\":\"https:\/\/neurovirtual.com\/latam\/wp-content\/uploads\/2023\/08\/1.-Logo-Neurovirtual-2022.png\",\"contentUrl\":\"https:\/\/neurovirtual.com\/latam\/wp-content\/uploads\/2023\/08\/1.-Logo-Neurovirtual-2022.png\",\"width\":1964,\"height\":668,\"caption\":\"Neurovirtual\"},\"image\":{\"@id\":\"https:\/\/neurovirtual.com\/latam\/#\/schema\/logo\/image\/\"}},{\"@type\":\"Person\",\"@id\":\"https:\/\/neurovirtual.com\/latam\/#\/schema\/person\/61c27629d3d16b3e601ef7db30001d49\",\"name\":\"Jessika Brito\",\"image\":{\"@type\":\"ImageObject\",\"inLanguage\":\"es-CO\",\"@id\":\"https:\/\/neurovirtual.com\/latam\/#\/schema\/person\/image\/\",\"url\":\"https:\/\/secure.gravatar.com\/avatar\/08d2f62bc8a1f215fdfebe63356acc30?s=96&d=mm&r=g\",\"contentUrl\":\"https:\/\/secure.gravatar.com\/avatar\/08d2f62bc8a1f215fdfebe63356acc30?s=96&d=mm&r=g\",\"caption\":\"Jessika Brito\"},\"url\":\"https:\/\/neurovirtual.com\/latam\/author\/brito\/\"}]}<\/script>\n<!-- \/ Yoast SEO plugin. -->","yoast_head_json":{"title":"XIII Congreso Colombiano de Neurolog\u00eda - Neurovirtual \/ Humanizing diagnostics","description":"%seo_description%","robots":{"index":"index","follow":"follow","max-snippet":"max-snippet:-1","max-image-preview":"max-image-preview:large","max-video-preview":"max-video-preview:-1"},"canonical":"https:\/\/neurovirtual.com\/latam\/xiii-congreso-colombiano-de-neurologia\/","og_locale":"es_ES","og_type":"article","og_title":"XIII Congreso Colombiano de Neurolog\u00eda - Neurovirtual \/ Humanizing diagnostics","og_description":"%seo_description%","og_url":"https:\/\/neurovirtual.com\/latam\/xiii-congreso-colombiano-de-neurologia\/","og_site_name":"Neurovirtual \/ Humanizing diagnostics","article_published_time":"2018-03-17T23:27:01+00:00","article_modified_time":"2018-06-07T23:31:30+00:00","og_image":[{"width":300,"height":168,"url":"https:\/\/neurovirtual.com\/latam\/wp-content\/uploads\/2018\/06\/Congreso-Nacional-de-Neurologia-2018_capa.jpg","type":"image\/jpeg"}],"author":"Jessika Brito","twitter_card":"summary_large_image","twitter_misc":{"Escrito por":"Jessika Brito","Tiempo estimado de lectura":"1 minuto"},"schema":{"@context":"https:\/\/schema.org","@graph":[{"@type":"Article","@id":"https:\/\/neurovirtual.com\/latam\/xiii-congreso-colombiano-de-neurologia\/#article","isPartOf":{"@id":"https:\/\/neurovirtual.com\/latam\/xiii-congreso-colombiano-de-neurologia\/"},"author":{"name":"Jessika Brito","@id":"https:\/\/neurovirtual.com\/latam\/#\/schema\/person\/61c27629d3d16b3e601ef7db30001d49"},"headline":"XIII Congreso Colombiano de Neurolog\u00eda","datePublished":"2018-03-17T23:27:01+00:00","dateModified":"2018-06-07T23:31:30+00:00","mainEntityOfPage":{"@id":"https:\/\/neurovirtual.com\/latam\/xiii-congreso-colombiano-de-neurologia\/"},"wordCount":212,"commentCount":0,"publisher":{"@id":"https:\/\/neurovirtual.com\/latam\/#organization"},"articleSection":["Conferencias","Latam","Novedades"],"inLanguage":"es-CO","potentialAction":[{"@type":"CommentAction","name":"Comment","target":["https:\/\/neurovirtual.com\/latam\/xiii-congreso-colombiano-de-neurologia\/#respond"]}]},{"@type":"WebPage","@id":"https:\/\/neurovirtual.com\/latam\/xiii-congreso-colombiano-de-neurologia\/","url":"https:\/\/neurovirtual.com\/latam\/xiii-congreso-colombiano-de-neurologia\/","name":"XIII Congreso Colombiano de Neurolog\u00eda - Neurovirtual \/ Humanizing diagnostics","isPartOf":{"@id":"https:\/\/neurovirtual.com\/latam\/#website"},"datePublished":"2018-03-17T23:27:01+00:00","dateModified":"2018-06-07T23:31:30+00:00","description":"%seo_description%","breadcrumb":{"@id":"https:\/\/neurovirtual.com\/latam\/xiii-congreso-colombiano-de-neurologia\/#breadcrumb"},"inLanguage":"es-CO","potentialAction":[{"@type":"ReadAction","target":["https:\/\/neurovirtual.com\/latam\/xiii-congreso-colombiano-de-neurologia\/"]}]},{"@type":"BreadcrumbList","@id":"https:\/\/neurovirtual.com\/latam\/xiii-congreso-colombiano-de-neurologia\/#breadcrumb","itemListElement":[{"@type":"ListItem","position":1,"name":"Portada","item":"https:\/\/neurovirtual.com\/latam\/"},{"@type":"ListItem","position":2,"name":"XIII Congreso Colombiano de Neurolog\u00eda"}]},{"@type":"WebSite","@id":"https:\/\/neurovirtual.com\/latam\/#website","url":"https:\/\/neurovirtual.com\/latam\/","name":"Neurovirtual \/ Humanizing diagnostics","description":"","publisher":{"@id":"https:\/\/neurovirtual.com\/latam\/#organization"},"potentialAction":[{"@type":"SearchAction","target":{"@type":"EntryPoint","urlTemplate":"https:\/\/neurovirtual.com\/latam\/?s={search_term_string}"},"query-input":"required name=search_term_string"}],"inLanguage":"es-CO"},{"@type":"Organization","@id":"https:\/\/neurovirtual.com\/latam\/#organization","name":"Neurovirtual","url":"https:\/\/neurovirtual.com\/latam\/","logo":{"@type":"ImageObject","inLanguage":"es-CO","@id":"https:\/\/neurovirtual.com\/latam\/#\/schema\/logo\/image\/","url":"https:\/\/neurovirtual.com\/latam\/wp-content\/uploads\/2023\/08\/1.-Logo-Neurovirtual-2022.png","contentUrl":"https:\/\/neurovirtual.com\/latam\/wp-content\/uploads\/2023\/08\/1.-Logo-Neurovirtual-2022.png","width":1964,"height":668,"caption":"Neurovirtual"},"image":{"@id":"https:\/\/neurovirtual.com\/latam\/#\/schema\/logo\/image\/"}},{"@type":"Person","@id":"https:\/\/neurovirtual.com\/latam\/#\/schema\/person\/61c27629d3d16b3e601ef7db30001d49","name":"Jessika Brito","image":{"@type":"ImageObject","inLanguage":"es-CO","@id":"https:\/\/neurovirtual.com\/latam\/#\/schema\/person\/image\/","url":"https:\/\/secure.gravatar.com\/avatar\/08d2f62bc8a1f215fdfebe63356acc30?s=96&d=mm&r=g","contentUrl":"https:\/\/secure.gravatar.com\/avatar\/08d2f62bc8a1f215fdfebe63356acc30?s=96&d=mm&r=g","caption":"Jessika Brito"},"url":"https:\/\/neurovirtual.com\/latam\/author\/brito\/"}]}},"_links":{"self":[{"href":"https:\/\/neurovirtual.com\/latam\/wp-json\/wp\/v2\/posts\/785043"}],"collection":[{"href":"https:\/\/neurovirtual.com\/latam\/wp-json\/wp\/v2\/posts"}],"about":[{"href":"https:\/\/neurovirtual.com\/latam\/wp-json\/wp\/v2\/types\/post"}],"author":[{"embeddable":true,"href":"https:\/\/neurovirtual.com\/latam\/wp-json\/wp\/v2\/users\/7"}],"replies":[{"embeddable":true,"href":"https:\/\/neurovirtual.com\/latam\/wp-json\/wp\/v2\/comments?post=785043"}],"version-history":[{"count":1,"href":"https:\/\/neurovirtual.com\/latam\/wp-json\/wp\/v2\/posts\/785043\/revisions"}],"predecessor-version":[{"id":785048,"href":"https:\/\/neurovirtual.com\/latam\/wp-json\/wp\/v2\/posts\/785043\/revisions\/785048"}],"wp:featuredmedia":[{"embeddable":true,"href":"https:\/\/neurovirtual.com\/latam\/wp-json\/wp\/v2\/media\/785047"}],"wp:attachment":[{"href":"https:\/\/neurovirtual.com\/latam\/wp-json\/wp\/v2\/media?parent=785043"}],"wp:term":[{"taxonomy":"category","embeddable":true,"href":"https:\/\/neurovirtual.com\/latam\/wp-json\/wp\/v2\/categories?post=785043"},{"taxonomy":"post_tag","embeddable":true,"href":"https:\/\/neurovirtual.com\/latam\/wp-json\/wp\/v2\/tags?post=785043"}],"curies":[{"name":"wp","href":"https:\/\/api.w.org\/{rel}","templated":true}]}}