{"id":784053,"date":"2018-05-05T15:07:04","date_gmt":"2018-05-05T18:07:04","guid":{"rendered":"https:\/\/neurovirtual.com\/latam\/?p=784053"},"modified":"2018-08-31T10:40:49","modified_gmt":"2018-08-31T13:40:49","slug":"neurovirtual-participa-en-el-congreso-paulista-del-sueno","status":"publish","type":"post","link":"https:\/\/neurovirtual.com\/latam\/neurovirtual-participa-en-el-congreso-paulista-del-sueno\/","title":{"rendered":"Sleepvirtual participa en el Congreso Paulista del Sue\u00f1o"},"content":{"rendered":"<p><a href=\"https:\/\/neurovirtual.com\/latam\/wp-content\/uploads\/2018\/05\/capa-6.jpg\"><img decoding=\"async\" class=\"aligncenter size-full wp-image-784056\" src=\"https:\/\/neurovirtual.com\/latam\/wp-content\/uploads\/2018\/05\/capa-6.jpg\" alt=\"capa 6\" width=\"900\" height=\"234\" srcset=\"https:\/\/neurovirtual.com\/latam\/wp-content\/uploads\/2018\/05\/capa-6.jpg 900w, https:\/\/neurovirtual.com\/latam\/wp-content\/uploads\/2018\/05\/capa-6-300x78.jpg 300w, https:\/\/neurovirtual.com\/latam\/wp-content\/uploads\/2018\/05\/capa-6-460x120.jpg 460w\" sizes=\"(max-width: 900px) 100vw, 900px\" \/><\/a><\/p>\n<p>El Congreso Paulista del Sue\u00f1o tuvo lugar en el Centro de Convenciones Millenium entre el 4 y el 5 de mayo. M\u00e1s de 300 m\u00e9dicos especialistas hicieron presencia en el evento y Neurovirtual-Sleepvirtual particip\u00f3 para presentar sus soluciones para el \u00e1rea de la medicina del sue\u00f1o.<\/p>\n<p>Con la ayuda del comit\u00e9 organizador, compuesto por profesionales renombrados como la Dra. Rosana Cardoso Alves, la Dra. Sonia Togeiro, la Dra. Fernanda Haddad, la Dra. Rosa Hasan, el Dr. Maur\u00edcio Bagnato y el Dr. Luciano Ribeiro Pinto Jr., el congreso abord\u00f3 diversos temas, de entre los cuales cabe destacar: los fenotipos fisiopatog\u00e9nicos de la apnea obstructiva del sue\u00f1o (Dr. Pedro Genta), la narcolepsia y la autoinmunidad (Dra. Leila Almeida), el insomnio en los adolescentes (Dra. Rosana Alves), las morbilidades de la apnea obstructiva del sue\u00f1o (Dra. Beatriz Barbisan) y las parasomnias e implicaciones forenses (Dr. Alexandre Pinto Azevedo). Durante el congreso tambi\u00e9n se sostuvieron discusiones sobre los casos cl\u00ednicos titulados \u201cSomnolencia excesiva\u201d presentado por la Facultad de Medicina de la Universidad de S\u00e3o Paulo \u2013 sede Ribeir\u00e3o Preto, \u201cEl insomnio\u201d presentado por la Facultad de Medicina de la Universidad de S\u00e3o Paulo \u2013 sede S\u00e3o Paulo y \u201cEl trastorno respiratorio del sue\u00f1o\u201d presentado por la Universidad Federal de S\u00e3o Paulo \u2013 UNIFESP.<\/p>\n<p><img decoding=\"async\" class=\"aligncenter size-medium wp-image-784060\" src=\"https:\/\/neurovirtual.com\/latam\/wp-content\/uploads\/2018\/05\/2-243x300.png\" alt=\"2\" width=\"243\" height=\"300\" srcset=\"https:\/\/neurovirtual.com\/latam\/wp-content\/uploads\/2018\/05\/2-243x300.png 243w, https:\/\/neurovirtual.com\/latam\/wp-content\/uploads\/2018\/05\/2-831x1024.png 831w, https:\/\/neurovirtual.com\/latam\/wp-content\/uploads\/2018\/05\/2-203x250.png 203w, https:\/\/neurovirtual.com\/latam\/wp-content\/uploads\/2018\/05\/2-276x340.png 276w, https:\/\/neurovirtual.com\/latam\/wp-content\/uploads\/2018\/05\/2.png 1557w\" sizes=\"(max-width: 243px) 100vw, 243px\" \/><\/p>\n<p>Neurovirtual-Sleepvirtual tuvo la oportunidad de presentar el nuevo equipo BWMini PSG a los profesionales presentes. Este es un completo dispositivo para ex\u00e1menes de polisomnograf\u00eda domiciliaria que sigue todas las normas de la Asociaci\u00f3n Americana de Medicina del Sue\u00f1o (AASM). El equipo BWMini PSG conduce ex\u00e1menes de polisomnograf\u00eda tipos I, II, III, IV y EEG ambulatoria, cuenta con 42 canales y con una bater\u00eda que soporta hasta 72 horas de grabaci\u00f3n de ex\u00e1menes. El Congreso Paulista del Sue\u00f1o es un evento de suma importancia para Neurovirtual-Sleepvirtual ya que facilita el intercambio de experiencias con diversos profesionales de la medicina del sue\u00f1o, lo que nos permite desarrollar nuevas funciones para sus equipos.<\/p>\n<p><a href=\"https:\/\/neurovirtual.com\/latam\/wp-content\/uploads\/2018\/05\/1.png\"><img decoding=\"async\" class=\"aligncenter size-medium wp-image-784058\" src=\"https:\/\/neurovirtual.com\/latam\/wp-content\/uploads\/2018\/05\/1-300x292.png\" alt=\"1\" width=\"300\" height=\"292\" srcset=\"https:\/\/neurovirtual.com\/latam\/wp-content\/uploads\/2018\/05\/1-300x292.png 300w, https:\/\/neurovirtual.com\/latam\/wp-content\/uploads\/2018\/05\/1-1024x998.png 1024w, https:\/\/neurovirtual.com\/latam\/wp-content\/uploads\/2018\/05\/1-257x250.png 257w, https:\/\/neurovirtual.com\/latam\/wp-content\/uploads\/2018\/05\/1-349x340.png 349w, https:\/\/neurovirtual.com\/latam\/wp-content\/uploads\/2018\/05\/1.png 1920w\" sizes=\"(max-width: 300px) 100vw, 300px\" \/><\/a><\/p>\n","protected":false},"excerpt":{"rendered":"<p>El Congreso Paulista del Sue\u00f1o tuvo lugar en el Centro de Convenciones Millenium entre el 4 y el 5 de mayo. M\u00e1s de 300 m\u00e9dicos especialistas hicieron presencia en el evento y Neurovirtual-Sleepvirtual particip\u00f3 para presentar sus soluciones para el \u00e1rea de la medicina del sue\u00f1o. Con la ayuda del comit\u00e9 organizador, compuesto por profesionales&#8230;<\/p>\n","protected":false},"author":7,"featured_media":784057,"comment_status":"open","ping_status":"open","sticky":false,"template":"","format":"standard","meta":{"footnotes":"","_joinchat":[]},"categories":[13,4],"tags":[],"acf":[],"yoast_head":"<!-- This site is optimized with the Yoast SEO plugin v21.7 - https:\/\/yoast.com\/wordpress\/plugins\/seo\/ -->\n<title>Sleepvirtual participa en el Congreso Paulista del Sue\u00f1o - Neurovirtual \/ Humanizing diagnostics<\/title>\n<meta name=\"description\" content=\"%seo_description%\" \/>\n<meta name=\"robots\" content=\"index, follow, max-snippet:-1, max-image-preview:large, max-video-preview:-1\" \/>\n<link rel=\"canonical\" href=\"https:\/\/neurovirtual.com\/latam\/neurovirtual-participa-en-el-congreso-paulista-del-sueno\/\" \/>\n<meta property=\"og:locale\" content=\"es_ES\" \/>\n<meta property=\"og:type\" content=\"article\" \/>\n<meta property=\"og:title\" content=\"Sleepvirtual participa en el Congreso Paulista del Sue\u00f1o - Neurovirtual \/ Humanizing diagnostics\" \/>\n<meta property=\"og:description\" content=\"%seo_description%\" \/>\n<meta property=\"og:url\" content=\"https:\/\/neurovirtual.com\/latam\/neurovirtual-participa-en-el-congreso-paulista-del-sueno\/\" \/>\n<meta property=\"og:site_name\" content=\"Neurovirtual \/ Humanizing diagnostics\" \/>\n<meta property=\"article:published_time\" content=\"2018-05-05T18:07:04+00:00\" \/>\n<meta property=\"article:modified_time\" content=\"2018-08-31T13:40:49+00:00\" \/>\n<meta property=\"og:image\" content=\"https:\/\/neurovirtual.com\/latam\/wp-content\/uploads\/2018\/05\/capa-6-2.jpg\" \/>\n\t<meta property=\"og:image:width\" content=\"300\" \/>\n\t<meta property=\"og:image:height\" content=\"168\" \/>\n\t<meta property=\"og:image:type\" content=\"image\/jpeg\" \/>\n<meta name=\"author\" content=\"Jessika Brito\" \/>\n<meta name=\"twitter:card\" content=\"summary_large_image\" \/>\n<meta name=\"twitter:label1\" content=\"Escrito por\" \/>\n\t<meta name=\"twitter:data1\" content=\"Jessika Brito\" \/>\n\t<meta name=\"twitter:label2\" content=\"Tiempo estimado de lectura\" \/>\n\t<meta name=\"twitter:data2\" content=\"2 minutos\" \/>\n<script type=\"application\/ld+json\" class=\"yoast-schema-graph\">{\"@context\":\"https:\/\/schema.org\",\"@graph\":[{\"@type\":\"Article\",\"@id\":\"https:\/\/neurovirtual.com\/latam\/neurovirtual-participa-en-el-congreso-paulista-del-sueno\/#article\",\"isPartOf\":{\"@id\":\"https:\/\/neurovirtual.com\/latam\/neurovirtual-participa-en-el-congreso-paulista-del-sueno\/\"},\"author\":{\"name\":\"Jessika Brito\",\"@id\":\"https:\/\/neurovirtual.com\/latam\/#\/schema\/person\/61c27629d3d16b3e601ef7db30001d49\"},\"headline\":\"Sleepvirtual participa en el Congreso Paulista del Sue\u00f1o\",\"datePublished\":\"2018-05-05T18:07:04+00:00\",\"dateModified\":\"2018-08-31T13:40:49+00:00\",\"mainEntityOfPage\":{\"@id\":\"https:\/\/neurovirtual.com\/latam\/neurovirtual-participa-en-el-congreso-paulista-del-sueno\/\"},\"wordCount\":347,\"commentCount\":0,\"publisher\":{\"@id\":\"https:\/\/neurovirtual.com\/latam\/#organization\"},\"articleSection\":[\"Latam\",\"Novedades\"],\"inLanguage\":\"es-CO\",\"potentialAction\":[{\"@type\":\"CommentAction\",\"name\":\"Comment\",\"target\":[\"https:\/\/neurovirtual.com\/latam\/neurovirtual-participa-en-el-congreso-paulista-del-sueno\/#respond\"]}]},{\"@type\":\"WebPage\",\"@id\":\"https:\/\/neurovirtual.com\/latam\/neurovirtual-participa-en-el-congreso-paulista-del-sueno\/\",\"url\":\"https:\/\/neurovirtual.com\/latam\/neurovirtual-participa-en-el-congreso-paulista-del-sueno\/\",\"name\":\"Sleepvirtual participa en el Congreso Paulista del Sue\u00f1o - Neurovirtual \/ Humanizing diagnostics\",\"isPartOf\":{\"@id\":\"https:\/\/neurovirtual.com\/latam\/#website\"},\"datePublished\":\"2018-05-05T18:07:04+00:00\",\"dateModified\":\"2018-08-31T13:40:49+00:00\",\"description\":\"%seo_description%\",\"breadcrumb\":{\"@id\":\"https:\/\/neurovirtual.com\/latam\/neurovirtual-participa-en-el-congreso-paulista-del-sueno\/#breadcrumb\"},\"inLanguage\":\"es-CO\",\"potentialAction\":[{\"@type\":\"ReadAction\",\"target\":[\"https:\/\/neurovirtual.com\/latam\/neurovirtual-participa-en-el-congreso-paulista-del-sueno\/\"]}]},{\"@type\":\"BreadcrumbList\",\"@id\":\"https:\/\/neurovirtual.com\/latam\/neurovirtual-participa-en-el-congreso-paulista-del-sueno\/#breadcrumb\",\"itemListElement\":[{\"@type\":\"ListItem\",\"position\":1,\"name\":\"Portada\",\"item\":\"https:\/\/neurovirtual.com\/latam\/\"},{\"@type\":\"ListItem\",\"position\":2,\"name\":\"Sleepvirtual participa en el Congreso Paulista del Sue\u00f1o\"}]},{\"@type\":\"WebSite\",\"@id\":\"https:\/\/neurovirtual.com\/latam\/#website\",\"url\":\"https:\/\/neurovirtual.com\/latam\/\",\"name\":\"Neurovirtual \/ Humanizing diagnostics\",\"description\":\"\",\"publisher\":{\"@id\":\"https:\/\/neurovirtual.com\/latam\/#organization\"},\"potentialAction\":[{\"@type\":\"SearchAction\",\"target\":{\"@type\":\"EntryPoint\",\"urlTemplate\":\"https:\/\/neurovirtual.com\/latam\/?s={search_term_string}\"},\"query-input\":\"required name=search_term_string\"}],\"inLanguage\":\"es-CO\"},{\"@type\":\"Organization\",\"@id\":\"https:\/\/neurovirtual.com\/latam\/#organization\",\"name\":\"Neurovirtual\",\"url\":\"https:\/\/neurovirtual.com\/latam\/\",\"logo\":{\"@type\":\"ImageObject\",\"inLanguage\":\"es-CO\",\"@id\":\"https:\/\/neurovirtual.com\/latam\/#\/schema\/logo\/image\/\",\"url\":\"https:\/\/neurovirtual.com\/latam\/wp-content\/uploads\/2023\/08\/1.-Logo-Neurovirtual-2022.png\",\"contentUrl\":\"https:\/\/neurovirtual.com\/latam\/wp-content\/uploads\/2023\/08\/1.-Logo-Neurovirtual-2022.png\",\"width\":1964,\"height\":668,\"caption\":\"Neurovirtual\"},\"image\":{\"@id\":\"https:\/\/neurovirtual.com\/latam\/#\/schema\/logo\/image\/\"}},{\"@type\":\"Person\",\"@id\":\"https:\/\/neurovirtual.com\/latam\/#\/schema\/person\/61c27629d3d16b3e601ef7db30001d49\",\"name\":\"Jessika Brito\",\"image\":{\"@type\":\"ImageObject\",\"inLanguage\":\"es-CO\",\"@id\":\"https:\/\/neurovirtual.com\/latam\/#\/schema\/person\/image\/\",\"url\":\"https:\/\/secure.gravatar.com\/avatar\/08d2f62bc8a1f215fdfebe63356acc30?s=96&d=mm&r=g\",\"contentUrl\":\"https:\/\/secure.gravatar.com\/avatar\/08d2f62bc8a1f215fdfebe63356acc30?s=96&d=mm&r=g\",\"caption\":\"Jessika Brito\"},\"url\":\"https:\/\/neurovirtual.com\/latam\/author\/brito\/\"}]}<\/script>\n<!-- \/ Yoast SEO plugin. -->","yoast_head_json":{"title":"Sleepvirtual participa en el Congreso Paulista del Sue\u00f1o - Neurovirtual \/ Humanizing diagnostics","description":"%seo_description%","robots":{"index":"index","follow":"follow","max-snippet":"max-snippet:-1","max-image-preview":"max-image-preview:large","max-video-preview":"max-video-preview:-1"},"canonical":"https:\/\/neurovirtual.com\/latam\/neurovirtual-participa-en-el-congreso-paulista-del-sueno\/","og_locale":"es_ES","og_type":"article","og_title":"Sleepvirtual participa en el Congreso Paulista del Sue\u00f1o - Neurovirtual \/ Humanizing diagnostics","og_description":"%seo_description%","og_url":"https:\/\/neurovirtual.com\/latam\/neurovirtual-participa-en-el-congreso-paulista-del-sueno\/","og_site_name":"Neurovirtual \/ Humanizing diagnostics","article_published_time":"2018-05-05T18:07:04+00:00","article_modified_time":"2018-08-31T13:40:49+00:00","og_image":[{"width":300,"height":168,"url":"https:\/\/neurovirtual.com\/latam\/wp-content\/uploads\/2018\/05\/capa-6-2.jpg","type":"image\/jpeg"}],"author":"Jessika Brito","twitter_card":"summary_large_image","twitter_misc":{"Escrito por":"Jessika Brito","Tiempo estimado de lectura":"2 minutos"},"schema":{"@context":"https:\/\/schema.org","@graph":[{"@type":"Article","@id":"https:\/\/neurovirtual.com\/latam\/neurovirtual-participa-en-el-congreso-paulista-del-sueno\/#article","isPartOf":{"@id":"https:\/\/neurovirtual.com\/latam\/neurovirtual-participa-en-el-congreso-paulista-del-sueno\/"},"author":{"name":"Jessika Brito","@id":"https:\/\/neurovirtual.com\/latam\/#\/schema\/person\/61c27629d3d16b3e601ef7db30001d49"},"headline":"Sleepvirtual participa en el Congreso Paulista del Sue\u00f1o","datePublished":"2018-05-05T18:07:04+00:00","dateModified":"2018-08-31T13:40:49+00:00","mainEntityOfPage":{"@id":"https:\/\/neurovirtual.com\/latam\/neurovirtual-participa-en-el-congreso-paulista-del-sueno\/"},"wordCount":347,"commentCount":0,"publisher":{"@id":"https:\/\/neurovirtual.com\/latam\/#organization"},"articleSection":["Latam","Novedades"],"inLanguage":"es-CO","potentialAction":[{"@type":"CommentAction","name":"Comment","target":["https:\/\/neurovirtual.com\/latam\/neurovirtual-participa-en-el-congreso-paulista-del-sueno\/#respond"]}]},{"@type":"WebPage","@id":"https:\/\/neurovirtual.com\/latam\/neurovirtual-participa-en-el-congreso-paulista-del-sueno\/","url":"https:\/\/neurovirtual.com\/latam\/neurovirtual-participa-en-el-congreso-paulista-del-sueno\/","name":"Sleepvirtual participa en el Congreso Paulista del Sue\u00f1o - Neurovirtual \/ Humanizing diagnostics","isPartOf":{"@id":"https:\/\/neurovirtual.com\/latam\/#website"},"datePublished":"2018-05-05T18:07:04+00:00","dateModified":"2018-08-31T13:40:49+00:00","description":"%seo_description%","breadcrumb":{"@id":"https:\/\/neurovirtual.com\/latam\/neurovirtual-participa-en-el-congreso-paulista-del-sueno\/#breadcrumb"},"inLanguage":"es-CO","potentialAction":[{"@type":"ReadAction","target":["https:\/\/neurovirtual.com\/latam\/neurovirtual-participa-en-el-congreso-paulista-del-sueno\/"]}]},{"@type":"BreadcrumbList","@id":"https:\/\/neurovirtual.com\/latam\/neurovirtual-participa-en-el-congreso-paulista-del-sueno\/#breadcrumb","itemListElement":[{"@type":"ListItem","position":1,"name":"Portada","item":"https:\/\/neurovirtual.com\/latam\/"},{"@type":"ListItem","position":2,"name":"Sleepvirtual participa en el Congreso Paulista del Sue\u00f1o"}]},{"@type":"WebSite","@id":"https:\/\/neurovirtual.com\/latam\/#website","url":"https:\/\/neurovirtual.com\/latam\/","name":"Neurovirtual \/ Humanizing diagnostics","description":"","publisher":{"@id":"https:\/\/neurovirtual.com\/latam\/#organization"},"potentialAction":[{"@type":"SearchAction","target":{"@type":"EntryPoint","urlTemplate":"https:\/\/neurovirtual.com\/latam\/?s={search_term_string}"},"query-input":"required name=search_term_string"}],"inLanguage":"es-CO"},{"@type":"Organization","@id":"https:\/\/neurovirtual.com\/latam\/#organization","name":"Neurovirtual","url":"https:\/\/neurovirtual.com\/latam\/","logo":{"@type":"ImageObject","inLanguage":"es-CO","@id":"https:\/\/neurovirtual.com\/latam\/#\/schema\/logo\/image\/","url":"https:\/\/neurovirtual.com\/latam\/wp-content\/uploads\/2023\/08\/1.-Logo-Neurovirtual-2022.png","contentUrl":"https:\/\/neurovirtual.com\/latam\/wp-content\/uploads\/2023\/08\/1.-Logo-Neurovirtual-2022.png","width":1964,"height":668,"caption":"Neurovirtual"},"image":{"@id":"https:\/\/neurovirtual.com\/latam\/#\/schema\/logo\/image\/"}},{"@type":"Person","@id":"https:\/\/neurovirtual.com\/latam\/#\/schema\/person\/61c27629d3d16b3e601ef7db30001d49","name":"Jessika Brito","image":{"@type":"ImageObject","inLanguage":"es-CO","@id":"https:\/\/neurovirtual.com\/latam\/#\/schema\/person\/image\/","url":"https:\/\/secure.gravatar.com\/avatar\/08d2f62bc8a1f215fdfebe63356acc30?s=96&d=mm&r=g","contentUrl":"https:\/\/secure.gravatar.com\/avatar\/08d2f62bc8a1f215fdfebe63356acc30?s=96&d=mm&r=g","caption":"Jessika Brito"},"url":"https:\/\/neurovirtual.com\/latam\/author\/brito\/"}]}},"_links":{"self":[{"href":"https:\/\/neurovirtual.com\/latam\/wp-json\/wp\/v2\/posts\/784053"}],"collection":[{"href":"https:\/\/neurovirtual.com\/latam\/wp-json\/wp\/v2\/posts"}],"about":[{"href":"https:\/\/neurovirtual.com\/latam\/wp-json\/wp\/v2\/types\/post"}],"author":[{"embeddable":true,"href":"https:\/\/neurovirtual.com\/latam\/wp-json\/wp\/v2\/users\/7"}],"replies":[{"embeddable":true,"href":"https:\/\/neurovirtual.com\/latam\/wp-json\/wp\/v2\/comments?post=784053"}],"version-history":[{"count":5,"href":"https:\/\/neurovirtual.com\/latam\/wp-json\/wp\/v2\/posts\/784053\/revisions"}],"predecessor-version":[{"id":787084,"href":"https:\/\/neurovirtual.com\/latam\/wp-json\/wp\/v2\/posts\/784053\/revisions\/787084"}],"wp:featuredmedia":[{"embeddable":true,"href":"https:\/\/neurovirtual.com\/latam\/wp-json\/wp\/v2\/media\/784057"}],"wp:attachment":[{"href":"https:\/\/neurovirtual.com\/latam\/wp-json\/wp\/v2\/media?parent=784053"}],"wp:term":[{"taxonomy":"category","embeddable":true,"href":"https:\/\/neurovirtual.com\/latam\/wp-json\/wp\/v2\/categories?post=784053"},{"taxonomy":"post_tag","embeddable":true,"href":"https:\/\/neurovirtual.com\/latam\/wp-json\/wp\/v2\/tags?post=784053"}],"curies":[{"name":"wp","href":"https:\/\/api.w.org\/{rel}","templated":true}]}}