{"id":782326,"date":"2017-11-18T14:37:03","date_gmt":"2017-11-18T16:37:03","guid":{"rendered":"https:\/\/neurovirtual.com\/latam\/?p=782326"},"modified":"2021-02-02T18:31:13","modified_gmt":"2021-02-02T20:31:13","slug":"2o-taller-latinoamericano-sobre-monitoreo-continuo-de-eeg-en-cuidados-intensivos","status":"publish","type":"post","link":"https:\/\/neurovirtual.com\/latam\/2o-taller-latinoamericano-sobre-monitoreo-continuo-de-eeg-en-cuidados-intensivos\/","title":{"rendered":"2\u00ba taller latinoamericano sobre monitoreo continuo de EEG en cuidados intensivos"},"content":{"rendered":"\n<figure class=\"wp-block-image size-large is-style-default\"><a href=\"https:\/\/neurovirtual.com\/latam\/wp-content\/uploads\/2021\/02\/2o-taller-latinoamericano-sobre-monitoreo-continuo-de-EEG-en-cuidados-intensivos.jpg\"><img decoding=\"async\" width=\"960\" height=\"376\" src=\"https:\/\/neurovirtual.com\/latam\/wp-content\/uploads\/2021\/02\/2o-taller-latinoamericano-sobre-monitoreo-continuo-de-EEG-en-cuidados-intensivos.jpg\" alt=\"\" class=\"wp-image-809906\" srcset=\"https:\/\/neurovirtual.com\/latam\/wp-content\/uploads\/2021\/02\/2o-taller-latinoamericano-sobre-monitoreo-continuo-de-EEG-en-cuidados-intensivos.jpg 960w, https:\/\/neurovirtual.com\/latam\/wp-content\/uploads\/2021\/02\/2o-taller-latinoamericano-sobre-monitoreo-continuo-de-EEG-en-cuidados-intensivos-300x118.jpg 300w, https:\/\/neurovirtual.com\/latam\/wp-content\/uploads\/2021\/02\/2o-taller-latinoamericano-sobre-monitoreo-continuo-de-EEG-en-cuidados-intensivos-768x301.jpg 768w, https:\/\/neurovirtual.com\/latam\/wp-content\/uploads\/2021\/02\/2o-taller-latinoamericano-sobre-monitoreo-continuo-de-EEG-en-cuidados-intensivos-638x250.jpg 638w, https:\/\/neurovirtual.com\/latam\/wp-content\/uploads\/2021\/02\/2o-taller-latinoamericano-sobre-monitoreo-continuo-de-EEG-en-cuidados-intensivos-460x180.jpg 460w\" sizes=\"(max-width: 960px) 100vw, 960px\" \/><\/a><\/figure>\n\n\n\n<p>Cerca de 60 m\u00e9dicos especialistas participaron en el 2\u00ba taller latinoamericano sobre monitoreo continuo de EEG en cuidados intensivos, que tuvo lugar entre el 16 y el 18 de noviembre. El evento, que tuvo lugar en el Hotel Gallery Plaza en Ciudad de M\u00e9xico, fue organizado por la Sociedad Mexicana de Neurofisiolog\u00eda Cl\u00ednica, A.C.<\/p>\n\n\n\n<p>El evento fue coordinado por grandes profesores con el objetivo de presentar las nuevas tendencias y m\u00e9todos en el \u00e1rea para profesionales. Los principales temas tratados fueron: la crisis y el estado epil\u00e9ptico en adultos, el valor diagn\u00f3stico de la EEGc grave en adultos, el manejo del estado epil\u00e9ptico refractario y del estado superrefractario, sesi\u00f3n de lectura de EEGc para adultos y de EEGc en edades pedi\u00e1tricas, entre otros temas.<\/p>\n\n\n\n<figure class=\"wp-block-gallery columns-3 is-cropped wp-block-gallery-1 is-layout-flex wp-block-gallery-is-layout-flex\"><ul class=\"blocks-gallery-grid\"><li class=\"blocks-gallery-item\"><figure><a href=\"https:\/\/neurovirtual.com\/latam\/wp-content\/uploads\/2021\/02\/2o-taller-latinoamericano-sobre-monitoreo-continuo-de-EEG-en-cuidados-intensivos-2.jpg\"><img decoding=\"async\" width=\"720\" height=\"960\" src=\"https:\/\/neurovirtual.com\/latam\/wp-content\/uploads\/2021\/02\/2o-taller-latinoamericano-sobre-monitoreo-continuo-de-EEG-en-cuidados-intensivos-2.jpg\" alt=\"\" data-id=\"809907\" data-full-url=\"https:\/\/neurovirtual.com\/latam\/wp-content\/uploads\/2021\/02\/2o-taller-latinoamericano-sobre-monitoreo-continuo-de-EEG-en-cuidados-intensivos-2.jpg\" data-link=\"https:\/\/neurovirtual.com\/latam\/sem-categoria\/2o-taller-latinoamericano-sobre-monitoreo-continuo-de-eeg-en-cuidados-intensivos\/attachment\/2o-taller-latinoamericano-sobre-monitoreo-continuo-de-eeg-en-cuidados-intensivos-2-2\/\" class=\"wp-image-809907\" srcset=\"https:\/\/neurovirtual.com\/latam\/wp-content\/uploads\/2021\/02\/2o-taller-latinoamericano-sobre-monitoreo-continuo-de-EEG-en-cuidados-intensivos-2.jpg 720w, https:\/\/neurovirtual.com\/latam\/wp-content\/uploads\/2021\/02\/2o-taller-latinoamericano-sobre-monitoreo-continuo-de-EEG-en-cuidados-intensivos-2-225x300.jpg 225w, https:\/\/neurovirtual.com\/latam\/wp-content\/uploads\/2021\/02\/2o-taller-latinoamericano-sobre-monitoreo-continuo-de-EEG-en-cuidados-intensivos-2-188x250.jpg 188w, https:\/\/neurovirtual.com\/latam\/wp-content\/uploads\/2021\/02\/2o-taller-latinoamericano-sobre-monitoreo-continuo-de-EEG-en-cuidados-intensivos-2-255x340.jpg 255w\" sizes=\"(max-width: 720px) 100vw, 720px\" \/><\/a><\/figure><\/li><li class=\"blocks-gallery-item\"><figure><a href=\"https:\/\/neurovirtual.com\/latam\/wp-content\/uploads\/2021\/02\/2o-taller-latinoamericano-sobre-monitoreo-continuo-de-EEG-en-cuidados-intensivos-3.jpg\"><img decoding=\"async\" width=\"960\" height=\"720\" src=\"https:\/\/neurovirtual.com\/latam\/wp-content\/uploads\/2021\/02\/2o-taller-latinoamericano-sobre-monitoreo-continuo-de-EEG-en-cuidados-intensivos-3.jpg\" alt=\"\" data-id=\"809908\" data-full-url=\"https:\/\/neurovirtual.com\/latam\/wp-content\/uploads\/2021\/02\/2o-taller-latinoamericano-sobre-monitoreo-continuo-de-EEG-en-cuidados-intensivos-3.jpg\" data-link=\"https:\/\/neurovirtual.com\/latam\/sem-categoria\/2o-taller-latinoamericano-sobre-monitoreo-continuo-de-eeg-en-cuidados-intensivos\/attachment\/2o-taller-latinoamericano-sobre-monitoreo-continuo-de-eeg-en-cuidados-intensivos-3\/\" class=\"wp-image-809908\" srcset=\"https:\/\/neurovirtual.com\/latam\/wp-content\/uploads\/2021\/02\/2o-taller-latinoamericano-sobre-monitoreo-continuo-de-EEG-en-cuidados-intensivos-3.jpg 960w, https:\/\/neurovirtual.com\/latam\/wp-content\/uploads\/2021\/02\/2o-taller-latinoamericano-sobre-monitoreo-continuo-de-EEG-en-cuidados-intensivos-3-300x225.jpg 300w, https:\/\/neurovirtual.com\/latam\/wp-content\/uploads\/2021\/02\/2o-taller-latinoamericano-sobre-monitoreo-continuo-de-EEG-en-cuidados-intensivos-3-768x576.jpg 768w, https:\/\/neurovirtual.com\/latam\/wp-content\/uploads\/2021\/02\/2o-taller-latinoamericano-sobre-monitoreo-continuo-de-EEG-en-cuidados-intensivos-3-333x250.jpg 333w, https:\/\/neurovirtual.com\/latam\/wp-content\/uploads\/2021\/02\/2o-taller-latinoamericano-sobre-monitoreo-continuo-de-EEG-en-cuidados-intensivos-3-453x340.jpg 453w\" sizes=\"(max-width: 960px) 100vw, 960px\" \/><\/a><\/figure><\/li><li class=\"blocks-gallery-item\"><figure><a href=\"https:\/\/neurovirtual.com\/latam\/wp-content\/uploads\/2021\/02\/2o-taller-latinoamericano-sobre-monitoreo-continuo-de-EEG-en-cuidados-intensivos-4.jpg\"><img decoding=\"async\" width=\"960\" height=\"720\" src=\"https:\/\/neurovirtual.com\/latam\/wp-content\/uploads\/2021\/02\/2o-taller-latinoamericano-sobre-monitoreo-continuo-de-EEG-en-cuidados-intensivos-4.jpg\" alt=\"\" data-id=\"809909\" data-full-url=\"https:\/\/neurovirtual.com\/latam\/wp-content\/uploads\/2021\/02\/2o-taller-latinoamericano-sobre-monitoreo-continuo-de-EEG-en-cuidados-intensivos-4.jpg\" data-link=\"https:\/\/neurovirtual.com\/latam\/sem-categoria\/2o-taller-latinoamericano-sobre-monitoreo-continuo-de-eeg-en-cuidados-intensivos\/attachment\/2o-taller-latinoamericano-sobre-monitoreo-continuo-de-eeg-en-cuidados-intensivos-4\/\" class=\"wp-image-809909\" srcset=\"https:\/\/neurovirtual.com\/latam\/wp-content\/uploads\/2021\/02\/2o-taller-latinoamericano-sobre-monitoreo-continuo-de-EEG-en-cuidados-intensivos-4.jpg 960w, https:\/\/neurovirtual.com\/latam\/wp-content\/uploads\/2021\/02\/2o-taller-latinoamericano-sobre-monitoreo-continuo-de-EEG-en-cuidados-intensivos-4-300x225.jpg 300w, https:\/\/neurovirtual.com\/latam\/wp-content\/uploads\/2021\/02\/2o-taller-latinoamericano-sobre-monitoreo-continuo-de-EEG-en-cuidados-intensivos-4-768x576.jpg 768w, https:\/\/neurovirtual.com\/latam\/wp-content\/uploads\/2021\/02\/2o-taller-latinoamericano-sobre-monitoreo-continuo-de-EEG-en-cuidados-intensivos-4-333x250.jpg 333w, https:\/\/neurovirtual.com\/latam\/wp-content\/uploads\/2021\/02\/2o-taller-latinoamericano-sobre-monitoreo-continuo-de-EEG-en-cuidados-intensivos-4-453x340.jpg 453w\" sizes=\"(max-width: 960px) 100vw, 960px\" \/><\/a><\/figure><\/li><\/ul><\/figure>\n\n\n\n<p>Esta fue la primera vez que Neurovirtual particip\u00f3 en este evento con el objetivo de divulgar entre los participantes las nuevas modalidades de equipos para cuidados intensivos, entre los que se destac\u00f3 el equipo para monitoreo cerebral BWIII EEG Plus ICU (EEG \/ LTM \/ UTI). Los asistentes pudieron interactuar con el equipo de Neurovirtual y resolver dudas sobre el mismo. Estar cerca de estos profesionales fue de extrema importancia para contribuir con el mejoramiento de nuestros equipos.<\/p>\n","protected":false},"excerpt":{"rendered":"<p>Cerca de 60 m\u00e9dicos especialistas participaron en el 2\u00ba taller latinoamericano sobre monitoreo continuo de EEG en cuidados intensivos, que tuvo lugar entre el 16 y el 18 de noviembre. El evento, que tuvo lugar en el Hotel Gallery Plaza en Ciudad de M\u00e9xico, fue organizado por la Sociedad Mexicana de Neurofisiolog\u00eda Cl\u00ednica, A.C. El&#8230;<\/p>\n","protected":false},"author":7,"featured_media":783721,"comment_status":"open","ping_status":"open","sticky":false,"template":"","format":"standard","meta":{"footnotes":"","_joinchat":[]},"categories":[1],"tags":[],"acf":[],"yoast_head":"<!-- This site is optimized with the Yoast SEO plugin v21.7 - https:\/\/yoast.com\/wordpress\/plugins\/seo\/ -->\n<title>2\u00ba taller latinoamericano sobre monitoreo continuo de EEG en cuidados intensivos - Neurovirtual \/ Humanizing diagnostics<\/title>\n<meta name=\"description\" content=\"%seo_description%\" \/>\n<meta name=\"robots\" content=\"index, follow, max-snippet:-1, max-image-preview:large, max-video-preview:-1\" \/>\n<link rel=\"canonical\" href=\"https:\/\/neurovirtual.com\/latam\/2o-taller-latinoamericano-sobre-monitoreo-continuo-de-eeg-en-cuidados-intensivos\/\" \/>\n<meta property=\"og:locale\" content=\"es_ES\" \/>\n<meta property=\"og:type\" content=\"article\" \/>\n<meta property=\"og:title\" content=\"2\u00ba taller latinoamericano sobre monitoreo continuo de EEG en cuidados intensivos - Neurovirtual \/ Humanizing diagnostics\" \/>\n<meta property=\"og:description\" content=\"%seo_description%\" \/>\n<meta property=\"og:url\" content=\"https:\/\/neurovirtual.com\/latam\/2o-taller-latinoamericano-sobre-monitoreo-continuo-de-eeg-en-cuidados-intensivos\/\" \/>\n<meta property=\"og:site_name\" content=\"Neurovirtual \/ Humanizing diagnostics\" \/>\n<meta property=\"article:published_time\" content=\"2017-11-18T16:37:03+00:00\" \/>\n<meta property=\"article:modified_time\" content=\"2021-02-02T20:31:13+00:00\" \/>\n<meta property=\"og:image\" content=\"https:\/\/neurovirtual.com\/latam\/wp-content\/uploads\/2017\/11\/CURSO-LATINO.png\" \/>\n\t<meta property=\"og:image:width\" content=\"300\" \/>\n\t<meta property=\"og:image:height\" content=\"168\" \/>\n\t<meta property=\"og:image:type\" content=\"image\/png\" \/>\n<meta name=\"author\" content=\"Jessika Brito\" \/>\n<meta name=\"twitter:card\" content=\"summary_large_image\" \/>\n<meta name=\"twitter:label1\" content=\"Escrito por\" \/>\n\t<meta name=\"twitter:data1\" content=\"Jessika Brito\" \/>\n\t<meta name=\"twitter:label2\" content=\"Tiempo estimado de lectura\" \/>\n\t<meta name=\"twitter:data2\" content=\"1 minuto\" \/>\n<script type=\"application\/ld+json\" class=\"yoast-schema-graph\">{\"@context\":\"https:\/\/schema.org\",\"@graph\":[{\"@type\":\"Article\",\"@id\":\"https:\/\/neurovirtual.com\/latam\/2o-taller-latinoamericano-sobre-monitoreo-continuo-de-eeg-en-cuidados-intensivos\/#article\",\"isPartOf\":{\"@id\":\"https:\/\/neurovirtual.com\/latam\/2o-taller-latinoamericano-sobre-monitoreo-continuo-de-eeg-en-cuidados-intensivos\/\"},\"author\":{\"name\":\"Jessika Brito\",\"@id\":\"https:\/\/neurovirtual.com\/latam\/#\/schema\/person\/61c27629d3d16b3e601ef7db30001d49\"},\"headline\":\"2\u00ba taller latinoamericano sobre monitoreo continuo de EEG en cuidados intensivos\",\"datePublished\":\"2017-11-18T16:37:03+00:00\",\"dateModified\":\"2021-02-02T20:31:13+00:00\",\"mainEntityOfPage\":{\"@id\":\"https:\/\/neurovirtual.com\/latam\/2o-taller-latinoamericano-sobre-monitoreo-continuo-de-eeg-en-cuidados-intensivos\/\"},\"wordCount\":217,\"commentCount\":0,\"publisher\":{\"@id\":\"https:\/\/neurovirtual.com\/latam\/#organization\"},\"articleSection\":[\"Sem categoria\"],\"inLanguage\":\"es-CO\",\"potentialAction\":[{\"@type\":\"CommentAction\",\"name\":\"Comment\",\"target\":[\"https:\/\/neurovirtual.com\/latam\/2o-taller-latinoamericano-sobre-monitoreo-continuo-de-eeg-en-cuidados-intensivos\/#respond\"]}]},{\"@type\":\"WebPage\",\"@id\":\"https:\/\/neurovirtual.com\/latam\/2o-taller-latinoamericano-sobre-monitoreo-continuo-de-eeg-en-cuidados-intensivos\/\",\"url\":\"https:\/\/neurovirtual.com\/latam\/2o-taller-latinoamericano-sobre-monitoreo-continuo-de-eeg-en-cuidados-intensivos\/\",\"name\":\"2\u00ba taller latinoamericano sobre monitoreo continuo de EEG en cuidados intensivos - Neurovirtual \/ Humanizing diagnostics\",\"isPartOf\":{\"@id\":\"https:\/\/neurovirtual.com\/latam\/#website\"},\"datePublished\":\"2017-11-18T16:37:03+00:00\",\"dateModified\":\"2021-02-02T20:31:13+00:00\",\"description\":\"%seo_description%\",\"breadcrumb\":{\"@id\":\"https:\/\/neurovirtual.com\/latam\/2o-taller-latinoamericano-sobre-monitoreo-continuo-de-eeg-en-cuidados-intensivos\/#breadcrumb\"},\"inLanguage\":\"es-CO\",\"potentialAction\":[{\"@type\":\"ReadAction\",\"target\":[\"https:\/\/neurovirtual.com\/latam\/2o-taller-latinoamericano-sobre-monitoreo-continuo-de-eeg-en-cuidados-intensivos\/\"]}]},{\"@type\":\"BreadcrumbList\",\"@id\":\"https:\/\/neurovirtual.com\/latam\/2o-taller-latinoamericano-sobre-monitoreo-continuo-de-eeg-en-cuidados-intensivos\/#breadcrumb\",\"itemListElement\":[{\"@type\":\"ListItem\",\"position\":1,\"name\":\"Portada\",\"item\":\"https:\/\/neurovirtual.com\/latam\/\"},{\"@type\":\"ListItem\",\"position\":2,\"name\":\"2\u00ba taller latinoamericano sobre monitoreo continuo de EEG en cuidados intensivos\"}]},{\"@type\":\"WebSite\",\"@id\":\"https:\/\/neurovirtual.com\/latam\/#website\",\"url\":\"https:\/\/neurovirtual.com\/latam\/\",\"name\":\"Neurovirtual \/ Humanizing diagnostics\",\"description\":\"\",\"publisher\":{\"@id\":\"https:\/\/neurovirtual.com\/latam\/#organization\"},\"potentialAction\":[{\"@type\":\"SearchAction\",\"target\":{\"@type\":\"EntryPoint\",\"urlTemplate\":\"https:\/\/neurovirtual.com\/latam\/?s={search_term_string}\"},\"query-input\":\"required name=search_term_string\"}],\"inLanguage\":\"es-CO\"},{\"@type\":\"Organization\",\"@id\":\"https:\/\/neurovirtual.com\/latam\/#organization\",\"name\":\"Neurovirtual\",\"url\":\"https:\/\/neurovirtual.com\/latam\/\",\"logo\":{\"@type\":\"ImageObject\",\"inLanguage\":\"es-CO\",\"@id\":\"https:\/\/neurovirtual.com\/latam\/#\/schema\/logo\/image\/\",\"url\":\"https:\/\/neurovirtual.com\/latam\/wp-content\/uploads\/2023\/08\/1.-Logo-Neurovirtual-2022.png\",\"contentUrl\":\"https:\/\/neurovirtual.com\/latam\/wp-content\/uploads\/2023\/08\/1.-Logo-Neurovirtual-2022.png\",\"width\":1964,\"height\":668,\"caption\":\"Neurovirtual\"},\"image\":{\"@id\":\"https:\/\/neurovirtual.com\/latam\/#\/schema\/logo\/image\/\"}},{\"@type\":\"Person\",\"@id\":\"https:\/\/neurovirtual.com\/latam\/#\/schema\/person\/61c27629d3d16b3e601ef7db30001d49\",\"name\":\"Jessika Brito\",\"image\":{\"@type\":\"ImageObject\",\"inLanguage\":\"es-CO\",\"@id\":\"https:\/\/neurovirtual.com\/latam\/#\/schema\/person\/image\/\",\"url\":\"https:\/\/secure.gravatar.com\/avatar\/08d2f62bc8a1f215fdfebe63356acc30?s=96&d=mm&r=g\",\"contentUrl\":\"https:\/\/secure.gravatar.com\/avatar\/08d2f62bc8a1f215fdfebe63356acc30?s=96&d=mm&r=g\",\"caption\":\"Jessika Brito\"},\"url\":\"https:\/\/neurovirtual.com\/latam\/author\/brito\/\"}]}<\/script>\n<!-- \/ Yoast SEO plugin. -->","yoast_head_json":{"title":"2\u00ba taller latinoamericano sobre monitoreo continuo de EEG en cuidados intensivos - Neurovirtual \/ Humanizing diagnostics","description":"%seo_description%","robots":{"index":"index","follow":"follow","max-snippet":"max-snippet:-1","max-image-preview":"max-image-preview:large","max-video-preview":"max-video-preview:-1"},"canonical":"https:\/\/neurovirtual.com\/latam\/2o-taller-latinoamericano-sobre-monitoreo-continuo-de-eeg-en-cuidados-intensivos\/","og_locale":"es_ES","og_type":"article","og_title":"2\u00ba taller latinoamericano sobre monitoreo continuo de EEG en cuidados intensivos - Neurovirtual \/ Humanizing diagnostics","og_description":"%seo_description%","og_url":"https:\/\/neurovirtual.com\/latam\/2o-taller-latinoamericano-sobre-monitoreo-continuo-de-eeg-en-cuidados-intensivos\/","og_site_name":"Neurovirtual \/ Humanizing diagnostics","article_published_time":"2017-11-18T16:37:03+00:00","article_modified_time":"2021-02-02T20:31:13+00:00","og_image":[{"width":300,"height":168,"url":"https:\/\/neurovirtual.com\/latam\/wp-content\/uploads\/2017\/11\/CURSO-LATINO.png","type":"image\/png"}],"author":"Jessika Brito","twitter_card":"summary_large_image","twitter_misc":{"Escrito por":"Jessika Brito","Tiempo estimado de lectura":"1 minuto"},"schema":{"@context":"https:\/\/schema.org","@graph":[{"@type":"Article","@id":"https:\/\/neurovirtual.com\/latam\/2o-taller-latinoamericano-sobre-monitoreo-continuo-de-eeg-en-cuidados-intensivos\/#article","isPartOf":{"@id":"https:\/\/neurovirtual.com\/latam\/2o-taller-latinoamericano-sobre-monitoreo-continuo-de-eeg-en-cuidados-intensivos\/"},"author":{"name":"Jessika Brito","@id":"https:\/\/neurovirtual.com\/latam\/#\/schema\/person\/61c27629d3d16b3e601ef7db30001d49"},"headline":"2\u00ba taller latinoamericano sobre monitoreo continuo de EEG en cuidados intensivos","datePublished":"2017-11-18T16:37:03+00:00","dateModified":"2021-02-02T20:31:13+00:00","mainEntityOfPage":{"@id":"https:\/\/neurovirtual.com\/latam\/2o-taller-latinoamericano-sobre-monitoreo-continuo-de-eeg-en-cuidados-intensivos\/"},"wordCount":217,"commentCount":0,"publisher":{"@id":"https:\/\/neurovirtual.com\/latam\/#organization"},"articleSection":["Sem categoria"],"inLanguage":"es-CO","potentialAction":[{"@type":"CommentAction","name":"Comment","target":["https:\/\/neurovirtual.com\/latam\/2o-taller-latinoamericano-sobre-monitoreo-continuo-de-eeg-en-cuidados-intensivos\/#respond"]}]},{"@type":"WebPage","@id":"https:\/\/neurovirtual.com\/latam\/2o-taller-latinoamericano-sobre-monitoreo-continuo-de-eeg-en-cuidados-intensivos\/","url":"https:\/\/neurovirtual.com\/latam\/2o-taller-latinoamericano-sobre-monitoreo-continuo-de-eeg-en-cuidados-intensivos\/","name":"2\u00ba taller latinoamericano sobre monitoreo continuo de EEG en cuidados intensivos - Neurovirtual \/ Humanizing diagnostics","isPartOf":{"@id":"https:\/\/neurovirtual.com\/latam\/#website"},"datePublished":"2017-11-18T16:37:03+00:00","dateModified":"2021-02-02T20:31:13+00:00","description":"%seo_description%","breadcrumb":{"@id":"https:\/\/neurovirtual.com\/latam\/2o-taller-latinoamericano-sobre-monitoreo-continuo-de-eeg-en-cuidados-intensivos\/#breadcrumb"},"inLanguage":"es-CO","potentialAction":[{"@type":"ReadAction","target":["https:\/\/neurovirtual.com\/latam\/2o-taller-latinoamericano-sobre-monitoreo-continuo-de-eeg-en-cuidados-intensivos\/"]}]},{"@type":"BreadcrumbList","@id":"https:\/\/neurovirtual.com\/latam\/2o-taller-latinoamericano-sobre-monitoreo-continuo-de-eeg-en-cuidados-intensivos\/#breadcrumb","itemListElement":[{"@type":"ListItem","position":1,"name":"Portada","item":"https:\/\/neurovirtual.com\/latam\/"},{"@type":"ListItem","position":2,"name":"2\u00ba taller latinoamericano sobre monitoreo continuo de EEG en cuidados intensivos"}]},{"@type":"WebSite","@id":"https:\/\/neurovirtual.com\/latam\/#website","url":"https:\/\/neurovirtual.com\/latam\/","name":"Neurovirtual \/ Humanizing diagnostics","description":"","publisher":{"@id":"https:\/\/neurovirtual.com\/latam\/#organization"},"potentialAction":[{"@type":"SearchAction","target":{"@type":"EntryPoint","urlTemplate":"https:\/\/neurovirtual.com\/latam\/?s={search_term_string}"},"query-input":"required name=search_term_string"}],"inLanguage":"es-CO"},{"@type":"Organization","@id":"https:\/\/neurovirtual.com\/latam\/#organization","name":"Neurovirtual","url":"https:\/\/neurovirtual.com\/latam\/","logo":{"@type":"ImageObject","inLanguage":"es-CO","@id":"https:\/\/neurovirtual.com\/latam\/#\/schema\/logo\/image\/","url":"https:\/\/neurovirtual.com\/latam\/wp-content\/uploads\/2023\/08\/1.-Logo-Neurovirtual-2022.png","contentUrl":"https:\/\/neurovirtual.com\/latam\/wp-content\/uploads\/2023\/08\/1.-Logo-Neurovirtual-2022.png","width":1964,"height":668,"caption":"Neurovirtual"},"image":{"@id":"https:\/\/neurovirtual.com\/latam\/#\/schema\/logo\/image\/"}},{"@type":"Person","@id":"https:\/\/neurovirtual.com\/latam\/#\/schema\/person\/61c27629d3d16b3e601ef7db30001d49","name":"Jessika Brito","image":{"@type":"ImageObject","inLanguage":"es-CO","@id":"https:\/\/neurovirtual.com\/latam\/#\/schema\/person\/image\/","url":"https:\/\/secure.gravatar.com\/avatar\/08d2f62bc8a1f215fdfebe63356acc30?s=96&d=mm&r=g","contentUrl":"https:\/\/secure.gravatar.com\/avatar\/08d2f62bc8a1f215fdfebe63356acc30?s=96&d=mm&r=g","caption":"Jessika Brito"},"url":"https:\/\/neurovirtual.com\/latam\/author\/brito\/"}]}},"_links":{"self":[{"href":"https:\/\/neurovirtual.com\/latam\/wp-json\/wp\/v2\/posts\/782326"}],"collection":[{"href":"https:\/\/neurovirtual.com\/latam\/wp-json\/wp\/v2\/posts"}],"about":[{"href":"https:\/\/neurovirtual.com\/latam\/wp-json\/wp\/v2\/types\/post"}],"author":[{"embeddable":true,"href":"https:\/\/neurovirtual.com\/latam\/wp-json\/wp\/v2\/users\/7"}],"replies":[{"embeddable":true,"href":"https:\/\/neurovirtual.com\/latam\/wp-json\/wp\/v2\/comments?post=782326"}],"version-history":[{"count":2,"href":"https:\/\/neurovirtual.com\/latam\/wp-json\/wp\/v2\/posts\/782326\/revisions"}],"predecessor-version":[{"id":809910,"href":"https:\/\/neurovirtual.com\/latam\/wp-json\/wp\/v2\/posts\/782326\/revisions\/809910"}],"wp:featuredmedia":[{"embeddable":true,"href":"https:\/\/neurovirtual.com\/latam\/wp-json\/wp\/v2\/media\/783721"}],"wp:attachment":[{"href":"https:\/\/neurovirtual.com\/latam\/wp-json\/wp\/v2\/media?parent=782326"}],"wp:term":[{"taxonomy":"category","embeddable":true,"href":"https:\/\/neurovirtual.com\/latam\/wp-json\/wp\/v2\/categories?post=782326"},{"taxonomy":"post_tag","embeddable":true,"href":"https:\/\/neurovirtual.com\/latam\/wp-json\/wp\/v2\/tags?post=782326"}],"curies":[{"name":"wp","href":"https:\/\/api.w.org\/{rel}","templated":true}]}}