{"id":782316,"date":"2017-09-17T14:15:25","date_gmt":"2017-09-17T17:15:25","guid":{"rendered":"https:\/\/neurovirtual.com\/latam\/?p=782316"},"modified":"2021-02-02T18:58:29","modified_gmt":"2021-02-02T20:58:29","slug":"sleepvirtual-participa-en-el-4o-congreso-de-trastornos-del-sueno-en-puerto-rico","status":"publish","type":"post","link":"https:\/\/neurovirtual.com\/latam\/sleepvirtual-participa-en-el-4o-congreso-de-trastornos-del-sueno-en-puerto-rico\/","title":{"rendered":"Sleepvirtual participa en el 4\u00ba Congreso de Trastornos del Sue\u00f1o en Puerto Rico"},"content":{"rendered":"\n<p>El 16 y el 17 de septiembre, Puerto Rico acogi\u00f3 a diversos especialistas en medicina del sue\u00f1o para participar en el \u201c4\u00ba Congreso de Trastornos del Sue\u00f1o\u201d en ese pa\u00eds, el cual tuvo lugar en el Embassy Suites de la bell\u00edsima ciudad de Isla Verde.<\/p>\n\n\n\n<p>\u201cLa memoria y el sue\u00f1o\u201d, \u201cLa reducci\u00f3n del riesgo cardiovascular en la apnea obstructiva del sue\u00f1o, adem\u00e1s del tratamiento con CPAP\u201d, \u201cEl papel de la sicolog\u00eda en la medicina del sue\u00f1o\u201d y \u201cEl manejo de los trastornos del sue\u00f1o en hipercapnia: qu\u00e9 hacer y c\u00f3mo hacerlo\u201d estuvieron entre los principales temas de las conferencias entre otras presentaciones y conferencistas. Los dos d\u00edas concluyeron con una sesi\u00f3n de preguntas y respuestas en la que los participantes pudieron compartir informaci\u00f3n y sacar provecho a trav\u00e9s de dudas pr\u00e1cticas.<\/p>\n\n\n\n<figure class=\"wp-block-gallery columns-3 is-cropped wp-block-gallery-1 is-layout-flex wp-block-gallery-is-layout-flex\"><ul class=\"blocks-gallery-grid\"><li class=\"blocks-gallery-item\"><figure><a href=\"https:\/\/neurovirtual.com\/latam\/wp-content\/uploads\/2021\/02\/porto-rico.jpg\"><img decoding=\"async\" width=\"900\" height=\"675\" src=\"https:\/\/neurovirtual.com\/latam\/wp-content\/uploads\/2021\/02\/porto-rico.jpg\" alt=\"\" data-id=\"809931\" data-full-url=\"https:\/\/neurovirtual.com\/latam\/wp-content\/uploads\/2021\/02\/porto-rico.jpg\" data-link=\"https:\/\/neurovirtual.com\/latam\/novedades\/sleepvirtual-participa-en-el-4o-congreso-de-trastornos-del-sueno-en-puerto-rico\/attachment\/porto-rico\/\" class=\"wp-image-809931\" srcset=\"https:\/\/neurovirtual.com\/latam\/wp-content\/uploads\/2021\/02\/porto-rico.jpg 900w, https:\/\/neurovirtual.com\/latam\/wp-content\/uploads\/2021\/02\/porto-rico-300x225.jpg 300w, https:\/\/neurovirtual.com\/latam\/wp-content\/uploads\/2021\/02\/porto-rico-768x576.jpg 768w, https:\/\/neurovirtual.com\/latam\/wp-content\/uploads\/2021\/02\/porto-rico-333x250.jpg 333w, https:\/\/neurovirtual.com\/latam\/wp-content\/uploads\/2021\/02\/porto-rico-453x340.jpg 453w\" sizes=\"(max-width: 900px) 100vw, 900px\" \/><\/a><figcaption class=\"blocks-gallery-item__caption\"><em>Sergio Solis, business consultant &#8211; Sleepvirtual.<\/em><\/figcaption><\/figure><\/li><li class=\"blocks-gallery-item\"><figure><a href=\"https:\/\/neurovirtual.com\/latam\/wp-content\/uploads\/2021\/02\/porto-rico-2.jpg\"><img decoding=\"async\" width=\"768\" height=\"1024\" src=\"https:\/\/neurovirtual.com\/latam\/wp-content\/uploads\/2021\/02\/porto-rico-2-768x1024.jpg\" alt=\"\" data-id=\"809932\" data-full-url=\"https:\/\/neurovirtual.com\/latam\/wp-content\/uploads\/2021\/02\/porto-rico-2.jpg\" data-link=\"https:\/\/neurovirtual.com\/latam\/novedades\/sleepvirtual-participa-en-el-4o-congreso-de-trastornos-del-sueno-en-puerto-rico\/attachment\/porto-rico-2\/\" class=\"wp-image-809932\" srcset=\"https:\/\/neurovirtual.com\/latam\/wp-content\/uploads\/2021\/02\/porto-rico-2-768x1024.jpg 768w, https:\/\/neurovirtual.com\/latam\/wp-content\/uploads\/2021\/02\/porto-rico-2-225x300.jpg 225w, https:\/\/neurovirtual.com\/latam\/wp-content\/uploads\/2021\/02\/porto-rico-2-188x250.jpg 188w, https:\/\/neurovirtual.com\/latam\/wp-content\/uploads\/2021\/02\/porto-rico-2-255x340.jpg 255w, https:\/\/neurovirtual.com\/latam\/wp-content\/uploads\/2021\/02\/porto-rico-2.jpg 900w\" sizes=\"(max-width: 768px) 100vw, 768px\" \/><\/a><\/figure><\/li><li class=\"blocks-gallery-item\"><figure><a href=\"https:\/\/neurovirtual.com\/latam\/wp-content\/uploads\/2021\/02\/porto-rico-3.jpg\"><img decoding=\"async\" width=\"900\" height=\"675\" src=\"https:\/\/neurovirtual.com\/latam\/wp-content\/uploads\/2021\/02\/porto-rico-3.jpg\" alt=\"\" data-id=\"809933\" data-full-url=\"https:\/\/neurovirtual.com\/latam\/wp-content\/uploads\/2021\/02\/porto-rico-3.jpg\" data-link=\"https:\/\/neurovirtual.com\/latam\/novedades\/sleepvirtual-participa-en-el-4o-congreso-de-trastornos-del-sueno-en-puerto-rico\/attachment\/porto-rico-3\/\" class=\"wp-image-809933\" srcset=\"https:\/\/neurovirtual.com\/latam\/wp-content\/uploads\/2021\/02\/porto-rico-3.jpg 900w, https:\/\/neurovirtual.com\/latam\/wp-content\/uploads\/2021\/02\/porto-rico-3-300x225.jpg 300w, https:\/\/neurovirtual.com\/latam\/wp-content\/uploads\/2021\/02\/porto-rico-3-768x576.jpg 768w, https:\/\/neurovirtual.com\/latam\/wp-content\/uploads\/2021\/02\/porto-rico-3-333x250.jpg 333w, https:\/\/neurovirtual.com\/latam\/wp-content\/uploads\/2021\/02\/porto-rico-3-453x340.jpg 453w\" sizes=\"(max-width: 900px) 100vw, 900px\" \/><\/a><\/figure><\/li><\/ul><\/figure>\n\n\n\n<p>Sleepvirtual, participante activo del evento, present\u00f3 su equipo m\u00e1s reciente: el dispositivo de canales BWIII PSG &#8211; que sustituye al BWII PSG &#8211; el cual ofrece una mayor tasa de toma de muestras, EEG extendido y canales auxiliares, adem\u00e1s de un dise\u00f1o mucho m\u00e1s moderno.<\/p>\n\n\n\n<blockquote class=\"wp-block-quote is-style-default\"><p><em>\u201cPara Sleepvirtual siempre es importante participar en congresos alrededor del mundo. De esta manera intercambiamos informaci\u00f3n y discutimos las principales necesidades de los m\u00e9dicos que usan nuestros productos. En Puerto Rico pudimos mostrar nuestros equipos m\u00e1s actuales con tecnolog\u00eda de punta\u201d,<\/em><strong> afirm\u00f3 Sergio Solis, consultor de negocios de Sleepvirtual.<\/strong><\/p><\/blockquote>\n","protected":false},"excerpt":{"rendered":"<p>El 16 y el 17 de septiembre, Puerto Rico acogi\u00f3 a diversos especialistas en medicina del sue\u00f1o para participar en el \u201c4\u00ba Congreso de Trastornos del Sue\u00f1o\u201d en ese pa\u00eds, el cual tuvo lugar en el Embassy Suites de la bell\u00edsima ciudad de Isla Verde. \u201cLa memoria y el sue\u00f1o\u201d, \u201cLa reducci\u00f3n del riesgo cardiovascular&#8230;<\/p>\n","protected":false},"author":7,"featured_media":782322,"comment_status":"open","ping_status":"open","sticky":false,"template":"","format":"standard","meta":{"footnotes":"","_joinchat":[]},"categories":[13,4],"tags":[],"acf":[],"yoast_head":"<!-- This site is optimized with the Yoast SEO plugin v21.7 - https:\/\/yoast.com\/wordpress\/plugins\/seo\/ -->\n<title>Sleepvirtual participa en el 4\u00ba Congreso de Trastornos del Sue\u00f1o en Puerto Rico - Neurovirtual \/ Humanizing diagnostics<\/title>\n<meta name=\"description\" content=\"%seo_description%\" \/>\n<meta name=\"robots\" content=\"index, follow, max-snippet:-1, max-image-preview:large, max-video-preview:-1\" \/>\n<link rel=\"canonical\" href=\"https:\/\/neurovirtual.com\/latam\/sleepvirtual-participa-en-el-4o-congreso-de-trastornos-del-sueno-en-puerto-rico\/\" \/>\n<meta property=\"og:locale\" content=\"es_ES\" \/>\n<meta property=\"og:type\" content=\"article\" \/>\n<meta property=\"og:title\" content=\"Sleepvirtual participa en el 4\u00ba Congreso de Trastornos del Sue\u00f1o en Puerto Rico - Neurovirtual \/ Humanizing diagnostics\" \/>\n<meta property=\"og:description\" content=\"%seo_description%\" \/>\n<meta property=\"og:url\" content=\"https:\/\/neurovirtual.com\/latam\/sleepvirtual-participa-en-el-4o-congreso-de-trastornos-del-sueno-en-puerto-rico\/\" \/>\n<meta property=\"og:site_name\" content=\"Neurovirtual \/ Humanizing diagnostics\" \/>\n<meta property=\"article:published_time\" content=\"2017-09-17T17:15:25+00:00\" \/>\n<meta property=\"article:modified_time\" content=\"2021-02-02T20:58:29+00:00\" \/>\n<meta property=\"og:image\" content=\"https:\/\/neurovirtual.com\/latam\/wp-content\/uploads\/2017\/09\/capa-congresso-porto-rico.jpg\" \/>\n\t<meta property=\"og:image:width\" content=\"300\" \/>\n\t<meta property=\"og:image:height\" content=\"168\" \/>\n\t<meta property=\"og:image:type\" content=\"image\/jpeg\" \/>\n<meta name=\"author\" content=\"Jessika Brito\" \/>\n<meta name=\"twitter:card\" content=\"summary_large_image\" \/>\n<meta name=\"twitter:label1\" content=\"Escrito por\" \/>\n\t<meta name=\"twitter:data1\" content=\"Jessika Brito\" \/>\n\t<meta name=\"twitter:label2\" content=\"Tiempo estimado de lectura\" \/>\n\t<meta name=\"twitter:data2\" content=\"1 minuto\" \/>\n<script type=\"application\/ld+json\" class=\"yoast-schema-graph\">{\"@context\":\"https:\/\/schema.org\",\"@graph\":[{\"@type\":\"Article\",\"@id\":\"https:\/\/neurovirtual.com\/latam\/sleepvirtual-participa-en-el-4o-congreso-de-trastornos-del-sueno-en-puerto-rico\/#article\",\"isPartOf\":{\"@id\":\"https:\/\/neurovirtual.com\/latam\/sleepvirtual-participa-en-el-4o-congreso-de-trastornos-del-sueno-en-puerto-rico\/\"},\"author\":{\"name\":\"Jessika Brito\",\"@id\":\"https:\/\/neurovirtual.com\/latam\/#\/schema\/person\/61c27629d3d16b3e601ef7db30001d49\"},\"headline\":\"Sleepvirtual participa en el 4\u00ba Congreso de Trastornos del Sue\u00f1o en Puerto Rico\",\"datePublished\":\"2017-09-17T17:15:25+00:00\",\"dateModified\":\"2021-02-02T20:58:29+00:00\",\"mainEntityOfPage\":{\"@id\":\"https:\/\/neurovirtual.com\/latam\/sleepvirtual-participa-en-el-4o-congreso-de-trastornos-del-sueno-en-puerto-rico\/\"},\"wordCount\":266,\"commentCount\":0,\"publisher\":{\"@id\":\"https:\/\/neurovirtual.com\/latam\/#organization\"},\"articleSection\":[\"Latam\",\"Novedades\"],\"inLanguage\":\"es-CO\",\"potentialAction\":[{\"@type\":\"CommentAction\",\"name\":\"Comment\",\"target\":[\"https:\/\/neurovirtual.com\/latam\/sleepvirtual-participa-en-el-4o-congreso-de-trastornos-del-sueno-en-puerto-rico\/#respond\"]}]},{\"@type\":\"WebPage\",\"@id\":\"https:\/\/neurovirtual.com\/latam\/sleepvirtual-participa-en-el-4o-congreso-de-trastornos-del-sueno-en-puerto-rico\/\",\"url\":\"https:\/\/neurovirtual.com\/latam\/sleepvirtual-participa-en-el-4o-congreso-de-trastornos-del-sueno-en-puerto-rico\/\",\"name\":\"Sleepvirtual participa en el 4\u00ba Congreso de Trastornos del Sue\u00f1o en Puerto Rico - Neurovirtual \/ Humanizing diagnostics\",\"isPartOf\":{\"@id\":\"https:\/\/neurovirtual.com\/latam\/#website\"},\"datePublished\":\"2017-09-17T17:15:25+00:00\",\"dateModified\":\"2021-02-02T20:58:29+00:00\",\"description\":\"%seo_description%\",\"breadcrumb\":{\"@id\":\"https:\/\/neurovirtual.com\/latam\/sleepvirtual-participa-en-el-4o-congreso-de-trastornos-del-sueno-en-puerto-rico\/#breadcrumb\"},\"inLanguage\":\"es-CO\",\"potentialAction\":[{\"@type\":\"ReadAction\",\"target\":[\"https:\/\/neurovirtual.com\/latam\/sleepvirtual-participa-en-el-4o-congreso-de-trastornos-del-sueno-en-puerto-rico\/\"]}]},{\"@type\":\"BreadcrumbList\",\"@id\":\"https:\/\/neurovirtual.com\/latam\/sleepvirtual-participa-en-el-4o-congreso-de-trastornos-del-sueno-en-puerto-rico\/#breadcrumb\",\"itemListElement\":[{\"@type\":\"ListItem\",\"position\":1,\"name\":\"Portada\",\"item\":\"https:\/\/neurovirtual.com\/latam\/\"},{\"@type\":\"ListItem\",\"position\":2,\"name\":\"Sleepvirtual participa en el 4\u00ba Congreso de Trastornos del Sue\u00f1o en Puerto Rico\"}]},{\"@type\":\"WebSite\",\"@id\":\"https:\/\/neurovirtual.com\/latam\/#website\",\"url\":\"https:\/\/neurovirtual.com\/latam\/\",\"name\":\"Neurovirtual \/ Humanizing diagnostics\",\"description\":\"\",\"publisher\":{\"@id\":\"https:\/\/neurovirtual.com\/latam\/#organization\"},\"potentialAction\":[{\"@type\":\"SearchAction\",\"target\":{\"@type\":\"EntryPoint\",\"urlTemplate\":\"https:\/\/neurovirtual.com\/latam\/?s={search_term_string}\"},\"query-input\":\"required name=search_term_string\"}],\"inLanguage\":\"es-CO\"},{\"@type\":\"Organization\",\"@id\":\"https:\/\/neurovirtual.com\/latam\/#organization\",\"name\":\"Neurovirtual\",\"url\":\"https:\/\/neurovirtual.com\/latam\/\",\"logo\":{\"@type\":\"ImageObject\",\"inLanguage\":\"es-CO\",\"@id\":\"https:\/\/neurovirtual.com\/latam\/#\/schema\/logo\/image\/\",\"url\":\"https:\/\/neurovirtual.com\/latam\/wp-content\/uploads\/2023\/08\/1.-Logo-Neurovirtual-2022.png\",\"contentUrl\":\"https:\/\/neurovirtual.com\/latam\/wp-content\/uploads\/2023\/08\/1.-Logo-Neurovirtual-2022.png\",\"width\":1964,\"height\":668,\"caption\":\"Neurovirtual\"},\"image\":{\"@id\":\"https:\/\/neurovirtual.com\/latam\/#\/schema\/logo\/image\/\"}},{\"@type\":\"Person\",\"@id\":\"https:\/\/neurovirtual.com\/latam\/#\/schema\/person\/61c27629d3d16b3e601ef7db30001d49\",\"name\":\"Jessika Brito\",\"image\":{\"@type\":\"ImageObject\",\"inLanguage\":\"es-CO\",\"@id\":\"https:\/\/neurovirtual.com\/latam\/#\/schema\/person\/image\/\",\"url\":\"https:\/\/secure.gravatar.com\/avatar\/08d2f62bc8a1f215fdfebe63356acc30?s=96&d=mm&r=g\",\"contentUrl\":\"https:\/\/secure.gravatar.com\/avatar\/08d2f62bc8a1f215fdfebe63356acc30?s=96&d=mm&r=g\",\"caption\":\"Jessika Brito\"},\"url\":\"https:\/\/neurovirtual.com\/latam\/author\/brito\/\"}]}<\/script>\n<!-- \/ Yoast SEO plugin. -->","yoast_head_json":{"title":"Sleepvirtual participa en el 4\u00ba Congreso de Trastornos del Sue\u00f1o en Puerto Rico - Neurovirtual \/ Humanizing diagnostics","description":"%seo_description%","robots":{"index":"index","follow":"follow","max-snippet":"max-snippet:-1","max-image-preview":"max-image-preview:large","max-video-preview":"max-video-preview:-1"},"canonical":"https:\/\/neurovirtual.com\/latam\/sleepvirtual-participa-en-el-4o-congreso-de-trastornos-del-sueno-en-puerto-rico\/","og_locale":"es_ES","og_type":"article","og_title":"Sleepvirtual participa en el 4\u00ba Congreso de Trastornos del Sue\u00f1o en Puerto Rico - Neurovirtual \/ Humanizing diagnostics","og_description":"%seo_description%","og_url":"https:\/\/neurovirtual.com\/latam\/sleepvirtual-participa-en-el-4o-congreso-de-trastornos-del-sueno-en-puerto-rico\/","og_site_name":"Neurovirtual \/ Humanizing diagnostics","article_published_time":"2017-09-17T17:15:25+00:00","article_modified_time":"2021-02-02T20:58:29+00:00","og_image":[{"width":300,"height":168,"url":"https:\/\/neurovirtual.com\/latam\/wp-content\/uploads\/2017\/09\/capa-congresso-porto-rico.jpg","type":"image\/jpeg"}],"author":"Jessika Brito","twitter_card":"summary_large_image","twitter_misc":{"Escrito por":"Jessika Brito","Tiempo estimado de lectura":"1 minuto"},"schema":{"@context":"https:\/\/schema.org","@graph":[{"@type":"Article","@id":"https:\/\/neurovirtual.com\/latam\/sleepvirtual-participa-en-el-4o-congreso-de-trastornos-del-sueno-en-puerto-rico\/#article","isPartOf":{"@id":"https:\/\/neurovirtual.com\/latam\/sleepvirtual-participa-en-el-4o-congreso-de-trastornos-del-sueno-en-puerto-rico\/"},"author":{"name":"Jessika Brito","@id":"https:\/\/neurovirtual.com\/latam\/#\/schema\/person\/61c27629d3d16b3e601ef7db30001d49"},"headline":"Sleepvirtual participa en el 4\u00ba Congreso de Trastornos del Sue\u00f1o en Puerto Rico","datePublished":"2017-09-17T17:15:25+00:00","dateModified":"2021-02-02T20:58:29+00:00","mainEntityOfPage":{"@id":"https:\/\/neurovirtual.com\/latam\/sleepvirtual-participa-en-el-4o-congreso-de-trastornos-del-sueno-en-puerto-rico\/"},"wordCount":266,"commentCount":0,"publisher":{"@id":"https:\/\/neurovirtual.com\/latam\/#organization"},"articleSection":["Latam","Novedades"],"inLanguage":"es-CO","potentialAction":[{"@type":"CommentAction","name":"Comment","target":["https:\/\/neurovirtual.com\/latam\/sleepvirtual-participa-en-el-4o-congreso-de-trastornos-del-sueno-en-puerto-rico\/#respond"]}]},{"@type":"WebPage","@id":"https:\/\/neurovirtual.com\/latam\/sleepvirtual-participa-en-el-4o-congreso-de-trastornos-del-sueno-en-puerto-rico\/","url":"https:\/\/neurovirtual.com\/latam\/sleepvirtual-participa-en-el-4o-congreso-de-trastornos-del-sueno-en-puerto-rico\/","name":"Sleepvirtual participa en el 4\u00ba Congreso de Trastornos del Sue\u00f1o en Puerto Rico - Neurovirtual \/ Humanizing diagnostics","isPartOf":{"@id":"https:\/\/neurovirtual.com\/latam\/#website"},"datePublished":"2017-09-17T17:15:25+00:00","dateModified":"2021-02-02T20:58:29+00:00","description":"%seo_description%","breadcrumb":{"@id":"https:\/\/neurovirtual.com\/latam\/sleepvirtual-participa-en-el-4o-congreso-de-trastornos-del-sueno-en-puerto-rico\/#breadcrumb"},"inLanguage":"es-CO","potentialAction":[{"@type":"ReadAction","target":["https:\/\/neurovirtual.com\/latam\/sleepvirtual-participa-en-el-4o-congreso-de-trastornos-del-sueno-en-puerto-rico\/"]}]},{"@type":"BreadcrumbList","@id":"https:\/\/neurovirtual.com\/latam\/sleepvirtual-participa-en-el-4o-congreso-de-trastornos-del-sueno-en-puerto-rico\/#breadcrumb","itemListElement":[{"@type":"ListItem","position":1,"name":"Portada","item":"https:\/\/neurovirtual.com\/latam\/"},{"@type":"ListItem","position":2,"name":"Sleepvirtual participa en el 4\u00ba Congreso de Trastornos del Sue\u00f1o en Puerto Rico"}]},{"@type":"WebSite","@id":"https:\/\/neurovirtual.com\/latam\/#website","url":"https:\/\/neurovirtual.com\/latam\/","name":"Neurovirtual \/ Humanizing diagnostics","description":"","publisher":{"@id":"https:\/\/neurovirtual.com\/latam\/#organization"},"potentialAction":[{"@type":"SearchAction","target":{"@type":"EntryPoint","urlTemplate":"https:\/\/neurovirtual.com\/latam\/?s={search_term_string}"},"query-input":"required name=search_term_string"}],"inLanguage":"es-CO"},{"@type":"Organization","@id":"https:\/\/neurovirtual.com\/latam\/#organization","name":"Neurovirtual","url":"https:\/\/neurovirtual.com\/latam\/","logo":{"@type":"ImageObject","inLanguage":"es-CO","@id":"https:\/\/neurovirtual.com\/latam\/#\/schema\/logo\/image\/","url":"https:\/\/neurovirtual.com\/latam\/wp-content\/uploads\/2023\/08\/1.-Logo-Neurovirtual-2022.png","contentUrl":"https:\/\/neurovirtual.com\/latam\/wp-content\/uploads\/2023\/08\/1.-Logo-Neurovirtual-2022.png","width":1964,"height":668,"caption":"Neurovirtual"},"image":{"@id":"https:\/\/neurovirtual.com\/latam\/#\/schema\/logo\/image\/"}},{"@type":"Person","@id":"https:\/\/neurovirtual.com\/latam\/#\/schema\/person\/61c27629d3d16b3e601ef7db30001d49","name":"Jessika Brito","image":{"@type":"ImageObject","inLanguage":"es-CO","@id":"https:\/\/neurovirtual.com\/latam\/#\/schema\/person\/image\/","url":"https:\/\/secure.gravatar.com\/avatar\/08d2f62bc8a1f215fdfebe63356acc30?s=96&d=mm&r=g","contentUrl":"https:\/\/secure.gravatar.com\/avatar\/08d2f62bc8a1f215fdfebe63356acc30?s=96&d=mm&r=g","caption":"Jessika Brito"},"url":"https:\/\/neurovirtual.com\/latam\/author\/brito\/"}]}},"_links":{"self":[{"href":"https:\/\/neurovirtual.com\/latam\/wp-json\/wp\/v2\/posts\/782316"}],"collection":[{"href":"https:\/\/neurovirtual.com\/latam\/wp-json\/wp\/v2\/posts"}],"about":[{"href":"https:\/\/neurovirtual.com\/latam\/wp-json\/wp\/v2\/types\/post"}],"author":[{"embeddable":true,"href":"https:\/\/neurovirtual.com\/latam\/wp-json\/wp\/v2\/users\/7"}],"replies":[{"embeddable":true,"href":"https:\/\/neurovirtual.com\/latam\/wp-json\/wp\/v2\/comments?post=782316"}],"version-history":[{"count":9,"href":"https:\/\/neurovirtual.com\/latam\/wp-json\/wp\/v2\/posts\/782316\/revisions"}],"predecessor-version":[{"id":809938,"href":"https:\/\/neurovirtual.com\/latam\/wp-json\/wp\/v2\/posts\/782316\/revisions\/809938"}],"wp:featuredmedia":[{"embeddable":true,"href":"https:\/\/neurovirtual.com\/latam\/wp-json\/wp\/v2\/media\/782322"}],"wp:attachment":[{"href":"https:\/\/neurovirtual.com\/latam\/wp-json\/wp\/v2\/media?parent=782316"}],"wp:term":[{"taxonomy":"category","embeddable":true,"href":"https:\/\/neurovirtual.com\/latam\/wp-json\/wp\/v2\/categories?post=782316"},{"taxonomy":"post_tag","embeddable":true,"href":"https:\/\/neurovirtual.com\/latam\/wp-json\/wp\/v2\/tags?post=782316"}],"curies":[{"name":"wp","href":"https:\/\/api.w.org\/{rel}","templated":true}]}}