{"id":782151,"date":"2017-11-16T12:55:19","date_gmt":"2017-11-16T14:55:19","guid":{"rendered":"https:\/\/neurovirtual.com\/latam\/?p=782151"},"modified":"2018-02-19T13:19:14","modified_gmt":"2018-02-19T16:19:14","slug":"neurovirtual-promueve-su-segunda-reunion-anual-de-distribuidores-en-medica-2017","status":"publish","type":"post","link":"https:\/\/neurovirtual.com\/latam\/neurovirtual-promueve-su-segunda-reunion-anual-de-distribuidores-en-medica-2017\/","title":{"rendered":"Neurovirtual promueve su segunda reuni\u00f3n anual de distribuidores en MEDICA 2017"},"content":{"rendered":"<p><a href=\"https:\/\/neurovirtual.com\/latam\/wp-content\/uploads\/2018\/01\/med17_rwd_945x192.jpg\"><img decoding=\"async\" class=\"aligncenter size-large wp-image-782158\" src=\"https:\/\/neurovirtual.com\/latam\/wp-content\/uploads\/2018\/01\/med17_rwd_945x192-1024x208.jpg\" alt=\"med17_rwd_945x192\" width=\"1024\" height=\"208\" srcset=\"https:\/\/neurovirtual.com\/latam\/wp-content\/uploads\/2018\/01\/med17_rwd_945x192-1024x208.jpg 1024w, https:\/\/neurovirtual.com\/latam\/wp-content\/uploads\/2018\/01\/med17_rwd_945x192-300x61.jpg 300w, https:\/\/neurovirtual.com\/latam\/wp-content\/uploads\/2018\/01\/med17_rwd_945x192-1231x250.jpg 1231w, https:\/\/neurovirtual.com\/latam\/wp-content\/uploads\/2018\/01\/med17_rwd_945x192-460x93.jpg 460w, https:\/\/neurovirtual.com\/latam\/wp-content\/uploads\/2018\/01\/med17_rwd_945x192.jpg 1920w\" sizes=\"(max-width: 1024px) 100vw, 1024px\" \/><\/a><\/p>\n<p>El domingo 12 de noviembre Neurovirtual promovi\u00f3 la segunda reuni\u00f3n anual de distribuidores\u00a0 en la Feria MEDICA 2017 en Dusseldorf, Alemania. Dentro de los participantes de este a\u00f1o se encontraron nuestros distribuidores de China, Indonesia, Espa\u00f1a y Portugal.<\/p>\n<p><a href=\"https:\/\/neurovirtual.com\/latam\/wp-content\/uploads\/2018\/01\/IMG_20171112_170553_053.jpg\"><img decoding=\"async\" class=\"aligncenter size-medium wp-image-782157\" src=\"https:\/\/neurovirtual.com\/latam\/wp-content\/uploads\/2018\/01\/IMG_20171112_170553_053-300x157.jpg\" alt=\"IMG_20171112_170553_053\" width=\"300\" height=\"157\" srcset=\"https:\/\/neurovirtual.com\/latam\/wp-content\/uploads\/2018\/01\/IMG_20171112_170553_053-300x157.jpg 300w, https:\/\/neurovirtual.com\/latam\/wp-content\/uploads\/2018\/01\/IMG_20171112_170553_053-1024x536.jpg 1024w, https:\/\/neurovirtual.com\/latam\/wp-content\/uploads\/2018\/01\/IMG_20171112_170553_053-478x250.jpg 478w, https:\/\/neurovirtual.com\/latam\/wp-content\/uploads\/2018\/01\/IMG_20171112_170553_053-460x241.jpg 460w, https:\/\/neurovirtual.com\/latam\/wp-content\/uploads\/2018\/01\/IMG_20171112_170553_053.jpg 1920w\" sizes=\"(max-width: 300px) 100vw, 300px\" \/><\/a><\/p>\n<p>Despu\u00e9s de la breve ceremonia de apertura, los participantes presenciaron la presentaci\u00f3n t\u00e9cnica de Felipe Lerida, Gerente de Producto de la empresa, en la que discuti\u00f3 sobre los lanzamientos de este a\u00f1o, adem\u00e1s de anunciar los productos que entraron al mercado en 2018. Felipe tambi\u00e9n aprovech\u00f3 la oportunidad para discutir las actualizaciones de software y abrir el foro a inquietudes y comentarios de todos los equipos presentes para crear oportunidades de discusi\u00f3n sobre las solicitudes de los clientes, as\u00ed como sobre las solicitudes de soporte gestionadas por el Equipo de Gesti\u00f3n de Neurovirtual.<\/p>\n<p><a href=\"https:\/\/neurovirtual.com\/latam\/wp-content\/uploads\/2018\/01\/20171112_121139.jpg\"><img decoding=\"async\" class=\"aligncenter size-medium wp-image-782153\" src=\"https:\/\/neurovirtual.com\/latam\/wp-content\/uploads\/2018\/01\/20171112_121139-300x169.jpg\" alt=\"20171112_121139\" width=\"300\" height=\"169\" srcset=\"https:\/\/neurovirtual.com\/latam\/wp-content\/uploads\/2018\/01\/20171112_121139-300x169.jpg 300w, https:\/\/neurovirtual.com\/latam\/wp-content\/uploads\/2018\/01\/20171112_121139-1024x576.jpg 1024w, https:\/\/neurovirtual.com\/latam\/wp-content\/uploads\/2018\/01\/20171112_121139-444x250.jpg 444w, https:\/\/neurovirtual.com\/latam\/wp-content\/uploads\/2018\/01\/20171112_121139-460x259.jpg 460w, https:\/\/neurovirtual.com\/latam\/wp-content\/uploads\/2018\/01\/20171112_121139.jpg 1920w\" sizes=\"(max-width: 300px) 100vw, 300px\" \/><\/a><\/p>\n<p>Luego, se sirvi\u00f3 el almuerzo, un momento que se aprovech\u00f3 para interactuar; en este momento los especialistas pudieron compartir un poco sobre sus vidas personales y profesionales, adem\u00e1s de enterarse acerca de los desaf\u00edos que enfrentan los colegas de otras partes del mundo. En seguida, el Gerente Corporativo de Cuentas de Neurovirtual, Sergio Solis, hizo una presentaci\u00f3n sobre la superaci\u00f3n de los desaf\u00edos y dificultades del d\u00eda a d\u00eda de las ventas a trav\u00e9s de su diagn\u00f3stico del mercado norteamericano y a trav\u00e9s del di\u00e1logo entre los equipos con la discusi\u00f3n de los mayores desaf\u00edos y con la exposici\u00f3n de la mejor manera de enfrentarlos.<\/p>\n<p><a href=\"https:\/\/neurovirtual.com\/latam\/wp-content\/uploads\/2018\/01\/20171112_111722.jpg\"><img decoding=\"async\" class=\"aligncenter size-medium wp-image-782152\" src=\"https:\/\/neurovirtual.com\/latam\/wp-content\/uploads\/2018\/01\/20171112_111722-300x169.jpg\" alt=\"20171112_111722\" width=\"300\" height=\"169\" srcset=\"https:\/\/neurovirtual.com\/latam\/wp-content\/uploads\/2018\/01\/20171112_111722-300x169.jpg 300w, https:\/\/neurovirtual.com\/latam\/wp-content\/uploads\/2018\/01\/20171112_111722-1024x576.jpg 1024w, https:\/\/neurovirtual.com\/latam\/wp-content\/uploads\/2018\/01\/20171112_111722-444x250.jpg 444w, https:\/\/neurovirtual.com\/latam\/wp-content\/uploads\/2018\/01\/20171112_111722-460x259.jpg 460w, https:\/\/neurovirtual.com\/latam\/wp-content\/uploads\/2018\/01\/20171112_111722.jpg 1920w\" sizes=\"(max-width: 300px) 100vw, 300px\" \/><\/a><\/p>\n<p>El cierre de la reuni\u00f3n cont\u00f3 con la presentaci\u00f3n del Director General de Neurovirtual, Ed Faria, quien comparti\u00f3 su visi\u00f3n en relaci\u00f3n con el crecimiento global y con las estrategias competitivas de Neurovirtual para lograr ese objetivo. Su presentaci\u00f3n trat\u00f3 de la importancia de la consistencia en el branding y de la garant\u00eda de los equipos de distribuidores en relaci\u00f3n con el soporte de la oficina corporativa para garantizar el \u00e9xito frente a todos los desaf\u00edos que se lleguen a presentar. La posici\u00f3n de la empresa es la de persistir en su misi\u00f3n de humanizar la experiencia de diagn\u00f3stico neurol\u00f3gico haciendo que el cliente sienta confianza en cada etapa del recorrido.<\/p>\n<p>El equipo de Neurovirtual hizo presencia en la Sala 9, estand B58, con la exposici\u00f3n de sus m\u00e1s recientes lanzamientos, que incluyen una nueva l\u00ednea de sensores y bandas para el diagn\u00f3stico de dolencias del sue\u00f1o, adem\u00e1s de electrodos ba\u00f1ados en oro para los electroencefalogramas. La empresa tambi\u00e9n present\u00f3 su dispositivo de monitoreo de Largo Plazo e UTI, acoplado a un carro elegante y ergon\u00f3mico dise\u00f1ado espec\u00edficamente para los productos de Neurovirtual.<\/p>\n<p>La demostraci\u00f3n tuvo un \u00e9xito extraordinario, lo que garantiza nuevos pedidos para Neurovirtual y crea alianzas innovadoras para la construcci\u00f3n de una marca global de \u00e9xito.<\/p>\n<p><a href=\"https:\/\/neurovirtual.com\/latam\/wp-content\/uploads\/2018\/01\/20171114_105418.jpg\"><img decoding=\"async\" class=\"aligncenter size-medium wp-image-782155\" src=\"https:\/\/neurovirtual.com\/latam\/wp-content\/uploads\/2018\/01\/20171114_105418-300x203.jpg\" alt=\"20171114_105418\" width=\"300\" height=\"203\" srcset=\"https:\/\/neurovirtual.com\/latam\/wp-content\/uploads\/2018\/01\/20171114_105418-300x203.jpg 300w, https:\/\/neurovirtual.com\/latam\/wp-content\/uploads\/2018\/01\/20171114_105418-1024x691.jpg 1024w, https:\/\/neurovirtual.com\/latam\/wp-content\/uploads\/2018\/01\/20171114_105418-370x250.jpg 370w, https:\/\/neurovirtual.com\/latam\/wp-content\/uploads\/2018\/01\/20171114_105418-460x311.jpg 460w, https:\/\/neurovirtual.com\/latam\/wp-content\/uploads\/2018\/01\/20171114_105418.jpg 1920w\" sizes=\"(max-width: 300px) 100vw, 300px\" \/><\/a><\/p>\n<p><a href=\"https:\/\/neurovirtual.com\/latam\/wp-content\/uploads\/2018\/01\/20171113_105434.jpg\"><img decoding=\"async\" class=\"aligncenter size-medium wp-image-782154\" src=\"https:\/\/neurovirtual.com\/latam\/wp-content\/uploads\/2018\/01\/20171113_105434-300x209.jpg\" alt=\"20171113_105434\" width=\"300\" height=\"209\" srcset=\"https:\/\/neurovirtual.com\/latam\/wp-content\/uploads\/2018\/01\/20171113_105434-300x209.jpg 300w, https:\/\/neurovirtual.com\/latam\/wp-content\/uploads\/2018\/01\/20171113_105434-1024x714.jpg 1024w, https:\/\/neurovirtual.com\/latam\/wp-content\/uploads\/2018\/01\/20171113_105434-358x250.jpg 358w, https:\/\/neurovirtual.com\/latam\/wp-content\/uploads\/2018\/01\/20171113_105434-460x321.jpg 460w, https:\/\/neurovirtual.com\/latam\/wp-content\/uploads\/2018\/01\/20171113_105434.jpg 1920w\" sizes=\"(max-width: 300px) 100vw, 300px\" \/><\/a><\/p>\n","protected":false},"excerpt":{"rendered":"<p>El domingo 12 de noviembre Neurovirtual promovi\u00f3 la segunda reuni\u00f3n anual de distribuidores\u00a0 en la Feria MEDICA 2017 en Dusseldorf, Alemania. Dentro de los participantes de este a\u00f1o se encontraron nuestros distribuidores de China, Indonesia, Espa\u00f1a y Portugal. Despu\u00e9s de la breve ceremonia de apertura, los participantes presenciaron la presentaci\u00f3n t\u00e9cnica de Felipe Lerida, Gerente&#8230;<\/p>\n","protected":false},"author":7,"featured_media":782156,"comment_status":"open","ping_status":"open","sticky":false,"template":"","format":"standard","meta":{"footnotes":"","_joinchat":[]},"categories":[7,9],"tags":[],"acf":[],"yoast_head":"<!-- This site is optimized with the Yoast SEO plugin v21.7 - https:\/\/yoast.com\/wordpress\/plugins\/seo\/ -->\n<title>Neurovirtual promueve su segunda reuni\u00f3n anual de distribuidores en MEDICA 2017 - Neurovirtual \/ Humanizing diagnostics<\/title>\n<meta name=\"description\" content=\"%seo_description%\" \/>\n<meta name=\"robots\" content=\"index, follow, max-snippet:-1, max-image-preview:large, max-video-preview:-1\" \/>\n<link rel=\"canonical\" href=\"https:\/\/neurovirtual.com\/latam\/neurovirtual-promueve-su-segunda-reunion-anual-de-distribuidores-en-medica-2017\/\" \/>\n<meta property=\"og:locale\" content=\"es_ES\" \/>\n<meta property=\"og:type\" content=\"article\" \/>\n<meta property=\"og:title\" content=\"Neurovirtual promueve su segunda reuni\u00f3n anual de distribuidores en MEDICA 2017 - Neurovirtual \/ Humanizing diagnostics\" \/>\n<meta property=\"og:description\" content=\"%seo_description%\" \/>\n<meta property=\"og:url\" content=\"https:\/\/neurovirtual.com\/latam\/neurovirtual-promueve-su-segunda-reunion-anual-de-distribuidores-en-medica-2017\/\" \/>\n<meta property=\"og:site_name\" content=\"Neurovirtual \/ Humanizing diagnostics\" \/>\n<meta property=\"article:published_time\" content=\"2017-11-16T14:55:19+00:00\" \/>\n<meta property=\"article:modified_time\" content=\"2018-02-19T16:19:14+00:00\" \/>\n<meta property=\"og:image\" content=\"https:\/\/neurovirtual.com\/latam\/wp-content\/uploads\/2018\/01\/capa-Medica-2017.png\" \/>\n\t<meta property=\"og:image:width\" content=\"300\" \/>\n\t<meta property=\"og:image:height\" content=\"168\" \/>\n\t<meta property=\"og:image:type\" content=\"image\/png\" \/>\n<meta name=\"author\" content=\"Jessika Brito\" \/>\n<meta name=\"twitter:card\" content=\"summary_large_image\" \/>\n<meta name=\"twitter:label1\" content=\"Escrito por\" \/>\n\t<meta name=\"twitter:data1\" content=\"Jessika Brito\" \/>\n\t<meta name=\"twitter:label2\" content=\"Tiempo estimado de lectura\" \/>\n\t<meta name=\"twitter:data2\" content=\"2 minutos\" \/>\n<script type=\"application\/ld+json\" class=\"yoast-schema-graph\">{\"@context\":\"https:\/\/schema.org\",\"@graph\":[{\"@type\":\"Article\",\"@id\":\"https:\/\/neurovirtual.com\/latam\/neurovirtual-promueve-su-segunda-reunion-anual-de-distribuidores-en-medica-2017\/#article\",\"isPartOf\":{\"@id\":\"https:\/\/neurovirtual.com\/latam\/neurovirtual-promueve-su-segunda-reunion-anual-de-distribuidores-en-medica-2017\/\"},\"author\":{\"name\":\"Jessika Brito\",\"@id\":\"https:\/\/neurovirtual.com\/latam\/#\/schema\/person\/61c27629d3d16b3e601ef7db30001d49\"},\"headline\":\"Neurovirtual promueve su segunda reuni\u00f3n anual de distribuidores en MEDICA 2017\",\"datePublished\":\"2017-11-16T14:55:19+00:00\",\"dateModified\":\"2018-02-19T16:19:14+00:00\",\"mainEntityOfPage\":{\"@id\":\"https:\/\/neurovirtual.com\/latam\/neurovirtual-promueve-su-segunda-reunion-anual-de-distribuidores-en-medica-2017\/\"},\"wordCount\":502,\"commentCount\":0,\"publisher\":{\"@id\":\"https:\/\/neurovirtual.com\/latam\/#organization\"},\"articleSection\":[\"Conferencias\",\"Curso\"],\"inLanguage\":\"es-CO\",\"potentialAction\":[{\"@type\":\"CommentAction\",\"name\":\"Comment\",\"target\":[\"https:\/\/neurovirtual.com\/latam\/neurovirtual-promueve-su-segunda-reunion-anual-de-distribuidores-en-medica-2017\/#respond\"]}]},{\"@type\":\"WebPage\",\"@id\":\"https:\/\/neurovirtual.com\/latam\/neurovirtual-promueve-su-segunda-reunion-anual-de-distribuidores-en-medica-2017\/\",\"url\":\"https:\/\/neurovirtual.com\/latam\/neurovirtual-promueve-su-segunda-reunion-anual-de-distribuidores-en-medica-2017\/\",\"name\":\"Neurovirtual promueve su segunda reuni\u00f3n anual de distribuidores en MEDICA 2017 - Neurovirtual \/ Humanizing diagnostics\",\"isPartOf\":{\"@id\":\"https:\/\/neurovirtual.com\/latam\/#website\"},\"datePublished\":\"2017-11-16T14:55:19+00:00\",\"dateModified\":\"2018-02-19T16:19:14+00:00\",\"description\":\"%seo_description%\",\"breadcrumb\":{\"@id\":\"https:\/\/neurovirtual.com\/latam\/neurovirtual-promueve-su-segunda-reunion-anual-de-distribuidores-en-medica-2017\/#breadcrumb\"},\"inLanguage\":\"es-CO\",\"potentialAction\":[{\"@type\":\"ReadAction\",\"target\":[\"https:\/\/neurovirtual.com\/latam\/neurovirtual-promueve-su-segunda-reunion-anual-de-distribuidores-en-medica-2017\/\"]}]},{\"@type\":\"BreadcrumbList\",\"@id\":\"https:\/\/neurovirtual.com\/latam\/neurovirtual-promueve-su-segunda-reunion-anual-de-distribuidores-en-medica-2017\/#breadcrumb\",\"itemListElement\":[{\"@type\":\"ListItem\",\"position\":1,\"name\":\"Portada\",\"item\":\"https:\/\/neurovirtual.com\/latam\/\"},{\"@type\":\"ListItem\",\"position\":2,\"name\":\"Neurovirtual promueve su segunda reuni\u00f3n anual de distribuidores en MEDICA 2017\"}]},{\"@type\":\"WebSite\",\"@id\":\"https:\/\/neurovirtual.com\/latam\/#website\",\"url\":\"https:\/\/neurovirtual.com\/latam\/\",\"name\":\"Neurovirtual \/ Humanizing diagnostics\",\"description\":\"\",\"publisher\":{\"@id\":\"https:\/\/neurovirtual.com\/latam\/#organization\"},\"potentialAction\":[{\"@type\":\"SearchAction\",\"target\":{\"@type\":\"EntryPoint\",\"urlTemplate\":\"https:\/\/neurovirtual.com\/latam\/?s={search_term_string}\"},\"query-input\":\"required name=search_term_string\"}],\"inLanguage\":\"es-CO\"},{\"@type\":\"Organization\",\"@id\":\"https:\/\/neurovirtual.com\/latam\/#organization\",\"name\":\"Neurovirtual\",\"url\":\"https:\/\/neurovirtual.com\/latam\/\",\"logo\":{\"@type\":\"ImageObject\",\"inLanguage\":\"es-CO\",\"@id\":\"https:\/\/neurovirtual.com\/latam\/#\/schema\/logo\/image\/\",\"url\":\"https:\/\/neurovirtual.com\/latam\/wp-content\/uploads\/2023\/08\/1.-Logo-Neurovirtual-2022.png\",\"contentUrl\":\"https:\/\/neurovirtual.com\/latam\/wp-content\/uploads\/2023\/08\/1.-Logo-Neurovirtual-2022.png\",\"width\":1964,\"height\":668,\"caption\":\"Neurovirtual\"},\"image\":{\"@id\":\"https:\/\/neurovirtual.com\/latam\/#\/schema\/logo\/image\/\"}},{\"@type\":\"Person\",\"@id\":\"https:\/\/neurovirtual.com\/latam\/#\/schema\/person\/61c27629d3d16b3e601ef7db30001d49\",\"name\":\"Jessika Brito\",\"image\":{\"@type\":\"ImageObject\",\"inLanguage\":\"es-CO\",\"@id\":\"https:\/\/neurovirtual.com\/latam\/#\/schema\/person\/image\/\",\"url\":\"https:\/\/secure.gravatar.com\/avatar\/08d2f62bc8a1f215fdfebe63356acc30?s=96&d=mm&r=g\",\"contentUrl\":\"https:\/\/secure.gravatar.com\/avatar\/08d2f62bc8a1f215fdfebe63356acc30?s=96&d=mm&r=g\",\"caption\":\"Jessika Brito\"},\"url\":\"https:\/\/neurovirtual.com\/latam\/author\/brito\/\"}]}<\/script>\n<!-- \/ Yoast SEO plugin. -->","yoast_head_json":{"title":"Neurovirtual promueve su segunda reuni\u00f3n anual de distribuidores en MEDICA 2017 - Neurovirtual \/ Humanizing diagnostics","description":"%seo_description%","robots":{"index":"index","follow":"follow","max-snippet":"max-snippet:-1","max-image-preview":"max-image-preview:large","max-video-preview":"max-video-preview:-1"},"canonical":"https:\/\/neurovirtual.com\/latam\/neurovirtual-promueve-su-segunda-reunion-anual-de-distribuidores-en-medica-2017\/","og_locale":"es_ES","og_type":"article","og_title":"Neurovirtual promueve su segunda reuni\u00f3n anual de distribuidores en MEDICA 2017 - Neurovirtual \/ Humanizing diagnostics","og_description":"%seo_description%","og_url":"https:\/\/neurovirtual.com\/latam\/neurovirtual-promueve-su-segunda-reunion-anual-de-distribuidores-en-medica-2017\/","og_site_name":"Neurovirtual \/ Humanizing diagnostics","article_published_time":"2017-11-16T14:55:19+00:00","article_modified_time":"2018-02-19T16:19:14+00:00","og_image":[{"width":300,"height":168,"url":"https:\/\/neurovirtual.com\/latam\/wp-content\/uploads\/2018\/01\/capa-Medica-2017.png","type":"image\/png"}],"author":"Jessika Brito","twitter_card":"summary_large_image","twitter_misc":{"Escrito por":"Jessika Brito","Tiempo estimado de lectura":"2 minutos"},"schema":{"@context":"https:\/\/schema.org","@graph":[{"@type":"Article","@id":"https:\/\/neurovirtual.com\/latam\/neurovirtual-promueve-su-segunda-reunion-anual-de-distribuidores-en-medica-2017\/#article","isPartOf":{"@id":"https:\/\/neurovirtual.com\/latam\/neurovirtual-promueve-su-segunda-reunion-anual-de-distribuidores-en-medica-2017\/"},"author":{"name":"Jessika Brito","@id":"https:\/\/neurovirtual.com\/latam\/#\/schema\/person\/61c27629d3d16b3e601ef7db30001d49"},"headline":"Neurovirtual promueve su segunda reuni\u00f3n anual de distribuidores en MEDICA 2017","datePublished":"2017-11-16T14:55:19+00:00","dateModified":"2018-02-19T16:19:14+00:00","mainEntityOfPage":{"@id":"https:\/\/neurovirtual.com\/latam\/neurovirtual-promueve-su-segunda-reunion-anual-de-distribuidores-en-medica-2017\/"},"wordCount":502,"commentCount":0,"publisher":{"@id":"https:\/\/neurovirtual.com\/latam\/#organization"},"articleSection":["Conferencias","Curso"],"inLanguage":"es-CO","potentialAction":[{"@type":"CommentAction","name":"Comment","target":["https:\/\/neurovirtual.com\/latam\/neurovirtual-promueve-su-segunda-reunion-anual-de-distribuidores-en-medica-2017\/#respond"]}]},{"@type":"WebPage","@id":"https:\/\/neurovirtual.com\/latam\/neurovirtual-promueve-su-segunda-reunion-anual-de-distribuidores-en-medica-2017\/","url":"https:\/\/neurovirtual.com\/latam\/neurovirtual-promueve-su-segunda-reunion-anual-de-distribuidores-en-medica-2017\/","name":"Neurovirtual promueve su segunda reuni\u00f3n anual de distribuidores en MEDICA 2017 - Neurovirtual \/ Humanizing diagnostics","isPartOf":{"@id":"https:\/\/neurovirtual.com\/latam\/#website"},"datePublished":"2017-11-16T14:55:19+00:00","dateModified":"2018-02-19T16:19:14+00:00","description":"%seo_description%","breadcrumb":{"@id":"https:\/\/neurovirtual.com\/latam\/neurovirtual-promueve-su-segunda-reunion-anual-de-distribuidores-en-medica-2017\/#breadcrumb"},"inLanguage":"es-CO","potentialAction":[{"@type":"ReadAction","target":["https:\/\/neurovirtual.com\/latam\/neurovirtual-promueve-su-segunda-reunion-anual-de-distribuidores-en-medica-2017\/"]}]},{"@type":"BreadcrumbList","@id":"https:\/\/neurovirtual.com\/latam\/neurovirtual-promueve-su-segunda-reunion-anual-de-distribuidores-en-medica-2017\/#breadcrumb","itemListElement":[{"@type":"ListItem","position":1,"name":"Portada","item":"https:\/\/neurovirtual.com\/latam\/"},{"@type":"ListItem","position":2,"name":"Neurovirtual promueve su segunda reuni\u00f3n anual de distribuidores en MEDICA 2017"}]},{"@type":"WebSite","@id":"https:\/\/neurovirtual.com\/latam\/#website","url":"https:\/\/neurovirtual.com\/latam\/","name":"Neurovirtual \/ Humanizing diagnostics","description":"","publisher":{"@id":"https:\/\/neurovirtual.com\/latam\/#organization"},"potentialAction":[{"@type":"SearchAction","target":{"@type":"EntryPoint","urlTemplate":"https:\/\/neurovirtual.com\/latam\/?s={search_term_string}"},"query-input":"required name=search_term_string"}],"inLanguage":"es-CO"},{"@type":"Organization","@id":"https:\/\/neurovirtual.com\/latam\/#organization","name":"Neurovirtual","url":"https:\/\/neurovirtual.com\/latam\/","logo":{"@type":"ImageObject","inLanguage":"es-CO","@id":"https:\/\/neurovirtual.com\/latam\/#\/schema\/logo\/image\/","url":"https:\/\/neurovirtual.com\/latam\/wp-content\/uploads\/2023\/08\/1.-Logo-Neurovirtual-2022.png","contentUrl":"https:\/\/neurovirtual.com\/latam\/wp-content\/uploads\/2023\/08\/1.-Logo-Neurovirtual-2022.png","width":1964,"height":668,"caption":"Neurovirtual"},"image":{"@id":"https:\/\/neurovirtual.com\/latam\/#\/schema\/logo\/image\/"}},{"@type":"Person","@id":"https:\/\/neurovirtual.com\/latam\/#\/schema\/person\/61c27629d3d16b3e601ef7db30001d49","name":"Jessika Brito","image":{"@type":"ImageObject","inLanguage":"es-CO","@id":"https:\/\/neurovirtual.com\/latam\/#\/schema\/person\/image\/","url":"https:\/\/secure.gravatar.com\/avatar\/08d2f62bc8a1f215fdfebe63356acc30?s=96&d=mm&r=g","contentUrl":"https:\/\/secure.gravatar.com\/avatar\/08d2f62bc8a1f215fdfebe63356acc30?s=96&d=mm&r=g","caption":"Jessika Brito"},"url":"https:\/\/neurovirtual.com\/latam\/author\/brito\/"}]}},"_links":{"self":[{"href":"https:\/\/neurovirtual.com\/latam\/wp-json\/wp\/v2\/posts\/782151"}],"collection":[{"href":"https:\/\/neurovirtual.com\/latam\/wp-json\/wp\/v2\/posts"}],"about":[{"href":"https:\/\/neurovirtual.com\/latam\/wp-json\/wp\/v2\/types\/post"}],"author":[{"embeddable":true,"href":"https:\/\/neurovirtual.com\/latam\/wp-json\/wp\/v2\/users\/7"}],"replies":[{"embeddable":true,"href":"https:\/\/neurovirtual.com\/latam\/wp-json\/wp\/v2\/comments?post=782151"}],"version-history":[{"count":2,"href":"https:\/\/neurovirtual.com\/latam\/wp-json\/wp\/v2\/posts\/782151\/revisions"}],"predecessor-version":[{"id":782189,"href":"https:\/\/neurovirtual.com\/latam\/wp-json\/wp\/v2\/posts\/782151\/revisions\/782189"}],"wp:featuredmedia":[{"embeddable":true,"href":"https:\/\/neurovirtual.com\/latam\/wp-json\/wp\/v2\/media\/782156"}],"wp:attachment":[{"href":"https:\/\/neurovirtual.com\/latam\/wp-json\/wp\/v2\/media?parent=782151"}],"wp:term":[{"taxonomy":"category","embeddable":true,"href":"https:\/\/neurovirtual.com\/latam\/wp-json\/wp\/v2\/categories?post=782151"},{"taxonomy":"post_tag","embeddable":true,"href":"https:\/\/neurovirtual.com\/latam\/wp-json\/wp\/v2\/tags?post=782151"}],"curies":[{"name":"wp","href":"https:\/\/api.w.org\/{rel}","templated":true}]}}