{"id":780966,"date":"2017-10-28T12:46:32","date_gmt":"2017-10-28T14:46:32","guid":{"rendered":"https:\/\/neurovirtual.com\/latam\/?p=780966"},"modified":"2017-11-29T12:50:42","modified_gmt":"2017-11-29T14:50:42","slug":"mexico-realiza-el-xii-congreso-bienal-de-medicina-del-sueno","status":"publish","type":"post","link":"https:\/\/neurovirtual.com\/latam\/mexico-realiza-el-xii-congreso-bienal-de-medicina-del-sueno\/","title":{"rendered":"M\u00e9xico realiza el XII Congreso Bienal de Medicina del Sue\u00f1o"},"content":{"rendered":"<p><a href=\"https:\/\/neurovirtual.com\/latam\/wp-content\/uploads\/2017\/11\/banner.jpg\"><img decoding=\"async\" class=\"aligncenter size-full wp-image-780969\" src=\"https:\/\/neurovirtual.com\/latam\/wp-content\/uploads\/2017\/11\/banner.jpg\" alt=\"banner\" width=\"959\" height=\"300\" srcset=\"https:\/\/neurovirtual.com\/latam\/wp-content\/uploads\/2017\/11\/banner.jpg 959w, https:\/\/neurovirtual.com\/latam\/wp-content\/uploads\/2017\/11\/banner-300x94.jpg 300w, https:\/\/neurovirtual.com\/latam\/wp-content\/uploads\/2017\/11\/banner-799x250.jpg 799w, https:\/\/neurovirtual.com\/latam\/wp-content\/uploads\/2017\/11\/banner-460x144.jpg 460w\" sizes=\"(max-width: 959px) 100vw, 959px\" \/><\/a><\/p>\n<p>M\u00e1s de 300 personas, entre m\u00e9dicos y especialistas, se reunieron en el Grand Hotel en Ciudad de M\u00e9xico, del 26 al 28 de octubre, para participar en el 12\u00ba Congreso Nacional Bienal de Medicina del Sue\u00f1o. El tema principal del evento fue <em>\u201cLa importancia de los trastornos del sue\u00f1o para la salud p\u00fablica\u201d<\/em>, conducido por el secretario de salud de M\u00e9xico, el Dr. Jos\u00e9 Narro Robles.<\/p>\n<p><a href=\"https:\/\/neurovirtual.com\/latam\/wp-content\/uploads\/2017\/11\/20171028_124736.jpg\"><img decoding=\"async\" class=\"aligncenter size-medium wp-image-780967\" src=\"https:\/\/neurovirtual.com\/latam\/wp-content\/uploads\/2017\/11\/20171028_124736-300x277.jpg\" alt=\"20171028_124736\" width=\"300\" height=\"277\" srcset=\"https:\/\/neurovirtual.com\/latam\/wp-content\/uploads\/2017\/11\/20171028_124736-300x277.jpg 300w, https:\/\/neurovirtual.com\/latam\/wp-content\/uploads\/2017\/11\/20171028_124736-271x250.jpg 271w, https:\/\/neurovirtual.com\/latam\/wp-content\/uploads\/2017\/11\/20171028_124736-369x340.jpg 369w, https:\/\/neurovirtual.com\/latam\/wp-content\/uploads\/2017\/11\/20171028_124736.jpg 707w\" sizes=\"(max-width: 300px) 100vw, 300px\" \/><\/a><\/p>\n<p>Se presentaron varias charlas por expertos nacionales e internacionales que mostraron al p\u00fablico lo m\u00e1s reciente e innovador de la medicina del sue\u00f1o. Adem\u00e1s de los seminarios se dictaron talleres en los que los inscritos pudieron discutir los asuntos expuestos por los grandes t\u00e9cnicos en el \u00e1rea. A resaltar est\u00e1 la participaci\u00f3n de la Universidad M\u00e9dica de Carolina del Sur en los Estados Unidos. El evento fue aprobado por la Sociedad Mexicana de Neurofisiolog\u00eda Cl\u00ednica A.C. con cr\u00e9ditos curriculares para los participantes.<\/p>\n<p><a href=\"https:\/\/neurovirtual.com\/latam\/wp-content\/uploads\/2017\/11\/AMN-3.jpg\"><img decoding=\"async\" class=\"aligncenter size-medium wp-image-780968\" src=\"https:\/\/neurovirtual.com\/latam\/wp-content\/uploads\/2017\/11\/AMN-3-300x225.jpg\" alt=\"AMN-3\" width=\"300\" height=\"225\" srcset=\"https:\/\/neurovirtual.com\/latam\/wp-content\/uploads\/2017\/11\/AMN-3-300x225.jpg 300w, https:\/\/neurovirtual.com\/latam\/wp-content\/uploads\/2017\/11\/AMN-3-334x250.jpg 334w, https:\/\/neurovirtual.com\/latam\/wp-content\/uploads\/2017\/11\/AMN-3-454x340.jpg 454w, https:\/\/neurovirtual.com\/latam\/wp-content\/uploads\/2017\/11\/AMN-3.jpg 870w\" sizes=\"(max-width: 300px) 100vw, 300px\" \/><\/a><\/p>\n<p>Sleepvirtual particip\u00f3 en el congreso y mostr\u00f3 a los especialistas lo m\u00e1s moderno en equipos para diagn\u00f3sticos precisos de los trastornos del sue\u00f1o. Con la participaci\u00f3n en eventos como este es posible evaluar las necesidades de los especialistas y conocer los estudios m\u00e1s recientes sobre el tema, y de esta forma ofrecer una soluci\u00f3n cada vez m\u00e1s adecuada a estas necesidades.<\/p>\n","protected":false},"excerpt":{"rendered":"<p>M\u00e1s de 300 personas, entre m\u00e9dicos y especialistas, se reunieron en el Grand Hotel en Ciudad de M\u00e9xico, del 26 al 28 de octubre, para participar en el 12\u00ba Congreso Nacional Bienal de Medicina del Sue\u00f1o. El tema principal del evento fue \u201cLa importancia de los trastornos del sue\u00f1o para la salud p\u00fablica\u201d, conducido por&#8230;<\/p>\n","protected":false},"author":7,"featured_media":780970,"comment_status":"open","ping_status":"open","sticky":false,"template":"","format":"standard","meta":{"footnotes":"","_joinchat":[]},"categories":[1],"tags":[],"acf":[],"yoast_head":"<!-- This site is optimized with the Yoast SEO plugin v21.7 - https:\/\/yoast.com\/wordpress\/plugins\/seo\/ -->\n<title>M\u00e9xico realiza el XII Congreso Bienal de Medicina del Sue\u00f1o - Neurovirtual \/ Humanizing diagnostics<\/title>\n<meta name=\"description\" content=\"%seo_description%\" \/>\n<meta name=\"robots\" content=\"index, follow, max-snippet:-1, max-image-preview:large, max-video-preview:-1\" \/>\n<link rel=\"canonical\" href=\"https:\/\/neurovirtual.com\/latam\/mexico-realiza-el-xii-congreso-bienal-de-medicina-del-sueno\/\" \/>\n<meta property=\"og:locale\" content=\"es_ES\" \/>\n<meta property=\"og:type\" content=\"article\" \/>\n<meta property=\"og:title\" content=\"M\u00e9xico realiza el XII Congreso Bienal de Medicina del Sue\u00f1o - Neurovirtual \/ Humanizing diagnostics\" \/>\n<meta property=\"og:description\" content=\"%seo_description%\" \/>\n<meta property=\"og:url\" content=\"https:\/\/neurovirtual.com\/latam\/mexico-realiza-el-xii-congreso-bienal-de-medicina-del-sueno\/\" \/>\n<meta property=\"og:site_name\" content=\"Neurovirtual \/ Humanizing diagnostics\" \/>\n<meta property=\"article:published_time\" content=\"2017-10-28T14:46:32+00:00\" \/>\n<meta property=\"article:modified_time\" content=\"2017-11-29T14:50:42+00:00\" \/>\n<meta property=\"og:image\" content=\"https:\/\/neurovirtual.com\/latam\/wp-content\/uploads\/2017\/11\/congresso-mexico.jpg\" \/>\n\t<meta property=\"og:image:width\" content=\"300\" \/>\n\t<meta property=\"og:image:height\" content=\"168\" \/>\n\t<meta property=\"og:image:type\" content=\"image\/jpeg\" \/>\n<meta name=\"author\" content=\"Jessika Brito\" \/>\n<meta name=\"twitter:card\" content=\"summary_large_image\" \/>\n<meta name=\"twitter:label1\" content=\"Escrito por\" \/>\n\t<meta name=\"twitter:data1\" content=\"Jessika Brito\" \/>\n\t<meta name=\"twitter:label2\" content=\"Tiempo estimado de lectura\" \/>\n\t<meta name=\"twitter:data2\" content=\"1 minuto\" \/>\n<script type=\"application\/ld+json\" class=\"yoast-schema-graph\">{\"@context\":\"https:\/\/schema.org\",\"@graph\":[{\"@type\":\"Article\",\"@id\":\"https:\/\/neurovirtual.com\/latam\/mexico-realiza-el-xii-congreso-bienal-de-medicina-del-sueno\/#article\",\"isPartOf\":{\"@id\":\"https:\/\/neurovirtual.com\/latam\/mexico-realiza-el-xii-congreso-bienal-de-medicina-del-sueno\/\"},\"author\":{\"name\":\"Jessika Brito\",\"@id\":\"https:\/\/neurovirtual.com\/latam\/#\/schema\/person\/61c27629d3d16b3e601ef7db30001d49\"},\"headline\":\"M\u00e9xico realiza el XII Congreso Bienal de Medicina del Sue\u00f1o\",\"datePublished\":\"2017-10-28T14:46:32+00:00\",\"dateModified\":\"2017-11-29T14:50:42+00:00\",\"mainEntityOfPage\":{\"@id\":\"https:\/\/neurovirtual.com\/latam\/mexico-realiza-el-xii-congreso-bienal-de-medicina-del-sueno\/\"},\"wordCount\":242,\"commentCount\":0,\"publisher\":{\"@id\":\"https:\/\/neurovirtual.com\/latam\/#organization\"},\"articleSection\":[\"Sem categoria\"],\"inLanguage\":\"es-CO\",\"potentialAction\":[{\"@type\":\"CommentAction\",\"name\":\"Comment\",\"target\":[\"https:\/\/neurovirtual.com\/latam\/mexico-realiza-el-xii-congreso-bienal-de-medicina-del-sueno\/#respond\"]}]},{\"@type\":\"WebPage\",\"@id\":\"https:\/\/neurovirtual.com\/latam\/mexico-realiza-el-xii-congreso-bienal-de-medicina-del-sueno\/\",\"url\":\"https:\/\/neurovirtual.com\/latam\/mexico-realiza-el-xii-congreso-bienal-de-medicina-del-sueno\/\",\"name\":\"M\u00e9xico realiza el XII Congreso Bienal de Medicina del Sue\u00f1o - Neurovirtual \/ Humanizing diagnostics\",\"isPartOf\":{\"@id\":\"https:\/\/neurovirtual.com\/latam\/#website\"},\"datePublished\":\"2017-10-28T14:46:32+00:00\",\"dateModified\":\"2017-11-29T14:50:42+00:00\",\"description\":\"%seo_description%\",\"breadcrumb\":{\"@id\":\"https:\/\/neurovirtual.com\/latam\/mexico-realiza-el-xii-congreso-bienal-de-medicina-del-sueno\/#breadcrumb\"},\"inLanguage\":\"es-CO\",\"potentialAction\":[{\"@type\":\"ReadAction\",\"target\":[\"https:\/\/neurovirtual.com\/latam\/mexico-realiza-el-xii-congreso-bienal-de-medicina-del-sueno\/\"]}]},{\"@type\":\"BreadcrumbList\",\"@id\":\"https:\/\/neurovirtual.com\/latam\/mexico-realiza-el-xii-congreso-bienal-de-medicina-del-sueno\/#breadcrumb\",\"itemListElement\":[{\"@type\":\"ListItem\",\"position\":1,\"name\":\"Portada\",\"item\":\"https:\/\/neurovirtual.com\/latam\/\"},{\"@type\":\"ListItem\",\"position\":2,\"name\":\"M\u00e9xico realiza el XII Congreso Bienal de Medicina del Sue\u00f1o\"}]},{\"@type\":\"WebSite\",\"@id\":\"https:\/\/neurovirtual.com\/latam\/#website\",\"url\":\"https:\/\/neurovirtual.com\/latam\/\",\"name\":\"Neurovirtual \/ Humanizing diagnostics\",\"description\":\"\",\"publisher\":{\"@id\":\"https:\/\/neurovirtual.com\/latam\/#organization\"},\"potentialAction\":[{\"@type\":\"SearchAction\",\"target\":{\"@type\":\"EntryPoint\",\"urlTemplate\":\"https:\/\/neurovirtual.com\/latam\/?s={search_term_string}\"},\"query-input\":\"required name=search_term_string\"}],\"inLanguage\":\"es-CO\"},{\"@type\":\"Organization\",\"@id\":\"https:\/\/neurovirtual.com\/latam\/#organization\",\"name\":\"Neurovirtual\",\"url\":\"https:\/\/neurovirtual.com\/latam\/\",\"logo\":{\"@type\":\"ImageObject\",\"inLanguage\":\"es-CO\",\"@id\":\"https:\/\/neurovirtual.com\/latam\/#\/schema\/logo\/image\/\",\"url\":\"https:\/\/neurovirtual.com\/latam\/wp-content\/uploads\/2023\/08\/1.-Logo-Neurovirtual-2022.png\",\"contentUrl\":\"https:\/\/neurovirtual.com\/latam\/wp-content\/uploads\/2023\/08\/1.-Logo-Neurovirtual-2022.png\",\"width\":1964,\"height\":668,\"caption\":\"Neurovirtual\"},\"image\":{\"@id\":\"https:\/\/neurovirtual.com\/latam\/#\/schema\/logo\/image\/\"}},{\"@type\":\"Person\",\"@id\":\"https:\/\/neurovirtual.com\/latam\/#\/schema\/person\/61c27629d3d16b3e601ef7db30001d49\",\"name\":\"Jessika Brito\",\"image\":{\"@type\":\"ImageObject\",\"inLanguage\":\"es-CO\",\"@id\":\"https:\/\/neurovirtual.com\/latam\/#\/schema\/person\/image\/\",\"url\":\"https:\/\/secure.gravatar.com\/avatar\/08d2f62bc8a1f215fdfebe63356acc30?s=96&d=mm&r=g\",\"contentUrl\":\"https:\/\/secure.gravatar.com\/avatar\/08d2f62bc8a1f215fdfebe63356acc30?s=96&d=mm&r=g\",\"caption\":\"Jessika Brito\"},\"url\":\"https:\/\/neurovirtual.com\/latam\/author\/brito\/\"}]}<\/script>\n<!-- \/ Yoast SEO plugin. -->","yoast_head_json":{"title":"M\u00e9xico realiza el XII Congreso Bienal de Medicina del Sue\u00f1o - Neurovirtual \/ Humanizing diagnostics","description":"%seo_description%","robots":{"index":"index","follow":"follow","max-snippet":"max-snippet:-1","max-image-preview":"max-image-preview:large","max-video-preview":"max-video-preview:-1"},"canonical":"https:\/\/neurovirtual.com\/latam\/mexico-realiza-el-xii-congreso-bienal-de-medicina-del-sueno\/","og_locale":"es_ES","og_type":"article","og_title":"M\u00e9xico realiza el XII Congreso Bienal de Medicina del Sue\u00f1o - Neurovirtual \/ Humanizing diagnostics","og_description":"%seo_description%","og_url":"https:\/\/neurovirtual.com\/latam\/mexico-realiza-el-xii-congreso-bienal-de-medicina-del-sueno\/","og_site_name":"Neurovirtual \/ Humanizing diagnostics","article_published_time":"2017-10-28T14:46:32+00:00","article_modified_time":"2017-11-29T14:50:42+00:00","og_image":[{"width":300,"height":168,"url":"https:\/\/neurovirtual.com\/latam\/wp-content\/uploads\/2017\/11\/congresso-mexico.jpg","type":"image\/jpeg"}],"author":"Jessika Brito","twitter_card":"summary_large_image","twitter_misc":{"Escrito por":"Jessika Brito","Tiempo estimado de lectura":"1 minuto"},"schema":{"@context":"https:\/\/schema.org","@graph":[{"@type":"Article","@id":"https:\/\/neurovirtual.com\/latam\/mexico-realiza-el-xii-congreso-bienal-de-medicina-del-sueno\/#article","isPartOf":{"@id":"https:\/\/neurovirtual.com\/latam\/mexico-realiza-el-xii-congreso-bienal-de-medicina-del-sueno\/"},"author":{"name":"Jessika Brito","@id":"https:\/\/neurovirtual.com\/latam\/#\/schema\/person\/61c27629d3d16b3e601ef7db30001d49"},"headline":"M\u00e9xico realiza el XII Congreso Bienal de Medicina del Sue\u00f1o","datePublished":"2017-10-28T14:46:32+00:00","dateModified":"2017-11-29T14:50:42+00:00","mainEntityOfPage":{"@id":"https:\/\/neurovirtual.com\/latam\/mexico-realiza-el-xii-congreso-bienal-de-medicina-del-sueno\/"},"wordCount":242,"commentCount":0,"publisher":{"@id":"https:\/\/neurovirtual.com\/latam\/#organization"},"articleSection":["Sem categoria"],"inLanguage":"es-CO","potentialAction":[{"@type":"CommentAction","name":"Comment","target":["https:\/\/neurovirtual.com\/latam\/mexico-realiza-el-xii-congreso-bienal-de-medicina-del-sueno\/#respond"]}]},{"@type":"WebPage","@id":"https:\/\/neurovirtual.com\/latam\/mexico-realiza-el-xii-congreso-bienal-de-medicina-del-sueno\/","url":"https:\/\/neurovirtual.com\/latam\/mexico-realiza-el-xii-congreso-bienal-de-medicina-del-sueno\/","name":"M\u00e9xico realiza el XII Congreso Bienal de Medicina del Sue\u00f1o - Neurovirtual \/ Humanizing diagnostics","isPartOf":{"@id":"https:\/\/neurovirtual.com\/latam\/#website"},"datePublished":"2017-10-28T14:46:32+00:00","dateModified":"2017-11-29T14:50:42+00:00","description":"%seo_description%","breadcrumb":{"@id":"https:\/\/neurovirtual.com\/latam\/mexico-realiza-el-xii-congreso-bienal-de-medicina-del-sueno\/#breadcrumb"},"inLanguage":"es-CO","potentialAction":[{"@type":"ReadAction","target":["https:\/\/neurovirtual.com\/latam\/mexico-realiza-el-xii-congreso-bienal-de-medicina-del-sueno\/"]}]},{"@type":"BreadcrumbList","@id":"https:\/\/neurovirtual.com\/latam\/mexico-realiza-el-xii-congreso-bienal-de-medicina-del-sueno\/#breadcrumb","itemListElement":[{"@type":"ListItem","position":1,"name":"Portada","item":"https:\/\/neurovirtual.com\/latam\/"},{"@type":"ListItem","position":2,"name":"M\u00e9xico realiza el XII Congreso Bienal de Medicina del Sue\u00f1o"}]},{"@type":"WebSite","@id":"https:\/\/neurovirtual.com\/latam\/#website","url":"https:\/\/neurovirtual.com\/latam\/","name":"Neurovirtual \/ Humanizing diagnostics","description":"","publisher":{"@id":"https:\/\/neurovirtual.com\/latam\/#organization"},"potentialAction":[{"@type":"SearchAction","target":{"@type":"EntryPoint","urlTemplate":"https:\/\/neurovirtual.com\/latam\/?s={search_term_string}"},"query-input":"required name=search_term_string"}],"inLanguage":"es-CO"},{"@type":"Organization","@id":"https:\/\/neurovirtual.com\/latam\/#organization","name":"Neurovirtual","url":"https:\/\/neurovirtual.com\/latam\/","logo":{"@type":"ImageObject","inLanguage":"es-CO","@id":"https:\/\/neurovirtual.com\/latam\/#\/schema\/logo\/image\/","url":"https:\/\/neurovirtual.com\/latam\/wp-content\/uploads\/2023\/08\/1.-Logo-Neurovirtual-2022.png","contentUrl":"https:\/\/neurovirtual.com\/latam\/wp-content\/uploads\/2023\/08\/1.-Logo-Neurovirtual-2022.png","width":1964,"height":668,"caption":"Neurovirtual"},"image":{"@id":"https:\/\/neurovirtual.com\/latam\/#\/schema\/logo\/image\/"}},{"@type":"Person","@id":"https:\/\/neurovirtual.com\/latam\/#\/schema\/person\/61c27629d3d16b3e601ef7db30001d49","name":"Jessika Brito","image":{"@type":"ImageObject","inLanguage":"es-CO","@id":"https:\/\/neurovirtual.com\/latam\/#\/schema\/person\/image\/","url":"https:\/\/secure.gravatar.com\/avatar\/08d2f62bc8a1f215fdfebe63356acc30?s=96&d=mm&r=g","contentUrl":"https:\/\/secure.gravatar.com\/avatar\/08d2f62bc8a1f215fdfebe63356acc30?s=96&d=mm&r=g","caption":"Jessika Brito"},"url":"https:\/\/neurovirtual.com\/latam\/author\/brito\/"}]}},"_links":{"self":[{"href":"https:\/\/neurovirtual.com\/latam\/wp-json\/wp\/v2\/posts\/780966"}],"collection":[{"href":"https:\/\/neurovirtual.com\/latam\/wp-json\/wp\/v2\/posts"}],"about":[{"href":"https:\/\/neurovirtual.com\/latam\/wp-json\/wp\/v2\/types\/post"}],"author":[{"embeddable":true,"href":"https:\/\/neurovirtual.com\/latam\/wp-json\/wp\/v2\/users\/7"}],"replies":[{"embeddable":true,"href":"https:\/\/neurovirtual.com\/latam\/wp-json\/wp\/v2\/comments?post=780966"}],"version-history":[{"count":3,"href":"https:\/\/neurovirtual.com\/latam\/wp-json\/wp\/v2\/posts\/780966\/revisions"}],"predecessor-version":[{"id":780973,"href":"https:\/\/neurovirtual.com\/latam\/wp-json\/wp\/v2\/posts\/780966\/revisions\/780973"}],"wp:featuredmedia":[{"embeddable":true,"href":"https:\/\/neurovirtual.com\/latam\/wp-json\/wp\/v2\/media\/780970"}],"wp:attachment":[{"href":"https:\/\/neurovirtual.com\/latam\/wp-json\/wp\/v2\/media?parent=780966"}],"wp:term":[{"taxonomy":"category","embeddable":true,"href":"https:\/\/neurovirtual.com\/latam\/wp-json\/wp\/v2\/categories?post=780966"},{"taxonomy":"post_tag","embeddable":true,"href":"https:\/\/neurovirtual.com\/latam\/wp-json\/wp\/v2\/tags?post=780966"}],"curies":[{"name":"wp","href":"https:\/\/api.w.org\/{rel}","templated":true}]}}