{"id":780963,"date":"2017-11-20T12:39:27","date_gmt":"2017-11-20T14:39:27","guid":{"rendered":"https:\/\/neurovirtual.com\/latam\/?p=780963"},"modified":"2021-02-02T18:26:57","modified_gmt":"2021-02-02T20:26:57","slug":"entrevista-con-el-dr-sergio-de-jesus-aguilar-castillo-sobre-la-relacion-entre-disturbios-de-sueno-y-epilepsia","status":"publish","type":"post","link":"https:\/\/neurovirtual.com\/latam\/entrevista-con-el-dr-sergio-de-jesus-aguilar-castillo-sobre-la-relacion-entre-disturbios-de-sueno-y-epilepsia\/","title":{"rendered":"Entrevista con el Dr. Sergio de Jes\u00fas Aguilar Castillo sobre la relaci\u00f3n entre disturbios de sue\u00f1o y epilepsia"},"content":{"rendered":"\n<figure class=\"wp-block-image size-large is-style-default\"><img decoding=\"async\" width=\"985\" height=\"207\" src=\"https:\/\/neurovirtual.com\/latam\/wp-content\/uploads\/2021\/02\/capa-dr.-sergio-aguilar.png\" alt=\"\" class=\"wp-image-809904\" srcset=\"https:\/\/neurovirtual.com\/latam\/wp-content\/uploads\/2021\/02\/capa-dr.-sergio-aguilar.png 985w, https:\/\/neurovirtual.com\/latam\/wp-content\/uploads\/2021\/02\/capa-dr.-sergio-aguilar-300x63.png 300w, https:\/\/neurovirtual.com\/latam\/wp-content\/uploads\/2021\/02\/capa-dr.-sergio-aguilar-768x161.png 768w, https:\/\/neurovirtual.com\/latam\/wp-content\/uploads\/2021\/02\/capa-dr.-sergio-aguilar-460x97.png 460w\" sizes=\"(max-width: 985px) 100vw, 985px\" \/><\/figure>\n\n\n\n<p><strong>NN: Doctor, \u00bfpodr\u00eda platicarnos acerca de su trayectoria?<\/strong><\/p>\n\n\n\n<p>Soy m\u00e9dico especialista en neurolog\u00eda, neurofisiolog\u00eda y medicina del sue\u00f1o, soy egresado de la Universidad Aut\u00f3noma de Campeche y de la especialidad de neurolog\u00eda y neurofisiolog\u00eda de la Universidad Nacional Aut\u00f3noma de M\u00e9xico. Soy egresado de este Hospital Centro M\u00e9dico Nacional Siglo XXI hace casi 20 a\u00f1os, en donde soy jefe del departamento de neurofisiolog\u00eda desde hace 14 a\u00f1os.<\/p>\n\n\n\n<p><strong>NN:&nbsp; Doctor, \u00bfcu\u00e1les son los servicios ofrecidos por el Centro M\u00e9dico Siglo XXI?<\/strong><\/p>\n\n\n\n<p>El departamento de neurofisiolog\u00eda se implement\u00f3 en el Hospital Centro M\u00e9dico Siglo XXI hace 14 a\u00f1os con el objetivo principal de prestar atenci\u00f3n especializada en el diagn\u00f3stico neurol\u00f3gico, somos un hospital de referencia y como un hospital de referencia, recibimos a pacientes con diagn\u00f3sticos dif\u00edciles de la parte sur de la rep\u00fablica, nuestra \u00e1rea de atenci\u00f3n es EEG, EMG y potenciales evocados.<\/p>\n\n\n\n<p><strong>NN:&nbsp;Doctor, \u00bfpodr\u00eda hablarnos sobre la relaci\u00f3n entre sue\u00f1o y epilepsia?<\/strong><\/p>\n\n\n\n<p>Nuestras \u00e1reas de investigaci\u00f3n se han enfocado en dos aspectos importantes: uno es la identificaci\u00f3n y categorizaci\u00f3n de pacientes con polineuropat\u00edas adquiridas como es el s\u00edndrome de Guillain-Barr\u00e9, y el otro gran apartado es la electroencefalograf\u00eda; tenemos dos grandes \u00e1reas de inter\u00e9s: una de ellas es el estado epil\u00e9ptico y epilepsias y la otra es la epilepsia y la relaci\u00f3n con el sue\u00f1o.<\/p>\n\n\n\n<p>Un \u00e1rea de inter\u00e9s que se ha despertado \u00faltimamente es la relaci\u00f3n que existe entre el sue\u00f1o y la epilepsia, es un \u00e1rea donde hemos concentrado nuestros esfuerzos para encontrar los v\u00ednculos que existen para la facilitaci\u00f3n y la presentaci\u00f3n de las crisis epil\u00e9pticas, sobretodo en epilepsias de dif\u00edcil diagn\u00f3stico o dif\u00edcil control; una de estas es la epilepsia frontal nocturna,&nbsp; esta es una entidad que durante mucho tiempo ha sido sub diagnosticada y que se ha confundido con otros trastornos del dormir como las diston\u00edas parox\u00edsticas nocturnas o con movimientos anormales durante el dormir. La epilepsia frontal nocturna es una entidad de dif\u00edcil diagn\u00f3stico y sus antecedentes vienen desde los a\u00f1os&nbsp; 70, 80, y es hasta los a\u00f1os 90 cuando se puede categorizar el trastorno, esta es una epilepsia que se sale del com\u00fan de las epilepsias en relaci\u00f3n con los s\u00edntomas que presentan ya que por ser una epilepsia que se origina en el ovulo frontal, las caracter\u00edsticas y manifestaciones son muy especiales; por ejemplo, los pacientes pueden presentar crisis agrupadas durante la noche y estas son crisis muy at\u00edpicas, de muy breve duraci\u00f3n y movimientos totalmente descontrolados, estas epilepsias pueden confundirse con otros trastornos de sue\u00f1o y en el pasado se denomin\u00f3 como epilepsia parox\u00edstica o disfon\u00edas parox\u00edsticas nocturnas que se han confundido como trastornos conductuales del sue\u00f1o MOR, o se han confundido con otras alteraciones de movimientos.<\/p>\n\n\n\n<p>La epilepsia frontal nocturna es una condici\u00f3n que en algunas publicaciones se ha demostrado que tiene una determinaci\u00f3n gen\u00e9tica que es lo que la hace caracter\u00edstica; el diagn\u00f3stico de la epilepsia frontal nocturna se basa principalmente en aplicar las herramientas tecnol\u00f3gicas que tenemos en este momento, no solamente es el trazado EEG, ya que, en la mayor\u00eda de los pacientes, estas epilepsias y el trazado es pr\u00e1cticamente normal y cuando se presenta el episodio la actividad electroencefalogr\u00e1fica se ve oscurecida por la cantidad de artefactos que se presentan por los movimientos s\u00fabitos; por lo tanto, la relaci\u00f3n y la comuni\u00f3n que existe entre la electroencefalograf\u00eda y el video son de vital importancia para identificar estos casos, es decir, el estudio del video EEG con el registro nocturno, que podemos denominar como video PSG, han sido la piedra angular para identificar estos trastornos.<\/p>\n\n\n\n<p><strong>NN:&nbsp; Doctor, \u00bfrecomendar\u00eda el equipo Neurovirtual a sus colegas?<\/strong><\/p>\n\n\n\n<p>En nuestro Hospital Centro M\u00e9dico Siglo XXI, desde junio del a\u00f1o pasado, hemos recibido este equipo de video EEG de Neurovirtual, el cual hemos encaminado principalmente en dos funciones, una de ellas la videoelectroencefalograf\u00eda para identificaci\u00f3n de fen\u00f3menos epil\u00e9pticos y la otra ha sido para la relaci\u00f3n que existe en un paciente en estado de coma en terapia intensiva, donde hemos podido lograr identificar patrones vitales relacionados con el estado del paciente. El equipo de Neurovirtual es un equipo que nos ha resultado accesible, es un software amigable y hemos encontrado las herramientas pr\u00e1cticas para su entendimiento y comprensi\u00f3n del fen\u00f3meno epil\u00e9ptico.<\/p>\n\n\n\n<p>El equipo BWIII ha resultado muy \u00fatil, hemos tenido relaci\u00f3n con diferentes especialidades dentro del hospital, principalmente en el \u00e1rea de neurolog\u00eda, neurocirug\u00eda y terapia intensiva. Es un equipo para el que afortunadamente contamos con un soporte los 365 d\u00edas del a\u00f1o y hay respuesta inmediata a trav\u00e9s del soporte telef\u00f3nico, lo que nos ha ayudado a resolver los pocos incidentes que hemos tenido en este tiempo.<\/p>\n\n\n\n<figure class=\"wp-block-embed-youtube wp-block-embed is-type-video is-provider-youtube wp-embed-aspect-16-9 wp-has-aspect-ratio\"><div class=\"wp-block-embed__wrapper\">\n<iframe loading=\"lazy\" width=\"500\" height=\"281\" src=\"https:\/\/www.youtube.com\/embed\/OjFGO2b05Bc?feature=oembed\" frameborder=\"0\" gesture=\"media\" allow=\"encrypted-media\" allowfullscreen><\/iframe>\n<\/div><\/figure>\n","protected":false},"excerpt":{"rendered":"<p>NN: Doctor, \u00bfpodr\u00eda platicarnos acerca de su trayectoria? Soy m\u00e9dico especialista en neurolog\u00eda, neurofisiolog\u00eda y medicina del sue\u00f1o, soy egresado de la Universidad Aut\u00f3noma de Campeche y de la especialidad de neurolog\u00eda y neurofisiolog\u00eda de la Universidad Nacional Aut\u00f3noma de M\u00e9xico. Soy egresado de este Hospital Centro M\u00e9dico Nacional Siglo XXI hace casi 20 a\u00f1os,&#8230;<\/p>\n","protected":false},"author":7,"featured_media":780964,"comment_status":"open","ping_status":"open","sticky":false,"template":"","format":"standard","meta":{"footnotes":"","_joinchat":[]},"categories":[12,4],"tags":[],"acf":[],"yoast_head":"<!-- This site is optimized with the Yoast SEO plugin v21.7 - https:\/\/yoast.com\/wordpress\/plugins\/seo\/ -->\n<title>Entrevista con el Dr. Sergio de Jes\u00fas Aguilar Castillo sobre la relaci\u00f3n entre disturbios de sue\u00f1o y epilepsia - Neurovirtual \/ Humanizing diagnostics<\/title>\n<meta name=\"description\" content=\"%seo_description%\" \/>\n<meta name=\"robots\" content=\"index, follow, max-snippet:-1, max-image-preview:large, max-video-preview:-1\" \/>\n<link rel=\"canonical\" href=\"https:\/\/neurovirtual.com\/latam\/entrevista-con-el-dr-sergio-de-jesus-aguilar-castillo-sobre-la-relacion-entre-disturbios-de-sueno-y-epilepsia\/\" \/>\n<meta property=\"og:locale\" content=\"es_ES\" \/>\n<meta property=\"og:type\" content=\"article\" \/>\n<meta property=\"og:title\" content=\"Entrevista con el Dr. Sergio de Jes\u00fas Aguilar Castillo sobre la relaci\u00f3n entre disturbios de sue\u00f1o y epilepsia - Neurovirtual \/ Humanizing diagnostics\" \/>\n<meta property=\"og:description\" content=\"%seo_description%\" \/>\n<meta property=\"og:url\" content=\"https:\/\/neurovirtual.com\/latam\/entrevista-con-el-dr-sergio-de-jesus-aguilar-castillo-sobre-la-relacion-entre-disturbios-de-sueno-y-epilepsia\/\" \/>\n<meta property=\"og:site_name\" content=\"Neurovirtual \/ Humanizing diagnostics\" \/>\n<meta property=\"article:published_time\" content=\"2017-11-20T14:39:27+00:00\" \/>\n<meta property=\"article:modified_time\" content=\"2021-02-02T20:26:57+00:00\" \/>\n<meta property=\"og:image\" content=\"https:\/\/neurovirtual.com\/latam\/wp-content\/uploads\/2017\/11\/dr.-sergio-aguilar-capa.png\" \/>\n\t<meta property=\"og:image:width\" content=\"300\" \/>\n\t<meta property=\"og:image:height\" content=\"168\" \/>\n\t<meta property=\"og:image:type\" content=\"image\/png\" \/>\n<meta name=\"author\" content=\"Jessika Brito\" \/>\n<meta name=\"twitter:card\" content=\"summary_large_image\" \/>\n<meta name=\"twitter:label1\" content=\"Escrito por\" \/>\n\t<meta name=\"twitter:data1\" content=\"Jessika Brito\" \/>\n\t<meta name=\"twitter:label2\" content=\"Tiempo estimado de lectura\" \/>\n\t<meta name=\"twitter:data2\" content=\"4 minutos\" \/>\n<script type=\"application\/ld+json\" class=\"yoast-schema-graph\">{\"@context\":\"https:\/\/schema.org\",\"@graph\":[{\"@type\":\"Article\",\"@id\":\"https:\/\/neurovirtual.com\/latam\/entrevista-con-el-dr-sergio-de-jesus-aguilar-castillo-sobre-la-relacion-entre-disturbios-de-sueno-y-epilepsia\/#article\",\"isPartOf\":{\"@id\":\"https:\/\/neurovirtual.com\/latam\/entrevista-con-el-dr-sergio-de-jesus-aguilar-castillo-sobre-la-relacion-entre-disturbios-de-sueno-y-epilepsia\/\"},\"author\":{\"name\":\"Jessika Brito\",\"@id\":\"https:\/\/neurovirtual.com\/latam\/#\/schema\/person\/61c27629d3d16b3e601ef7db30001d49\"},\"headline\":\"Entrevista con el Dr. Sergio de Jes\u00fas Aguilar Castillo sobre la relaci\u00f3n entre disturbios de sue\u00f1o y epilepsia\",\"datePublished\":\"2017-11-20T14:39:27+00:00\",\"dateModified\":\"2021-02-02T20:26:57+00:00\",\"mainEntityOfPage\":{\"@id\":\"https:\/\/neurovirtual.com\/latam\/entrevista-con-el-dr-sergio-de-jesus-aguilar-castillo-sobre-la-relacion-entre-disturbios-de-sueno-y-epilepsia\/\"},\"wordCount\":893,\"commentCount\":0,\"publisher\":{\"@id\":\"https:\/\/neurovirtual.com\/latam\/#organization\"},\"articleSection\":[\"Entrevista\",\"Novedades\"],\"inLanguage\":\"es-CO\",\"potentialAction\":[{\"@type\":\"CommentAction\",\"name\":\"Comment\",\"target\":[\"https:\/\/neurovirtual.com\/latam\/entrevista-con-el-dr-sergio-de-jesus-aguilar-castillo-sobre-la-relacion-entre-disturbios-de-sueno-y-epilepsia\/#respond\"]}]},{\"@type\":\"WebPage\",\"@id\":\"https:\/\/neurovirtual.com\/latam\/entrevista-con-el-dr-sergio-de-jesus-aguilar-castillo-sobre-la-relacion-entre-disturbios-de-sueno-y-epilepsia\/\",\"url\":\"https:\/\/neurovirtual.com\/latam\/entrevista-con-el-dr-sergio-de-jesus-aguilar-castillo-sobre-la-relacion-entre-disturbios-de-sueno-y-epilepsia\/\",\"name\":\"Entrevista con el Dr. Sergio de Jes\u00fas Aguilar Castillo sobre la relaci\u00f3n entre disturbios de sue\u00f1o y epilepsia - Neurovirtual \/ Humanizing diagnostics\",\"isPartOf\":{\"@id\":\"https:\/\/neurovirtual.com\/latam\/#website\"},\"datePublished\":\"2017-11-20T14:39:27+00:00\",\"dateModified\":\"2021-02-02T20:26:57+00:00\",\"description\":\"%seo_description%\",\"breadcrumb\":{\"@id\":\"https:\/\/neurovirtual.com\/latam\/entrevista-con-el-dr-sergio-de-jesus-aguilar-castillo-sobre-la-relacion-entre-disturbios-de-sueno-y-epilepsia\/#breadcrumb\"},\"inLanguage\":\"es-CO\",\"potentialAction\":[{\"@type\":\"ReadAction\",\"target\":[\"https:\/\/neurovirtual.com\/latam\/entrevista-con-el-dr-sergio-de-jesus-aguilar-castillo-sobre-la-relacion-entre-disturbios-de-sueno-y-epilepsia\/\"]}]},{\"@type\":\"BreadcrumbList\",\"@id\":\"https:\/\/neurovirtual.com\/latam\/entrevista-con-el-dr-sergio-de-jesus-aguilar-castillo-sobre-la-relacion-entre-disturbios-de-sueno-y-epilepsia\/#breadcrumb\",\"itemListElement\":[{\"@type\":\"ListItem\",\"position\":1,\"name\":\"Portada\",\"item\":\"https:\/\/neurovirtual.com\/latam\/\"},{\"@type\":\"ListItem\",\"position\":2,\"name\":\"Entrevista con el Dr. Sergio de Jes\u00fas Aguilar Castillo sobre la relaci\u00f3n entre disturbios de sue\u00f1o y epilepsia\"}]},{\"@type\":\"WebSite\",\"@id\":\"https:\/\/neurovirtual.com\/latam\/#website\",\"url\":\"https:\/\/neurovirtual.com\/latam\/\",\"name\":\"Neurovirtual \/ Humanizing diagnostics\",\"description\":\"\",\"publisher\":{\"@id\":\"https:\/\/neurovirtual.com\/latam\/#organization\"},\"potentialAction\":[{\"@type\":\"SearchAction\",\"target\":{\"@type\":\"EntryPoint\",\"urlTemplate\":\"https:\/\/neurovirtual.com\/latam\/?s={search_term_string}\"},\"query-input\":\"required name=search_term_string\"}],\"inLanguage\":\"es-CO\"},{\"@type\":\"Organization\",\"@id\":\"https:\/\/neurovirtual.com\/latam\/#organization\",\"name\":\"Neurovirtual\",\"url\":\"https:\/\/neurovirtual.com\/latam\/\",\"logo\":{\"@type\":\"ImageObject\",\"inLanguage\":\"es-CO\",\"@id\":\"https:\/\/neurovirtual.com\/latam\/#\/schema\/logo\/image\/\",\"url\":\"https:\/\/neurovirtual.com\/latam\/wp-content\/uploads\/2023\/08\/1.-Logo-Neurovirtual-2022.png\",\"contentUrl\":\"https:\/\/neurovirtual.com\/latam\/wp-content\/uploads\/2023\/08\/1.-Logo-Neurovirtual-2022.png\",\"width\":1964,\"height\":668,\"caption\":\"Neurovirtual\"},\"image\":{\"@id\":\"https:\/\/neurovirtual.com\/latam\/#\/schema\/logo\/image\/\"}},{\"@type\":\"Person\",\"@id\":\"https:\/\/neurovirtual.com\/latam\/#\/schema\/person\/61c27629d3d16b3e601ef7db30001d49\",\"name\":\"Jessika Brito\",\"image\":{\"@type\":\"ImageObject\",\"inLanguage\":\"es-CO\",\"@id\":\"https:\/\/neurovirtual.com\/latam\/#\/schema\/person\/image\/\",\"url\":\"https:\/\/secure.gravatar.com\/avatar\/08d2f62bc8a1f215fdfebe63356acc30?s=96&d=mm&r=g\",\"contentUrl\":\"https:\/\/secure.gravatar.com\/avatar\/08d2f62bc8a1f215fdfebe63356acc30?s=96&d=mm&r=g\",\"caption\":\"Jessika Brito\"},\"url\":\"https:\/\/neurovirtual.com\/latam\/author\/brito\/\"}]}<\/script>\n<!-- \/ Yoast SEO plugin. -->","yoast_head_json":{"title":"Entrevista con el Dr. Sergio de Jes\u00fas Aguilar Castillo sobre la relaci\u00f3n entre disturbios de sue\u00f1o y epilepsia - Neurovirtual \/ Humanizing diagnostics","description":"%seo_description%","robots":{"index":"index","follow":"follow","max-snippet":"max-snippet:-1","max-image-preview":"max-image-preview:large","max-video-preview":"max-video-preview:-1"},"canonical":"https:\/\/neurovirtual.com\/latam\/entrevista-con-el-dr-sergio-de-jesus-aguilar-castillo-sobre-la-relacion-entre-disturbios-de-sueno-y-epilepsia\/","og_locale":"es_ES","og_type":"article","og_title":"Entrevista con el Dr. Sergio de Jes\u00fas Aguilar Castillo sobre la relaci\u00f3n entre disturbios de sue\u00f1o y epilepsia - Neurovirtual \/ Humanizing diagnostics","og_description":"%seo_description%","og_url":"https:\/\/neurovirtual.com\/latam\/entrevista-con-el-dr-sergio-de-jesus-aguilar-castillo-sobre-la-relacion-entre-disturbios-de-sueno-y-epilepsia\/","og_site_name":"Neurovirtual \/ Humanizing diagnostics","article_published_time":"2017-11-20T14:39:27+00:00","article_modified_time":"2021-02-02T20:26:57+00:00","og_image":[{"width":300,"height":168,"url":"https:\/\/neurovirtual.com\/latam\/wp-content\/uploads\/2017\/11\/dr.-sergio-aguilar-capa.png","type":"image\/png"}],"author":"Jessika Brito","twitter_card":"summary_large_image","twitter_misc":{"Escrito por":"Jessika Brito","Tiempo estimado de lectura":"4 minutos"},"schema":{"@context":"https:\/\/schema.org","@graph":[{"@type":"Article","@id":"https:\/\/neurovirtual.com\/latam\/entrevista-con-el-dr-sergio-de-jesus-aguilar-castillo-sobre-la-relacion-entre-disturbios-de-sueno-y-epilepsia\/#article","isPartOf":{"@id":"https:\/\/neurovirtual.com\/latam\/entrevista-con-el-dr-sergio-de-jesus-aguilar-castillo-sobre-la-relacion-entre-disturbios-de-sueno-y-epilepsia\/"},"author":{"name":"Jessika Brito","@id":"https:\/\/neurovirtual.com\/latam\/#\/schema\/person\/61c27629d3d16b3e601ef7db30001d49"},"headline":"Entrevista con el Dr. Sergio de Jes\u00fas Aguilar Castillo sobre la relaci\u00f3n entre disturbios de sue\u00f1o y epilepsia","datePublished":"2017-11-20T14:39:27+00:00","dateModified":"2021-02-02T20:26:57+00:00","mainEntityOfPage":{"@id":"https:\/\/neurovirtual.com\/latam\/entrevista-con-el-dr-sergio-de-jesus-aguilar-castillo-sobre-la-relacion-entre-disturbios-de-sueno-y-epilepsia\/"},"wordCount":893,"commentCount":0,"publisher":{"@id":"https:\/\/neurovirtual.com\/latam\/#organization"},"articleSection":["Entrevista","Novedades"],"inLanguage":"es-CO","potentialAction":[{"@type":"CommentAction","name":"Comment","target":["https:\/\/neurovirtual.com\/latam\/entrevista-con-el-dr-sergio-de-jesus-aguilar-castillo-sobre-la-relacion-entre-disturbios-de-sueno-y-epilepsia\/#respond"]}]},{"@type":"WebPage","@id":"https:\/\/neurovirtual.com\/latam\/entrevista-con-el-dr-sergio-de-jesus-aguilar-castillo-sobre-la-relacion-entre-disturbios-de-sueno-y-epilepsia\/","url":"https:\/\/neurovirtual.com\/latam\/entrevista-con-el-dr-sergio-de-jesus-aguilar-castillo-sobre-la-relacion-entre-disturbios-de-sueno-y-epilepsia\/","name":"Entrevista con el Dr. Sergio de Jes\u00fas Aguilar Castillo sobre la relaci\u00f3n entre disturbios de sue\u00f1o y epilepsia - Neurovirtual \/ Humanizing diagnostics","isPartOf":{"@id":"https:\/\/neurovirtual.com\/latam\/#website"},"datePublished":"2017-11-20T14:39:27+00:00","dateModified":"2021-02-02T20:26:57+00:00","description":"%seo_description%","breadcrumb":{"@id":"https:\/\/neurovirtual.com\/latam\/entrevista-con-el-dr-sergio-de-jesus-aguilar-castillo-sobre-la-relacion-entre-disturbios-de-sueno-y-epilepsia\/#breadcrumb"},"inLanguage":"es-CO","potentialAction":[{"@type":"ReadAction","target":["https:\/\/neurovirtual.com\/latam\/entrevista-con-el-dr-sergio-de-jesus-aguilar-castillo-sobre-la-relacion-entre-disturbios-de-sueno-y-epilepsia\/"]}]},{"@type":"BreadcrumbList","@id":"https:\/\/neurovirtual.com\/latam\/entrevista-con-el-dr-sergio-de-jesus-aguilar-castillo-sobre-la-relacion-entre-disturbios-de-sueno-y-epilepsia\/#breadcrumb","itemListElement":[{"@type":"ListItem","position":1,"name":"Portada","item":"https:\/\/neurovirtual.com\/latam\/"},{"@type":"ListItem","position":2,"name":"Entrevista con el Dr. Sergio de Jes\u00fas Aguilar Castillo sobre la relaci\u00f3n entre disturbios de sue\u00f1o y epilepsia"}]},{"@type":"WebSite","@id":"https:\/\/neurovirtual.com\/latam\/#website","url":"https:\/\/neurovirtual.com\/latam\/","name":"Neurovirtual \/ Humanizing diagnostics","description":"","publisher":{"@id":"https:\/\/neurovirtual.com\/latam\/#organization"},"potentialAction":[{"@type":"SearchAction","target":{"@type":"EntryPoint","urlTemplate":"https:\/\/neurovirtual.com\/latam\/?s={search_term_string}"},"query-input":"required name=search_term_string"}],"inLanguage":"es-CO"},{"@type":"Organization","@id":"https:\/\/neurovirtual.com\/latam\/#organization","name":"Neurovirtual","url":"https:\/\/neurovirtual.com\/latam\/","logo":{"@type":"ImageObject","inLanguage":"es-CO","@id":"https:\/\/neurovirtual.com\/latam\/#\/schema\/logo\/image\/","url":"https:\/\/neurovirtual.com\/latam\/wp-content\/uploads\/2023\/08\/1.-Logo-Neurovirtual-2022.png","contentUrl":"https:\/\/neurovirtual.com\/latam\/wp-content\/uploads\/2023\/08\/1.-Logo-Neurovirtual-2022.png","width":1964,"height":668,"caption":"Neurovirtual"},"image":{"@id":"https:\/\/neurovirtual.com\/latam\/#\/schema\/logo\/image\/"}},{"@type":"Person","@id":"https:\/\/neurovirtual.com\/latam\/#\/schema\/person\/61c27629d3d16b3e601ef7db30001d49","name":"Jessika Brito","image":{"@type":"ImageObject","inLanguage":"es-CO","@id":"https:\/\/neurovirtual.com\/latam\/#\/schema\/person\/image\/","url":"https:\/\/secure.gravatar.com\/avatar\/08d2f62bc8a1f215fdfebe63356acc30?s=96&d=mm&r=g","contentUrl":"https:\/\/secure.gravatar.com\/avatar\/08d2f62bc8a1f215fdfebe63356acc30?s=96&d=mm&r=g","caption":"Jessika Brito"},"url":"https:\/\/neurovirtual.com\/latam\/author\/brito\/"}]}},"_links":{"self":[{"href":"https:\/\/neurovirtual.com\/latam\/wp-json\/wp\/v2\/posts\/780963"}],"collection":[{"href":"https:\/\/neurovirtual.com\/latam\/wp-json\/wp\/v2\/posts"}],"about":[{"href":"https:\/\/neurovirtual.com\/latam\/wp-json\/wp\/v2\/types\/post"}],"author":[{"embeddable":true,"href":"https:\/\/neurovirtual.com\/latam\/wp-json\/wp\/v2\/users\/7"}],"replies":[{"embeddable":true,"href":"https:\/\/neurovirtual.com\/latam\/wp-json\/wp\/v2\/comments?post=780963"}],"version-history":[{"count":2,"href":"https:\/\/neurovirtual.com\/latam\/wp-json\/wp\/v2\/posts\/780963\/revisions"}],"predecessor-version":[{"id":809905,"href":"https:\/\/neurovirtual.com\/latam\/wp-json\/wp\/v2\/posts\/780963\/revisions\/809905"}],"wp:featuredmedia":[{"embeddable":true,"href":"https:\/\/neurovirtual.com\/latam\/wp-json\/wp\/v2\/media\/780964"}],"wp:attachment":[{"href":"https:\/\/neurovirtual.com\/latam\/wp-json\/wp\/v2\/media?parent=780963"}],"wp:term":[{"taxonomy":"category","embeddable":true,"href":"https:\/\/neurovirtual.com\/latam\/wp-json\/wp\/v2\/categories?post=780963"},{"taxonomy":"post_tag","embeddable":true,"href":"https:\/\/neurovirtual.com\/latam\/wp-json\/wp\/v2\/tags?post=780963"}],"curies":[{"name":"wp","href":"https:\/\/api.w.org\/{rel}","templated":true}]}}