{"id":780764,"date":"2017-09-29T18:51:33","date_gmt":"2017-09-29T21:51:33","guid":{"rendered":"https:\/\/neurovirtual.com\/latam\/?p=780764"},"modified":"2017-11-27T18:57:02","modified_gmt":"2017-11-27T20:57:02","slug":"en-argentina-neurovirtual-participa-en-el-vi-taller-internacional-de-trastornos-respiratorios-durante-el-sueno","status":"publish","type":"post","link":"https:\/\/neurovirtual.com\/latam\/en-argentina-neurovirtual-participa-en-el-vi-taller-internacional-de-trastornos-respiratorios-durante-el-sueno\/","title":{"rendered":"En Argentina, Neurovirtual participa en el VI Taller Internacional de Trastornos Respiratorios durante el Sue\u00f1o"},"content":{"rendered":"<p><a href=\"https:\/\/neurovirtual.com\/latam\/wp-content\/uploads\/2017\/11\/curso-argentina-2.png\"><img decoding=\"async\" class=\"aligncenter size-large wp-image-780765\" src=\"https:\/\/neurovirtual.com\/latam\/wp-content\/uploads\/2017\/11\/curso-argentina-2-1024x248.png\" alt=\"curso argentina 2\" width=\"1024\" height=\"248\" srcset=\"https:\/\/neurovirtual.com\/latam\/wp-content\/uploads\/2017\/11\/curso-argentina-2-1024x248.png 1024w, https:\/\/neurovirtual.com\/latam\/wp-content\/uploads\/2017\/11\/curso-argentina-2-300x73.png 300w, https:\/\/neurovirtual.com\/latam\/wp-content\/uploads\/2017\/11\/curso-argentina-2-1034x250.png 1034w, https:\/\/neurovirtual.com\/latam\/wp-content\/uploads\/2017\/11\/curso-argentina-2-460x111.png 460w, https:\/\/neurovirtual.com\/latam\/wp-content\/uploads\/2017\/11\/curso-argentina-2.png 1600w\" sizes=\"(max-width: 1024px) 100vw, 1024px\" \/><\/a><\/p>\n<p>Profesionales de varios pa\u00edses se reunieron en Argentina el 28 y el 29 de septiembre para participar en el VI Taller International de Trastornos Respiratorios durante el Sue\u00f1o, realizado por la secci\u00f3n de sue\u00f1o, ox\u00edgeno y tratamientos domiciliarios para condiciones cr\u00f3nicas de la Asociaci\u00f3n Argentina de Medicina Respiratoria (AAMR).<\/p>\n<p><a href=\"https:\/\/neurovirtual.com\/latam\/wp-content\/uploads\/2017\/11\/IMG_1584.jpg\"><img decoding=\"async\" class=\"aligncenter size-medium wp-image-780767\" src=\"https:\/\/neurovirtual.com\/latam\/wp-content\/uploads\/2017\/11\/IMG_1584-300x257.jpg\" alt=\"IMG_1584\" width=\"300\" height=\"257\" srcset=\"https:\/\/neurovirtual.com\/latam\/wp-content\/uploads\/2017\/11\/IMG_1584-300x257.jpg 300w, https:\/\/neurovirtual.com\/latam\/wp-content\/uploads\/2017\/11\/IMG_1584-292x250.jpg 292w, https:\/\/neurovirtual.com\/latam\/wp-content\/uploads\/2017\/11\/IMG_1584-397x340.jpg 397w, https:\/\/neurovirtual.com\/latam\/wp-content\/uploads\/2017\/11\/IMG_1584.jpg 640w\" sizes=\"(max-width: 300px) 100vw, 300px\" \/><\/a><\/p>\n<p>El curso, dirigido a neum\u00f3logos, intensivistas, kinesi\u00f3logos respiratorios y enfermeros, cont\u00f3 con invitados especiales como la Dra. Sagrario Alises y el Dr. Salvador Dias Lobato, del Hospital Ram\u00f3n y Cajal de Madrid (Espa\u00f1a); el Dr. Jes\u00fas Gonzalez-Bermejo, del servicio de neumolog\u00eda y reanimaci\u00f3n del Hospital Pit\u00e9 Salpetriere en Par\u00eds (Francia) y el Dr. Claudio Rabec, del Centro Universitario y Hospitalario de Dijon, en Francia.<\/p>\n<p><a href=\"https:\/\/neurovirtual.com\/latam\/wp-content\/uploads\/2017\/11\/IMG_1589.jpg\"><img decoding=\"async\" class=\"aligncenter size-medium wp-image-780768\" src=\"https:\/\/neurovirtual.com\/latam\/wp-content\/uploads\/2017\/11\/IMG_1589-300x225.jpg\" alt=\"IMG_1589\" width=\"300\" height=\"225\" srcset=\"https:\/\/neurovirtual.com\/latam\/wp-content\/uploads\/2017\/11\/IMG_1589-300x225.jpg 300w, https:\/\/neurovirtual.com\/latam\/wp-content\/uploads\/2017\/11\/IMG_1589-333x250.jpg 333w, https:\/\/neurovirtual.com\/latam\/wp-content\/uploads\/2017\/11\/IMG_1589-453x340.jpg 453w, https:\/\/neurovirtual.com\/latam\/wp-content\/uploads\/2017\/11\/IMG_1589.jpg 640w\" sizes=\"(max-width: 300px) 100vw, 300px\" \/><\/a><\/p>\n<p>Neurovirtual, participante activa del evento, mont\u00f3 un estand para presentar sus productos, con profesionales capacitados para responder interrogantes y con material informativo sobre los equipos. Varios especialistas visitaron el espacio de Neurovirtual para resolver sus dudas y para conocer los equipos m\u00e1s recientes.<\/p>\n<p><a href=\"https:\/\/neurovirtual.com\/latam\/wp-content\/uploads\/2017\/11\/IMG_1613.jpg\"><img decoding=\"async\" class=\"aligncenter size-medium wp-image-780769\" src=\"https:\/\/neurovirtual.com\/latam\/wp-content\/uploads\/2017\/11\/IMG_1613-300x225.jpg\" alt=\"IMG_1613\" width=\"300\" height=\"225\" srcset=\"https:\/\/neurovirtual.com\/latam\/wp-content\/uploads\/2017\/11\/IMG_1613-300x225.jpg 300w, https:\/\/neurovirtual.com\/latam\/wp-content\/uploads\/2017\/11\/IMG_1613-333x250.jpg 333w, https:\/\/neurovirtual.com\/latam\/wp-content\/uploads\/2017\/11\/IMG_1613-453x340.jpg 453w, https:\/\/neurovirtual.com\/latam\/wp-content\/uploads\/2017\/11\/IMG_1613.jpg 640w\" sizes=\"(max-width: 300px) 100vw, 300px\" \/><\/a><\/p>\n<p>Se destac\u00f3 el equipo BWMIII PSG Plus, un equipo completo que le permite al usuario conducir la EEG cl\u00ednica y la PSG desde el mismo dispositivo. La verificaci\u00f3n de la impedancia integrada directamente en el amplificador permite que los t\u00e9cnicos revisen el estado de la impedancia sin descuidar al paciente.<\/p>\n<p><em>\u201cNuestro objetivo es mejorar la calidad de vida de nuestros pacientes, por eso estamos presentes en congresos y seminarios sobre medicina del sue\u00f1o y temas relacionados en varios pa\u00edses\u201d<\/em>, dijo Dubi Quevedo de Neurovirtual, participante en el evento.<\/p>\n","protected":false},"excerpt":{"rendered":"<p>Profesionales de varios pa\u00edses se reunieron en Argentina el 28 y el 29 de septiembre para participar en el VI Taller International de Trastornos Respiratorios durante el Sue\u00f1o, realizado por la secci\u00f3n de sue\u00f1o, ox\u00edgeno y tratamientos domiciliarios para condiciones cr\u00f3nicas de la Asociaci\u00f3n Argentina de Medicina Respiratoria (AAMR). El curso, dirigido a neum\u00f3logos, intensivistas,&#8230;<\/p>\n","protected":false},"author":7,"featured_media":780766,"comment_status":"open","ping_status":"open","sticky":false,"template":"","format":"standard","meta":{"footnotes":"","_joinchat":[]},"categories":[9,13],"tags":[],"acf":[],"yoast_head":"<!-- This site is optimized with the Yoast SEO plugin v21.7 - https:\/\/yoast.com\/wordpress\/plugins\/seo\/ -->\n<title>En Argentina, Neurovirtual participa en el VI Taller Internacional de Trastornos Respiratorios durante el Sue\u00f1o - Neurovirtual \/ Humanizing diagnostics<\/title>\n<meta name=\"description\" content=\"%seo_description%\" \/>\n<meta name=\"robots\" content=\"index, follow, max-snippet:-1, max-image-preview:large, max-video-preview:-1\" \/>\n<link rel=\"canonical\" href=\"https:\/\/neurovirtual.com\/latam\/en-argentina-neurovirtual-participa-en-el-vi-taller-internacional-de-trastornos-respiratorios-durante-el-sueno\/\" \/>\n<meta property=\"og:locale\" content=\"es_ES\" \/>\n<meta property=\"og:type\" content=\"article\" \/>\n<meta property=\"og:title\" content=\"En Argentina, Neurovirtual participa en el VI Taller Internacional de Trastornos Respiratorios durante el Sue\u00f1o - Neurovirtual \/ Humanizing diagnostics\" \/>\n<meta property=\"og:description\" content=\"%seo_description%\" \/>\n<meta property=\"og:url\" content=\"https:\/\/neurovirtual.com\/latam\/en-argentina-neurovirtual-participa-en-el-vi-taller-internacional-de-trastornos-respiratorios-durante-el-sueno\/\" \/>\n<meta property=\"og:site_name\" content=\"Neurovirtual \/ Humanizing diagnostics\" \/>\n<meta property=\"article:published_time\" content=\"2017-09-29T21:51:33+00:00\" \/>\n<meta property=\"article:modified_time\" content=\"2017-11-27T20:57:02+00:00\" \/>\n<meta property=\"og:image\" content=\"https:\/\/neurovirtual.com\/latam\/wp-content\/uploads\/2017\/11\/curso-argentina-capa.png\" \/>\n\t<meta property=\"og:image:width\" content=\"300\" \/>\n\t<meta property=\"og:image:height\" content=\"168\" \/>\n\t<meta property=\"og:image:type\" content=\"image\/png\" \/>\n<meta name=\"author\" content=\"Jessika Brito\" \/>\n<meta name=\"twitter:card\" content=\"summary_large_image\" \/>\n<meta name=\"twitter:label1\" content=\"Escrito por\" \/>\n\t<meta name=\"twitter:data1\" content=\"Jessika Brito\" \/>\n\t<meta name=\"twitter:label2\" content=\"Tiempo estimado de lectura\" \/>\n\t<meta name=\"twitter:data2\" content=\"1 minuto\" \/>\n<script type=\"application\/ld+json\" class=\"yoast-schema-graph\">{\"@context\":\"https:\/\/schema.org\",\"@graph\":[{\"@type\":\"Article\",\"@id\":\"https:\/\/neurovirtual.com\/latam\/en-argentina-neurovirtual-participa-en-el-vi-taller-internacional-de-trastornos-respiratorios-durante-el-sueno\/#article\",\"isPartOf\":{\"@id\":\"https:\/\/neurovirtual.com\/latam\/en-argentina-neurovirtual-participa-en-el-vi-taller-internacional-de-trastornos-respiratorios-durante-el-sueno\/\"},\"author\":{\"name\":\"Jessika Brito\",\"@id\":\"https:\/\/neurovirtual.com\/latam\/#\/schema\/person\/61c27629d3d16b3e601ef7db30001d49\"},\"headline\":\"En Argentina, Neurovirtual participa en el VI Taller Internacional de Trastornos Respiratorios durante el Sue\u00f1o\",\"datePublished\":\"2017-09-29T21:51:33+00:00\",\"dateModified\":\"2017-11-27T20:57:02+00:00\",\"mainEntityOfPage\":{\"@id\":\"https:\/\/neurovirtual.com\/latam\/en-argentina-neurovirtual-participa-en-el-vi-taller-internacional-de-trastornos-respiratorios-durante-el-sueno\/\"},\"wordCount\":279,\"commentCount\":0,\"publisher\":{\"@id\":\"https:\/\/neurovirtual.com\/latam\/#organization\"},\"articleSection\":[\"Curso\",\"Latam\"],\"inLanguage\":\"es-CO\",\"potentialAction\":[{\"@type\":\"CommentAction\",\"name\":\"Comment\",\"target\":[\"https:\/\/neurovirtual.com\/latam\/en-argentina-neurovirtual-participa-en-el-vi-taller-internacional-de-trastornos-respiratorios-durante-el-sueno\/#respond\"]}]},{\"@type\":\"WebPage\",\"@id\":\"https:\/\/neurovirtual.com\/latam\/en-argentina-neurovirtual-participa-en-el-vi-taller-internacional-de-trastornos-respiratorios-durante-el-sueno\/\",\"url\":\"https:\/\/neurovirtual.com\/latam\/en-argentina-neurovirtual-participa-en-el-vi-taller-internacional-de-trastornos-respiratorios-durante-el-sueno\/\",\"name\":\"En Argentina, Neurovirtual participa en el VI Taller Internacional de Trastornos Respiratorios durante el Sue\u00f1o - Neurovirtual \/ Humanizing diagnostics\",\"isPartOf\":{\"@id\":\"https:\/\/neurovirtual.com\/latam\/#website\"},\"datePublished\":\"2017-09-29T21:51:33+00:00\",\"dateModified\":\"2017-11-27T20:57:02+00:00\",\"description\":\"%seo_description%\",\"breadcrumb\":{\"@id\":\"https:\/\/neurovirtual.com\/latam\/en-argentina-neurovirtual-participa-en-el-vi-taller-internacional-de-trastornos-respiratorios-durante-el-sueno\/#breadcrumb\"},\"inLanguage\":\"es-CO\",\"potentialAction\":[{\"@type\":\"ReadAction\",\"target\":[\"https:\/\/neurovirtual.com\/latam\/en-argentina-neurovirtual-participa-en-el-vi-taller-internacional-de-trastornos-respiratorios-durante-el-sueno\/\"]}]},{\"@type\":\"BreadcrumbList\",\"@id\":\"https:\/\/neurovirtual.com\/latam\/en-argentina-neurovirtual-participa-en-el-vi-taller-internacional-de-trastornos-respiratorios-durante-el-sueno\/#breadcrumb\",\"itemListElement\":[{\"@type\":\"ListItem\",\"position\":1,\"name\":\"Portada\",\"item\":\"https:\/\/neurovirtual.com\/latam\/\"},{\"@type\":\"ListItem\",\"position\":2,\"name\":\"En Argentina, Neurovirtual participa en el VI Taller Internacional de Trastornos Respiratorios durante el Sue\u00f1o\"}]},{\"@type\":\"WebSite\",\"@id\":\"https:\/\/neurovirtual.com\/latam\/#website\",\"url\":\"https:\/\/neurovirtual.com\/latam\/\",\"name\":\"Neurovirtual \/ Humanizing diagnostics\",\"description\":\"\",\"publisher\":{\"@id\":\"https:\/\/neurovirtual.com\/latam\/#organization\"},\"potentialAction\":[{\"@type\":\"SearchAction\",\"target\":{\"@type\":\"EntryPoint\",\"urlTemplate\":\"https:\/\/neurovirtual.com\/latam\/?s={search_term_string}\"},\"query-input\":\"required name=search_term_string\"}],\"inLanguage\":\"es-CO\"},{\"@type\":\"Organization\",\"@id\":\"https:\/\/neurovirtual.com\/latam\/#organization\",\"name\":\"Neurovirtual\",\"url\":\"https:\/\/neurovirtual.com\/latam\/\",\"logo\":{\"@type\":\"ImageObject\",\"inLanguage\":\"es-CO\",\"@id\":\"https:\/\/neurovirtual.com\/latam\/#\/schema\/logo\/image\/\",\"url\":\"https:\/\/neurovirtual.com\/latam\/wp-content\/uploads\/2023\/08\/1.-Logo-Neurovirtual-2022.png\",\"contentUrl\":\"https:\/\/neurovirtual.com\/latam\/wp-content\/uploads\/2023\/08\/1.-Logo-Neurovirtual-2022.png\",\"width\":1964,\"height\":668,\"caption\":\"Neurovirtual\"},\"image\":{\"@id\":\"https:\/\/neurovirtual.com\/latam\/#\/schema\/logo\/image\/\"}},{\"@type\":\"Person\",\"@id\":\"https:\/\/neurovirtual.com\/latam\/#\/schema\/person\/61c27629d3d16b3e601ef7db30001d49\",\"name\":\"Jessika Brito\",\"image\":{\"@type\":\"ImageObject\",\"inLanguage\":\"es-CO\",\"@id\":\"https:\/\/neurovirtual.com\/latam\/#\/schema\/person\/image\/\",\"url\":\"https:\/\/secure.gravatar.com\/avatar\/08d2f62bc8a1f215fdfebe63356acc30?s=96&d=mm&r=g\",\"contentUrl\":\"https:\/\/secure.gravatar.com\/avatar\/08d2f62bc8a1f215fdfebe63356acc30?s=96&d=mm&r=g\",\"caption\":\"Jessika Brito\"},\"url\":\"https:\/\/neurovirtual.com\/latam\/author\/brito\/\"}]}<\/script>\n<!-- \/ Yoast SEO plugin. -->","yoast_head_json":{"title":"En Argentina, Neurovirtual participa en el VI Taller Internacional de Trastornos Respiratorios durante el Sue\u00f1o - Neurovirtual \/ Humanizing diagnostics","description":"%seo_description%","robots":{"index":"index","follow":"follow","max-snippet":"max-snippet:-1","max-image-preview":"max-image-preview:large","max-video-preview":"max-video-preview:-1"},"canonical":"https:\/\/neurovirtual.com\/latam\/en-argentina-neurovirtual-participa-en-el-vi-taller-internacional-de-trastornos-respiratorios-durante-el-sueno\/","og_locale":"es_ES","og_type":"article","og_title":"En Argentina, Neurovirtual participa en el VI Taller Internacional de Trastornos Respiratorios durante el Sue\u00f1o - Neurovirtual \/ Humanizing diagnostics","og_description":"%seo_description%","og_url":"https:\/\/neurovirtual.com\/latam\/en-argentina-neurovirtual-participa-en-el-vi-taller-internacional-de-trastornos-respiratorios-durante-el-sueno\/","og_site_name":"Neurovirtual \/ Humanizing diagnostics","article_published_time":"2017-09-29T21:51:33+00:00","article_modified_time":"2017-11-27T20:57:02+00:00","og_image":[{"width":300,"height":168,"url":"https:\/\/neurovirtual.com\/latam\/wp-content\/uploads\/2017\/11\/curso-argentina-capa.png","type":"image\/png"}],"author":"Jessika Brito","twitter_card":"summary_large_image","twitter_misc":{"Escrito por":"Jessika Brito","Tiempo estimado de lectura":"1 minuto"},"schema":{"@context":"https:\/\/schema.org","@graph":[{"@type":"Article","@id":"https:\/\/neurovirtual.com\/latam\/en-argentina-neurovirtual-participa-en-el-vi-taller-internacional-de-trastornos-respiratorios-durante-el-sueno\/#article","isPartOf":{"@id":"https:\/\/neurovirtual.com\/latam\/en-argentina-neurovirtual-participa-en-el-vi-taller-internacional-de-trastornos-respiratorios-durante-el-sueno\/"},"author":{"name":"Jessika Brito","@id":"https:\/\/neurovirtual.com\/latam\/#\/schema\/person\/61c27629d3d16b3e601ef7db30001d49"},"headline":"En Argentina, Neurovirtual participa en el VI Taller Internacional de Trastornos Respiratorios durante el Sue\u00f1o","datePublished":"2017-09-29T21:51:33+00:00","dateModified":"2017-11-27T20:57:02+00:00","mainEntityOfPage":{"@id":"https:\/\/neurovirtual.com\/latam\/en-argentina-neurovirtual-participa-en-el-vi-taller-internacional-de-trastornos-respiratorios-durante-el-sueno\/"},"wordCount":279,"commentCount":0,"publisher":{"@id":"https:\/\/neurovirtual.com\/latam\/#organization"},"articleSection":["Curso","Latam"],"inLanguage":"es-CO","potentialAction":[{"@type":"CommentAction","name":"Comment","target":["https:\/\/neurovirtual.com\/latam\/en-argentina-neurovirtual-participa-en-el-vi-taller-internacional-de-trastornos-respiratorios-durante-el-sueno\/#respond"]}]},{"@type":"WebPage","@id":"https:\/\/neurovirtual.com\/latam\/en-argentina-neurovirtual-participa-en-el-vi-taller-internacional-de-trastornos-respiratorios-durante-el-sueno\/","url":"https:\/\/neurovirtual.com\/latam\/en-argentina-neurovirtual-participa-en-el-vi-taller-internacional-de-trastornos-respiratorios-durante-el-sueno\/","name":"En Argentina, Neurovirtual participa en el VI Taller Internacional de Trastornos Respiratorios durante el Sue\u00f1o - Neurovirtual \/ Humanizing diagnostics","isPartOf":{"@id":"https:\/\/neurovirtual.com\/latam\/#website"},"datePublished":"2017-09-29T21:51:33+00:00","dateModified":"2017-11-27T20:57:02+00:00","description":"%seo_description%","breadcrumb":{"@id":"https:\/\/neurovirtual.com\/latam\/en-argentina-neurovirtual-participa-en-el-vi-taller-internacional-de-trastornos-respiratorios-durante-el-sueno\/#breadcrumb"},"inLanguage":"es-CO","potentialAction":[{"@type":"ReadAction","target":["https:\/\/neurovirtual.com\/latam\/en-argentina-neurovirtual-participa-en-el-vi-taller-internacional-de-trastornos-respiratorios-durante-el-sueno\/"]}]},{"@type":"BreadcrumbList","@id":"https:\/\/neurovirtual.com\/latam\/en-argentina-neurovirtual-participa-en-el-vi-taller-internacional-de-trastornos-respiratorios-durante-el-sueno\/#breadcrumb","itemListElement":[{"@type":"ListItem","position":1,"name":"Portada","item":"https:\/\/neurovirtual.com\/latam\/"},{"@type":"ListItem","position":2,"name":"En Argentina, Neurovirtual participa en el VI Taller Internacional de Trastornos Respiratorios durante el Sue\u00f1o"}]},{"@type":"WebSite","@id":"https:\/\/neurovirtual.com\/latam\/#website","url":"https:\/\/neurovirtual.com\/latam\/","name":"Neurovirtual \/ Humanizing diagnostics","description":"","publisher":{"@id":"https:\/\/neurovirtual.com\/latam\/#organization"},"potentialAction":[{"@type":"SearchAction","target":{"@type":"EntryPoint","urlTemplate":"https:\/\/neurovirtual.com\/latam\/?s={search_term_string}"},"query-input":"required name=search_term_string"}],"inLanguage":"es-CO"},{"@type":"Organization","@id":"https:\/\/neurovirtual.com\/latam\/#organization","name":"Neurovirtual","url":"https:\/\/neurovirtual.com\/latam\/","logo":{"@type":"ImageObject","inLanguage":"es-CO","@id":"https:\/\/neurovirtual.com\/latam\/#\/schema\/logo\/image\/","url":"https:\/\/neurovirtual.com\/latam\/wp-content\/uploads\/2023\/08\/1.-Logo-Neurovirtual-2022.png","contentUrl":"https:\/\/neurovirtual.com\/latam\/wp-content\/uploads\/2023\/08\/1.-Logo-Neurovirtual-2022.png","width":1964,"height":668,"caption":"Neurovirtual"},"image":{"@id":"https:\/\/neurovirtual.com\/latam\/#\/schema\/logo\/image\/"}},{"@type":"Person","@id":"https:\/\/neurovirtual.com\/latam\/#\/schema\/person\/61c27629d3d16b3e601ef7db30001d49","name":"Jessika Brito","image":{"@type":"ImageObject","inLanguage":"es-CO","@id":"https:\/\/neurovirtual.com\/latam\/#\/schema\/person\/image\/","url":"https:\/\/secure.gravatar.com\/avatar\/08d2f62bc8a1f215fdfebe63356acc30?s=96&d=mm&r=g","contentUrl":"https:\/\/secure.gravatar.com\/avatar\/08d2f62bc8a1f215fdfebe63356acc30?s=96&d=mm&r=g","caption":"Jessika Brito"},"url":"https:\/\/neurovirtual.com\/latam\/author\/brito\/"}]}},"_links":{"self":[{"href":"https:\/\/neurovirtual.com\/latam\/wp-json\/wp\/v2\/posts\/780764"}],"collection":[{"href":"https:\/\/neurovirtual.com\/latam\/wp-json\/wp\/v2\/posts"}],"about":[{"href":"https:\/\/neurovirtual.com\/latam\/wp-json\/wp\/v2\/types\/post"}],"author":[{"embeddable":true,"href":"https:\/\/neurovirtual.com\/latam\/wp-json\/wp\/v2\/users\/7"}],"replies":[{"embeddable":true,"href":"https:\/\/neurovirtual.com\/latam\/wp-json\/wp\/v2\/comments?post=780764"}],"version-history":[{"count":2,"href":"https:\/\/neurovirtual.com\/latam\/wp-json\/wp\/v2\/posts\/780764\/revisions"}],"predecessor-version":[{"id":780771,"href":"https:\/\/neurovirtual.com\/latam\/wp-json\/wp\/v2\/posts\/780764\/revisions\/780771"}],"wp:featuredmedia":[{"embeddable":true,"href":"https:\/\/neurovirtual.com\/latam\/wp-json\/wp\/v2\/media\/780766"}],"wp:attachment":[{"href":"https:\/\/neurovirtual.com\/latam\/wp-json\/wp\/v2\/media?parent=780764"}],"wp:term":[{"taxonomy":"category","embeddable":true,"href":"https:\/\/neurovirtual.com\/latam\/wp-json\/wp\/v2\/categories?post=780764"},{"taxonomy":"post_tag","embeddable":true,"href":"https:\/\/neurovirtual.com\/latam\/wp-json\/wp\/v2\/tags?post=780764"}],"curies":[{"name":"wp","href":"https:\/\/api.w.org\/{rel}","templated":true}]}}