{"id":780748,"date":"2017-11-04T18:27:39","date_gmt":"2017-11-04T20:27:39","guid":{"rendered":"https:\/\/neurovirtual.com\/latam\/?p=780748"},"modified":"2017-11-27T18:31:23","modified_gmt":"2017-11-27T20:31:23","slug":"neurovirtual-participa-en-el-xvi-congreso-brasileno-del-sueno-en-joinville","status":"publish","type":"post","link":"https:\/\/neurovirtual.com\/latam\/neurovirtual-participa-en-el-xvi-congreso-brasileno-del-sueno-en-joinville\/","title":{"rendered":"Neurovirtual participa en el XVI Congreso Brasile\u00f1o del Sue\u00f1o en Joinville"},"content":{"rendered":"<p><a href=\"https:\/\/neurovirtual.com\/latam\/wp-content\/uploads\/2017\/11\/congresso-brasileiro-do-sono-capa-2.png\"><img decoding=\"async\" class=\"aligncenter size-full wp-image-780752\" src=\"https:\/\/neurovirtual.com\/latam\/wp-content\/uploads\/2017\/11\/congresso-brasileiro-do-sono-capa-2.png\" alt=\"congresso brasileiro do sono capa 2\" width=\"985\" height=\"207\" srcset=\"https:\/\/neurovirtual.com\/latam\/wp-content\/uploads\/2017\/11\/congresso-brasileiro-do-sono-capa-2.png 985w, https:\/\/neurovirtual.com\/latam\/wp-content\/uploads\/2017\/11\/congresso-brasileiro-do-sono-capa-2-300x63.png 300w, https:\/\/neurovirtual.com\/latam\/wp-content\/uploads\/2017\/11\/congresso-brasileiro-do-sono-capa-2-460x97.png 460w\" sizes=\"(max-width: 985px) 100vw, 985px\" \/><\/a><\/p>\n<p>Organizado por la ABS, la Asociaci\u00f3n Brasile\u00f1a del Sue\u00f1o, tuvo lugar, en Joinville (Santa Catarina) entre el 1\u00ba y el 4 de noviembre, el XVI Congreso Brasile\u00f1o del Sue\u00f1o. El Congreso ofreci\u00f3, adem\u00e1s de conferencias nacionales e internacionales, cursos en temas como la actualizaci\u00f3n en el tratamiento de la apnea, desaf\u00edos en los diagn\u00f3sticos y tratamiento en casos cl\u00ednicos dif\u00edciles en medicina del sue\u00f1o, interpretaci\u00f3n de la polisomnograf\u00eda y terapia cognitivo-conductual en los trastornos del sue\u00f1o.<\/p>\n<p><a href=\"https:\/\/neurovirtual.com\/latam\/wp-content\/uploads\/2017\/11\/2017-11-02-18.42.46.jpg\"><img decoding=\"async\" class=\"aligncenter size-medium wp-image-780750\" src=\"https:\/\/neurovirtual.com\/latam\/wp-content\/uploads\/2017\/11\/2017-11-02-18.42.46-300x194.jpg\" alt=\"2017-11-02 18.42.46\" width=\"300\" height=\"194\" srcset=\"https:\/\/neurovirtual.com\/latam\/wp-content\/uploads\/2017\/11\/2017-11-02-18.42.46-300x194.jpg 300w, https:\/\/neurovirtual.com\/latam\/wp-content\/uploads\/2017\/11\/2017-11-02-18.42.46-1024x661.jpg 1024w, https:\/\/neurovirtual.com\/latam\/wp-content\/uploads\/2017\/11\/2017-11-02-18.42.46-387x250.jpg 387w, https:\/\/neurovirtual.com\/latam\/wp-content\/uploads\/2017\/11\/2017-11-02-18.42.46-460x297.jpg 460w, https:\/\/neurovirtual.com\/latam\/wp-content\/uploads\/2017\/11\/2017-11-02-18.42.46.jpg 1920w\" sizes=\"(max-width: 300px) 100vw, 300px\" \/><\/a><\/p>\n<p>Cuatro invitados internacionales que compartieron sus experiencias con los participantes se destacaron entre los conferencistas que trataron diversos asuntos sobre temas macro como la cronobiolog\u00eda, las neurociencias y el tema respiratorio: la Dra. Debra J. Skene, del Reino Unido; el Dr. Hern\u00e1n Andr\u00e9s Mar\u00edn Agudelo, de M\u00e9xico; el Dr. Patrick J. Strollo, de los Estados Unidos y el profesor Dr. Miguel Meira y Cruz, de Portugal.<\/p>\n<p><a href=\"https:\/\/neurovirtual.com\/latam\/wp-content\/uploads\/2017\/11\/2017-11-02-17.20.59.jpg\"><img decoding=\"async\" class=\"aligncenter size-medium wp-image-780749\" src=\"https:\/\/neurovirtual.com\/latam\/wp-content\/uploads\/2017\/11\/2017-11-02-17.20.59-300x239.jpg\" alt=\"2017-11-02 17.20.59\" width=\"300\" height=\"239\" srcset=\"https:\/\/neurovirtual.com\/latam\/wp-content\/uploads\/2017\/11\/2017-11-02-17.20.59-300x239.jpg 300w, https:\/\/neurovirtual.com\/latam\/wp-content\/uploads\/2017\/11\/2017-11-02-17.20.59-1024x816.jpg 1024w, https:\/\/neurovirtual.com\/latam\/wp-content\/uploads\/2017\/11\/2017-11-02-17.20.59-314x250.jpg 314w, https:\/\/neurovirtual.com\/latam\/wp-content\/uploads\/2017\/11\/2017-11-02-17.20.59-427x340.jpg 427w, https:\/\/neurovirtual.com\/latam\/wp-content\/uploads\/2017\/11\/2017-11-02-17.20.59.jpg 1920w\" sizes=\"(max-width: 300px) 100vw, 300px\" \/><\/a><\/p>\n<p>Sandro Senra, gerente de productos de Neurovirtual, represent\u00f3 a la compa\u00f1\u00eda en el congreso junto a Alex de Oliveira, asesor de negocios. Se destac\u00f3 el BWMINI PSG, un amplificador ligero y compacto, con excelente desempe\u00f1o para pruebas de sue\u00f1o en casa (HST) o polisomnograf\u00edas en laboratorio, con pantalla LCD con impedancia electr\u00f3nica y hasta 3 d\u00edas de grabaci\u00f3n con el mismo set de bater\u00edas.<\/p>\n<p><a href=\"https:\/\/neurovirtual.com\/latam\/wp-content\/uploads\/2017\/11\/2017-11-03-10.34.01.jpg\"><img decoding=\"async\" class=\"aligncenter size-medium wp-image-780751\" src=\"https:\/\/neurovirtual.com\/latam\/wp-content\/uploads\/2017\/11\/2017-11-03-10.34.01-300x243.jpg\" alt=\"2017-11-03 10.34.01\" width=\"300\" height=\"243\" srcset=\"https:\/\/neurovirtual.com\/latam\/wp-content\/uploads\/2017\/11\/2017-11-03-10.34.01-300x243.jpg 300w, https:\/\/neurovirtual.com\/latam\/wp-content\/uploads\/2017\/11\/2017-11-03-10.34.01-1024x829.jpg 1024w, https:\/\/neurovirtual.com\/latam\/wp-content\/uploads\/2017\/11\/2017-11-03-10.34.01-309x250.jpg 309w, https:\/\/neurovirtual.com\/latam\/wp-content\/uploads\/2017\/11\/2017-11-03-10.34.01-420x340.jpg 420w, https:\/\/neurovirtual.com\/latam\/wp-content\/uploads\/2017\/11\/2017-11-03-10.34.01.jpg 1920w\" sizes=\"(max-width: 300px) 100vw, 300px\" \/><\/a><\/p>\n","protected":false},"excerpt":{"rendered":"<p>Organizado por la ABS, la Asociaci\u00f3n Brasile\u00f1a del Sue\u00f1o, tuvo lugar, en Joinville (Santa Catarina) entre el 1\u00ba y el 4 de noviembre, el XVI Congreso Brasile\u00f1o del Sue\u00f1o. El Congreso ofreci\u00f3, adem\u00e1s de conferencias nacionales e internacionales, cursos en temas como la actualizaci\u00f3n en el tratamiento de la apnea, desaf\u00edos en los diagn\u00f3sticos y&#8230;<\/p>\n","protected":false},"author":7,"featured_media":780753,"comment_status":"open","ping_status":"open","sticky":false,"template":"","format":"standard","meta":{"footnotes":"","_joinchat":[]},"categories":[7,13],"tags":[],"acf":[],"yoast_head":"<!-- This site is optimized with the Yoast SEO plugin v21.7 - https:\/\/yoast.com\/wordpress\/plugins\/seo\/ -->\n<title>Neurovirtual participa en el XVI Congreso Brasile\u00f1o del Sue\u00f1o en Joinville - Neurovirtual \/ Humanizing diagnostics<\/title>\n<meta name=\"description\" content=\"%seo_description%\" \/>\n<meta name=\"robots\" content=\"index, follow, max-snippet:-1, max-image-preview:large, max-video-preview:-1\" \/>\n<link rel=\"canonical\" href=\"https:\/\/neurovirtual.com\/latam\/neurovirtual-participa-en-el-xvi-congreso-brasileno-del-sueno-en-joinville\/\" \/>\n<meta property=\"og:locale\" content=\"es_ES\" \/>\n<meta property=\"og:type\" content=\"article\" \/>\n<meta property=\"og:title\" content=\"Neurovirtual participa en el XVI Congreso Brasile\u00f1o del Sue\u00f1o en Joinville - Neurovirtual \/ Humanizing diagnostics\" \/>\n<meta property=\"og:description\" content=\"%seo_description%\" \/>\n<meta property=\"og:url\" content=\"https:\/\/neurovirtual.com\/latam\/neurovirtual-participa-en-el-xvi-congreso-brasileno-del-sueno-en-joinville\/\" \/>\n<meta property=\"og:site_name\" content=\"Neurovirtual \/ Humanizing diagnostics\" \/>\n<meta property=\"article:published_time\" content=\"2017-11-04T20:27:39+00:00\" \/>\n<meta property=\"article:modified_time\" content=\"2017-11-27T20:31:23+00:00\" \/>\n<meta property=\"og:image\" content=\"https:\/\/neurovirtual.com\/latam\/wp-content\/uploads\/2017\/11\/congresso-brasileiro-do-sono-capa.png\" \/>\n\t<meta property=\"og:image:width\" content=\"300\" \/>\n\t<meta property=\"og:image:height\" content=\"168\" \/>\n\t<meta property=\"og:image:type\" content=\"image\/png\" \/>\n<meta name=\"author\" content=\"Jessika Brito\" \/>\n<meta name=\"twitter:card\" content=\"summary_large_image\" \/>\n<meta name=\"twitter:label1\" content=\"Escrito por\" \/>\n\t<meta name=\"twitter:data1\" content=\"Jessika Brito\" \/>\n\t<meta name=\"twitter:label2\" content=\"Tiempo estimado de lectura\" \/>\n\t<meta name=\"twitter:data2\" content=\"1 minuto\" \/>\n<script type=\"application\/ld+json\" class=\"yoast-schema-graph\">{\"@context\":\"https:\/\/schema.org\",\"@graph\":[{\"@type\":\"Article\",\"@id\":\"https:\/\/neurovirtual.com\/latam\/neurovirtual-participa-en-el-xvi-congreso-brasileno-del-sueno-en-joinville\/#article\",\"isPartOf\":{\"@id\":\"https:\/\/neurovirtual.com\/latam\/neurovirtual-participa-en-el-xvi-congreso-brasileno-del-sueno-en-joinville\/\"},\"author\":{\"name\":\"Jessika Brito\",\"@id\":\"https:\/\/neurovirtual.com\/latam\/#\/schema\/person\/61c27629d3d16b3e601ef7db30001d49\"},\"headline\":\"Neurovirtual participa en el XVI Congreso Brasile\u00f1o del Sue\u00f1o en Joinville\",\"datePublished\":\"2017-11-04T20:27:39+00:00\",\"dateModified\":\"2017-11-27T20:31:23+00:00\",\"mainEntityOfPage\":{\"@id\":\"https:\/\/neurovirtual.com\/latam\/neurovirtual-participa-en-el-xvi-congreso-brasileno-del-sueno-en-joinville\/\"},\"wordCount\":244,\"commentCount\":0,\"publisher\":{\"@id\":\"https:\/\/neurovirtual.com\/latam\/#organization\"},\"articleSection\":[\"Conferencias\",\"Latam\"],\"inLanguage\":\"es-CO\",\"potentialAction\":[{\"@type\":\"CommentAction\",\"name\":\"Comment\",\"target\":[\"https:\/\/neurovirtual.com\/latam\/neurovirtual-participa-en-el-xvi-congreso-brasileno-del-sueno-en-joinville\/#respond\"]}]},{\"@type\":\"WebPage\",\"@id\":\"https:\/\/neurovirtual.com\/latam\/neurovirtual-participa-en-el-xvi-congreso-brasileno-del-sueno-en-joinville\/\",\"url\":\"https:\/\/neurovirtual.com\/latam\/neurovirtual-participa-en-el-xvi-congreso-brasileno-del-sueno-en-joinville\/\",\"name\":\"Neurovirtual participa en el XVI Congreso Brasile\u00f1o del Sue\u00f1o en Joinville - Neurovirtual \/ Humanizing diagnostics\",\"isPartOf\":{\"@id\":\"https:\/\/neurovirtual.com\/latam\/#website\"},\"datePublished\":\"2017-11-04T20:27:39+00:00\",\"dateModified\":\"2017-11-27T20:31:23+00:00\",\"description\":\"%seo_description%\",\"breadcrumb\":{\"@id\":\"https:\/\/neurovirtual.com\/latam\/neurovirtual-participa-en-el-xvi-congreso-brasileno-del-sueno-en-joinville\/#breadcrumb\"},\"inLanguage\":\"es-CO\",\"potentialAction\":[{\"@type\":\"ReadAction\",\"target\":[\"https:\/\/neurovirtual.com\/latam\/neurovirtual-participa-en-el-xvi-congreso-brasileno-del-sueno-en-joinville\/\"]}]},{\"@type\":\"BreadcrumbList\",\"@id\":\"https:\/\/neurovirtual.com\/latam\/neurovirtual-participa-en-el-xvi-congreso-brasileno-del-sueno-en-joinville\/#breadcrumb\",\"itemListElement\":[{\"@type\":\"ListItem\",\"position\":1,\"name\":\"Portada\",\"item\":\"https:\/\/neurovirtual.com\/latam\/\"},{\"@type\":\"ListItem\",\"position\":2,\"name\":\"Neurovirtual participa en el XVI Congreso Brasile\u00f1o del Sue\u00f1o en Joinville\"}]},{\"@type\":\"WebSite\",\"@id\":\"https:\/\/neurovirtual.com\/latam\/#website\",\"url\":\"https:\/\/neurovirtual.com\/latam\/\",\"name\":\"Neurovirtual \/ Humanizing diagnostics\",\"description\":\"\",\"publisher\":{\"@id\":\"https:\/\/neurovirtual.com\/latam\/#organization\"},\"potentialAction\":[{\"@type\":\"SearchAction\",\"target\":{\"@type\":\"EntryPoint\",\"urlTemplate\":\"https:\/\/neurovirtual.com\/latam\/?s={search_term_string}\"},\"query-input\":\"required name=search_term_string\"}],\"inLanguage\":\"es-CO\"},{\"@type\":\"Organization\",\"@id\":\"https:\/\/neurovirtual.com\/latam\/#organization\",\"name\":\"Neurovirtual\",\"url\":\"https:\/\/neurovirtual.com\/latam\/\",\"logo\":{\"@type\":\"ImageObject\",\"inLanguage\":\"es-CO\",\"@id\":\"https:\/\/neurovirtual.com\/latam\/#\/schema\/logo\/image\/\",\"url\":\"https:\/\/neurovirtual.com\/latam\/wp-content\/uploads\/2023\/08\/1.-Logo-Neurovirtual-2022.png\",\"contentUrl\":\"https:\/\/neurovirtual.com\/latam\/wp-content\/uploads\/2023\/08\/1.-Logo-Neurovirtual-2022.png\",\"width\":1964,\"height\":668,\"caption\":\"Neurovirtual\"},\"image\":{\"@id\":\"https:\/\/neurovirtual.com\/latam\/#\/schema\/logo\/image\/\"}},{\"@type\":\"Person\",\"@id\":\"https:\/\/neurovirtual.com\/latam\/#\/schema\/person\/61c27629d3d16b3e601ef7db30001d49\",\"name\":\"Jessika Brito\",\"image\":{\"@type\":\"ImageObject\",\"inLanguage\":\"es-CO\",\"@id\":\"https:\/\/neurovirtual.com\/latam\/#\/schema\/person\/image\/\",\"url\":\"https:\/\/secure.gravatar.com\/avatar\/08d2f62bc8a1f215fdfebe63356acc30?s=96&d=mm&r=g\",\"contentUrl\":\"https:\/\/secure.gravatar.com\/avatar\/08d2f62bc8a1f215fdfebe63356acc30?s=96&d=mm&r=g\",\"caption\":\"Jessika Brito\"},\"url\":\"https:\/\/neurovirtual.com\/latam\/author\/brito\/\"}]}<\/script>\n<!-- \/ Yoast SEO plugin. -->","yoast_head_json":{"title":"Neurovirtual participa en el XVI Congreso Brasile\u00f1o del Sue\u00f1o en Joinville - Neurovirtual \/ Humanizing diagnostics","description":"%seo_description%","robots":{"index":"index","follow":"follow","max-snippet":"max-snippet:-1","max-image-preview":"max-image-preview:large","max-video-preview":"max-video-preview:-1"},"canonical":"https:\/\/neurovirtual.com\/latam\/neurovirtual-participa-en-el-xvi-congreso-brasileno-del-sueno-en-joinville\/","og_locale":"es_ES","og_type":"article","og_title":"Neurovirtual participa en el XVI Congreso Brasile\u00f1o del Sue\u00f1o en Joinville - Neurovirtual \/ Humanizing diagnostics","og_description":"%seo_description%","og_url":"https:\/\/neurovirtual.com\/latam\/neurovirtual-participa-en-el-xvi-congreso-brasileno-del-sueno-en-joinville\/","og_site_name":"Neurovirtual \/ Humanizing diagnostics","article_published_time":"2017-11-04T20:27:39+00:00","article_modified_time":"2017-11-27T20:31:23+00:00","og_image":[{"width":300,"height":168,"url":"https:\/\/neurovirtual.com\/latam\/wp-content\/uploads\/2017\/11\/congresso-brasileiro-do-sono-capa.png","type":"image\/png"}],"author":"Jessika Brito","twitter_card":"summary_large_image","twitter_misc":{"Escrito por":"Jessika Brito","Tiempo estimado de lectura":"1 minuto"},"schema":{"@context":"https:\/\/schema.org","@graph":[{"@type":"Article","@id":"https:\/\/neurovirtual.com\/latam\/neurovirtual-participa-en-el-xvi-congreso-brasileno-del-sueno-en-joinville\/#article","isPartOf":{"@id":"https:\/\/neurovirtual.com\/latam\/neurovirtual-participa-en-el-xvi-congreso-brasileno-del-sueno-en-joinville\/"},"author":{"name":"Jessika Brito","@id":"https:\/\/neurovirtual.com\/latam\/#\/schema\/person\/61c27629d3d16b3e601ef7db30001d49"},"headline":"Neurovirtual participa en el XVI Congreso Brasile\u00f1o del Sue\u00f1o en Joinville","datePublished":"2017-11-04T20:27:39+00:00","dateModified":"2017-11-27T20:31:23+00:00","mainEntityOfPage":{"@id":"https:\/\/neurovirtual.com\/latam\/neurovirtual-participa-en-el-xvi-congreso-brasileno-del-sueno-en-joinville\/"},"wordCount":244,"commentCount":0,"publisher":{"@id":"https:\/\/neurovirtual.com\/latam\/#organization"},"articleSection":["Conferencias","Latam"],"inLanguage":"es-CO","potentialAction":[{"@type":"CommentAction","name":"Comment","target":["https:\/\/neurovirtual.com\/latam\/neurovirtual-participa-en-el-xvi-congreso-brasileno-del-sueno-en-joinville\/#respond"]}]},{"@type":"WebPage","@id":"https:\/\/neurovirtual.com\/latam\/neurovirtual-participa-en-el-xvi-congreso-brasileno-del-sueno-en-joinville\/","url":"https:\/\/neurovirtual.com\/latam\/neurovirtual-participa-en-el-xvi-congreso-brasileno-del-sueno-en-joinville\/","name":"Neurovirtual participa en el XVI Congreso Brasile\u00f1o del Sue\u00f1o en Joinville - Neurovirtual \/ Humanizing diagnostics","isPartOf":{"@id":"https:\/\/neurovirtual.com\/latam\/#website"},"datePublished":"2017-11-04T20:27:39+00:00","dateModified":"2017-11-27T20:31:23+00:00","description":"%seo_description%","breadcrumb":{"@id":"https:\/\/neurovirtual.com\/latam\/neurovirtual-participa-en-el-xvi-congreso-brasileno-del-sueno-en-joinville\/#breadcrumb"},"inLanguage":"es-CO","potentialAction":[{"@type":"ReadAction","target":["https:\/\/neurovirtual.com\/latam\/neurovirtual-participa-en-el-xvi-congreso-brasileno-del-sueno-en-joinville\/"]}]},{"@type":"BreadcrumbList","@id":"https:\/\/neurovirtual.com\/latam\/neurovirtual-participa-en-el-xvi-congreso-brasileno-del-sueno-en-joinville\/#breadcrumb","itemListElement":[{"@type":"ListItem","position":1,"name":"Portada","item":"https:\/\/neurovirtual.com\/latam\/"},{"@type":"ListItem","position":2,"name":"Neurovirtual participa en el XVI Congreso Brasile\u00f1o del Sue\u00f1o en Joinville"}]},{"@type":"WebSite","@id":"https:\/\/neurovirtual.com\/latam\/#website","url":"https:\/\/neurovirtual.com\/latam\/","name":"Neurovirtual \/ Humanizing diagnostics","description":"","publisher":{"@id":"https:\/\/neurovirtual.com\/latam\/#organization"},"potentialAction":[{"@type":"SearchAction","target":{"@type":"EntryPoint","urlTemplate":"https:\/\/neurovirtual.com\/latam\/?s={search_term_string}"},"query-input":"required name=search_term_string"}],"inLanguage":"es-CO"},{"@type":"Organization","@id":"https:\/\/neurovirtual.com\/latam\/#organization","name":"Neurovirtual","url":"https:\/\/neurovirtual.com\/latam\/","logo":{"@type":"ImageObject","inLanguage":"es-CO","@id":"https:\/\/neurovirtual.com\/latam\/#\/schema\/logo\/image\/","url":"https:\/\/neurovirtual.com\/latam\/wp-content\/uploads\/2023\/08\/1.-Logo-Neurovirtual-2022.png","contentUrl":"https:\/\/neurovirtual.com\/latam\/wp-content\/uploads\/2023\/08\/1.-Logo-Neurovirtual-2022.png","width":1964,"height":668,"caption":"Neurovirtual"},"image":{"@id":"https:\/\/neurovirtual.com\/latam\/#\/schema\/logo\/image\/"}},{"@type":"Person","@id":"https:\/\/neurovirtual.com\/latam\/#\/schema\/person\/61c27629d3d16b3e601ef7db30001d49","name":"Jessika Brito","image":{"@type":"ImageObject","inLanguage":"es-CO","@id":"https:\/\/neurovirtual.com\/latam\/#\/schema\/person\/image\/","url":"https:\/\/secure.gravatar.com\/avatar\/08d2f62bc8a1f215fdfebe63356acc30?s=96&d=mm&r=g","contentUrl":"https:\/\/secure.gravatar.com\/avatar\/08d2f62bc8a1f215fdfebe63356acc30?s=96&d=mm&r=g","caption":"Jessika Brito"},"url":"https:\/\/neurovirtual.com\/latam\/author\/brito\/"}]}},"_links":{"self":[{"href":"https:\/\/neurovirtual.com\/latam\/wp-json\/wp\/v2\/posts\/780748"}],"collection":[{"href":"https:\/\/neurovirtual.com\/latam\/wp-json\/wp\/v2\/posts"}],"about":[{"href":"https:\/\/neurovirtual.com\/latam\/wp-json\/wp\/v2\/types\/post"}],"author":[{"embeddable":true,"href":"https:\/\/neurovirtual.com\/latam\/wp-json\/wp\/v2\/users\/7"}],"replies":[{"embeddable":true,"href":"https:\/\/neurovirtual.com\/latam\/wp-json\/wp\/v2\/comments?post=780748"}],"version-history":[{"count":1,"href":"https:\/\/neurovirtual.com\/latam\/wp-json\/wp\/v2\/posts\/780748\/revisions"}],"predecessor-version":[{"id":780754,"href":"https:\/\/neurovirtual.com\/latam\/wp-json\/wp\/v2\/posts\/780748\/revisions\/780754"}],"wp:featuredmedia":[{"embeddable":true,"href":"https:\/\/neurovirtual.com\/latam\/wp-json\/wp\/v2\/media\/780753"}],"wp:attachment":[{"href":"https:\/\/neurovirtual.com\/latam\/wp-json\/wp\/v2\/media?parent=780748"}],"wp:term":[{"taxonomy":"category","embeddable":true,"href":"https:\/\/neurovirtual.com\/latam\/wp-json\/wp\/v2\/categories?post=780748"},{"taxonomy":"post_tag","embeddable":true,"href":"https:\/\/neurovirtual.com\/latam\/wp-json\/wp\/v2\/tags?post=780748"}],"curies":[{"name":"wp","href":"https:\/\/api.w.org\/{rel}","templated":true}]}}