{"id":780423,"date":"2017-09-24T08:57:12","date_gmt":"2017-09-24T11:57:12","guid":{"rendered":"https:\/\/neurovirtual.com\/latam\/?p=780423"},"modified":"2017-11-16T10:20:40","modified_gmt":"2017-11-16T12:20:40","slug":"iii-congreso-nacional-de-electrodiagnostico-y-dolencias-neuromusculares-reune-a-medicos-y-especialistas-en-colombia","status":"publish","type":"post","link":"https:\/\/neurovirtual.com\/latam\/iii-congreso-nacional-de-electrodiagnostico-y-dolencias-neuromusculares-reune-a-medicos-y-especialistas-en-colombia\/","title":{"rendered":"III Congreso Nacional de Electrodiagn\u00f3stico y Dolencias Neuromusculares re\u00fane a m\u00e9dicos y especialistas en Colombia"},"content":{"rendered":"<p><a href=\"https:\/\/neurovirtual.com\/latam\/wp-content\/uploads\/2017\/11\/capa_colombia.jpg\"><img decoding=\"async\" class=\"aligncenter size-full wp-image-780424\" src=\"https:\/\/neurovirtual.com\/latam\/wp-content\/uploads\/2017\/11\/capa_colombia.jpg\" alt=\"capa_colombia\" width=\"985\" height=\"207\" srcset=\"https:\/\/neurovirtual.com\/latam\/wp-content\/uploads\/2017\/11\/capa_colombia.jpg 985w, https:\/\/neurovirtual.com\/latam\/wp-content\/uploads\/2017\/11\/capa_colombia-300x63.jpg 300w, https:\/\/neurovirtual.com\/latam\/wp-content\/uploads\/2017\/11\/capa_colombia-460x97.jpg 460w\" sizes=\"(max-width: 985px) 100vw, 985px\" \/><\/a><\/p>\n<p>Este a\u00f1o, Medell\u00edn, en Colombia, fue la ciudad escogida para acoger al III Congreso Nacional de Electrodiagn\u00f3stico y Dolencias Neuromusculares. En total, se reunieron 150 profesionales entre el 22 y el 24 de septiembre para compartir informaci\u00f3n y experiencias sobre el tema.<\/p>\n<p>Promovido por la Asociaci\u00f3n Colombiana de Medicina Electrodiagn\u00f3stica (AsCMEDx), el evento tuvo como objetivo el fortalecimiento de la uni\u00f3n entre especialistas y m\u00e9dicos para mantener la educaci\u00f3n e investigaci\u00f3n continuas sobre patolog\u00edas del sistema nervioso y tambi\u00e9n para poner, hombro con hombro, a los laboratorios y empresas que proveen las herramientas necesarias para la realizaci\u00f3n de los ex\u00e1menes.<\/p>\n<p><a href=\"https:\/\/neurovirtual.com\/latam\/wp-content\/uploads\/2017\/11\/MG_0060-0032.jpg\"><img decoding=\"async\" class=\"aligncenter size-medium wp-image-780428\" src=\"https:\/\/neurovirtual.com\/latam\/wp-content\/uploads\/2017\/11\/MG_0060-0032-300x200.jpg\" alt=\"_MG_0060 (003)\" width=\"300\" height=\"200\" srcset=\"https:\/\/neurovirtual.com\/latam\/wp-content\/uploads\/2017\/11\/MG_0060-0032-300x200.jpg 300w, https:\/\/neurovirtual.com\/latam\/wp-content\/uploads\/2017\/11\/MG_0060-0032-1024x683.jpg 1024w, https:\/\/neurovirtual.com\/latam\/wp-content\/uploads\/2017\/11\/MG_0060-0032-375x250.jpg 375w, https:\/\/neurovirtual.com\/latam\/wp-content\/uploads\/2017\/11\/MG_0060-0032-460x307.jpg 460w, https:\/\/neurovirtual.com\/latam\/wp-content\/uploads\/2017\/11\/MG_0060-0032.jpg 1920w\" sizes=\"(max-width: 300px) 100vw, 300px\" \/><\/a><\/p>\n<p>Neurovirtual, participante del evento, present\u00f3 los equipos EMG de dos canales con potencias auditivas y visuales y BWIII Plus; ambos despertaron bastante inter\u00e9s en los participantes del evento que visitaron el estand de Neurovirtual.<\/p>\n<p><em>\u201cNeurovirtual hace presencia en la mayor\u00eda de congresos y conferencias sobre el tema en diversas partes del mundo. Nuestro objetivo al participar en este tipo de eventos es mostrar nuestros equipos a los m\u00e9dicos y t\u00e9cnicos y resaltar nuestra misi\u00f3n de humanizar cada vez m\u00e1s los diagn\u00f3sticos\u201d<\/em>, afirm\u00f3 Deisy Rojas, gerente comercial de Neurovirtual LATAM.<\/p>\n","protected":false},"excerpt":{"rendered":"<p>Este a\u00f1o, Medell\u00edn, en Colombia, fue la ciudad escogida para acoger al III Congreso Nacional de Electrodiagn\u00f3stico y Dolencias Neuromusculares. En total, se reunieron 150 profesionales entre el 22 y el 24 de septiembre para compartir informaci\u00f3n y experiencias sobre el tema. Promovido por la Asociaci\u00f3n Colombiana de Medicina Electrodiagn\u00f3stica (AsCMEDx), el evento tuvo como&#8230;<\/p>\n","protected":false},"author":7,"featured_media":780425,"comment_status":"open","ping_status":"open","sticky":false,"template":"","format":"standard","meta":{"footnotes":"","_joinchat":[]},"categories":[7,13],"tags":[],"acf":[],"yoast_head":"<!-- This site is optimized with the Yoast SEO plugin v21.7 - https:\/\/yoast.com\/wordpress\/plugins\/seo\/ -->\n<title>III Congreso Nacional de Electrodiagn\u00f3stico y Dolencias Neuromusculares re\u00fane a m\u00e9dicos y especialistas en Colombia - Neurovirtual \/ Humanizing diagnostics<\/title>\n<meta name=\"description\" content=\"%seo_description%\" \/>\n<meta name=\"robots\" content=\"index, follow, max-snippet:-1, max-image-preview:large, max-video-preview:-1\" \/>\n<link rel=\"canonical\" href=\"https:\/\/neurovirtual.com\/latam\/iii-congreso-nacional-de-electrodiagnostico-y-dolencias-neuromusculares-reune-a-medicos-y-especialistas-en-colombia\/\" \/>\n<meta property=\"og:locale\" content=\"es_ES\" \/>\n<meta property=\"og:type\" content=\"article\" \/>\n<meta property=\"og:title\" content=\"III Congreso Nacional de Electrodiagn\u00f3stico y Dolencias Neuromusculares re\u00fane a m\u00e9dicos y especialistas en Colombia - Neurovirtual \/ Humanizing diagnostics\" \/>\n<meta property=\"og:description\" content=\"%seo_description%\" \/>\n<meta property=\"og:url\" content=\"https:\/\/neurovirtual.com\/latam\/iii-congreso-nacional-de-electrodiagnostico-y-dolencias-neuromusculares-reune-a-medicos-y-especialistas-en-colombia\/\" \/>\n<meta property=\"og:site_name\" content=\"Neurovirtual \/ Humanizing diagnostics\" \/>\n<meta property=\"article:published_time\" content=\"2017-09-24T11:57:12+00:00\" \/>\n<meta property=\"article:modified_time\" content=\"2017-11-16T12:20:40+00:00\" \/>\n<meta property=\"og:image\" content=\"https:\/\/neurovirtual.com\/latam\/wp-content\/uploads\/2017\/11\/capa_colombia-2.jpg\" \/>\n\t<meta property=\"og:image:width\" content=\"300\" \/>\n\t<meta property=\"og:image:height\" content=\"168\" \/>\n\t<meta property=\"og:image:type\" content=\"image\/jpeg\" \/>\n<meta name=\"author\" content=\"Jessika Brito\" \/>\n<meta name=\"twitter:card\" content=\"summary_large_image\" \/>\n<meta name=\"twitter:label1\" content=\"Escrito por\" \/>\n\t<meta name=\"twitter:data1\" content=\"Jessika Brito\" \/>\n\t<meta name=\"twitter:label2\" content=\"Tiempo estimado de lectura\" \/>\n\t<meta name=\"twitter:data2\" content=\"1 minuto\" \/>\n<script type=\"application\/ld+json\" class=\"yoast-schema-graph\">{\"@context\":\"https:\/\/schema.org\",\"@graph\":[{\"@type\":\"Article\",\"@id\":\"https:\/\/neurovirtual.com\/latam\/iii-congreso-nacional-de-electrodiagnostico-y-dolencias-neuromusculares-reune-a-medicos-y-especialistas-en-colombia\/#article\",\"isPartOf\":{\"@id\":\"https:\/\/neurovirtual.com\/latam\/iii-congreso-nacional-de-electrodiagnostico-y-dolencias-neuromusculares-reune-a-medicos-y-especialistas-en-colombia\/\"},\"author\":{\"name\":\"Jessika Brito\",\"@id\":\"https:\/\/neurovirtual.com\/latam\/#\/schema\/person\/61c27629d3d16b3e601ef7db30001d49\"},\"headline\":\"III Congreso Nacional de Electrodiagn\u00f3stico y Dolencias Neuromusculares re\u00fane a m\u00e9dicos y especialistas en Colombia\",\"datePublished\":\"2017-09-24T11:57:12+00:00\",\"dateModified\":\"2017-11-16T12:20:40+00:00\",\"mainEntityOfPage\":{\"@id\":\"https:\/\/neurovirtual.com\/latam\/iii-congreso-nacional-de-electrodiagnostico-y-dolencias-neuromusculares-reune-a-medicos-y-especialistas-en-colombia\/\"},\"wordCount\":225,\"commentCount\":0,\"publisher\":{\"@id\":\"https:\/\/neurovirtual.com\/latam\/#organization\"},\"articleSection\":[\"Conferencias\",\"Latam\"],\"inLanguage\":\"es-CO\",\"potentialAction\":[{\"@type\":\"CommentAction\",\"name\":\"Comment\",\"target\":[\"https:\/\/neurovirtual.com\/latam\/iii-congreso-nacional-de-electrodiagnostico-y-dolencias-neuromusculares-reune-a-medicos-y-especialistas-en-colombia\/#respond\"]}]},{\"@type\":\"WebPage\",\"@id\":\"https:\/\/neurovirtual.com\/latam\/iii-congreso-nacional-de-electrodiagnostico-y-dolencias-neuromusculares-reune-a-medicos-y-especialistas-en-colombia\/\",\"url\":\"https:\/\/neurovirtual.com\/latam\/iii-congreso-nacional-de-electrodiagnostico-y-dolencias-neuromusculares-reune-a-medicos-y-especialistas-en-colombia\/\",\"name\":\"III Congreso Nacional de Electrodiagn\u00f3stico y Dolencias Neuromusculares re\u00fane a m\u00e9dicos y especialistas en Colombia - Neurovirtual \/ Humanizing diagnostics\",\"isPartOf\":{\"@id\":\"https:\/\/neurovirtual.com\/latam\/#website\"},\"datePublished\":\"2017-09-24T11:57:12+00:00\",\"dateModified\":\"2017-11-16T12:20:40+00:00\",\"description\":\"%seo_description%\",\"breadcrumb\":{\"@id\":\"https:\/\/neurovirtual.com\/latam\/iii-congreso-nacional-de-electrodiagnostico-y-dolencias-neuromusculares-reune-a-medicos-y-especialistas-en-colombia\/#breadcrumb\"},\"inLanguage\":\"es-CO\",\"potentialAction\":[{\"@type\":\"ReadAction\",\"target\":[\"https:\/\/neurovirtual.com\/latam\/iii-congreso-nacional-de-electrodiagnostico-y-dolencias-neuromusculares-reune-a-medicos-y-especialistas-en-colombia\/\"]}]},{\"@type\":\"BreadcrumbList\",\"@id\":\"https:\/\/neurovirtual.com\/latam\/iii-congreso-nacional-de-electrodiagnostico-y-dolencias-neuromusculares-reune-a-medicos-y-especialistas-en-colombia\/#breadcrumb\",\"itemListElement\":[{\"@type\":\"ListItem\",\"position\":1,\"name\":\"Portada\",\"item\":\"https:\/\/neurovirtual.com\/latam\/\"},{\"@type\":\"ListItem\",\"position\":2,\"name\":\"III Congreso Nacional de Electrodiagn\u00f3stico y Dolencias Neuromusculares re\u00fane a m\u00e9dicos y especialistas en Colombia\"}]},{\"@type\":\"WebSite\",\"@id\":\"https:\/\/neurovirtual.com\/latam\/#website\",\"url\":\"https:\/\/neurovirtual.com\/latam\/\",\"name\":\"Neurovirtual \/ Humanizing diagnostics\",\"description\":\"\",\"publisher\":{\"@id\":\"https:\/\/neurovirtual.com\/latam\/#organization\"},\"potentialAction\":[{\"@type\":\"SearchAction\",\"target\":{\"@type\":\"EntryPoint\",\"urlTemplate\":\"https:\/\/neurovirtual.com\/latam\/?s={search_term_string}\"},\"query-input\":\"required name=search_term_string\"}],\"inLanguage\":\"es-CO\"},{\"@type\":\"Organization\",\"@id\":\"https:\/\/neurovirtual.com\/latam\/#organization\",\"name\":\"Neurovirtual\",\"url\":\"https:\/\/neurovirtual.com\/latam\/\",\"logo\":{\"@type\":\"ImageObject\",\"inLanguage\":\"es-CO\",\"@id\":\"https:\/\/neurovirtual.com\/latam\/#\/schema\/logo\/image\/\",\"url\":\"https:\/\/neurovirtual.com\/latam\/wp-content\/uploads\/2023\/08\/1.-Logo-Neurovirtual-2022.png\",\"contentUrl\":\"https:\/\/neurovirtual.com\/latam\/wp-content\/uploads\/2023\/08\/1.-Logo-Neurovirtual-2022.png\",\"width\":1964,\"height\":668,\"caption\":\"Neurovirtual\"},\"image\":{\"@id\":\"https:\/\/neurovirtual.com\/latam\/#\/schema\/logo\/image\/\"}},{\"@type\":\"Person\",\"@id\":\"https:\/\/neurovirtual.com\/latam\/#\/schema\/person\/61c27629d3d16b3e601ef7db30001d49\",\"name\":\"Jessika Brito\",\"image\":{\"@type\":\"ImageObject\",\"inLanguage\":\"es-CO\",\"@id\":\"https:\/\/neurovirtual.com\/latam\/#\/schema\/person\/image\/\",\"url\":\"https:\/\/secure.gravatar.com\/avatar\/08d2f62bc8a1f215fdfebe63356acc30?s=96&d=mm&r=g\",\"contentUrl\":\"https:\/\/secure.gravatar.com\/avatar\/08d2f62bc8a1f215fdfebe63356acc30?s=96&d=mm&r=g\",\"caption\":\"Jessika Brito\"},\"url\":\"https:\/\/neurovirtual.com\/latam\/author\/brito\/\"}]}<\/script>\n<!-- \/ Yoast SEO plugin. -->","yoast_head_json":{"title":"III Congreso Nacional de Electrodiagn\u00f3stico y Dolencias Neuromusculares re\u00fane a m\u00e9dicos y especialistas en Colombia - Neurovirtual \/ Humanizing diagnostics","description":"%seo_description%","robots":{"index":"index","follow":"follow","max-snippet":"max-snippet:-1","max-image-preview":"max-image-preview:large","max-video-preview":"max-video-preview:-1"},"canonical":"https:\/\/neurovirtual.com\/latam\/iii-congreso-nacional-de-electrodiagnostico-y-dolencias-neuromusculares-reune-a-medicos-y-especialistas-en-colombia\/","og_locale":"es_ES","og_type":"article","og_title":"III Congreso Nacional de Electrodiagn\u00f3stico y Dolencias Neuromusculares re\u00fane a m\u00e9dicos y especialistas en Colombia - Neurovirtual \/ Humanizing diagnostics","og_description":"%seo_description%","og_url":"https:\/\/neurovirtual.com\/latam\/iii-congreso-nacional-de-electrodiagnostico-y-dolencias-neuromusculares-reune-a-medicos-y-especialistas-en-colombia\/","og_site_name":"Neurovirtual \/ Humanizing diagnostics","article_published_time":"2017-09-24T11:57:12+00:00","article_modified_time":"2017-11-16T12:20:40+00:00","og_image":[{"width":300,"height":168,"url":"https:\/\/neurovirtual.com\/latam\/wp-content\/uploads\/2017\/11\/capa_colombia-2.jpg","type":"image\/jpeg"}],"author":"Jessika Brito","twitter_card":"summary_large_image","twitter_misc":{"Escrito por":"Jessika Brito","Tiempo estimado de lectura":"1 minuto"},"schema":{"@context":"https:\/\/schema.org","@graph":[{"@type":"Article","@id":"https:\/\/neurovirtual.com\/latam\/iii-congreso-nacional-de-electrodiagnostico-y-dolencias-neuromusculares-reune-a-medicos-y-especialistas-en-colombia\/#article","isPartOf":{"@id":"https:\/\/neurovirtual.com\/latam\/iii-congreso-nacional-de-electrodiagnostico-y-dolencias-neuromusculares-reune-a-medicos-y-especialistas-en-colombia\/"},"author":{"name":"Jessika Brito","@id":"https:\/\/neurovirtual.com\/latam\/#\/schema\/person\/61c27629d3d16b3e601ef7db30001d49"},"headline":"III Congreso Nacional de Electrodiagn\u00f3stico y Dolencias Neuromusculares re\u00fane a m\u00e9dicos y especialistas en Colombia","datePublished":"2017-09-24T11:57:12+00:00","dateModified":"2017-11-16T12:20:40+00:00","mainEntityOfPage":{"@id":"https:\/\/neurovirtual.com\/latam\/iii-congreso-nacional-de-electrodiagnostico-y-dolencias-neuromusculares-reune-a-medicos-y-especialistas-en-colombia\/"},"wordCount":225,"commentCount":0,"publisher":{"@id":"https:\/\/neurovirtual.com\/latam\/#organization"},"articleSection":["Conferencias","Latam"],"inLanguage":"es-CO","potentialAction":[{"@type":"CommentAction","name":"Comment","target":["https:\/\/neurovirtual.com\/latam\/iii-congreso-nacional-de-electrodiagnostico-y-dolencias-neuromusculares-reune-a-medicos-y-especialistas-en-colombia\/#respond"]}]},{"@type":"WebPage","@id":"https:\/\/neurovirtual.com\/latam\/iii-congreso-nacional-de-electrodiagnostico-y-dolencias-neuromusculares-reune-a-medicos-y-especialistas-en-colombia\/","url":"https:\/\/neurovirtual.com\/latam\/iii-congreso-nacional-de-electrodiagnostico-y-dolencias-neuromusculares-reune-a-medicos-y-especialistas-en-colombia\/","name":"III Congreso Nacional de Electrodiagn\u00f3stico y Dolencias Neuromusculares re\u00fane a m\u00e9dicos y especialistas en Colombia - Neurovirtual \/ Humanizing diagnostics","isPartOf":{"@id":"https:\/\/neurovirtual.com\/latam\/#website"},"datePublished":"2017-09-24T11:57:12+00:00","dateModified":"2017-11-16T12:20:40+00:00","description":"%seo_description%","breadcrumb":{"@id":"https:\/\/neurovirtual.com\/latam\/iii-congreso-nacional-de-electrodiagnostico-y-dolencias-neuromusculares-reune-a-medicos-y-especialistas-en-colombia\/#breadcrumb"},"inLanguage":"es-CO","potentialAction":[{"@type":"ReadAction","target":["https:\/\/neurovirtual.com\/latam\/iii-congreso-nacional-de-electrodiagnostico-y-dolencias-neuromusculares-reune-a-medicos-y-especialistas-en-colombia\/"]}]},{"@type":"BreadcrumbList","@id":"https:\/\/neurovirtual.com\/latam\/iii-congreso-nacional-de-electrodiagnostico-y-dolencias-neuromusculares-reune-a-medicos-y-especialistas-en-colombia\/#breadcrumb","itemListElement":[{"@type":"ListItem","position":1,"name":"Portada","item":"https:\/\/neurovirtual.com\/latam\/"},{"@type":"ListItem","position":2,"name":"III Congreso Nacional de Electrodiagn\u00f3stico y Dolencias Neuromusculares re\u00fane a m\u00e9dicos y especialistas en Colombia"}]},{"@type":"WebSite","@id":"https:\/\/neurovirtual.com\/latam\/#website","url":"https:\/\/neurovirtual.com\/latam\/","name":"Neurovirtual \/ Humanizing diagnostics","description":"","publisher":{"@id":"https:\/\/neurovirtual.com\/latam\/#organization"},"potentialAction":[{"@type":"SearchAction","target":{"@type":"EntryPoint","urlTemplate":"https:\/\/neurovirtual.com\/latam\/?s={search_term_string}"},"query-input":"required name=search_term_string"}],"inLanguage":"es-CO"},{"@type":"Organization","@id":"https:\/\/neurovirtual.com\/latam\/#organization","name":"Neurovirtual","url":"https:\/\/neurovirtual.com\/latam\/","logo":{"@type":"ImageObject","inLanguage":"es-CO","@id":"https:\/\/neurovirtual.com\/latam\/#\/schema\/logo\/image\/","url":"https:\/\/neurovirtual.com\/latam\/wp-content\/uploads\/2023\/08\/1.-Logo-Neurovirtual-2022.png","contentUrl":"https:\/\/neurovirtual.com\/latam\/wp-content\/uploads\/2023\/08\/1.-Logo-Neurovirtual-2022.png","width":1964,"height":668,"caption":"Neurovirtual"},"image":{"@id":"https:\/\/neurovirtual.com\/latam\/#\/schema\/logo\/image\/"}},{"@type":"Person","@id":"https:\/\/neurovirtual.com\/latam\/#\/schema\/person\/61c27629d3d16b3e601ef7db30001d49","name":"Jessika Brito","image":{"@type":"ImageObject","inLanguage":"es-CO","@id":"https:\/\/neurovirtual.com\/latam\/#\/schema\/person\/image\/","url":"https:\/\/secure.gravatar.com\/avatar\/08d2f62bc8a1f215fdfebe63356acc30?s=96&d=mm&r=g","contentUrl":"https:\/\/secure.gravatar.com\/avatar\/08d2f62bc8a1f215fdfebe63356acc30?s=96&d=mm&r=g","caption":"Jessika Brito"},"url":"https:\/\/neurovirtual.com\/latam\/author\/brito\/"}]}},"_links":{"self":[{"href":"https:\/\/neurovirtual.com\/latam\/wp-json\/wp\/v2\/posts\/780423"}],"collection":[{"href":"https:\/\/neurovirtual.com\/latam\/wp-json\/wp\/v2\/posts"}],"about":[{"href":"https:\/\/neurovirtual.com\/latam\/wp-json\/wp\/v2\/types\/post"}],"author":[{"embeddable":true,"href":"https:\/\/neurovirtual.com\/latam\/wp-json\/wp\/v2\/users\/7"}],"replies":[{"embeddable":true,"href":"https:\/\/neurovirtual.com\/latam\/wp-json\/wp\/v2\/comments?post=780423"}],"version-history":[{"count":1,"href":"https:\/\/neurovirtual.com\/latam\/wp-json\/wp\/v2\/posts\/780423\/revisions"}],"predecessor-version":[{"id":780429,"href":"https:\/\/neurovirtual.com\/latam\/wp-json\/wp\/v2\/posts\/780423\/revisions\/780429"}],"wp:featuredmedia":[{"embeddable":true,"href":"https:\/\/neurovirtual.com\/latam\/wp-json\/wp\/v2\/media\/780425"}],"wp:attachment":[{"href":"https:\/\/neurovirtual.com\/latam\/wp-json\/wp\/v2\/media?parent=780423"}],"wp:term":[{"taxonomy":"category","embeddable":true,"href":"https:\/\/neurovirtual.com\/latam\/wp-json\/wp\/v2\/categories?post=780423"},{"taxonomy":"post_tag","embeddable":true,"href":"https:\/\/neurovirtual.com\/latam\/wp-json\/wp\/v2\/tags?post=780423"}],"curies":[{"name":"wp","href":"https:\/\/api.w.org\/{rel}","templated":true}]}}