{"id":780415,"date":"2017-09-30T08:53:02","date_gmt":"2017-09-30T11:53:02","guid":{"rendered":"https:\/\/neurovirtual.com\/latam\/?p=780415"},"modified":"2017-11-16T08:56:53","modified_gmt":"2017-11-16T10:56:53","slug":"sleepvirtual-participa-en-el-vi-congreso-chileno-de-medicina-del-sueno-en-la-ciudad-de-pucon","status":"publish","type":"post","link":"https:\/\/neurovirtual.com\/latam\/sleepvirtual-participa-en-el-vi-congreso-chileno-de-medicina-del-sueno-en-la-ciudad-de-pucon\/","title":{"rendered":"Sleepvirtual participa en el VI Congreso Chileno de Medicina del Sue\u00f1o en la ciudad de Puc\u00f3n"},"content":{"rendered":"<p><a href=\"https:\/\/neurovirtual.com\/latam\/wp-content\/uploads\/2017\/11\/capa-congresso-chileno.png\"><img decoding=\"async\" class=\"aligncenter size-full wp-image-780416\" src=\"https:\/\/neurovirtual.com\/latam\/wp-content\/uploads\/2017\/11\/capa-congresso-chileno.png\" alt=\"capa congresso chileno\" width=\"985\" height=\"207\" srcset=\"https:\/\/neurovirtual.com\/latam\/wp-content\/uploads\/2017\/11\/capa-congresso-chileno.png 985w, https:\/\/neurovirtual.com\/latam\/wp-content\/uploads\/2017\/11\/capa-congresso-chileno-300x63.png 300w, https:\/\/neurovirtual.com\/latam\/wp-content\/uploads\/2017\/11\/capa-congresso-chileno-460x97.png 460w\" sizes=\"(max-width: 985px) 100vw, 985px\" \/><\/a><\/p>\n<p>\u201cSue\u00f1o y salud: una visi\u00f3n del futuro\u201d. Sobre esa premisa, tuvo lugar en Chile, del 28 al 30 de septiembre, el VI Congreso Chileno de Medicina del Sue\u00f1o, realizado por SOCHIMES, la Sociedad Chilena de Medicina del Sue\u00f1o. Fue un encuentro cient\u00edfico caracterizado por un enfoque transversal que incluy\u00f3 distintas disciplinas y visiones de la medicina del sue\u00f1o.<\/p>\n<p>Con el prop\u00f3sito de contribuir con la capacitaci\u00f3n, actualizaci\u00f3n y educaci\u00f3n continua de los profesionales que trabajan en el \u00e1rea, los principales temas abordados fueron: la polisomnograf\u00eda en pediatr\u00eda, los ritmos circadianos, las novedades en el diagn\u00f3stico del insomnio y la actualizaci\u00f3n en el comportamiento del sue\u00f1o REM.<\/p>\n<p><a href=\"https:\/\/neurovirtual.com\/latam\/wp-content\/uploads\/2017\/11\/20170929_165812-1-1.jpg\"><img decoding=\"async\" class=\"aligncenter size-medium wp-image-780417\" src=\"https:\/\/neurovirtual.com\/latam\/wp-content\/uploads\/2017\/11\/20170929_165812-1-1-300x225.jpg\" alt=\"20170929_165812-1 (1)\" width=\"300\" height=\"225\" srcset=\"https:\/\/neurovirtual.com\/latam\/wp-content\/uploads\/2017\/11\/20170929_165812-1-1-300x225.jpg 300w, https:\/\/neurovirtual.com\/latam\/wp-content\/uploads\/2017\/11\/20170929_165812-1-1-1024x768.jpg 1024w, https:\/\/neurovirtual.com\/latam\/wp-content\/uploads\/2017\/11\/20170929_165812-1-1-333x250.jpg 333w, https:\/\/neurovirtual.com\/latam\/wp-content\/uploads\/2017\/11\/20170929_165812-1-1-453x340.jpg 453w, https:\/\/neurovirtual.com\/latam\/wp-content\/uploads\/2017\/11\/20170929_165812-1-1.jpg 1920w\" sizes=\"(max-width: 300px) 100vw, 300px\" \/><\/a><\/p>\n<p>Neurovirtual, participante en el evento, junto con su distribuidor exclusivo en Chile, estuvo presente en este espacio dedicado al desarrollo de la Medicina del Sue\u00f1o con un estand para presentar sus productos, con profesionales capacitados para responder las preguntas y con material informativo sobre los equipos. En esta ocasi\u00f3n estuvieron presentes el director de Sleepvirtual, Ed Faria, y la gerente comercial para Am\u00e9rica Latina, Deisy Rojas.<\/p>\n<p>Durante el congreso, Sleepvirtual present\u00f3 su l\u00ednea de equipos a los profesionales del \u00e1rea. Se destac\u00f3 el equipo BWMini PSG, un amplificador ligero y compacto, proyectado para HST Tipo 2 y Polisomnograf\u00eda de Laboratorio Tipo 1, con opci\u00f3n de ser actualizado tambi\u00e9n a EEG ambulatoria. Otro de los equipos que se presentaron fue el BWIII PSG Plus, el cual permite al usuario realizar la EEG y la polisomnograf\u00eda desde la misma plataforma de hardware y software, desde un equipo que puede ser transportado de un lugar a otro f\u00e1cilmente.<\/p>\n<p><a href=\"https:\/\/neurovirtual.com\/latam\/wp-content\/uploads\/2017\/11\/20170929_170057.jpg\"><img decoding=\"async\" class=\"aligncenter size-medium wp-image-780418\" src=\"https:\/\/neurovirtual.com\/latam\/wp-content\/uploads\/2017\/11\/20170929_170057-300x225.jpg\" alt=\"20170929_170057\" width=\"300\" height=\"225\" srcset=\"https:\/\/neurovirtual.com\/latam\/wp-content\/uploads\/2017\/11\/20170929_170057-300x225.jpg 300w, https:\/\/neurovirtual.com\/latam\/wp-content\/uploads\/2017\/11\/20170929_170057-1024x768.jpg 1024w, https:\/\/neurovirtual.com\/latam\/wp-content\/uploads\/2017\/11\/20170929_170057-333x250.jpg 333w, https:\/\/neurovirtual.com\/latam\/wp-content\/uploads\/2017\/11\/20170929_170057-453x340.jpg 453w, https:\/\/neurovirtual.com\/latam\/wp-content\/uploads\/2017\/11\/20170929_170057.jpg 1920w\" sizes=\"(max-width: 300px) 100vw, 300px\" \/><\/a><\/p>\n<p><em>\u201cParticipamos activamente en todos los congresos y eventos sobre medicina del sue\u00f1o. Para nosotros, en Sleepvirtual, el intercambio de informaci\u00f3n es extremadamente valioso. Y siempre recibimos en nuestro estand a los especialistas en el tema para que conozcan nuestros equipos de tecnolog\u00eda de punta. Vamos a seguir invirtiendo en la participaci\u00f3n en eventos en todo el mundo\u201d<\/em>, dijo Ed Faria, director de Sleepvirtual.<\/p>\n","protected":false},"excerpt":{"rendered":"<p>\u201cSue\u00f1o y salud: una visi\u00f3n del futuro\u201d. Sobre esa premisa, tuvo lugar en Chile, del 28 al 30 de septiembre, el VI Congreso Chileno de Medicina del Sue\u00f1o, realizado por SOCHIMES, la Sociedad Chilena de Medicina del Sue\u00f1o. Fue un encuentro cient\u00edfico caracterizado por un enfoque transversal que incluy\u00f3 distintas disciplinas y visiones de la&#8230;<\/p>\n","protected":false},"author":7,"featured_media":780421,"comment_status":"open","ping_status":"open","sticky":false,"template":"","format":"standard","meta":{"footnotes":"","_joinchat":[]},"categories":[7,13],"tags":[],"acf":[],"yoast_head":"<!-- This site is optimized with the Yoast SEO plugin v21.7 - https:\/\/yoast.com\/wordpress\/plugins\/seo\/ -->\n<title>Sleepvirtual participa en el VI Congreso Chileno de Medicina del Sue\u00f1o en la ciudad de Puc\u00f3n - Neurovirtual \/ Humanizing diagnostics<\/title>\n<meta name=\"description\" content=\"%seo_description%\" \/>\n<meta name=\"robots\" content=\"index, follow, max-snippet:-1, max-image-preview:large, max-video-preview:-1\" \/>\n<link rel=\"canonical\" href=\"https:\/\/neurovirtual.com\/latam\/sleepvirtual-participa-en-el-vi-congreso-chileno-de-medicina-del-sueno-en-la-ciudad-de-pucon\/\" \/>\n<meta property=\"og:locale\" content=\"es_ES\" \/>\n<meta property=\"og:type\" content=\"article\" \/>\n<meta property=\"og:title\" content=\"Sleepvirtual participa en el VI Congreso Chileno de Medicina del Sue\u00f1o en la ciudad de Puc\u00f3n - Neurovirtual \/ Humanizing diagnostics\" \/>\n<meta property=\"og:description\" content=\"%seo_description%\" \/>\n<meta property=\"og:url\" content=\"https:\/\/neurovirtual.com\/latam\/sleepvirtual-participa-en-el-vi-congreso-chileno-de-medicina-del-sueno-en-la-ciudad-de-pucon\/\" \/>\n<meta property=\"og:site_name\" content=\"Neurovirtual \/ Humanizing diagnostics\" \/>\n<meta property=\"article:published_time\" content=\"2017-09-30T11:53:02+00:00\" \/>\n<meta property=\"article:modified_time\" content=\"2017-11-16T10:56:53+00:00\" \/>\n<meta property=\"og:image\" content=\"https:\/\/neurovirtual.com\/latam\/wp-content\/uploads\/2017\/09\/capa-congresso-chileno.jpg\" \/>\n\t<meta property=\"og:image:width\" content=\"300\" \/>\n\t<meta property=\"og:image:height\" content=\"168\" \/>\n\t<meta property=\"og:image:type\" content=\"image\/jpeg\" \/>\n<meta name=\"author\" content=\"Jessika Brito\" \/>\n<meta name=\"twitter:card\" content=\"summary_large_image\" \/>\n<meta name=\"twitter:label1\" content=\"Escrito por\" \/>\n\t<meta name=\"twitter:data1\" content=\"Jessika Brito\" \/>\n\t<meta name=\"twitter:label2\" content=\"Tiempo estimado de lectura\" \/>\n\t<meta name=\"twitter:data2\" content=\"2 minutos\" \/>\n<script type=\"application\/ld+json\" class=\"yoast-schema-graph\">{\"@context\":\"https:\/\/schema.org\",\"@graph\":[{\"@type\":\"Article\",\"@id\":\"https:\/\/neurovirtual.com\/latam\/sleepvirtual-participa-en-el-vi-congreso-chileno-de-medicina-del-sueno-en-la-ciudad-de-pucon\/#article\",\"isPartOf\":{\"@id\":\"https:\/\/neurovirtual.com\/latam\/sleepvirtual-participa-en-el-vi-congreso-chileno-de-medicina-del-sueno-en-la-ciudad-de-pucon\/\"},\"author\":{\"name\":\"Jessika Brito\",\"@id\":\"https:\/\/neurovirtual.com\/latam\/#\/schema\/person\/61c27629d3d16b3e601ef7db30001d49\"},\"headline\":\"Sleepvirtual participa en el VI Congreso Chileno de Medicina del Sue\u00f1o en la ciudad de Puc\u00f3n\",\"datePublished\":\"2017-09-30T11:53:02+00:00\",\"dateModified\":\"2017-11-16T10:56:53+00:00\",\"mainEntityOfPage\":{\"@id\":\"https:\/\/neurovirtual.com\/latam\/sleepvirtual-participa-en-el-vi-congreso-chileno-de-medicina-del-sueno-en-la-ciudad-de-pucon\/\"},\"wordCount\":366,\"commentCount\":0,\"publisher\":{\"@id\":\"https:\/\/neurovirtual.com\/latam\/#organization\"},\"articleSection\":[\"Conferencias\",\"Latam\"],\"inLanguage\":\"es-CO\",\"potentialAction\":[{\"@type\":\"CommentAction\",\"name\":\"Comment\",\"target\":[\"https:\/\/neurovirtual.com\/latam\/sleepvirtual-participa-en-el-vi-congreso-chileno-de-medicina-del-sueno-en-la-ciudad-de-pucon\/#respond\"]}]},{\"@type\":\"WebPage\",\"@id\":\"https:\/\/neurovirtual.com\/latam\/sleepvirtual-participa-en-el-vi-congreso-chileno-de-medicina-del-sueno-en-la-ciudad-de-pucon\/\",\"url\":\"https:\/\/neurovirtual.com\/latam\/sleepvirtual-participa-en-el-vi-congreso-chileno-de-medicina-del-sueno-en-la-ciudad-de-pucon\/\",\"name\":\"Sleepvirtual participa en el VI Congreso Chileno de Medicina del Sue\u00f1o en la ciudad de Puc\u00f3n - Neurovirtual \/ Humanizing diagnostics\",\"isPartOf\":{\"@id\":\"https:\/\/neurovirtual.com\/latam\/#website\"},\"datePublished\":\"2017-09-30T11:53:02+00:00\",\"dateModified\":\"2017-11-16T10:56:53+00:00\",\"description\":\"%seo_description%\",\"breadcrumb\":{\"@id\":\"https:\/\/neurovirtual.com\/latam\/sleepvirtual-participa-en-el-vi-congreso-chileno-de-medicina-del-sueno-en-la-ciudad-de-pucon\/#breadcrumb\"},\"inLanguage\":\"es-CO\",\"potentialAction\":[{\"@type\":\"ReadAction\",\"target\":[\"https:\/\/neurovirtual.com\/latam\/sleepvirtual-participa-en-el-vi-congreso-chileno-de-medicina-del-sueno-en-la-ciudad-de-pucon\/\"]}]},{\"@type\":\"BreadcrumbList\",\"@id\":\"https:\/\/neurovirtual.com\/latam\/sleepvirtual-participa-en-el-vi-congreso-chileno-de-medicina-del-sueno-en-la-ciudad-de-pucon\/#breadcrumb\",\"itemListElement\":[{\"@type\":\"ListItem\",\"position\":1,\"name\":\"Portada\",\"item\":\"https:\/\/neurovirtual.com\/latam\/\"},{\"@type\":\"ListItem\",\"position\":2,\"name\":\"Sleepvirtual participa en el VI Congreso Chileno de Medicina del Sue\u00f1o en la ciudad de Puc\u00f3n\"}]},{\"@type\":\"WebSite\",\"@id\":\"https:\/\/neurovirtual.com\/latam\/#website\",\"url\":\"https:\/\/neurovirtual.com\/latam\/\",\"name\":\"Neurovirtual \/ Humanizing diagnostics\",\"description\":\"\",\"publisher\":{\"@id\":\"https:\/\/neurovirtual.com\/latam\/#organization\"},\"potentialAction\":[{\"@type\":\"SearchAction\",\"target\":{\"@type\":\"EntryPoint\",\"urlTemplate\":\"https:\/\/neurovirtual.com\/latam\/?s={search_term_string}\"},\"query-input\":\"required name=search_term_string\"}],\"inLanguage\":\"es-CO\"},{\"@type\":\"Organization\",\"@id\":\"https:\/\/neurovirtual.com\/latam\/#organization\",\"name\":\"Neurovirtual\",\"url\":\"https:\/\/neurovirtual.com\/latam\/\",\"logo\":{\"@type\":\"ImageObject\",\"inLanguage\":\"es-CO\",\"@id\":\"https:\/\/neurovirtual.com\/latam\/#\/schema\/logo\/image\/\",\"url\":\"https:\/\/neurovirtual.com\/latam\/wp-content\/uploads\/2023\/08\/1.-Logo-Neurovirtual-2022.png\",\"contentUrl\":\"https:\/\/neurovirtual.com\/latam\/wp-content\/uploads\/2023\/08\/1.-Logo-Neurovirtual-2022.png\",\"width\":1964,\"height\":668,\"caption\":\"Neurovirtual\"},\"image\":{\"@id\":\"https:\/\/neurovirtual.com\/latam\/#\/schema\/logo\/image\/\"}},{\"@type\":\"Person\",\"@id\":\"https:\/\/neurovirtual.com\/latam\/#\/schema\/person\/61c27629d3d16b3e601ef7db30001d49\",\"name\":\"Jessika Brito\",\"image\":{\"@type\":\"ImageObject\",\"inLanguage\":\"es-CO\",\"@id\":\"https:\/\/neurovirtual.com\/latam\/#\/schema\/person\/image\/\",\"url\":\"https:\/\/secure.gravatar.com\/avatar\/08d2f62bc8a1f215fdfebe63356acc30?s=96&d=mm&r=g\",\"contentUrl\":\"https:\/\/secure.gravatar.com\/avatar\/08d2f62bc8a1f215fdfebe63356acc30?s=96&d=mm&r=g\",\"caption\":\"Jessika Brito\"},\"url\":\"https:\/\/neurovirtual.com\/latam\/author\/brito\/\"}]}<\/script>\n<!-- \/ Yoast SEO plugin. -->","yoast_head_json":{"title":"Sleepvirtual participa en el VI Congreso Chileno de Medicina del Sue\u00f1o en la ciudad de Puc\u00f3n - Neurovirtual \/ Humanizing diagnostics","description":"%seo_description%","robots":{"index":"index","follow":"follow","max-snippet":"max-snippet:-1","max-image-preview":"max-image-preview:large","max-video-preview":"max-video-preview:-1"},"canonical":"https:\/\/neurovirtual.com\/latam\/sleepvirtual-participa-en-el-vi-congreso-chileno-de-medicina-del-sueno-en-la-ciudad-de-pucon\/","og_locale":"es_ES","og_type":"article","og_title":"Sleepvirtual participa en el VI Congreso Chileno de Medicina del Sue\u00f1o en la ciudad de Puc\u00f3n - Neurovirtual \/ Humanizing diagnostics","og_description":"%seo_description%","og_url":"https:\/\/neurovirtual.com\/latam\/sleepvirtual-participa-en-el-vi-congreso-chileno-de-medicina-del-sueno-en-la-ciudad-de-pucon\/","og_site_name":"Neurovirtual \/ Humanizing diagnostics","article_published_time":"2017-09-30T11:53:02+00:00","article_modified_time":"2017-11-16T10:56:53+00:00","og_image":[{"width":300,"height":168,"url":"https:\/\/neurovirtual.com\/latam\/wp-content\/uploads\/2017\/09\/capa-congresso-chileno.jpg","type":"image\/jpeg"}],"author":"Jessika Brito","twitter_card":"summary_large_image","twitter_misc":{"Escrito por":"Jessika Brito","Tiempo estimado de lectura":"2 minutos"},"schema":{"@context":"https:\/\/schema.org","@graph":[{"@type":"Article","@id":"https:\/\/neurovirtual.com\/latam\/sleepvirtual-participa-en-el-vi-congreso-chileno-de-medicina-del-sueno-en-la-ciudad-de-pucon\/#article","isPartOf":{"@id":"https:\/\/neurovirtual.com\/latam\/sleepvirtual-participa-en-el-vi-congreso-chileno-de-medicina-del-sueno-en-la-ciudad-de-pucon\/"},"author":{"name":"Jessika Brito","@id":"https:\/\/neurovirtual.com\/latam\/#\/schema\/person\/61c27629d3d16b3e601ef7db30001d49"},"headline":"Sleepvirtual participa en el VI Congreso Chileno de Medicina del Sue\u00f1o en la ciudad de Puc\u00f3n","datePublished":"2017-09-30T11:53:02+00:00","dateModified":"2017-11-16T10:56:53+00:00","mainEntityOfPage":{"@id":"https:\/\/neurovirtual.com\/latam\/sleepvirtual-participa-en-el-vi-congreso-chileno-de-medicina-del-sueno-en-la-ciudad-de-pucon\/"},"wordCount":366,"commentCount":0,"publisher":{"@id":"https:\/\/neurovirtual.com\/latam\/#organization"},"articleSection":["Conferencias","Latam"],"inLanguage":"es-CO","potentialAction":[{"@type":"CommentAction","name":"Comment","target":["https:\/\/neurovirtual.com\/latam\/sleepvirtual-participa-en-el-vi-congreso-chileno-de-medicina-del-sueno-en-la-ciudad-de-pucon\/#respond"]}]},{"@type":"WebPage","@id":"https:\/\/neurovirtual.com\/latam\/sleepvirtual-participa-en-el-vi-congreso-chileno-de-medicina-del-sueno-en-la-ciudad-de-pucon\/","url":"https:\/\/neurovirtual.com\/latam\/sleepvirtual-participa-en-el-vi-congreso-chileno-de-medicina-del-sueno-en-la-ciudad-de-pucon\/","name":"Sleepvirtual participa en el VI Congreso Chileno de Medicina del Sue\u00f1o en la ciudad de Puc\u00f3n - Neurovirtual \/ Humanizing diagnostics","isPartOf":{"@id":"https:\/\/neurovirtual.com\/latam\/#website"},"datePublished":"2017-09-30T11:53:02+00:00","dateModified":"2017-11-16T10:56:53+00:00","description":"%seo_description%","breadcrumb":{"@id":"https:\/\/neurovirtual.com\/latam\/sleepvirtual-participa-en-el-vi-congreso-chileno-de-medicina-del-sueno-en-la-ciudad-de-pucon\/#breadcrumb"},"inLanguage":"es-CO","potentialAction":[{"@type":"ReadAction","target":["https:\/\/neurovirtual.com\/latam\/sleepvirtual-participa-en-el-vi-congreso-chileno-de-medicina-del-sueno-en-la-ciudad-de-pucon\/"]}]},{"@type":"BreadcrumbList","@id":"https:\/\/neurovirtual.com\/latam\/sleepvirtual-participa-en-el-vi-congreso-chileno-de-medicina-del-sueno-en-la-ciudad-de-pucon\/#breadcrumb","itemListElement":[{"@type":"ListItem","position":1,"name":"Portada","item":"https:\/\/neurovirtual.com\/latam\/"},{"@type":"ListItem","position":2,"name":"Sleepvirtual participa en el VI Congreso Chileno de Medicina del Sue\u00f1o en la ciudad de Puc\u00f3n"}]},{"@type":"WebSite","@id":"https:\/\/neurovirtual.com\/latam\/#website","url":"https:\/\/neurovirtual.com\/latam\/","name":"Neurovirtual \/ Humanizing diagnostics","description":"","publisher":{"@id":"https:\/\/neurovirtual.com\/latam\/#organization"},"potentialAction":[{"@type":"SearchAction","target":{"@type":"EntryPoint","urlTemplate":"https:\/\/neurovirtual.com\/latam\/?s={search_term_string}"},"query-input":"required name=search_term_string"}],"inLanguage":"es-CO"},{"@type":"Organization","@id":"https:\/\/neurovirtual.com\/latam\/#organization","name":"Neurovirtual","url":"https:\/\/neurovirtual.com\/latam\/","logo":{"@type":"ImageObject","inLanguage":"es-CO","@id":"https:\/\/neurovirtual.com\/latam\/#\/schema\/logo\/image\/","url":"https:\/\/neurovirtual.com\/latam\/wp-content\/uploads\/2023\/08\/1.-Logo-Neurovirtual-2022.png","contentUrl":"https:\/\/neurovirtual.com\/latam\/wp-content\/uploads\/2023\/08\/1.-Logo-Neurovirtual-2022.png","width":1964,"height":668,"caption":"Neurovirtual"},"image":{"@id":"https:\/\/neurovirtual.com\/latam\/#\/schema\/logo\/image\/"}},{"@type":"Person","@id":"https:\/\/neurovirtual.com\/latam\/#\/schema\/person\/61c27629d3d16b3e601ef7db30001d49","name":"Jessika Brito","image":{"@type":"ImageObject","inLanguage":"es-CO","@id":"https:\/\/neurovirtual.com\/latam\/#\/schema\/person\/image\/","url":"https:\/\/secure.gravatar.com\/avatar\/08d2f62bc8a1f215fdfebe63356acc30?s=96&d=mm&r=g","contentUrl":"https:\/\/secure.gravatar.com\/avatar\/08d2f62bc8a1f215fdfebe63356acc30?s=96&d=mm&r=g","caption":"Jessika Brito"},"url":"https:\/\/neurovirtual.com\/latam\/author\/brito\/"}]}},"_links":{"self":[{"href":"https:\/\/neurovirtual.com\/latam\/wp-json\/wp\/v2\/posts\/780415"}],"collection":[{"href":"https:\/\/neurovirtual.com\/latam\/wp-json\/wp\/v2\/posts"}],"about":[{"href":"https:\/\/neurovirtual.com\/latam\/wp-json\/wp\/v2\/types\/post"}],"author":[{"embeddable":true,"href":"https:\/\/neurovirtual.com\/latam\/wp-json\/wp\/v2\/users\/7"}],"replies":[{"embeddable":true,"href":"https:\/\/neurovirtual.com\/latam\/wp-json\/wp\/v2\/comments?post=780415"}],"version-history":[{"count":3,"href":"https:\/\/neurovirtual.com\/latam\/wp-json\/wp\/v2\/posts\/780415\/revisions"}],"predecessor-version":[{"id":780422,"href":"https:\/\/neurovirtual.com\/latam\/wp-json\/wp\/v2\/posts\/780415\/revisions\/780422"}],"wp:featuredmedia":[{"embeddable":true,"href":"https:\/\/neurovirtual.com\/latam\/wp-json\/wp\/v2\/media\/780421"}],"wp:attachment":[{"href":"https:\/\/neurovirtual.com\/latam\/wp-json\/wp\/v2\/media?parent=780415"}],"wp:term":[{"taxonomy":"category","embeddable":true,"href":"https:\/\/neurovirtual.com\/latam\/wp-json\/wp\/v2\/categories?post=780415"},{"taxonomy":"post_tag","embeddable":true,"href":"https:\/\/neurovirtual.com\/latam\/wp-json\/wp\/v2\/tags?post=780415"}],"curies":[{"name":"wp","href":"https:\/\/api.w.org\/{rel}","templated":true}]}}