{"id":780408,"date":"2017-10-08T08:48:17","date_gmt":"2017-10-08T11:48:17","guid":{"rendered":"https:\/\/neurovirtual.com\/latam\/?p=780408"},"modified":"2017-11-16T08:51:58","modified_gmt":"2017-11-16T10:51:58","slug":"punta-cana-alberga-al-xxvi-congreso-dominicano-internacional-de-neurologia-y-neurocirugia","status":"publish","type":"post","link":"https:\/\/neurovirtual.com\/latam\/punta-cana-alberga-al-xxvi-congreso-dominicano-internacional-de-neurologia-y-neurocirugia\/","title":{"rendered":"Punta Cana alberga al XXVI Congreso Dominicano Internacional de Neurolog\u00eda y Neurocirug\u00eda"},"content":{"rendered":"<p><a href=\"https:\/\/neurovirtual.com\/latam\/wp-content\/uploads\/2017\/11\/capa-congresso-republica-dominicana-2.jpg\"><img decoding=\"async\" class=\"aligncenter size-full wp-image-780409\" src=\"https:\/\/neurovirtual.com\/latam\/wp-content\/uploads\/2017\/11\/capa-congresso-republica-dominicana-2.jpg\" alt=\"capa congresso republica dominicana 2\" width=\"985\" height=\"207\" srcset=\"https:\/\/neurovirtual.com\/latam\/wp-content\/uploads\/2017\/11\/capa-congresso-republica-dominicana-2.jpg 985w, https:\/\/neurovirtual.com\/latam\/wp-content\/uploads\/2017\/11\/capa-congresso-republica-dominicana-2-300x63.jpg 300w, https:\/\/neurovirtual.com\/latam\/wp-content\/uploads\/2017\/11\/capa-congresso-republica-dominicana-2-460x97.jpg 460w\" sizes=\"(max-width: 985px) 100vw, 985px\" \/><\/a><\/p>\n<p>Cerca de 270 profesionales se reunieron, del 5 al 8 de octubre, en la bell\u00edsima ciudad de Punta Cana en la Rep\u00fablica Dominicana, para participar en el XXVI Congreso Dominicano Internacional de Neurolog\u00eda y Neurocirug\u00eda. Con la participaci\u00f3n de especialistas nacionales e internacionales, el evento tuvo como temas centrales la neuropediatr\u00eda, el dolor neurop\u00e1tico, los tumores cerebrales, la neurocirug\u00eda, y la neurocirug\u00eda funcional, entre otros.<\/p>\n<p>Especialistas de M\u00e9xico, Estados Unidos, Argentina, Costa Rica, Brasil y Republica Dominicana condujeron conferencias y paneles sobre la utilidad de la endoscopia en la malformaci\u00f3n cerebral; el tratamiento de hernias discales a trav\u00e9s del procedimiento ambulatorio de discectom\u00eda percut\u00e1nea l\u00e1ser; el infarto cerebral emb\u00f3lico de origen indeterminado.<\/p>\n<p><a href=\"https:\/\/neurovirtual.com\/latam\/wp-content\/uploads\/2017\/11\/20171006_123622.jpg\"><img decoding=\"async\" class=\"aligncenter size-medium wp-image-780412\" src=\"https:\/\/neurovirtual.com\/latam\/wp-content\/uploads\/2017\/11\/20171006_123622-300x225.jpg\" alt=\"20171006_123622\" width=\"300\" height=\"225\" srcset=\"https:\/\/neurovirtual.com\/latam\/wp-content\/uploads\/2017\/11\/20171006_123622-300x225.jpg 300w, https:\/\/neurovirtual.com\/latam\/wp-content\/uploads\/2017\/11\/20171006_123622-1024x768.jpg 1024w, https:\/\/neurovirtual.com\/latam\/wp-content\/uploads\/2017\/11\/20171006_123622-333x250.jpg 333w, https:\/\/neurovirtual.com\/latam\/wp-content\/uploads\/2017\/11\/20171006_123622-453x340.jpg 453w, https:\/\/neurovirtual.com\/latam\/wp-content\/uploads\/2017\/11\/20171006_123622.jpg 1920w\" sizes=\"(max-width: 300px) 100vw, 300px\" \/><\/a><\/p>\n<p>El programa cient\u00edfico del congreso tambi\u00e9n incluy\u00f3 presentaciones sobre la escler\u00f3sis m\u00faltiple, la oftalmoplej\u00eda y las alteraciones del lenguaje, la encefalitis necrosante, exposici\u00f3n de caso; los efectos de las convulsiones en la cognici\u00f3n y en el humor de pacientes con epilepsia.<\/p>\n<p>Neurovirtual mont\u00f3 un estand para presentar sus productos, con profesionales capacitados para responder las preguntas y con material informativo sobre los equipos. Varios especialistas visitaron el espacio de Neurovirtual para resolver sus dudas y para conocer los equipos m\u00e1s recientes. En el estand se entregaron los cat\u00e1logos de EEG y las ediciones 18, 19 y 20 de la revista Neurovirtual News a m\u00e1s de 50 participantes.<\/p>\n<p><a href=\"https:\/\/neurovirtual.com\/latam\/wp-content\/uploads\/2017\/11\/20171005_1937481.jpg\"><img decoding=\"async\" class=\"aligncenter size-medium wp-image-780413\" src=\"https:\/\/neurovirtual.com\/latam\/wp-content\/uploads\/2017\/11\/20171005_1937481-300x225.jpg\" alt=\"20171005_193748\" width=\"300\" height=\"225\" srcset=\"https:\/\/neurovirtual.com\/latam\/wp-content\/uploads\/2017\/11\/20171005_1937481-300x225.jpg 300w, https:\/\/neurovirtual.com\/latam\/wp-content\/uploads\/2017\/11\/20171005_1937481-1024x768.jpg 1024w, https:\/\/neurovirtual.com\/latam\/wp-content\/uploads\/2017\/11\/20171005_1937481-333x250.jpg 333w, https:\/\/neurovirtual.com\/latam\/wp-content\/uploads\/2017\/11\/20171005_1937481-453x340.jpg 453w, https:\/\/neurovirtual.com\/latam\/wp-content\/uploads\/2017\/11\/20171005_1937481.jpg 1920w\" sizes=\"(max-width: 300px) 100vw, 300px\" \/><\/a><\/p>\n<p>Se destac\u00f3 el equipo BWIII EEG Plus ICU Monitoreo de EEG, que permite la personalizaci\u00f3n de protocolos en la Unidad de Terapia Intensiva de neurolog\u00eda y video EEG con evaluaci\u00f3n m\u00e9dica en l\u00ednea desde cualquier estaci\u00f3n de trabajo.<\/p>\n<p>La gerente comercial de Neurovirtual para Am\u00e9rica Latina, Deisy Rojas, particip\u00f3 en el evento y resalt\u00f3: <em>\u201cEs importante estar presentes junto a los especialistas, quienes tienen la oportunidad de conocer nuestros equipos y de intercambiar informaci\u00f3n\u201d.<\/em><\/p>\n","protected":false},"excerpt":{"rendered":"<p>Cerca de 270 profesionales se reunieron, del 5 al 8 de octubre, en la bell\u00edsima ciudad de Punta Cana en la Rep\u00fablica Dominicana, para participar en el XXVI Congreso Dominicano Internacional de Neurolog\u00eda y Neurocirug\u00eda. Con la participaci\u00f3n de especialistas nacionales e internacionales, el evento tuvo como temas centrales la neuropediatr\u00eda, el dolor neurop\u00e1tico, los&#8230;<\/p>\n","protected":false},"author":7,"featured_media":780410,"comment_status":"open","ping_status":"open","sticky":false,"template":"","format":"standard","meta":{"footnotes":"","_joinchat":[]},"categories":[7,13],"tags":[],"acf":[],"yoast_head":"<!-- This site is optimized with the Yoast SEO plugin v21.7 - https:\/\/yoast.com\/wordpress\/plugins\/seo\/ -->\n<title>Punta Cana alberga al XXVI Congreso Dominicano Internacional de Neurolog\u00eda y Neurocirug\u00eda - Neurovirtual \/ Humanizing diagnostics<\/title>\n<meta name=\"description\" content=\"%seo_description%\" \/>\n<meta name=\"robots\" content=\"index, follow, max-snippet:-1, max-image-preview:large, max-video-preview:-1\" \/>\n<link rel=\"canonical\" href=\"https:\/\/neurovirtual.com\/latam\/punta-cana-alberga-al-xxvi-congreso-dominicano-internacional-de-neurologia-y-neurocirugia\/\" \/>\n<meta property=\"og:locale\" content=\"es_ES\" \/>\n<meta property=\"og:type\" content=\"article\" \/>\n<meta property=\"og:title\" content=\"Punta Cana alberga al XXVI Congreso Dominicano Internacional de Neurolog\u00eda y Neurocirug\u00eda - Neurovirtual \/ Humanizing diagnostics\" \/>\n<meta property=\"og:description\" content=\"%seo_description%\" \/>\n<meta property=\"og:url\" content=\"https:\/\/neurovirtual.com\/latam\/punta-cana-alberga-al-xxvi-congreso-dominicano-internacional-de-neurologia-y-neurocirugia\/\" \/>\n<meta property=\"og:site_name\" content=\"Neurovirtual \/ Humanizing diagnostics\" \/>\n<meta property=\"article:published_time\" content=\"2017-10-08T11:48:17+00:00\" \/>\n<meta property=\"article:modified_time\" content=\"2017-11-16T10:51:58+00:00\" \/>\n<meta property=\"og:image\" content=\"https:\/\/neurovirtual.com\/latam\/wp-content\/uploads\/2017\/11\/capa-congresso-republica-dominicana.jpg\" \/>\n\t<meta property=\"og:image:width\" content=\"300\" \/>\n\t<meta property=\"og:image:height\" content=\"168\" \/>\n\t<meta property=\"og:image:type\" content=\"image\/jpeg\" \/>\n<meta name=\"author\" content=\"Jessika Brito\" \/>\n<meta name=\"twitter:card\" content=\"summary_large_image\" \/>\n<meta name=\"twitter:label1\" content=\"Escrito por\" \/>\n\t<meta name=\"twitter:data1\" content=\"Jessika Brito\" \/>\n\t<meta name=\"twitter:label2\" content=\"Tiempo estimado de lectura\" \/>\n\t<meta name=\"twitter:data2\" content=\"2 minutos\" \/>\n<script type=\"application\/ld+json\" class=\"yoast-schema-graph\">{\"@context\":\"https:\/\/schema.org\",\"@graph\":[{\"@type\":\"Article\",\"@id\":\"https:\/\/neurovirtual.com\/latam\/punta-cana-alberga-al-xxvi-congreso-dominicano-internacional-de-neurologia-y-neurocirugia\/#article\",\"isPartOf\":{\"@id\":\"https:\/\/neurovirtual.com\/latam\/punta-cana-alberga-al-xxvi-congreso-dominicano-internacional-de-neurologia-y-neurocirugia\/\"},\"author\":{\"name\":\"Jessika Brito\",\"@id\":\"https:\/\/neurovirtual.com\/latam\/#\/schema\/person\/61c27629d3d16b3e601ef7db30001d49\"},\"headline\":\"Punta Cana alberga al XXVI Congreso Dominicano Internacional de Neurolog\u00eda y Neurocirug\u00eda\",\"datePublished\":\"2017-10-08T11:48:17+00:00\",\"dateModified\":\"2017-11-16T10:51:58+00:00\",\"mainEntityOfPage\":{\"@id\":\"https:\/\/neurovirtual.com\/latam\/punta-cana-alberga-al-xxvi-congreso-dominicano-internacional-de-neurologia-y-neurocirugia\/\"},\"wordCount\":334,\"commentCount\":0,\"publisher\":{\"@id\":\"https:\/\/neurovirtual.com\/latam\/#organization\"},\"articleSection\":[\"Conferencias\",\"Latam\"],\"inLanguage\":\"es-CO\",\"potentialAction\":[{\"@type\":\"CommentAction\",\"name\":\"Comment\",\"target\":[\"https:\/\/neurovirtual.com\/latam\/punta-cana-alberga-al-xxvi-congreso-dominicano-internacional-de-neurologia-y-neurocirugia\/#respond\"]}]},{\"@type\":\"WebPage\",\"@id\":\"https:\/\/neurovirtual.com\/latam\/punta-cana-alberga-al-xxvi-congreso-dominicano-internacional-de-neurologia-y-neurocirugia\/\",\"url\":\"https:\/\/neurovirtual.com\/latam\/punta-cana-alberga-al-xxvi-congreso-dominicano-internacional-de-neurologia-y-neurocirugia\/\",\"name\":\"Punta Cana alberga al XXVI Congreso Dominicano Internacional de Neurolog\u00eda y Neurocirug\u00eda - Neurovirtual \/ Humanizing diagnostics\",\"isPartOf\":{\"@id\":\"https:\/\/neurovirtual.com\/latam\/#website\"},\"datePublished\":\"2017-10-08T11:48:17+00:00\",\"dateModified\":\"2017-11-16T10:51:58+00:00\",\"description\":\"%seo_description%\",\"breadcrumb\":{\"@id\":\"https:\/\/neurovirtual.com\/latam\/punta-cana-alberga-al-xxvi-congreso-dominicano-internacional-de-neurologia-y-neurocirugia\/#breadcrumb\"},\"inLanguage\":\"es-CO\",\"potentialAction\":[{\"@type\":\"ReadAction\",\"target\":[\"https:\/\/neurovirtual.com\/latam\/punta-cana-alberga-al-xxvi-congreso-dominicano-internacional-de-neurologia-y-neurocirugia\/\"]}]},{\"@type\":\"BreadcrumbList\",\"@id\":\"https:\/\/neurovirtual.com\/latam\/punta-cana-alberga-al-xxvi-congreso-dominicano-internacional-de-neurologia-y-neurocirugia\/#breadcrumb\",\"itemListElement\":[{\"@type\":\"ListItem\",\"position\":1,\"name\":\"Portada\",\"item\":\"https:\/\/neurovirtual.com\/latam\/\"},{\"@type\":\"ListItem\",\"position\":2,\"name\":\"Punta Cana alberga al XXVI Congreso Dominicano Internacional de Neurolog\u00eda y Neurocirug\u00eda\"}]},{\"@type\":\"WebSite\",\"@id\":\"https:\/\/neurovirtual.com\/latam\/#website\",\"url\":\"https:\/\/neurovirtual.com\/latam\/\",\"name\":\"Neurovirtual \/ Humanizing diagnostics\",\"description\":\"\",\"publisher\":{\"@id\":\"https:\/\/neurovirtual.com\/latam\/#organization\"},\"potentialAction\":[{\"@type\":\"SearchAction\",\"target\":{\"@type\":\"EntryPoint\",\"urlTemplate\":\"https:\/\/neurovirtual.com\/latam\/?s={search_term_string}\"},\"query-input\":\"required name=search_term_string\"}],\"inLanguage\":\"es-CO\"},{\"@type\":\"Organization\",\"@id\":\"https:\/\/neurovirtual.com\/latam\/#organization\",\"name\":\"Neurovirtual\",\"url\":\"https:\/\/neurovirtual.com\/latam\/\",\"logo\":{\"@type\":\"ImageObject\",\"inLanguage\":\"es-CO\",\"@id\":\"https:\/\/neurovirtual.com\/latam\/#\/schema\/logo\/image\/\",\"url\":\"https:\/\/neurovirtual.com\/latam\/wp-content\/uploads\/2023\/08\/1.-Logo-Neurovirtual-2022.png\",\"contentUrl\":\"https:\/\/neurovirtual.com\/latam\/wp-content\/uploads\/2023\/08\/1.-Logo-Neurovirtual-2022.png\",\"width\":1964,\"height\":668,\"caption\":\"Neurovirtual\"},\"image\":{\"@id\":\"https:\/\/neurovirtual.com\/latam\/#\/schema\/logo\/image\/\"}},{\"@type\":\"Person\",\"@id\":\"https:\/\/neurovirtual.com\/latam\/#\/schema\/person\/61c27629d3d16b3e601ef7db30001d49\",\"name\":\"Jessika Brito\",\"image\":{\"@type\":\"ImageObject\",\"inLanguage\":\"es-CO\",\"@id\":\"https:\/\/neurovirtual.com\/latam\/#\/schema\/person\/image\/\",\"url\":\"https:\/\/secure.gravatar.com\/avatar\/08d2f62bc8a1f215fdfebe63356acc30?s=96&d=mm&r=g\",\"contentUrl\":\"https:\/\/secure.gravatar.com\/avatar\/08d2f62bc8a1f215fdfebe63356acc30?s=96&d=mm&r=g\",\"caption\":\"Jessika Brito\"},\"url\":\"https:\/\/neurovirtual.com\/latam\/author\/brito\/\"}]}<\/script>\n<!-- \/ Yoast SEO plugin. -->","yoast_head_json":{"title":"Punta Cana alberga al XXVI Congreso Dominicano Internacional de Neurolog\u00eda y Neurocirug\u00eda - Neurovirtual \/ Humanizing diagnostics","description":"%seo_description%","robots":{"index":"index","follow":"follow","max-snippet":"max-snippet:-1","max-image-preview":"max-image-preview:large","max-video-preview":"max-video-preview:-1"},"canonical":"https:\/\/neurovirtual.com\/latam\/punta-cana-alberga-al-xxvi-congreso-dominicano-internacional-de-neurologia-y-neurocirugia\/","og_locale":"es_ES","og_type":"article","og_title":"Punta Cana alberga al XXVI Congreso Dominicano Internacional de Neurolog\u00eda y Neurocirug\u00eda - Neurovirtual \/ Humanizing diagnostics","og_description":"%seo_description%","og_url":"https:\/\/neurovirtual.com\/latam\/punta-cana-alberga-al-xxvi-congreso-dominicano-internacional-de-neurologia-y-neurocirugia\/","og_site_name":"Neurovirtual \/ Humanizing diagnostics","article_published_time":"2017-10-08T11:48:17+00:00","article_modified_time":"2017-11-16T10:51:58+00:00","og_image":[{"width":300,"height":168,"url":"https:\/\/neurovirtual.com\/latam\/wp-content\/uploads\/2017\/11\/capa-congresso-republica-dominicana.jpg","type":"image\/jpeg"}],"author":"Jessika Brito","twitter_card":"summary_large_image","twitter_misc":{"Escrito por":"Jessika Brito","Tiempo estimado de lectura":"2 minutos"},"schema":{"@context":"https:\/\/schema.org","@graph":[{"@type":"Article","@id":"https:\/\/neurovirtual.com\/latam\/punta-cana-alberga-al-xxvi-congreso-dominicano-internacional-de-neurologia-y-neurocirugia\/#article","isPartOf":{"@id":"https:\/\/neurovirtual.com\/latam\/punta-cana-alberga-al-xxvi-congreso-dominicano-internacional-de-neurologia-y-neurocirugia\/"},"author":{"name":"Jessika Brito","@id":"https:\/\/neurovirtual.com\/latam\/#\/schema\/person\/61c27629d3d16b3e601ef7db30001d49"},"headline":"Punta Cana alberga al XXVI Congreso Dominicano Internacional de Neurolog\u00eda y Neurocirug\u00eda","datePublished":"2017-10-08T11:48:17+00:00","dateModified":"2017-11-16T10:51:58+00:00","mainEntityOfPage":{"@id":"https:\/\/neurovirtual.com\/latam\/punta-cana-alberga-al-xxvi-congreso-dominicano-internacional-de-neurologia-y-neurocirugia\/"},"wordCount":334,"commentCount":0,"publisher":{"@id":"https:\/\/neurovirtual.com\/latam\/#organization"},"articleSection":["Conferencias","Latam"],"inLanguage":"es-CO","potentialAction":[{"@type":"CommentAction","name":"Comment","target":["https:\/\/neurovirtual.com\/latam\/punta-cana-alberga-al-xxvi-congreso-dominicano-internacional-de-neurologia-y-neurocirugia\/#respond"]}]},{"@type":"WebPage","@id":"https:\/\/neurovirtual.com\/latam\/punta-cana-alberga-al-xxvi-congreso-dominicano-internacional-de-neurologia-y-neurocirugia\/","url":"https:\/\/neurovirtual.com\/latam\/punta-cana-alberga-al-xxvi-congreso-dominicano-internacional-de-neurologia-y-neurocirugia\/","name":"Punta Cana alberga al XXVI Congreso Dominicano Internacional de Neurolog\u00eda y Neurocirug\u00eda - Neurovirtual \/ Humanizing diagnostics","isPartOf":{"@id":"https:\/\/neurovirtual.com\/latam\/#website"},"datePublished":"2017-10-08T11:48:17+00:00","dateModified":"2017-11-16T10:51:58+00:00","description":"%seo_description%","breadcrumb":{"@id":"https:\/\/neurovirtual.com\/latam\/punta-cana-alberga-al-xxvi-congreso-dominicano-internacional-de-neurologia-y-neurocirugia\/#breadcrumb"},"inLanguage":"es-CO","potentialAction":[{"@type":"ReadAction","target":["https:\/\/neurovirtual.com\/latam\/punta-cana-alberga-al-xxvi-congreso-dominicano-internacional-de-neurologia-y-neurocirugia\/"]}]},{"@type":"BreadcrumbList","@id":"https:\/\/neurovirtual.com\/latam\/punta-cana-alberga-al-xxvi-congreso-dominicano-internacional-de-neurologia-y-neurocirugia\/#breadcrumb","itemListElement":[{"@type":"ListItem","position":1,"name":"Portada","item":"https:\/\/neurovirtual.com\/latam\/"},{"@type":"ListItem","position":2,"name":"Punta Cana alberga al XXVI Congreso Dominicano Internacional de Neurolog\u00eda y Neurocirug\u00eda"}]},{"@type":"WebSite","@id":"https:\/\/neurovirtual.com\/latam\/#website","url":"https:\/\/neurovirtual.com\/latam\/","name":"Neurovirtual \/ Humanizing diagnostics","description":"","publisher":{"@id":"https:\/\/neurovirtual.com\/latam\/#organization"},"potentialAction":[{"@type":"SearchAction","target":{"@type":"EntryPoint","urlTemplate":"https:\/\/neurovirtual.com\/latam\/?s={search_term_string}"},"query-input":"required name=search_term_string"}],"inLanguage":"es-CO"},{"@type":"Organization","@id":"https:\/\/neurovirtual.com\/latam\/#organization","name":"Neurovirtual","url":"https:\/\/neurovirtual.com\/latam\/","logo":{"@type":"ImageObject","inLanguage":"es-CO","@id":"https:\/\/neurovirtual.com\/latam\/#\/schema\/logo\/image\/","url":"https:\/\/neurovirtual.com\/latam\/wp-content\/uploads\/2023\/08\/1.-Logo-Neurovirtual-2022.png","contentUrl":"https:\/\/neurovirtual.com\/latam\/wp-content\/uploads\/2023\/08\/1.-Logo-Neurovirtual-2022.png","width":1964,"height":668,"caption":"Neurovirtual"},"image":{"@id":"https:\/\/neurovirtual.com\/latam\/#\/schema\/logo\/image\/"}},{"@type":"Person","@id":"https:\/\/neurovirtual.com\/latam\/#\/schema\/person\/61c27629d3d16b3e601ef7db30001d49","name":"Jessika Brito","image":{"@type":"ImageObject","inLanguage":"es-CO","@id":"https:\/\/neurovirtual.com\/latam\/#\/schema\/person\/image\/","url":"https:\/\/secure.gravatar.com\/avatar\/08d2f62bc8a1f215fdfebe63356acc30?s=96&d=mm&r=g","contentUrl":"https:\/\/secure.gravatar.com\/avatar\/08d2f62bc8a1f215fdfebe63356acc30?s=96&d=mm&r=g","caption":"Jessika Brito"},"url":"https:\/\/neurovirtual.com\/latam\/author\/brito\/"}]}},"_links":{"self":[{"href":"https:\/\/neurovirtual.com\/latam\/wp-json\/wp\/v2\/posts\/780408"}],"collection":[{"href":"https:\/\/neurovirtual.com\/latam\/wp-json\/wp\/v2\/posts"}],"about":[{"href":"https:\/\/neurovirtual.com\/latam\/wp-json\/wp\/v2\/types\/post"}],"author":[{"embeddable":true,"href":"https:\/\/neurovirtual.com\/latam\/wp-json\/wp\/v2\/users\/7"}],"replies":[{"embeddable":true,"href":"https:\/\/neurovirtual.com\/latam\/wp-json\/wp\/v2\/comments?post=780408"}],"version-history":[{"count":1,"href":"https:\/\/neurovirtual.com\/latam\/wp-json\/wp\/v2\/posts\/780408\/revisions"}],"predecessor-version":[{"id":780414,"href":"https:\/\/neurovirtual.com\/latam\/wp-json\/wp\/v2\/posts\/780408\/revisions\/780414"}],"wp:featuredmedia":[{"embeddable":true,"href":"https:\/\/neurovirtual.com\/latam\/wp-json\/wp\/v2\/media\/780410"}],"wp:attachment":[{"href":"https:\/\/neurovirtual.com\/latam\/wp-json\/wp\/v2\/media?parent=780408"}],"wp:term":[{"taxonomy":"category","embeddable":true,"href":"https:\/\/neurovirtual.com\/latam\/wp-json\/wp\/v2\/categories?post=780408"},{"taxonomy":"post_tag","embeddable":true,"href":"https:\/\/neurovirtual.com\/latam\/wp-json\/wp\/v2\/tags?post=780408"}],"curies":[{"name":"wp","href":"https:\/\/api.w.org\/{rel}","templated":true}]}}