{"id":780403,"date":"2017-10-10T08:45:07","date_gmt":"2017-10-10T11:45:07","guid":{"rendered":"https:\/\/neurovirtual.com\/latam\/?p=780403"},"modified":"2017-11-16T08:47:30","modified_gmt":"2017-11-16T10:47:30","slug":"neurovirtual-participa-en-el-xviii-congreso-de-neurologia-y-en-la-xvii-jornada-de-la-liga-ecuatoriana-contra-la-epilepsia-en-ecuador","status":"publish","type":"post","link":"https:\/\/neurovirtual.com\/latam\/neurovirtual-participa-en-el-xviii-congreso-de-neurologia-y-en-la-xvii-jornada-de-la-liga-ecuatoriana-contra-la-epilepsia-en-ecuador\/","title":{"rendered":"Neurovirtual participa en el XVIII Congreso de Neurolog\u00eda y en la XVII Jornada de la Liga Ecuatoriana contra la Epilepsia en Ecuador"},"content":{"rendered":"<p><a href=\"https:\/\/neurovirtual.com\/latam\/wp-content\/uploads\/2017\/11\/capa-EQUADOR.jpg\"><img decoding=\"async\" class=\"aligncenter size-full wp-image-780404\" src=\"https:\/\/neurovirtual.com\/latam\/wp-content\/uploads\/2017\/11\/capa-EQUADOR.jpg\" alt=\"capa-EQUADOR\" width=\"985\" height=\"207\" srcset=\"https:\/\/neurovirtual.com\/latam\/wp-content\/uploads\/2017\/11\/capa-EQUADOR.jpg 985w, https:\/\/neurovirtual.com\/latam\/wp-content\/uploads\/2017\/11\/capa-EQUADOR-300x63.jpg 300w, https:\/\/neurovirtual.com\/latam\/wp-content\/uploads\/2017\/11\/capa-EQUADOR-460x97.jpg 460w\" sizes=\"(max-width: 985px) 100vw, 985px\" \/><\/a><\/p>\n<p>Tuvieron lugar en la ciudad de Cuenca en Ecuador del 7 al 10 de octubre, el XVIII Congreso de Neurolog\u00eda organizado por la SEN (Sociedad M\u00e9dica Ecuatoriana de Neurolog\u00eda), y la XVII Jornada de la Liga Ecuatoriana contra la Epilepsia (LECE).<\/p>\n<p>Con el objetivo de poner al d\u00eda el conocimiento de todos aquellos que se interesan en el campo de la neurolog\u00eda, con base en los \u00faltimos avances en el \u00e1rea, fueron invitados especialistas nacionales e internacionales de diferentes campos de acci\u00f3n para participar en el evento como conferencistas y compartir los estudios m\u00e1s recientes a este respecto.<\/p>\n<p><a href=\"https:\/\/neurovirtual.com\/latam\/wp-content\/uploads\/2017\/11\/IMG_20171007_103553_467.jpg\"><img decoding=\"async\" class=\"aligncenter size-medium wp-image-780406\" src=\"https:\/\/neurovirtual.com\/latam\/wp-content\/uploads\/2017\/11\/IMG_20171007_103553_467-300x238.jpg\" alt=\"IMG_20171007_103553_467\" width=\"300\" height=\"238\" srcset=\"https:\/\/neurovirtual.com\/latam\/wp-content\/uploads\/2017\/11\/IMG_20171007_103553_467-300x238.jpg 300w, https:\/\/neurovirtual.com\/latam\/wp-content\/uploads\/2017\/11\/IMG_20171007_103553_467-315x250.jpg 315w, https:\/\/neurovirtual.com\/latam\/wp-content\/uploads\/2017\/11\/IMG_20171007_103553_467-428x340.jpg 428w, https:\/\/neurovirtual.com\/latam\/wp-content\/uploads\/2017\/11\/IMG_20171007_103553_467.jpg 746w\" sizes=\"(max-width: 300px) 100vw, 300px\" \/><\/a><\/p>\n<p>Entre los temas que se destacaron estuvieron la neuroinmunolog\u00eda, la escler\u00f3sis m\u00faltiple, los trastornos del movimiento, las dolencias cerebrovasculares, las dolencias neuromusculares y el Alzheimer. Los seminarios fueron conducidos por docentes y especialistas ecuatorianos y tambi\u00e9n por los invitados de Chile, Colombia, Estados Unidos, M\u00e9xico, Argentina, Espa\u00f1a y Canad\u00e1.<\/p>\n<p><em>\u201cUna vez m\u00e1s estuvimos presentes en un evento que reuni\u00f3 a grandes especialistas en neurolog\u00eda de diversos pa\u00edses del mundo. Para nosotros, en Neurovirtual, el intercambio de informaci\u00f3n es extremadamente provechoso y continuaremos participando en todas las discusiones sobre el tema, escuchando a los m\u00e9dicos y especialistas y entendiendo las necesidades reales del \u00e1rea\u201d<\/em>, afirm\u00f3 Deisy Rojas, Gerente Comercial de Neurovirtual LATAM.<\/p>\n","protected":false},"excerpt":{"rendered":"<p>Tuvieron lugar en la ciudad de Cuenca en Ecuador del 7 al 10 de octubre, el XVIII Congreso de Neurolog\u00eda organizado por la SEN (Sociedad M\u00e9dica Ecuatoriana de Neurolog\u00eda), y la XVII Jornada de la Liga Ecuatoriana contra la Epilepsia (LECE). Con el objetivo de poner al d\u00eda el conocimiento de todos aquellos que se&#8230;<\/p>\n","protected":false},"author":7,"featured_media":780405,"comment_status":"open","ping_status":"open","sticky":false,"template":"","format":"standard","meta":{"footnotes":"","_joinchat":[]},"categories":[7,13],"tags":[],"acf":[],"yoast_head":"<!-- This site is optimized with the Yoast SEO plugin v21.7 - https:\/\/yoast.com\/wordpress\/plugins\/seo\/ -->\n<title>Neurovirtual participa en el XVIII Congreso de Neurolog\u00eda y en la XVII Jornada de la Liga Ecuatoriana contra la Epilepsia en Ecuador - Neurovirtual \/ Humanizing diagnostics<\/title>\n<meta name=\"description\" content=\"%seo_description%\" \/>\n<meta name=\"robots\" content=\"index, follow, max-snippet:-1, max-image-preview:large, max-video-preview:-1\" \/>\n<link rel=\"canonical\" href=\"https:\/\/neurovirtual.com\/latam\/neurovirtual-participa-en-el-xviii-congreso-de-neurologia-y-en-la-xvii-jornada-de-la-liga-ecuatoriana-contra-la-epilepsia-en-ecuador\/\" \/>\n<meta property=\"og:locale\" content=\"es_ES\" \/>\n<meta property=\"og:type\" content=\"article\" \/>\n<meta property=\"og:title\" content=\"Neurovirtual participa en el XVIII Congreso de Neurolog\u00eda y en la XVII Jornada de la Liga Ecuatoriana contra la Epilepsia en Ecuador - Neurovirtual \/ Humanizing diagnostics\" \/>\n<meta property=\"og:description\" content=\"%seo_description%\" \/>\n<meta property=\"og:url\" content=\"https:\/\/neurovirtual.com\/latam\/neurovirtual-participa-en-el-xviii-congreso-de-neurologia-y-en-la-xvii-jornada-de-la-liga-ecuatoriana-contra-la-epilepsia-en-ecuador\/\" \/>\n<meta property=\"og:site_name\" content=\"Neurovirtual \/ Humanizing diagnostics\" \/>\n<meta property=\"article:published_time\" content=\"2017-10-10T11:45:07+00:00\" \/>\n<meta property=\"article:modified_time\" content=\"2017-11-16T10:47:30+00:00\" \/>\n<meta property=\"og:image\" content=\"https:\/\/neurovirtual.com\/latam\/wp-content\/uploads\/2017\/11\/capa-EQUADOR-2.jpg\" \/>\n\t<meta property=\"og:image:width\" content=\"300\" \/>\n\t<meta property=\"og:image:height\" content=\"168\" \/>\n\t<meta property=\"og:image:type\" content=\"image\/jpeg\" \/>\n<meta name=\"author\" content=\"Jessika Brito\" \/>\n<meta name=\"twitter:card\" content=\"summary_large_image\" \/>\n<meta name=\"twitter:label1\" content=\"Escrito por\" \/>\n\t<meta name=\"twitter:data1\" content=\"Jessika Brito\" \/>\n\t<meta name=\"twitter:label2\" content=\"Tiempo estimado de lectura\" \/>\n\t<meta name=\"twitter:data2\" content=\"1 minuto\" \/>\n<script type=\"application\/ld+json\" class=\"yoast-schema-graph\">{\"@context\":\"https:\/\/schema.org\",\"@graph\":[{\"@type\":\"Article\",\"@id\":\"https:\/\/neurovirtual.com\/latam\/neurovirtual-participa-en-el-xviii-congreso-de-neurologia-y-en-la-xvii-jornada-de-la-liga-ecuatoriana-contra-la-epilepsia-en-ecuador\/#article\",\"isPartOf\":{\"@id\":\"https:\/\/neurovirtual.com\/latam\/neurovirtual-participa-en-el-xviii-congreso-de-neurologia-y-en-la-xvii-jornada-de-la-liga-ecuatoriana-contra-la-epilepsia-en-ecuador\/\"},\"author\":{\"name\":\"Jessika Brito\",\"@id\":\"https:\/\/neurovirtual.com\/latam\/#\/schema\/person\/61c27629d3d16b3e601ef7db30001d49\"},\"headline\":\"Neurovirtual participa en el XVIII Congreso de Neurolog\u00eda y en la XVII Jornada de la Liga Ecuatoriana contra la Epilepsia en Ecuador\",\"datePublished\":\"2017-10-10T11:45:07+00:00\",\"dateModified\":\"2017-11-16T10:47:30+00:00\",\"mainEntityOfPage\":{\"@id\":\"https:\/\/neurovirtual.com\/latam\/neurovirtual-participa-en-el-xviii-congreso-de-neurologia-y-en-la-xvii-jornada-de-la-liga-ecuatoriana-contra-la-epilepsia-en-ecuador\/\"},\"wordCount\":248,\"commentCount\":0,\"publisher\":{\"@id\":\"https:\/\/neurovirtual.com\/latam\/#organization\"},\"articleSection\":[\"Conferencias\",\"Latam\"],\"inLanguage\":\"es-CO\",\"potentialAction\":[{\"@type\":\"CommentAction\",\"name\":\"Comment\",\"target\":[\"https:\/\/neurovirtual.com\/latam\/neurovirtual-participa-en-el-xviii-congreso-de-neurologia-y-en-la-xvii-jornada-de-la-liga-ecuatoriana-contra-la-epilepsia-en-ecuador\/#respond\"]}]},{\"@type\":\"WebPage\",\"@id\":\"https:\/\/neurovirtual.com\/latam\/neurovirtual-participa-en-el-xviii-congreso-de-neurologia-y-en-la-xvii-jornada-de-la-liga-ecuatoriana-contra-la-epilepsia-en-ecuador\/\",\"url\":\"https:\/\/neurovirtual.com\/latam\/neurovirtual-participa-en-el-xviii-congreso-de-neurologia-y-en-la-xvii-jornada-de-la-liga-ecuatoriana-contra-la-epilepsia-en-ecuador\/\",\"name\":\"Neurovirtual participa en el XVIII Congreso de Neurolog\u00eda y en la XVII Jornada de la Liga Ecuatoriana contra la Epilepsia en Ecuador - Neurovirtual \/ Humanizing diagnostics\",\"isPartOf\":{\"@id\":\"https:\/\/neurovirtual.com\/latam\/#website\"},\"datePublished\":\"2017-10-10T11:45:07+00:00\",\"dateModified\":\"2017-11-16T10:47:30+00:00\",\"description\":\"%seo_description%\",\"breadcrumb\":{\"@id\":\"https:\/\/neurovirtual.com\/latam\/neurovirtual-participa-en-el-xviii-congreso-de-neurologia-y-en-la-xvii-jornada-de-la-liga-ecuatoriana-contra-la-epilepsia-en-ecuador\/#breadcrumb\"},\"inLanguage\":\"es-CO\",\"potentialAction\":[{\"@type\":\"ReadAction\",\"target\":[\"https:\/\/neurovirtual.com\/latam\/neurovirtual-participa-en-el-xviii-congreso-de-neurologia-y-en-la-xvii-jornada-de-la-liga-ecuatoriana-contra-la-epilepsia-en-ecuador\/\"]}]},{\"@type\":\"BreadcrumbList\",\"@id\":\"https:\/\/neurovirtual.com\/latam\/neurovirtual-participa-en-el-xviii-congreso-de-neurologia-y-en-la-xvii-jornada-de-la-liga-ecuatoriana-contra-la-epilepsia-en-ecuador\/#breadcrumb\",\"itemListElement\":[{\"@type\":\"ListItem\",\"position\":1,\"name\":\"Portada\",\"item\":\"https:\/\/neurovirtual.com\/latam\/\"},{\"@type\":\"ListItem\",\"position\":2,\"name\":\"Neurovirtual participa en el XVIII Congreso de Neurolog\u00eda y en la XVII Jornada de la Liga Ecuatoriana contra la Epilepsia en Ecuador\"}]},{\"@type\":\"WebSite\",\"@id\":\"https:\/\/neurovirtual.com\/latam\/#website\",\"url\":\"https:\/\/neurovirtual.com\/latam\/\",\"name\":\"Neurovirtual \/ Humanizing diagnostics\",\"description\":\"\",\"publisher\":{\"@id\":\"https:\/\/neurovirtual.com\/latam\/#organization\"},\"potentialAction\":[{\"@type\":\"SearchAction\",\"target\":{\"@type\":\"EntryPoint\",\"urlTemplate\":\"https:\/\/neurovirtual.com\/latam\/?s={search_term_string}\"},\"query-input\":\"required name=search_term_string\"}],\"inLanguage\":\"es-CO\"},{\"@type\":\"Organization\",\"@id\":\"https:\/\/neurovirtual.com\/latam\/#organization\",\"name\":\"Neurovirtual\",\"url\":\"https:\/\/neurovirtual.com\/latam\/\",\"logo\":{\"@type\":\"ImageObject\",\"inLanguage\":\"es-CO\",\"@id\":\"https:\/\/neurovirtual.com\/latam\/#\/schema\/logo\/image\/\",\"url\":\"https:\/\/neurovirtual.com\/latam\/wp-content\/uploads\/2023\/08\/1.-Logo-Neurovirtual-2022.png\",\"contentUrl\":\"https:\/\/neurovirtual.com\/latam\/wp-content\/uploads\/2023\/08\/1.-Logo-Neurovirtual-2022.png\",\"width\":1964,\"height\":668,\"caption\":\"Neurovirtual\"},\"image\":{\"@id\":\"https:\/\/neurovirtual.com\/latam\/#\/schema\/logo\/image\/\"}},{\"@type\":\"Person\",\"@id\":\"https:\/\/neurovirtual.com\/latam\/#\/schema\/person\/61c27629d3d16b3e601ef7db30001d49\",\"name\":\"Jessika Brito\",\"image\":{\"@type\":\"ImageObject\",\"inLanguage\":\"es-CO\",\"@id\":\"https:\/\/neurovirtual.com\/latam\/#\/schema\/person\/image\/\",\"url\":\"https:\/\/secure.gravatar.com\/avatar\/08d2f62bc8a1f215fdfebe63356acc30?s=96&d=mm&r=g\",\"contentUrl\":\"https:\/\/secure.gravatar.com\/avatar\/08d2f62bc8a1f215fdfebe63356acc30?s=96&d=mm&r=g\",\"caption\":\"Jessika Brito\"},\"url\":\"https:\/\/neurovirtual.com\/latam\/author\/brito\/\"}]}<\/script>\n<!-- \/ Yoast SEO plugin. -->","yoast_head_json":{"title":"Neurovirtual participa en el XVIII Congreso de Neurolog\u00eda y en la XVII Jornada de la Liga Ecuatoriana contra la Epilepsia en Ecuador - Neurovirtual \/ Humanizing diagnostics","description":"%seo_description%","robots":{"index":"index","follow":"follow","max-snippet":"max-snippet:-1","max-image-preview":"max-image-preview:large","max-video-preview":"max-video-preview:-1"},"canonical":"https:\/\/neurovirtual.com\/latam\/neurovirtual-participa-en-el-xviii-congreso-de-neurologia-y-en-la-xvii-jornada-de-la-liga-ecuatoriana-contra-la-epilepsia-en-ecuador\/","og_locale":"es_ES","og_type":"article","og_title":"Neurovirtual participa en el XVIII Congreso de Neurolog\u00eda y en la XVII Jornada de la Liga Ecuatoriana contra la Epilepsia en Ecuador - Neurovirtual \/ Humanizing diagnostics","og_description":"%seo_description%","og_url":"https:\/\/neurovirtual.com\/latam\/neurovirtual-participa-en-el-xviii-congreso-de-neurologia-y-en-la-xvii-jornada-de-la-liga-ecuatoriana-contra-la-epilepsia-en-ecuador\/","og_site_name":"Neurovirtual \/ Humanizing diagnostics","article_published_time":"2017-10-10T11:45:07+00:00","article_modified_time":"2017-11-16T10:47:30+00:00","og_image":[{"width":300,"height":168,"url":"https:\/\/neurovirtual.com\/latam\/wp-content\/uploads\/2017\/11\/capa-EQUADOR-2.jpg","type":"image\/jpeg"}],"author":"Jessika Brito","twitter_card":"summary_large_image","twitter_misc":{"Escrito por":"Jessika Brito","Tiempo estimado de lectura":"1 minuto"},"schema":{"@context":"https:\/\/schema.org","@graph":[{"@type":"Article","@id":"https:\/\/neurovirtual.com\/latam\/neurovirtual-participa-en-el-xviii-congreso-de-neurologia-y-en-la-xvii-jornada-de-la-liga-ecuatoriana-contra-la-epilepsia-en-ecuador\/#article","isPartOf":{"@id":"https:\/\/neurovirtual.com\/latam\/neurovirtual-participa-en-el-xviii-congreso-de-neurologia-y-en-la-xvii-jornada-de-la-liga-ecuatoriana-contra-la-epilepsia-en-ecuador\/"},"author":{"name":"Jessika Brito","@id":"https:\/\/neurovirtual.com\/latam\/#\/schema\/person\/61c27629d3d16b3e601ef7db30001d49"},"headline":"Neurovirtual participa en el XVIII Congreso de Neurolog\u00eda y en la XVII Jornada de la Liga Ecuatoriana contra la Epilepsia en Ecuador","datePublished":"2017-10-10T11:45:07+00:00","dateModified":"2017-11-16T10:47:30+00:00","mainEntityOfPage":{"@id":"https:\/\/neurovirtual.com\/latam\/neurovirtual-participa-en-el-xviii-congreso-de-neurologia-y-en-la-xvii-jornada-de-la-liga-ecuatoriana-contra-la-epilepsia-en-ecuador\/"},"wordCount":248,"commentCount":0,"publisher":{"@id":"https:\/\/neurovirtual.com\/latam\/#organization"},"articleSection":["Conferencias","Latam"],"inLanguage":"es-CO","potentialAction":[{"@type":"CommentAction","name":"Comment","target":["https:\/\/neurovirtual.com\/latam\/neurovirtual-participa-en-el-xviii-congreso-de-neurologia-y-en-la-xvii-jornada-de-la-liga-ecuatoriana-contra-la-epilepsia-en-ecuador\/#respond"]}]},{"@type":"WebPage","@id":"https:\/\/neurovirtual.com\/latam\/neurovirtual-participa-en-el-xviii-congreso-de-neurologia-y-en-la-xvii-jornada-de-la-liga-ecuatoriana-contra-la-epilepsia-en-ecuador\/","url":"https:\/\/neurovirtual.com\/latam\/neurovirtual-participa-en-el-xviii-congreso-de-neurologia-y-en-la-xvii-jornada-de-la-liga-ecuatoriana-contra-la-epilepsia-en-ecuador\/","name":"Neurovirtual participa en el XVIII Congreso de Neurolog\u00eda y en la XVII Jornada de la Liga Ecuatoriana contra la Epilepsia en Ecuador - Neurovirtual \/ Humanizing diagnostics","isPartOf":{"@id":"https:\/\/neurovirtual.com\/latam\/#website"},"datePublished":"2017-10-10T11:45:07+00:00","dateModified":"2017-11-16T10:47:30+00:00","description":"%seo_description%","breadcrumb":{"@id":"https:\/\/neurovirtual.com\/latam\/neurovirtual-participa-en-el-xviii-congreso-de-neurologia-y-en-la-xvii-jornada-de-la-liga-ecuatoriana-contra-la-epilepsia-en-ecuador\/#breadcrumb"},"inLanguage":"es-CO","potentialAction":[{"@type":"ReadAction","target":["https:\/\/neurovirtual.com\/latam\/neurovirtual-participa-en-el-xviii-congreso-de-neurologia-y-en-la-xvii-jornada-de-la-liga-ecuatoriana-contra-la-epilepsia-en-ecuador\/"]}]},{"@type":"BreadcrumbList","@id":"https:\/\/neurovirtual.com\/latam\/neurovirtual-participa-en-el-xviii-congreso-de-neurologia-y-en-la-xvii-jornada-de-la-liga-ecuatoriana-contra-la-epilepsia-en-ecuador\/#breadcrumb","itemListElement":[{"@type":"ListItem","position":1,"name":"Portada","item":"https:\/\/neurovirtual.com\/latam\/"},{"@type":"ListItem","position":2,"name":"Neurovirtual participa en el XVIII Congreso de Neurolog\u00eda y en la XVII Jornada de la Liga Ecuatoriana contra la Epilepsia en Ecuador"}]},{"@type":"WebSite","@id":"https:\/\/neurovirtual.com\/latam\/#website","url":"https:\/\/neurovirtual.com\/latam\/","name":"Neurovirtual \/ Humanizing diagnostics","description":"","publisher":{"@id":"https:\/\/neurovirtual.com\/latam\/#organization"},"potentialAction":[{"@type":"SearchAction","target":{"@type":"EntryPoint","urlTemplate":"https:\/\/neurovirtual.com\/latam\/?s={search_term_string}"},"query-input":"required name=search_term_string"}],"inLanguage":"es-CO"},{"@type":"Organization","@id":"https:\/\/neurovirtual.com\/latam\/#organization","name":"Neurovirtual","url":"https:\/\/neurovirtual.com\/latam\/","logo":{"@type":"ImageObject","inLanguage":"es-CO","@id":"https:\/\/neurovirtual.com\/latam\/#\/schema\/logo\/image\/","url":"https:\/\/neurovirtual.com\/latam\/wp-content\/uploads\/2023\/08\/1.-Logo-Neurovirtual-2022.png","contentUrl":"https:\/\/neurovirtual.com\/latam\/wp-content\/uploads\/2023\/08\/1.-Logo-Neurovirtual-2022.png","width":1964,"height":668,"caption":"Neurovirtual"},"image":{"@id":"https:\/\/neurovirtual.com\/latam\/#\/schema\/logo\/image\/"}},{"@type":"Person","@id":"https:\/\/neurovirtual.com\/latam\/#\/schema\/person\/61c27629d3d16b3e601ef7db30001d49","name":"Jessika Brito","image":{"@type":"ImageObject","inLanguage":"es-CO","@id":"https:\/\/neurovirtual.com\/latam\/#\/schema\/person\/image\/","url":"https:\/\/secure.gravatar.com\/avatar\/08d2f62bc8a1f215fdfebe63356acc30?s=96&d=mm&r=g","contentUrl":"https:\/\/secure.gravatar.com\/avatar\/08d2f62bc8a1f215fdfebe63356acc30?s=96&d=mm&r=g","caption":"Jessika Brito"},"url":"https:\/\/neurovirtual.com\/latam\/author\/brito\/"}]}},"_links":{"self":[{"href":"https:\/\/neurovirtual.com\/latam\/wp-json\/wp\/v2\/posts\/780403"}],"collection":[{"href":"https:\/\/neurovirtual.com\/latam\/wp-json\/wp\/v2\/posts"}],"about":[{"href":"https:\/\/neurovirtual.com\/latam\/wp-json\/wp\/v2\/types\/post"}],"author":[{"embeddable":true,"href":"https:\/\/neurovirtual.com\/latam\/wp-json\/wp\/v2\/users\/7"}],"replies":[{"embeddable":true,"href":"https:\/\/neurovirtual.com\/latam\/wp-json\/wp\/v2\/comments?post=780403"}],"version-history":[{"count":1,"href":"https:\/\/neurovirtual.com\/latam\/wp-json\/wp\/v2\/posts\/780403\/revisions"}],"predecessor-version":[{"id":780407,"href":"https:\/\/neurovirtual.com\/latam\/wp-json\/wp\/v2\/posts\/780403\/revisions\/780407"}],"wp:featuredmedia":[{"embeddable":true,"href":"https:\/\/neurovirtual.com\/latam\/wp-json\/wp\/v2\/media\/780405"}],"wp:attachment":[{"href":"https:\/\/neurovirtual.com\/latam\/wp-json\/wp\/v2\/media?parent=780403"}],"wp:term":[{"taxonomy":"category","embeddable":true,"href":"https:\/\/neurovirtual.com\/latam\/wp-json\/wp\/v2\/categories?post=780403"},{"taxonomy":"post_tag","embeddable":true,"href":"https:\/\/neurovirtual.com\/latam\/wp-json\/wp\/v2\/tags?post=780403"}],"curies":[{"name":"wp","href":"https:\/\/api.w.org\/{rel}","templated":true}]}}