{"id":780397,"date":"2017-09-06T08:41:44","date_gmt":"2017-09-06T11:41:44","guid":{"rendered":"https:\/\/neurovirtual.com\/latam\/?p=780397"},"modified":"2017-11-16T08:44:31","modified_gmt":"2017-11-16T10:44:31","slug":"el-xxxii-congreso-internacional-de-epilepsia-en-barcelona-reune-a-especialistas-de-todo-el-mundo","status":"publish","type":"post","link":"https:\/\/neurovirtual.com\/latam\/el-xxxii-congreso-internacional-de-epilepsia-en-barcelona-reune-a-especialistas-de-todo-el-mundo\/","title":{"rendered":"El XXXII Congreso Internacional de Epilepsia en Barcelona re\u00fane a especialistas de todo el mundo"},"content":{"rendered":"<p><a href=\"https:\/\/neurovirtual.com\/latam\/wp-content\/uploads\/2017\/11\/capa-congresso-barcelona.jpg\"><img decoding=\"async\" class=\"aligncenter size-full wp-image-780398\" src=\"https:\/\/neurovirtual.com\/latam\/wp-content\/uploads\/2017\/11\/capa-congresso-barcelona.jpg\" alt=\"capa-congresso-barcelona\" width=\"985\" height=\"207\" srcset=\"https:\/\/neurovirtual.com\/latam\/wp-content\/uploads\/2017\/11\/capa-congresso-barcelona.jpg 985w, https:\/\/neurovirtual.com\/latam\/wp-content\/uploads\/2017\/11\/capa-congresso-barcelona-300x63.jpg 300w, https:\/\/neurovirtual.com\/latam\/wp-content\/uploads\/2017\/11\/capa-congresso-barcelona-460x97.jpg 460w\" sizes=\"(max-width: 985px) 100vw, 985px\" \/><\/a><\/p>\n<p>Entre los d\u00edas 2 y 6 de septiembre, Barcelona fue el escenario del XXXII Congreso Internacional de Epilepsia, evento ya tradicional sobre este tema. La reuni\u00f3n, que tiene lugar cada dos a\u00f1os, es una asociaci\u00f3n de la Junta Internacional de Epilepsia (IBE) y de la Liga Internacional contra la Epilepsia (ILAE) y ofrece a los participantes una oportunidad \u00fanica de interactuar con los principales especialistas en el tema de todo el mundo, adem\u00e1s de presentar las investigaciones m\u00e1s recientes en el campo de la epilepsia.<\/p>\n<p><a href=\"https:\/\/neurovirtual.com\/latam\/wp-content\/uploads\/2017\/11\/20170903_122427.jpg\"><img decoding=\"async\" class=\"aligncenter size-medium wp-image-780399\" src=\"https:\/\/neurovirtual.com\/latam\/wp-content\/uploads\/2017\/11\/20170903_122427-300x211.jpg\" alt=\"20170903_122427\" width=\"300\" height=\"211\" srcset=\"https:\/\/neurovirtual.com\/latam\/wp-content\/uploads\/2017\/11\/20170903_122427-300x211.jpg 300w, https:\/\/neurovirtual.com\/latam\/wp-content\/uploads\/2017\/11\/20170903_122427-1024x722.jpg 1024w, https:\/\/neurovirtual.com\/latam\/wp-content\/uploads\/2017\/11\/20170903_122427-355x250.jpg 355w, https:\/\/neurovirtual.com\/latam\/wp-content\/uploads\/2017\/11\/20170903_122427-460x324.jpg 460w, https:\/\/neurovirtual.com\/latam\/wp-content\/uploads\/2017\/11\/20170903_122427.jpg 1920w\" sizes=\"(max-width: 300px) 100vw, 300px\" \/><\/a><\/p>\n<p>Entre los principales temas tratados estuvieron la epilepsia en adultos mayores, gen\u00e9tica, neurosicolog\u00eda y epilepsia en adultos e infantes. Profesionales de varios pa\u00edses trajeron consigo estudios de caso y promovieron debates para compartir con los participantes los estudios m\u00e1s relevantes en el \u00e1rea.<\/p>\n<p><a href=\"https:\/\/neurovirtual.com\/latam\/wp-content\/uploads\/2017\/11\/20170903_122445.jpg\"><img decoding=\"async\" class=\"aligncenter size-medium wp-image-780400\" src=\"https:\/\/neurovirtual.com\/latam\/wp-content\/uploads\/2017\/11\/20170903_122445-300x214.jpg\" alt=\"20170903_122445\" width=\"300\" height=\"214\" srcset=\"https:\/\/neurovirtual.com\/latam\/wp-content\/uploads\/2017\/11\/20170903_122445-300x214.jpg 300w, https:\/\/neurovirtual.com\/latam\/wp-content\/uploads\/2017\/11\/20170903_122445-1024x730.jpg 1024w, https:\/\/neurovirtual.com\/latam\/wp-content\/uploads\/2017\/11\/20170903_122445-351x250.jpg 351w, https:\/\/neurovirtual.com\/latam\/wp-content\/uploads\/2017\/11\/20170903_122445-768x550.jpg 768w, https:\/\/neurovirtual.com\/latam\/wp-content\/uploads\/2017\/11\/20170903_122445-460x328.jpg 460w, https:\/\/neurovirtual.com\/latam\/wp-content\/uploads\/2017\/11\/20170903_122445.jpg 1792w\" sizes=\"(max-width: 300px) 100vw, 300px\" \/><\/a><\/p>\n<p>Una vez m\u00e1s Neurovirtual particip\u00f3 en el congreso y mostr\u00f3 sus principales equipos para el diagn\u00f3stico de la epilepsia. Se destac\u00f3 el equipo BWIII EEG Plus, que permite al usuario conducir EEG y polisomnograf\u00edas desde la misma plataforma de hardware y software; un equipo que puede ser transportado de un lugar a otro con facilidad.<\/p>\n<p><em>\u201cNeurovirtual participa en los principales eventos y discusiones en todo el mundo y Espa\u00f1a ha tenido proyecci\u00f3n internacional en los asuntos relacionados con este tema. Participar en el evento nos da la posibilidad de estar al d\u00eda en los principales estudios disponibles para as\u00ed poder ofrecer una mejor alternativa para el diagn\u00f3stico\u201d<\/em>, afirm\u00f3 Felipe Lerida, especialista cl\u00ednico de Neurovirtual, quien particip\u00f3 en el evento.<\/p>\n","protected":false},"excerpt":{"rendered":"<p>Entre los d\u00edas 2 y 6 de septiembre, Barcelona fue el escenario del XXXII Congreso Internacional de Epilepsia, evento ya tradicional sobre este tema. La reuni\u00f3n, que tiene lugar cada dos a\u00f1os, es una asociaci\u00f3n de la Junta Internacional de Epilepsia (IBE) y de la Liga Internacional contra la Epilepsia (ILAE) y ofrece a los&#8230;<\/p>\n","protected":false},"author":7,"featured_media":780401,"comment_status":"open","ping_status":"open","sticky":false,"template":"","format":"standard","meta":{"footnotes":"","_joinchat":[]},"categories":[7,4],"tags":[],"acf":[],"yoast_head":"<!-- This site is optimized with the Yoast SEO plugin v21.7 - https:\/\/yoast.com\/wordpress\/plugins\/seo\/ -->\n<title>El XXXII Congreso Internacional de Epilepsia en Barcelona re\u00fane a especialistas de todo el mundo - Neurovirtual \/ Humanizing diagnostics<\/title>\n<meta name=\"description\" content=\"%seo_description%\" \/>\n<meta name=\"robots\" content=\"index, follow, max-snippet:-1, max-image-preview:large, max-video-preview:-1\" \/>\n<link rel=\"canonical\" href=\"https:\/\/neurovirtual.com\/latam\/el-xxxii-congreso-internacional-de-epilepsia-en-barcelona-reune-a-especialistas-de-todo-el-mundo\/\" \/>\n<meta property=\"og:locale\" content=\"es_ES\" \/>\n<meta property=\"og:type\" content=\"article\" \/>\n<meta property=\"og:title\" content=\"El XXXII Congreso Internacional de Epilepsia en Barcelona re\u00fane a especialistas de todo el mundo - Neurovirtual \/ Humanizing diagnostics\" \/>\n<meta property=\"og:description\" content=\"%seo_description%\" \/>\n<meta property=\"og:url\" content=\"https:\/\/neurovirtual.com\/latam\/el-xxxii-congreso-internacional-de-epilepsia-en-barcelona-reune-a-especialistas-de-todo-el-mundo\/\" \/>\n<meta property=\"og:site_name\" content=\"Neurovirtual \/ Humanizing diagnostics\" \/>\n<meta property=\"article:published_time\" content=\"2017-09-06T11:41:44+00:00\" \/>\n<meta property=\"article:modified_time\" content=\"2017-11-16T10:44:31+00:00\" \/>\n<meta property=\"og:image\" content=\"https:\/\/neurovirtual.com\/latam\/wp-content\/uploads\/2017\/11\/capa-congresso-barcelona_2.jpg\" \/>\n\t<meta property=\"og:image:width\" content=\"300\" \/>\n\t<meta property=\"og:image:height\" content=\"168\" \/>\n\t<meta property=\"og:image:type\" content=\"image\/jpeg\" \/>\n<meta name=\"author\" content=\"Jessika Brito\" \/>\n<meta name=\"twitter:card\" content=\"summary_large_image\" \/>\n<meta name=\"twitter:label1\" content=\"Escrito por\" \/>\n\t<meta name=\"twitter:data1\" content=\"Jessika Brito\" \/>\n\t<meta name=\"twitter:label2\" content=\"Tiempo estimado de lectura\" \/>\n\t<meta name=\"twitter:data2\" content=\"1 minuto\" \/>\n<script type=\"application\/ld+json\" class=\"yoast-schema-graph\">{\"@context\":\"https:\/\/schema.org\",\"@graph\":[{\"@type\":\"Article\",\"@id\":\"https:\/\/neurovirtual.com\/latam\/el-xxxii-congreso-internacional-de-epilepsia-en-barcelona-reune-a-especialistas-de-todo-el-mundo\/#article\",\"isPartOf\":{\"@id\":\"https:\/\/neurovirtual.com\/latam\/el-xxxii-congreso-internacional-de-epilepsia-en-barcelona-reune-a-especialistas-de-todo-el-mundo\/\"},\"author\":{\"name\":\"Jessika Brito\",\"@id\":\"https:\/\/neurovirtual.com\/latam\/#\/schema\/person\/61c27629d3d16b3e601ef7db30001d49\"},\"headline\":\"El XXXII Congreso Internacional de Epilepsia en Barcelona re\u00fane a especialistas de todo el mundo\",\"datePublished\":\"2017-09-06T11:41:44+00:00\",\"dateModified\":\"2017-11-16T10:44:31+00:00\",\"mainEntityOfPage\":{\"@id\":\"https:\/\/neurovirtual.com\/latam\/el-xxxii-congreso-internacional-de-epilepsia-en-barcelona-reune-a-especialistas-de-todo-el-mundo\/\"},\"wordCount\":279,\"commentCount\":0,\"publisher\":{\"@id\":\"https:\/\/neurovirtual.com\/latam\/#organization\"},\"articleSection\":[\"Conferencias\",\"Novedades\"],\"inLanguage\":\"es-CO\",\"potentialAction\":[{\"@type\":\"CommentAction\",\"name\":\"Comment\",\"target\":[\"https:\/\/neurovirtual.com\/latam\/el-xxxii-congreso-internacional-de-epilepsia-en-barcelona-reune-a-especialistas-de-todo-el-mundo\/#respond\"]}]},{\"@type\":\"WebPage\",\"@id\":\"https:\/\/neurovirtual.com\/latam\/el-xxxii-congreso-internacional-de-epilepsia-en-barcelona-reune-a-especialistas-de-todo-el-mundo\/\",\"url\":\"https:\/\/neurovirtual.com\/latam\/el-xxxii-congreso-internacional-de-epilepsia-en-barcelona-reune-a-especialistas-de-todo-el-mundo\/\",\"name\":\"El XXXII Congreso Internacional de Epilepsia en Barcelona re\u00fane a especialistas de todo el mundo - Neurovirtual \/ Humanizing diagnostics\",\"isPartOf\":{\"@id\":\"https:\/\/neurovirtual.com\/latam\/#website\"},\"datePublished\":\"2017-09-06T11:41:44+00:00\",\"dateModified\":\"2017-11-16T10:44:31+00:00\",\"description\":\"%seo_description%\",\"breadcrumb\":{\"@id\":\"https:\/\/neurovirtual.com\/latam\/el-xxxii-congreso-internacional-de-epilepsia-en-barcelona-reune-a-especialistas-de-todo-el-mundo\/#breadcrumb\"},\"inLanguage\":\"es-CO\",\"potentialAction\":[{\"@type\":\"ReadAction\",\"target\":[\"https:\/\/neurovirtual.com\/latam\/el-xxxii-congreso-internacional-de-epilepsia-en-barcelona-reune-a-especialistas-de-todo-el-mundo\/\"]}]},{\"@type\":\"BreadcrumbList\",\"@id\":\"https:\/\/neurovirtual.com\/latam\/el-xxxii-congreso-internacional-de-epilepsia-en-barcelona-reune-a-especialistas-de-todo-el-mundo\/#breadcrumb\",\"itemListElement\":[{\"@type\":\"ListItem\",\"position\":1,\"name\":\"Portada\",\"item\":\"https:\/\/neurovirtual.com\/latam\/\"},{\"@type\":\"ListItem\",\"position\":2,\"name\":\"El XXXII Congreso Internacional de Epilepsia en Barcelona re\u00fane a especialistas de todo el mundo\"}]},{\"@type\":\"WebSite\",\"@id\":\"https:\/\/neurovirtual.com\/latam\/#website\",\"url\":\"https:\/\/neurovirtual.com\/latam\/\",\"name\":\"Neurovirtual \/ Humanizing diagnostics\",\"description\":\"\",\"publisher\":{\"@id\":\"https:\/\/neurovirtual.com\/latam\/#organization\"},\"potentialAction\":[{\"@type\":\"SearchAction\",\"target\":{\"@type\":\"EntryPoint\",\"urlTemplate\":\"https:\/\/neurovirtual.com\/latam\/?s={search_term_string}\"},\"query-input\":\"required name=search_term_string\"}],\"inLanguage\":\"es-CO\"},{\"@type\":\"Organization\",\"@id\":\"https:\/\/neurovirtual.com\/latam\/#organization\",\"name\":\"Neurovirtual\",\"url\":\"https:\/\/neurovirtual.com\/latam\/\",\"logo\":{\"@type\":\"ImageObject\",\"inLanguage\":\"es-CO\",\"@id\":\"https:\/\/neurovirtual.com\/latam\/#\/schema\/logo\/image\/\",\"url\":\"https:\/\/neurovirtual.com\/latam\/wp-content\/uploads\/2023\/08\/1.-Logo-Neurovirtual-2022.png\",\"contentUrl\":\"https:\/\/neurovirtual.com\/latam\/wp-content\/uploads\/2023\/08\/1.-Logo-Neurovirtual-2022.png\",\"width\":1964,\"height\":668,\"caption\":\"Neurovirtual\"},\"image\":{\"@id\":\"https:\/\/neurovirtual.com\/latam\/#\/schema\/logo\/image\/\"}},{\"@type\":\"Person\",\"@id\":\"https:\/\/neurovirtual.com\/latam\/#\/schema\/person\/61c27629d3d16b3e601ef7db30001d49\",\"name\":\"Jessika Brito\",\"image\":{\"@type\":\"ImageObject\",\"inLanguage\":\"es-CO\",\"@id\":\"https:\/\/neurovirtual.com\/latam\/#\/schema\/person\/image\/\",\"url\":\"https:\/\/secure.gravatar.com\/avatar\/08d2f62bc8a1f215fdfebe63356acc30?s=96&d=mm&r=g\",\"contentUrl\":\"https:\/\/secure.gravatar.com\/avatar\/08d2f62bc8a1f215fdfebe63356acc30?s=96&d=mm&r=g\",\"caption\":\"Jessika Brito\"},\"url\":\"https:\/\/neurovirtual.com\/latam\/author\/brito\/\"}]}<\/script>\n<!-- \/ Yoast SEO plugin. -->","yoast_head_json":{"title":"El XXXII Congreso Internacional de Epilepsia en Barcelona re\u00fane a especialistas de todo el mundo - Neurovirtual \/ Humanizing diagnostics","description":"%seo_description%","robots":{"index":"index","follow":"follow","max-snippet":"max-snippet:-1","max-image-preview":"max-image-preview:large","max-video-preview":"max-video-preview:-1"},"canonical":"https:\/\/neurovirtual.com\/latam\/el-xxxii-congreso-internacional-de-epilepsia-en-barcelona-reune-a-especialistas-de-todo-el-mundo\/","og_locale":"es_ES","og_type":"article","og_title":"El XXXII Congreso Internacional de Epilepsia en Barcelona re\u00fane a especialistas de todo el mundo - Neurovirtual \/ Humanizing diagnostics","og_description":"%seo_description%","og_url":"https:\/\/neurovirtual.com\/latam\/el-xxxii-congreso-internacional-de-epilepsia-en-barcelona-reune-a-especialistas-de-todo-el-mundo\/","og_site_name":"Neurovirtual \/ Humanizing diagnostics","article_published_time":"2017-09-06T11:41:44+00:00","article_modified_time":"2017-11-16T10:44:31+00:00","og_image":[{"width":300,"height":168,"url":"https:\/\/neurovirtual.com\/latam\/wp-content\/uploads\/2017\/11\/capa-congresso-barcelona_2.jpg","type":"image\/jpeg"}],"author":"Jessika Brito","twitter_card":"summary_large_image","twitter_misc":{"Escrito por":"Jessika Brito","Tiempo estimado de lectura":"1 minuto"},"schema":{"@context":"https:\/\/schema.org","@graph":[{"@type":"Article","@id":"https:\/\/neurovirtual.com\/latam\/el-xxxii-congreso-internacional-de-epilepsia-en-barcelona-reune-a-especialistas-de-todo-el-mundo\/#article","isPartOf":{"@id":"https:\/\/neurovirtual.com\/latam\/el-xxxii-congreso-internacional-de-epilepsia-en-barcelona-reune-a-especialistas-de-todo-el-mundo\/"},"author":{"name":"Jessika Brito","@id":"https:\/\/neurovirtual.com\/latam\/#\/schema\/person\/61c27629d3d16b3e601ef7db30001d49"},"headline":"El XXXII Congreso Internacional de Epilepsia en Barcelona re\u00fane a especialistas de todo el mundo","datePublished":"2017-09-06T11:41:44+00:00","dateModified":"2017-11-16T10:44:31+00:00","mainEntityOfPage":{"@id":"https:\/\/neurovirtual.com\/latam\/el-xxxii-congreso-internacional-de-epilepsia-en-barcelona-reune-a-especialistas-de-todo-el-mundo\/"},"wordCount":279,"commentCount":0,"publisher":{"@id":"https:\/\/neurovirtual.com\/latam\/#organization"},"articleSection":["Conferencias","Novedades"],"inLanguage":"es-CO","potentialAction":[{"@type":"CommentAction","name":"Comment","target":["https:\/\/neurovirtual.com\/latam\/el-xxxii-congreso-internacional-de-epilepsia-en-barcelona-reune-a-especialistas-de-todo-el-mundo\/#respond"]}]},{"@type":"WebPage","@id":"https:\/\/neurovirtual.com\/latam\/el-xxxii-congreso-internacional-de-epilepsia-en-barcelona-reune-a-especialistas-de-todo-el-mundo\/","url":"https:\/\/neurovirtual.com\/latam\/el-xxxii-congreso-internacional-de-epilepsia-en-barcelona-reune-a-especialistas-de-todo-el-mundo\/","name":"El XXXII Congreso Internacional de Epilepsia en Barcelona re\u00fane a especialistas de todo el mundo - Neurovirtual \/ Humanizing diagnostics","isPartOf":{"@id":"https:\/\/neurovirtual.com\/latam\/#website"},"datePublished":"2017-09-06T11:41:44+00:00","dateModified":"2017-11-16T10:44:31+00:00","description":"%seo_description%","breadcrumb":{"@id":"https:\/\/neurovirtual.com\/latam\/el-xxxii-congreso-internacional-de-epilepsia-en-barcelona-reune-a-especialistas-de-todo-el-mundo\/#breadcrumb"},"inLanguage":"es-CO","potentialAction":[{"@type":"ReadAction","target":["https:\/\/neurovirtual.com\/latam\/el-xxxii-congreso-internacional-de-epilepsia-en-barcelona-reune-a-especialistas-de-todo-el-mundo\/"]}]},{"@type":"BreadcrumbList","@id":"https:\/\/neurovirtual.com\/latam\/el-xxxii-congreso-internacional-de-epilepsia-en-barcelona-reune-a-especialistas-de-todo-el-mundo\/#breadcrumb","itemListElement":[{"@type":"ListItem","position":1,"name":"Portada","item":"https:\/\/neurovirtual.com\/latam\/"},{"@type":"ListItem","position":2,"name":"El XXXII Congreso Internacional de Epilepsia en Barcelona re\u00fane a especialistas de todo el mundo"}]},{"@type":"WebSite","@id":"https:\/\/neurovirtual.com\/latam\/#website","url":"https:\/\/neurovirtual.com\/latam\/","name":"Neurovirtual \/ Humanizing diagnostics","description":"","publisher":{"@id":"https:\/\/neurovirtual.com\/latam\/#organization"},"potentialAction":[{"@type":"SearchAction","target":{"@type":"EntryPoint","urlTemplate":"https:\/\/neurovirtual.com\/latam\/?s={search_term_string}"},"query-input":"required name=search_term_string"}],"inLanguage":"es-CO"},{"@type":"Organization","@id":"https:\/\/neurovirtual.com\/latam\/#organization","name":"Neurovirtual","url":"https:\/\/neurovirtual.com\/latam\/","logo":{"@type":"ImageObject","inLanguage":"es-CO","@id":"https:\/\/neurovirtual.com\/latam\/#\/schema\/logo\/image\/","url":"https:\/\/neurovirtual.com\/latam\/wp-content\/uploads\/2023\/08\/1.-Logo-Neurovirtual-2022.png","contentUrl":"https:\/\/neurovirtual.com\/latam\/wp-content\/uploads\/2023\/08\/1.-Logo-Neurovirtual-2022.png","width":1964,"height":668,"caption":"Neurovirtual"},"image":{"@id":"https:\/\/neurovirtual.com\/latam\/#\/schema\/logo\/image\/"}},{"@type":"Person","@id":"https:\/\/neurovirtual.com\/latam\/#\/schema\/person\/61c27629d3d16b3e601ef7db30001d49","name":"Jessika Brito","image":{"@type":"ImageObject","inLanguage":"es-CO","@id":"https:\/\/neurovirtual.com\/latam\/#\/schema\/person\/image\/","url":"https:\/\/secure.gravatar.com\/avatar\/08d2f62bc8a1f215fdfebe63356acc30?s=96&d=mm&r=g","contentUrl":"https:\/\/secure.gravatar.com\/avatar\/08d2f62bc8a1f215fdfebe63356acc30?s=96&d=mm&r=g","caption":"Jessika Brito"},"url":"https:\/\/neurovirtual.com\/latam\/author\/brito\/"}]}},"_links":{"self":[{"href":"https:\/\/neurovirtual.com\/latam\/wp-json\/wp\/v2\/posts\/780397"}],"collection":[{"href":"https:\/\/neurovirtual.com\/latam\/wp-json\/wp\/v2\/posts"}],"about":[{"href":"https:\/\/neurovirtual.com\/latam\/wp-json\/wp\/v2\/types\/post"}],"author":[{"embeddable":true,"href":"https:\/\/neurovirtual.com\/latam\/wp-json\/wp\/v2\/users\/7"}],"replies":[{"embeddable":true,"href":"https:\/\/neurovirtual.com\/latam\/wp-json\/wp\/v2\/comments?post=780397"}],"version-history":[{"count":1,"href":"https:\/\/neurovirtual.com\/latam\/wp-json\/wp\/v2\/posts\/780397\/revisions"}],"predecessor-version":[{"id":780402,"href":"https:\/\/neurovirtual.com\/latam\/wp-json\/wp\/v2\/posts\/780397\/revisions\/780402"}],"wp:featuredmedia":[{"embeddable":true,"href":"https:\/\/neurovirtual.com\/latam\/wp-json\/wp\/v2\/media\/780401"}],"wp:attachment":[{"href":"https:\/\/neurovirtual.com\/latam\/wp-json\/wp\/v2\/media?parent=780397"}],"wp:term":[{"taxonomy":"category","embeddable":true,"href":"https:\/\/neurovirtual.com\/latam\/wp-json\/wp\/v2\/categories?post=780397"},{"taxonomy":"post_tag","embeddable":true,"href":"https:\/\/neurovirtual.com\/latam\/wp-json\/wp\/v2\/tags?post=780397"}],"curies":[{"name":"wp","href":"https:\/\/api.w.org\/{rel}","templated":true}]}}