{"id":780068,"date":"2017-08-26T15:25:43","date_gmt":"2017-08-26T18:25:43","guid":{"rendered":"https:\/\/neurovirtual.com\/latam\/?p=780068"},"modified":"2021-02-02T19:32:35","modified_gmt":"2021-02-02T21:32:35","slug":"neurovirtual-participa-en-el-vigesimo-segundo-curso-internacional-de-neurociencia-en-peru","status":"publish","type":"post","link":"https:\/\/neurovirtual.com\/latam\/neurovirtual-participa-en-el-vigesimo-segundo-curso-internacional-de-neurociencia-en-peru\/","title":{"rendered":"Neurovirtual participa en el vig\u00e9simo segundo Curso Internacional de Neurociencia en Per\u00fa"},"content":{"rendered":"\n<figure class=\"wp-block-image size-large is-style-default\"><img decoding=\"async\" width=\"985\" height=\"207\" src=\"https:\/\/neurovirtual.com\/latam\/wp-content\/uploads\/2021\/02\/capa-peru.jpg\" alt=\"\" class=\"wp-image-809942\" srcset=\"https:\/\/neurovirtual.com\/latam\/wp-content\/uploads\/2021\/02\/capa-peru.jpg 985w, https:\/\/neurovirtual.com\/latam\/wp-content\/uploads\/2021\/02\/capa-peru-300x63.jpg 300w, https:\/\/neurovirtual.com\/latam\/wp-content\/uploads\/2021\/02\/capa-peru-768x161.jpg 768w, https:\/\/neurovirtual.com\/latam\/wp-content\/uploads\/2021\/02\/capa-peru-460x97.jpg 460w\" sizes=\"(max-width: 985px) 100vw, 985px\" \/><\/figure>\n\n\n\n<p>Cerca de 200 especialistas relacionados con la neurolog\u00eda participaron en el XXII Curso Internacional de Neurociencia, realizado del 24 al 26 de agosto en Lima, Per\u00fa. 15 conferencistas renombrados en el \u00e1rea de la neurociencia, provenientes de Argentina, Brasil, Colombia, Espa\u00f1a, India, Italia, M\u00e9xico y Estados Unidos, adem\u00e1s de profesionales locales, compartieron su conocimiento, experiencias y estudios con los participantes durante los tres d\u00edas del evento.<\/p>\n\n\n\n<figure class=\"wp-block-gallery columns-3 is-cropped wp-block-gallery-1 is-layout-flex wp-block-gallery-is-layout-flex\"><ul class=\"blocks-gallery-grid\"><li class=\"blocks-gallery-item\"><figure><a href=\"https:\/\/neurovirtual.com\/latam\/wp-content\/uploads\/2021\/02\/International-course-of-Neuroscience-in-Peru.jpg\"><img decoding=\"async\" width=\"900\" height=\"618\" src=\"https:\/\/neurovirtual.com\/latam\/wp-content\/uploads\/2021\/02\/International-course-of-Neuroscience-in-Peru.jpg\" alt=\"\" data-id=\"809940\" data-full-url=\"https:\/\/neurovirtual.com\/latam\/wp-content\/uploads\/2021\/02\/International-course-of-Neuroscience-in-Peru.jpg\" data-link=\"https:\/\/neurovirtual.com\/latam\/novedades\/neurovirtual-participa-en-el-vigesimo-segundo-curso-internacional-de-neurociencia-en-peru\/attachment\/international-course-of-neuroscience-in-peru\/\" class=\"wp-image-809940\" srcset=\"https:\/\/neurovirtual.com\/latam\/wp-content\/uploads\/2021\/02\/International-course-of-Neuroscience-in-Peru.jpg 900w, https:\/\/neurovirtual.com\/latam\/wp-content\/uploads\/2021\/02\/International-course-of-Neuroscience-in-Peru-300x206.jpg 300w, https:\/\/neurovirtual.com\/latam\/wp-content\/uploads\/2021\/02\/International-course-of-Neuroscience-in-Peru-768x527.jpg 768w, https:\/\/neurovirtual.com\/latam\/wp-content\/uploads\/2021\/02\/International-course-of-Neuroscience-in-Peru-364x250.jpg 364w, https:\/\/neurovirtual.com\/latam\/wp-content\/uploads\/2021\/02\/International-course-of-Neuroscience-in-Peru-460x316.jpg 460w\" sizes=\"(max-width: 900px) 100vw, 900px\" \/><\/a><\/figure><\/li><li class=\"blocks-gallery-item\"><figure><a href=\"https:\/\/neurovirtual.com\/latam\/wp-content\/uploads\/2021\/02\/International-course-of-Neuroscience-in-Peru-2.jpg\"><img decoding=\"async\" width=\"900\" height=\"675\" src=\"https:\/\/neurovirtual.com\/latam\/wp-content\/uploads\/2021\/02\/International-course-of-Neuroscience-in-Peru-2.jpg\" alt=\"\" data-id=\"809941\" data-full-url=\"https:\/\/neurovirtual.com\/latam\/wp-content\/uploads\/2021\/02\/International-course-of-Neuroscience-in-Peru-2.jpg\" data-link=\"https:\/\/neurovirtual.com\/latam\/novedades\/neurovirtual-participa-en-el-vigesimo-segundo-curso-internacional-de-neurociencia-en-peru\/attachment\/international-course-of-neuroscience-in-peru-2\/\" class=\"wp-image-809941\" srcset=\"https:\/\/neurovirtual.com\/latam\/wp-content\/uploads\/2021\/02\/International-course-of-Neuroscience-in-Peru-2.jpg 900w, https:\/\/neurovirtual.com\/latam\/wp-content\/uploads\/2021\/02\/International-course-of-Neuroscience-in-Peru-2-300x225.jpg 300w, https:\/\/neurovirtual.com\/latam\/wp-content\/uploads\/2021\/02\/International-course-of-Neuroscience-in-Peru-2-768x576.jpg 768w, https:\/\/neurovirtual.com\/latam\/wp-content\/uploads\/2021\/02\/International-course-of-Neuroscience-in-Peru-2-333x250.jpg 333w, https:\/\/neurovirtual.com\/latam\/wp-content\/uploads\/2021\/02\/International-course-of-Neuroscience-in-Peru-2-453x340.jpg 453w\" sizes=\"(max-width: 900px) 100vw, 900px\" \/><\/a><\/figure><\/li><li class=\"blocks-gallery-item\"><figure><a href=\"https:\/\/neurovirtual.com\/latam\/wp-content\/uploads\/2021\/02\/International-course-of-Neuroscience-in-Peru-3.jpg\"><img decoding=\"async\" width=\"900\" height=\"671\" src=\"https:\/\/neurovirtual.com\/latam\/wp-content\/uploads\/2021\/02\/International-course-of-Neuroscience-in-Peru-3.jpg\" alt=\"\" data-id=\"809943\" data-full-url=\"https:\/\/neurovirtual.com\/latam\/wp-content\/uploads\/2021\/02\/International-course-of-Neuroscience-in-Peru-3.jpg\" data-link=\"https:\/\/neurovirtual.com\/latam\/novedades\/neurovirtual-participa-en-el-vigesimo-segundo-curso-internacional-de-neurociencia-en-peru\/attachment\/international-course-of-neuroscience-in-peru-3\/\" class=\"wp-image-809943\" srcset=\"https:\/\/neurovirtual.com\/latam\/wp-content\/uploads\/2021\/02\/International-course-of-Neuroscience-in-Peru-3.jpg 900w, https:\/\/neurovirtual.com\/latam\/wp-content\/uploads\/2021\/02\/International-course-of-Neuroscience-in-Peru-3-300x224.jpg 300w, https:\/\/neurovirtual.com\/latam\/wp-content\/uploads\/2021\/02\/International-course-of-Neuroscience-in-Peru-3-768x573.jpg 768w, https:\/\/neurovirtual.com\/latam\/wp-content\/uploads\/2021\/02\/International-course-of-Neuroscience-in-Peru-3-335x250.jpg 335w, https:\/\/neurovirtual.com\/latam\/wp-content\/uploads\/2021\/02\/International-course-of-Neuroscience-in-Peru-3-456x340.jpg 456w\" sizes=\"(max-width: 900px) 100vw, 900px\" \/><\/a><\/figure><\/li><\/ul><\/figure>\n\n\n\n<p>La epilepsia, la medicina del sue\u00f1o, la neurocirug\u00eda vascular, las dolencias neurogenerativas, la neurogen\u00e9tica y la neurosicolog\u00eda fueron algunos de los temas presentados por los conferencistas. El evento cont\u00f3 tambi\u00e9n con talleres sobre neurolog\u00eda de la conducta, doppler transcraneal en cuidados intensivos, neuroimagen y \u00e9tica en la investigaci\u00f3n.<\/p>\n\n\n\n<p>Neurovirtual, participante activa del evento, present\u00f3 sus productos en un stand con profesionales capacitados para responder preguntas y con informaci\u00f3n sobre los equipos. Varios especialistas visitaron el stand de Neurovirtual para resolver sus dudas y para conocer los dispositivos m\u00e1s recientes.<\/p>\n\n\n\n<p>Se destac\u00f3 el equipo&nbsp;<a href=\"https:\/\/neurovirtual.com\/latam\/equipamento\/bwiii-eeg-plus-icu-brain-monitor\/\">BWIII EEG ICU Monitoreo de EEG<\/a>, un completo equipo que permite que los usuarios conduzcan una EEG cl\u00ednica y una PSG con el mismo hardware. La verificaci\u00f3n de la impedancia integrada directamente a la cabecera del amplificador permite que los t\u00e9cnicos revisen el estado de la impedancia sin descuidar a los pacientes.<\/p>\n\n\n\n<p><em>\u201cNuestro objetivo es mejorar la calidad de vida de nuestros pacientes, por esa raz\u00f3n hacemos presencia en congresos y seminarios sobre medicina del sue\u00f1o y temas relacionados en varios pa\u00edses\u201d<\/em>, dijo Deisy Rojas, gerente para Am\u00e9rica Latina de Neurovirtual, participante en el evento.<\/p>\n","protected":false},"excerpt":{"rendered":"<p>Cerca de 200 especialistas relacionados con la neurolog\u00eda participaron en el XXII Curso Internacional de Neurociencia, realizado del 24 al 26 de agosto en Lima, Per\u00fa. 15 conferencistas renombrados en el \u00e1rea de la neurociencia, provenientes de Argentina, Brasil, Colombia, Espa\u00f1a, India, Italia, M\u00e9xico y Estados Unidos, adem\u00e1s de profesionales locales, compartieron su conocimiento, experiencias&#8230;<\/p>\n","protected":false},"author":7,"featured_media":780070,"comment_status":"open","ping_status":"open","sticky":false,"template":"","format":"standard","meta":{"footnotes":"","_joinchat":[]},"categories":[9,4],"tags":[],"acf":[],"yoast_head":"<!-- This site is optimized with the Yoast SEO plugin v21.7 - https:\/\/yoast.com\/wordpress\/plugins\/seo\/ -->\n<title>Neurovirtual participa en el vig\u00e9simo segundo Curso Internacional de Neurociencia en Per\u00fa - Neurovirtual \/ Humanizing diagnostics<\/title>\n<meta name=\"description\" content=\"%seo_description%\" \/>\n<meta name=\"robots\" content=\"index, follow, max-snippet:-1, max-image-preview:large, max-video-preview:-1\" \/>\n<link rel=\"canonical\" href=\"https:\/\/neurovirtual.com\/latam\/neurovirtual-participa-en-el-vigesimo-segundo-curso-internacional-de-neurociencia-en-peru\/\" \/>\n<meta property=\"og:locale\" content=\"es_ES\" \/>\n<meta property=\"og:type\" content=\"article\" \/>\n<meta property=\"og:title\" content=\"Neurovirtual participa en el vig\u00e9simo segundo Curso Internacional de Neurociencia en Per\u00fa - Neurovirtual \/ Humanizing diagnostics\" \/>\n<meta property=\"og:description\" content=\"%seo_description%\" \/>\n<meta property=\"og:url\" content=\"https:\/\/neurovirtual.com\/latam\/neurovirtual-participa-en-el-vigesimo-segundo-curso-internacional-de-neurociencia-en-peru\/\" \/>\n<meta property=\"og:site_name\" content=\"Neurovirtual \/ Humanizing diagnostics\" \/>\n<meta property=\"article:published_time\" content=\"2017-08-26T18:25:43+00:00\" \/>\n<meta property=\"article:modified_time\" content=\"2021-02-02T21:32:35+00:00\" \/>\n<meta property=\"og:image\" content=\"https:\/\/neurovirtual.com\/latam\/wp-content\/uploads\/2017\/08\/capa-peru2.jpg\" \/>\n\t<meta property=\"og:image:width\" content=\"300\" \/>\n\t<meta property=\"og:image:height\" content=\"168\" \/>\n\t<meta property=\"og:image:type\" content=\"image\/jpeg\" \/>\n<meta name=\"author\" content=\"Jessika Brito\" \/>\n<meta name=\"twitter:card\" content=\"summary_large_image\" \/>\n<meta name=\"twitter:label1\" content=\"Escrito por\" \/>\n\t<meta name=\"twitter:data1\" content=\"Jessika Brito\" \/>\n\t<meta name=\"twitter:label2\" content=\"Tiempo estimado de lectura\" \/>\n\t<meta name=\"twitter:data2\" content=\"1 minuto\" \/>\n<script type=\"application\/ld+json\" class=\"yoast-schema-graph\">{\"@context\":\"https:\/\/schema.org\",\"@graph\":[{\"@type\":\"Article\",\"@id\":\"https:\/\/neurovirtual.com\/latam\/neurovirtual-participa-en-el-vigesimo-segundo-curso-internacional-de-neurociencia-en-peru\/#article\",\"isPartOf\":{\"@id\":\"https:\/\/neurovirtual.com\/latam\/neurovirtual-participa-en-el-vigesimo-segundo-curso-internacional-de-neurociencia-en-peru\/\"},\"author\":{\"name\":\"Jessika Brito\",\"@id\":\"https:\/\/neurovirtual.com\/latam\/#\/schema\/person\/61c27629d3d16b3e601ef7db30001d49\"},\"headline\":\"Neurovirtual participa en el vig\u00e9simo segundo Curso Internacional de Neurociencia en Per\u00fa\",\"datePublished\":\"2017-08-26T18:25:43+00:00\",\"dateModified\":\"2021-02-02T21:32:35+00:00\",\"mainEntityOfPage\":{\"@id\":\"https:\/\/neurovirtual.com\/latam\/neurovirtual-participa-en-el-vigesimo-segundo-curso-internacional-de-neurociencia-en-peru\/\"},\"wordCount\":285,\"commentCount\":0,\"publisher\":{\"@id\":\"https:\/\/neurovirtual.com\/latam\/#organization\"},\"articleSection\":[\"Curso\",\"Novedades\"],\"inLanguage\":\"es-CO\",\"potentialAction\":[{\"@type\":\"CommentAction\",\"name\":\"Comment\",\"target\":[\"https:\/\/neurovirtual.com\/latam\/neurovirtual-participa-en-el-vigesimo-segundo-curso-internacional-de-neurociencia-en-peru\/#respond\"]}]},{\"@type\":\"WebPage\",\"@id\":\"https:\/\/neurovirtual.com\/latam\/neurovirtual-participa-en-el-vigesimo-segundo-curso-internacional-de-neurociencia-en-peru\/\",\"url\":\"https:\/\/neurovirtual.com\/latam\/neurovirtual-participa-en-el-vigesimo-segundo-curso-internacional-de-neurociencia-en-peru\/\",\"name\":\"Neurovirtual participa en el vig\u00e9simo segundo Curso Internacional de Neurociencia en Per\u00fa - Neurovirtual \/ Humanizing diagnostics\",\"isPartOf\":{\"@id\":\"https:\/\/neurovirtual.com\/latam\/#website\"},\"datePublished\":\"2017-08-26T18:25:43+00:00\",\"dateModified\":\"2021-02-02T21:32:35+00:00\",\"description\":\"%seo_description%\",\"breadcrumb\":{\"@id\":\"https:\/\/neurovirtual.com\/latam\/neurovirtual-participa-en-el-vigesimo-segundo-curso-internacional-de-neurociencia-en-peru\/#breadcrumb\"},\"inLanguage\":\"es-CO\",\"potentialAction\":[{\"@type\":\"ReadAction\",\"target\":[\"https:\/\/neurovirtual.com\/latam\/neurovirtual-participa-en-el-vigesimo-segundo-curso-internacional-de-neurociencia-en-peru\/\"]}]},{\"@type\":\"BreadcrumbList\",\"@id\":\"https:\/\/neurovirtual.com\/latam\/neurovirtual-participa-en-el-vigesimo-segundo-curso-internacional-de-neurociencia-en-peru\/#breadcrumb\",\"itemListElement\":[{\"@type\":\"ListItem\",\"position\":1,\"name\":\"Portada\",\"item\":\"https:\/\/neurovirtual.com\/latam\/\"},{\"@type\":\"ListItem\",\"position\":2,\"name\":\"Neurovirtual participa en el vig\u00e9simo segundo Curso Internacional de Neurociencia en Per\u00fa\"}]},{\"@type\":\"WebSite\",\"@id\":\"https:\/\/neurovirtual.com\/latam\/#website\",\"url\":\"https:\/\/neurovirtual.com\/latam\/\",\"name\":\"Neurovirtual \/ Humanizing diagnostics\",\"description\":\"\",\"publisher\":{\"@id\":\"https:\/\/neurovirtual.com\/latam\/#organization\"},\"potentialAction\":[{\"@type\":\"SearchAction\",\"target\":{\"@type\":\"EntryPoint\",\"urlTemplate\":\"https:\/\/neurovirtual.com\/latam\/?s={search_term_string}\"},\"query-input\":\"required name=search_term_string\"}],\"inLanguage\":\"es-CO\"},{\"@type\":\"Organization\",\"@id\":\"https:\/\/neurovirtual.com\/latam\/#organization\",\"name\":\"Neurovirtual\",\"url\":\"https:\/\/neurovirtual.com\/latam\/\",\"logo\":{\"@type\":\"ImageObject\",\"inLanguage\":\"es-CO\",\"@id\":\"https:\/\/neurovirtual.com\/latam\/#\/schema\/logo\/image\/\",\"url\":\"https:\/\/neurovirtual.com\/latam\/wp-content\/uploads\/2023\/08\/1.-Logo-Neurovirtual-2022.png\",\"contentUrl\":\"https:\/\/neurovirtual.com\/latam\/wp-content\/uploads\/2023\/08\/1.-Logo-Neurovirtual-2022.png\",\"width\":1964,\"height\":668,\"caption\":\"Neurovirtual\"},\"image\":{\"@id\":\"https:\/\/neurovirtual.com\/latam\/#\/schema\/logo\/image\/\"}},{\"@type\":\"Person\",\"@id\":\"https:\/\/neurovirtual.com\/latam\/#\/schema\/person\/61c27629d3d16b3e601ef7db30001d49\",\"name\":\"Jessika Brito\",\"image\":{\"@type\":\"ImageObject\",\"inLanguage\":\"es-CO\",\"@id\":\"https:\/\/neurovirtual.com\/latam\/#\/schema\/person\/image\/\",\"url\":\"https:\/\/secure.gravatar.com\/avatar\/08d2f62bc8a1f215fdfebe63356acc30?s=96&d=mm&r=g\",\"contentUrl\":\"https:\/\/secure.gravatar.com\/avatar\/08d2f62bc8a1f215fdfebe63356acc30?s=96&d=mm&r=g\",\"caption\":\"Jessika Brito\"},\"url\":\"https:\/\/neurovirtual.com\/latam\/author\/brito\/\"}]}<\/script>\n<!-- \/ Yoast SEO plugin. -->","yoast_head_json":{"title":"Neurovirtual participa en el vig\u00e9simo segundo Curso Internacional de Neurociencia en Per\u00fa - Neurovirtual \/ Humanizing diagnostics","description":"%seo_description%","robots":{"index":"index","follow":"follow","max-snippet":"max-snippet:-1","max-image-preview":"max-image-preview:large","max-video-preview":"max-video-preview:-1"},"canonical":"https:\/\/neurovirtual.com\/latam\/neurovirtual-participa-en-el-vigesimo-segundo-curso-internacional-de-neurociencia-en-peru\/","og_locale":"es_ES","og_type":"article","og_title":"Neurovirtual participa en el vig\u00e9simo segundo Curso Internacional de Neurociencia en Per\u00fa - Neurovirtual \/ Humanizing diagnostics","og_description":"%seo_description%","og_url":"https:\/\/neurovirtual.com\/latam\/neurovirtual-participa-en-el-vigesimo-segundo-curso-internacional-de-neurociencia-en-peru\/","og_site_name":"Neurovirtual \/ Humanizing diagnostics","article_published_time":"2017-08-26T18:25:43+00:00","article_modified_time":"2021-02-02T21:32:35+00:00","og_image":[{"width":300,"height":168,"url":"https:\/\/neurovirtual.com\/latam\/wp-content\/uploads\/2017\/08\/capa-peru2.jpg","type":"image\/jpeg"}],"author":"Jessika Brito","twitter_card":"summary_large_image","twitter_misc":{"Escrito por":"Jessika Brito","Tiempo estimado de lectura":"1 minuto"},"schema":{"@context":"https:\/\/schema.org","@graph":[{"@type":"Article","@id":"https:\/\/neurovirtual.com\/latam\/neurovirtual-participa-en-el-vigesimo-segundo-curso-internacional-de-neurociencia-en-peru\/#article","isPartOf":{"@id":"https:\/\/neurovirtual.com\/latam\/neurovirtual-participa-en-el-vigesimo-segundo-curso-internacional-de-neurociencia-en-peru\/"},"author":{"name":"Jessika Brito","@id":"https:\/\/neurovirtual.com\/latam\/#\/schema\/person\/61c27629d3d16b3e601ef7db30001d49"},"headline":"Neurovirtual participa en el vig\u00e9simo segundo Curso Internacional de Neurociencia en Per\u00fa","datePublished":"2017-08-26T18:25:43+00:00","dateModified":"2021-02-02T21:32:35+00:00","mainEntityOfPage":{"@id":"https:\/\/neurovirtual.com\/latam\/neurovirtual-participa-en-el-vigesimo-segundo-curso-internacional-de-neurociencia-en-peru\/"},"wordCount":285,"commentCount":0,"publisher":{"@id":"https:\/\/neurovirtual.com\/latam\/#organization"},"articleSection":["Curso","Novedades"],"inLanguage":"es-CO","potentialAction":[{"@type":"CommentAction","name":"Comment","target":["https:\/\/neurovirtual.com\/latam\/neurovirtual-participa-en-el-vigesimo-segundo-curso-internacional-de-neurociencia-en-peru\/#respond"]}]},{"@type":"WebPage","@id":"https:\/\/neurovirtual.com\/latam\/neurovirtual-participa-en-el-vigesimo-segundo-curso-internacional-de-neurociencia-en-peru\/","url":"https:\/\/neurovirtual.com\/latam\/neurovirtual-participa-en-el-vigesimo-segundo-curso-internacional-de-neurociencia-en-peru\/","name":"Neurovirtual participa en el vig\u00e9simo segundo Curso Internacional de Neurociencia en Per\u00fa - Neurovirtual \/ Humanizing diagnostics","isPartOf":{"@id":"https:\/\/neurovirtual.com\/latam\/#website"},"datePublished":"2017-08-26T18:25:43+00:00","dateModified":"2021-02-02T21:32:35+00:00","description":"%seo_description%","breadcrumb":{"@id":"https:\/\/neurovirtual.com\/latam\/neurovirtual-participa-en-el-vigesimo-segundo-curso-internacional-de-neurociencia-en-peru\/#breadcrumb"},"inLanguage":"es-CO","potentialAction":[{"@type":"ReadAction","target":["https:\/\/neurovirtual.com\/latam\/neurovirtual-participa-en-el-vigesimo-segundo-curso-internacional-de-neurociencia-en-peru\/"]}]},{"@type":"BreadcrumbList","@id":"https:\/\/neurovirtual.com\/latam\/neurovirtual-participa-en-el-vigesimo-segundo-curso-internacional-de-neurociencia-en-peru\/#breadcrumb","itemListElement":[{"@type":"ListItem","position":1,"name":"Portada","item":"https:\/\/neurovirtual.com\/latam\/"},{"@type":"ListItem","position":2,"name":"Neurovirtual participa en el vig\u00e9simo segundo Curso Internacional de Neurociencia en Per\u00fa"}]},{"@type":"WebSite","@id":"https:\/\/neurovirtual.com\/latam\/#website","url":"https:\/\/neurovirtual.com\/latam\/","name":"Neurovirtual \/ Humanizing diagnostics","description":"","publisher":{"@id":"https:\/\/neurovirtual.com\/latam\/#organization"},"potentialAction":[{"@type":"SearchAction","target":{"@type":"EntryPoint","urlTemplate":"https:\/\/neurovirtual.com\/latam\/?s={search_term_string}"},"query-input":"required name=search_term_string"}],"inLanguage":"es-CO"},{"@type":"Organization","@id":"https:\/\/neurovirtual.com\/latam\/#organization","name":"Neurovirtual","url":"https:\/\/neurovirtual.com\/latam\/","logo":{"@type":"ImageObject","inLanguage":"es-CO","@id":"https:\/\/neurovirtual.com\/latam\/#\/schema\/logo\/image\/","url":"https:\/\/neurovirtual.com\/latam\/wp-content\/uploads\/2023\/08\/1.-Logo-Neurovirtual-2022.png","contentUrl":"https:\/\/neurovirtual.com\/latam\/wp-content\/uploads\/2023\/08\/1.-Logo-Neurovirtual-2022.png","width":1964,"height":668,"caption":"Neurovirtual"},"image":{"@id":"https:\/\/neurovirtual.com\/latam\/#\/schema\/logo\/image\/"}},{"@type":"Person","@id":"https:\/\/neurovirtual.com\/latam\/#\/schema\/person\/61c27629d3d16b3e601ef7db30001d49","name":"Jessika Brito","image":{"@type":"ImageObject","inLanguage":"es-CO","@id":"https:\/\/neurovirtual.com\/latam\/#\/schema\/person\/image\/","url":"https:\/\/secure.gravatar.com\/avatar\/08d2f62bc8a1f215fdfebe63356acc30?s=96&d=mm&r=g","contentUrl":"https:\/\/secure.gravatar.com\/avatar\/08d2f62bc8a1f215fdfebe63356acc30?s=96&d=mm&r=g","caption":"Jessika Brito"},"url":"https:\/\/neurovirtual.com\/latam\/author\/brito\/"}]}},"_links":{"self":[{"href":"https:\/\/neurovirtual.com\/latam\/wp-json\/wp\/v2\/posts\/780068"}],"collection":[{"href":"https:\/\/neurovirtual.com\/latam\/wp-json\/wp\/v2\/posts"}],"about":[{"href":"https:\/\/neurovirtual.com\/latam\/wp-json\/wp\/v2\/types\/post"}],"author":[{"embeddable":true,"href":"https:\/\/neurovirtual.com\/latam\/wp-json\/wp\/v2\/users\/7"}],"replies":[{"embeddable":true,"href":"https:\/\/neurovirtual.com\/latam\/wp-json\/wp\/v2\/comments?post=780068"}],"version-history":[{"count":4,"href":"https:\/\/neurovirtual.com\/latam\/wp-json\/wp\/v2\/posts\/780068\/revisions"}],"predecessor-version":[{"id":809945,"href":"https:\/\/neurovirtual.com\/latam\/wp-json\/wp\/v2\/posts\/780068\/revisions\/809945"}],"wp:featuredmedia":[{"embeddable":true,"href":"https:\/\/neurovirtual.com\/latam\/wp-json\/wp\/v2\/media\/780070"}],"wp:attachment":[{"href":"https:\/\/neurovirtual.com\/latam\/wp-json\/wp\/v2\/media?parent=780068"}],"wp:term":[{"taxonomy":"category","embeddable":true,"href":"https:\/\/neurovirtual.com\/latam\/wp-json\/wp\/v2\/categories?post=780068"},{"taxonomy":"post_tag","embeddable":true,"href":"https:\/\/neurovirtual.com\/latam\/wp-json\/wp\/v2\/tags?post=780068"}],"curies":[{"name":"wp","href":"https:\/\/api.w.org\/{rel}","templated":true}]}}