{"id":778903,"date":"2017-04-22T15:39:15","date_gmt":"2017-04-22T18:39:15","guid":{"rendered":"https:\/\/neurovirtual.com\/latam\/?p=778903"},"modified":"2017-06-26T15:49:37","modified_gmt":"2017-06-26T18:49:37","slug":"sueno-saludable-corazon-saludable-fue-el-tema-del-vigesimo-quinto-congreso-de-la-sociedad-espanola-del-sueno","status":"publish","type":"post","link":"https:\/\/neurovirtual.com\/latam\/sueno-saludable-corazon-saludable-fue-el-tema-del-vigesimo-quinto-congreso-de-la-sociedad-espanola-del-sueno\/","title":{"rendered":"\u201cSue\u00f1o saludable, coraz\u00f3n saludable\u201d fue el tema del vig\u00e9simo quinto congreso de la Sociedad Espa\u00f1ola del Sue\u00f1o"},"content":{"rendered":"<p><a href=\"https:\/\/neurovirtual.com\/latam\/wp-content\/uploads\/2017\/06\/reuniao-SES.jpg\"><img decoding=\"async\" class=\"aligncenter size-full wp-image-778904\" src=\"https:\/\/neurovirtual.com\/latam\/wp-content\/uploads\/2017\/06\/reuniao-SES.jpg\" alt=\"reuniao-SES\" width=\"805\" height=\"138\" srcset=\"https:\/\/neurovirtual.com\/latam\/wp-content\/uploads\/2017\/06\/reuniao-SES.jpg 805w, https:\/\/neurovirtual.com\/latam\/wp-content\/uploads\/2017\/06\/reuniao-SES-300x51.jpg 300w, https:\/\/neurovirtual.com\/latam\/wp-content\/uploads\/2017\/06\/reuniao-SES-460x79.jpg 460w\" sizes=\"(max-width: 805px) 100vw, 805px\" \/><\/a><\/p>\n<p>Profesionales de la salud de varias partes del mundo se reunieron en abril en la ciudad de Santander en Espa\u00f1a para participar en el vig\u00e9simo quinto congreso de la Sociedad Espa\u00f1ola del Sue\u00f1o. El evento tuvo como tema central la relaci\u00f3n entre la cantidad y la calidad del sue\u00f1o y la salud cardiovascular, como por ejemplo el ritmo cardiaco en el tratamiento de la apnea del sue\u00f1o, entre otros temas relevantes.<\/p>\n<p>Adem\u00e1s de las conferencias con profesionales renombrados de Espa\u00f1a y de otros pa\u00edses, hubo tambi\u00e9n debates entorno a las nuevas directrices cl\u00ednicas recientes o futuras y a cuestiones actuales relacionadas con la medicina del sue\u00f1o, dirigidos por especialistas con la participaci\u00f3n activa de los profesionales de la salud que estuvieron presentes.<\/p>\n<p><a href=\"https:\/\/neurovirtual.com\/latam\/wp-content\/uploads\/2017\/06\/Reuniao-sociedade-espanhola-do-sono-1.jpg\"><img decoding=\"async\" class=\"aligncenter size-medium wp-image-778906\" src=\"https:\/\/neurovirtual.com\/latam\/wp-content\/uploads\/2017\/06\/Reuniao-sociedade-espanhola-do-sono-1-300x200.jpg\" alt=\"Reuniao-sociedade-espanhola-do-sono-1\" width=\"300\" height=\"200\" srcset=\"https:\/\/neurovirtual.com\/latam\/wp-content\/uploads\/2017\/06\/Reuniao-sociedade-espanhola-do-sono-1-300x200.jpg 300w, https:\/\/neurovirtual.com\/latam\/wp-content\/uploads\/2017\/06\/Reuniao-sociedade-espanhola-do-sono-1-1024x683.jpg 1024w, https:\/\/neurovirtual.com\/latam\/wp-content\/uploads\/2017\/06\/Reuniao-sociedade-espanhola-do-sono-1-375x250.jpg 375w, https:\/\/neurovirtual.com\/latam\/wp-content\/uploads\/2017\/06\/Reuniao-sociedade-espanhola-do-sono-1-460x307.jpg 460w, https:\/\/neurovirtual.com\/latam\/wp-content\/uploads\/2017\/06\/Reuniao-sociedade-espanhola-do-sono-1.jpg 1920w\" sizes=\"(max-width: 300px) 100vw, 300px\" \/><\/a><\/p>\n<p>Durante el congreso, Sleepvirtual present\u00f3 su l\u00ednea de equipos con tecnolog\u00eda de punta. Se destac\u00f3 el <a href=\"https:\/\/neurovirtual.com\/latam\/equipamento\/bwmini-ambulatorio-psg-hst\/\">BWMini PSG<\/a>, un amplificador ligero y compacto dise\u00f1ado para uso en HST tipo 3 y polisomnograf\u00eda de laboratorio tipo 1 adaptable tambi\u00e9n para uso ambulatorio. Otro de los productos que se presentaron fue el <a href=\"https:\/\/neurovirtual.com\/latam\/equipamento\/bw-iii-plus\/\">BWIII PSG Plus<\/a>, que permite al usuario realizar tanto EEGs como polisomnograf\u00edas desde la misma plataforma de hardware y software a trav\u00e9s de un equipo que puede ser transportado de un lugar a otro f\u00e1cilmente.<\/p>\n<p><a href=\"https:\/\/neurovirtual.com\/latam\/wp-content\/uploads\/2017\/06\/Reuniao-sociedade-espanhola-do-sono-2.jpg\"><img decoding=\"async\" class=\"aligncenter size-medium wp-image-778907\" src=\"https:\/\/neurovirtual.com\/latam\/wp-content\/uploads\/2017\/06\/Reuniao-sociedade-espanhola-do-sono-2-300x290.jpg\" alt=\"Reuniao-sociedade-espanhola-do-sono-2\" width=\"300\" height=\"290\" srcset=\"https:\/\/neurovirtual.com\/latam\/wp-content\/uploads\/2017\/06\/Reuniao-sociedade-espanhola-do-sono-2-300x290.jpg 300w, https:\/\/neurovirtual.com\/latam\/wp-content\/uploads\/2017\/06\/Reuniao-sociedade-espanhola-do-sono-2-1024x990.jpg 1024w, https:\/\/neurovirtual.com\/latam\/wp-content\/uploads\/2017\/06\/Reuniao-sociedade-espanhola-do-sono-2-258x250.jpg 258w, https:\/\/neurovirtual.com\/latam\/wp-content\/uploads\/2017\/06\/Reuniao-sociedade-espanhola-do-sono-2-352x340.jpg 352w, https:\/\/neurovirtual.com\/latam\/wp-content\/uploads\/2017\/06\/Reuniao-sociedade-espanhola-do-sono-2.jpg 1280w\" sizes=\"(max-width: 300px) 100vw, 300px\" \/><\/a><\/p>\n<p>\u201cSleepvirtual participa en los principales eventos y discusiones sobre medicina del sue\u00f1o en todo el mundo y Espa\u00f1a ha tenido proyecci\u00f3n internacional en los asuntos relacionados con el tema. La participaci\u00f3n en este evento nos ayuda a estar actualizados con los principales estudios disponibles y as\u00ed ofrecer una mejor alternativa de diagn\u00f3stico\u201d, dijo Marcelo Belli, director de ventas de la compa\u00f1\u00eda en M\u00e9xico.<\/p>\n","protected":false},"excerpt":{"rendered":"<p>Profesionales de la salud de varias partes del mundo se reunieron en abril en la ciudad de Santander en Espa\u00f1a para participar en el vig\u00e9simo quinto congreso de la Sociedad Espa\u00f1ola del Sue\u00f1o. El evento tuvo como tema central la relaci\u00f3n entre la cantidad y la calidad del sue\u00f1o y la salud cardiovascular, como por&#8230;<\/p>\n","protected":false},"author":7,"featured_media":778908,"comment_status":"open","ping_status":"open","sticky":false,"template":"","format":"standard","meta":{"footnotes":"","_joinchat":[]},"categories":[7],"tags":[],"acf":[],"yoast_head":"<!-- This site is optimized with the Yoast SEO plugin v21.7 - https:\/\/yoast.com\/wordpress\/plugins\/seo\/ -->\n<title>\u201cSue\u00f1o saludable, coraz\u00f3n saludable\u201d fue el tema del vig\u00e9simo quinto congreso de la Sociedad Espa\u00f1ola del Sue\u00f1o - Neurovirtual \/ Humanizing diagnostics<\/title>\n<meta name=\"description\" content=\"%seo_description%\" \/>\n<meta name=\"robots\" content=\"index, follow, max-snippet:-1, max-image-preview:large, max-video-preview:-1\" \/>\n<link rel=\"canonical\" href=\"https:\/\/neurovirtual.com\/latam\/sueno-saludable-corazon-saludable-fue-el-tema-del-vigesimo-quinto-congreso-de-la-sociedad-espanola-del-sueno\/\" \/>\n<meta property=\"og:locale\" content=\"es_ES\" \/>\n<meta property=\"og:type\" content=\"article\" \/>\n<meta property=\"og:title\" content=\"\u201cSue\u00f1o saludable, coraz\u00f3n saludable\u201d fue el tema del vig\u00e9simo quinto congreso de la Sociedad Espa\u00f1ola del Sue\u00f1o - Neurovirtual \/ Humanizing diagnostics\" \/>\n<meta property=\"og:description\" content=\"%seo_description%\" \/>\n<meta property=\"og:url\" content=\"https:\/\/neurovirtual.com\/latam\/sueno-saludable-corazon-saludable-fue-el-tema-del-vigesimo-quinto-congreso-de-la-sociedad-espanola-del-sueno\/\" \/>\n<meta property=\"og:site_name\" content=\"Neurovirtual \/ Humanizing diagnostics\" \/>\n<meta property=\"article:published_time\" content=\"2017-04-22T18:39:15+00:00\" \/>\n<meta property=\"article:modified_time\" content=\"2017-06-26T18:49:37+00:00\" \/>\n<meta property=\"og:image\" content=\"https:\/\/neurovirtual.com\/latam\/wp-content\/uploads\/2017\/06\/reuniao-SES-capa.jpg\" \/>\n\t<meta property=\"og:image:width\" content=\"300\" \/>\n\t<meta property=\"og:image:height\" content=\"168\" \/>\n\t<meta property=\"og:image:type\" content=\"image\/jpeg\" \/>\n<meta name=\"author\" content=\"Jessika Brito\" \/>\n<meta name=\"twitter:card\" content=\"summary_large_image\" \/>\n<meta name=\"twitter:label1\" content=\"Escrito por\" \/>\n\t<meta name=\"twitter:data1\" content=\"Jessika Brito\" \/>\n\t<meta name=\"twitter:label2\" content=\"Tiempo estimado de lectura\" \/>\n\t<meta name=\"twitter:data2\" content=\"1 minuto\" \/>\n<script type=\"application\/ld+json\" class=\"yoast-schema-graph\">{\"@context\":\"https:\/\/schema.org\",\"@graph\":[{\"@type\":\"Article\",\"@id\":\"https:\/\/neurovirtual.com\/latam\/sueno-saludable-corazon-saludable-fue-el-tema-del-vigesimo-quinto-congreso-de-la-sociedad-espanola-del-sueno\/#article\",\"isPartOf\":{\"@id\":\"https:\/\/neurovirtual.com\/latam\/sueno-saludable-corazon-saludable-fue-el-tema-del-vigesimo-quinto-congreso-de-la-sociedad-espanola-del-sueno\/\"},\"author\":{\"name\":\"Jessika Brito\",\"@id\":\"https:\/\/neurovirtual.com\/latam\/#\/schema\/person\/61c27629d3d16b3e601ef7db30001d49\"},\"headline\":\"\u201cSue\u00f1o saludable, coraz\u00f3n saludable\u201d fue el tema del vig\u00e9simo quinto congreso de la Sociedad Espa\u00f1ola del Sue\u00f1o\",\"datePublished\":\"2017-04-22T18:39:15+00:00\",\"dateModified\":\"2017-06-26T18:49:37+00:00\",\"mainEntityOfPage\":{\"@id\":\"https:\/\/neurovirtual.com\/latam\/sueno-saludable-corazon-saludable-fue-el-tema-del-vigesimo-quinto-congreso-de-la-sociedad-espanola-del-sueno\/\"},\"wordCount\":319,\"commentCount\":0,\"publisher\":{\"@id\":\"https:\/\/neurovirtual.com\/latam\/#organization\"},\"articleSection\":[\"Conferencias\"],\"inLanguage\":\"es-CO\",\"potentialAction\":[{\"@type\":\"CommentAction\",\"name\":\"Comment\",\"target\":[\"https:\/\/neurovirtual.com\/latam\/sueno-saludable-corazon-saludable-fue-el-tema-del-vigesimo-quinto-congreso-de-la-sociedad-espanola-del-sueno\/#respond\"]}]},{\"@type\":\"WebPage\",\"@id\":\"https:\/\/neurovirtual.com\/latam\/sueno-saludable-corazon-saludable-fue-el-tema-del-vigesimo-quinto-congreso-de-la-sociedad-espanola-del-sueno\/\",\"url\":\"https:\/\/neurovirtual.com\/latam\/sueno-saludable-corazon-saludable-fue-el-tema-del-vigesimo-quinto-congreso-de-la-sociedad-espanola-del-sueno\/\",\"name\":\"\u201cSue\u00f1o saludable, coraz\u00f3n saludable\u201d fue el tema del vig\u00e9simo quinto congreso de la Sociedad Espa\u00f1ola del Sue\u00f1o - Neurovirtual \/ Humanizing diagnostics\",\"isPartOf\":{\"@id\":\"https:\/\/neurovirtual.com\/latam\/#website\"},\"datePublished\":\"2017-04-22T18:39:15+00:00\",\"dateModified\":\"2017-06-26T18:49:37+00:00\",\"description\":\"%seo_description%\",\"breadcrumb\":{\"@id\":\"https:\/\/neurovirtual.com\/latam\/sueno-saludable-corazon-saludable-fue-el-tema-del-vigesimo-quinto-congreso-de-la-sociedad-espanola-del-sueno\/#breadcrumb\"},\"inLanguage\":\"es-CO\",\"potentialAction\":[{\"@type\":\"ReadAction\",\"target\":[\"https:\/\/neurovirtual.com\/latam\/sueno-saludable-corazon-saludable-fue-el-tema-del-vigesimo-quinto-congreso-de-la-sociedad-espanola-del-sueno\/\"]}]},{\"@type\":\"BreadcrumbList\",\"@id\":\"https:\/\/neurovirtual.com\/latam\/sueno-saludable-corazon-saludable-fue-el-tema-del-vigesimo-quinto-congreso-de-la-sociedad-espanola-del-sueno\/#breadcrumb\",\"itemListElement\":[{\"@type\":\"ListItem\",\"position\":1,\"name\":\"Portada\",\"item\":\"https:\/\/neurovirtual.com\/latam\/\"},{\"@type\":\"ListItem\",\"position\":2,\"name\":\"\u201cSue\u00f1o saludable, coraz\u00f3n saludable\u201d fue el tema del vig\u00e9simo quinto congreso de la Sociedad Espa\u00f1ola del Sue\u00f1o\"}]},{\"@type\":\"WebSite\",\"@id\":\"https:\/\/neurovirtual.com\/latam\/#website\",\"url\":\"https:\/\/neurovirtual.com\/latam\/\",\"name\":\"Neurovirtual \/ Humanizing diagnostics\",\"description\":\"\",\"publisher\":{\"@id\":\"https:\/\/neurovirtual.com\/latam\/#organization\"},\"potentialAction\":[{\"@type\":\"SearchAction\",\"target\":{\"@type\":\"EntryPoint\",\"urlTemplate\":\"https:\/\/neurovirtual.com\/latam\/?s={search_term_string}\"},\"query-input\":\"required name=search_term_string\"}],\"inLanguage\":\"es-CO\"},{\"@type\":\"Organization\",\"@id\":\"https:\/\/neurovirtual.com\/latam\/#organization\",\"name\":\"Neurovirtual\",\"url\":\"https:\/\/neurovirtual.com\/latam\/\",\"logo\":{\"@type\":\"ImageObject\",\"inLanguage\":\"es-CO\",\"@id\":\"https:\/\/neurovirtual.com\/latam\/#\/schema\/logo\/image\/\",\"url\":\"https:\/\/neurovirtual.com\/latam\/wp-content\/uploads\/2023\/08\/1.-Logo-Neurovirtual-2022.png\",\"contentUrl\":\"https:\/\/neurovirtual.com\/latam\/wp-content\/uploads\/2023\/08\/1.-Logo-Neurovirtual-2022.png\",\"width\":1964,\"height\":668,\"caption\":\"Neurovirtual\"},\"image\":{\"@id\":\"https:\/\/neurovirtual.com\/latam\/#\/schema\/logo\/image\/\"}},{\"@type\":\"Person\",\"@id\":\"https:\/\/neurovirtual.com\/latam\/#\/schema\/person\/61c27629d3d16b3e601ef7db30001d49\",\"name\":\"Jessika Brito\",\"image\":{\"@type\":\"ImageObject\",\"inLanguage\":\"es-CO\",\"@id\":\"https:\/\/neurovirtual.com\/latam\/#\/schema\/person\/image\/\",\"url\":\"https:\/\/secure.gravatar.com\/avatar\/08d2f62bc8a1f215fdfebe63356acc30?s=96&d=mm&r=g\",\"contentUrl\":\"https:\/\/secure.gravatar.com\/avatar\/08d2f62bc8a1f215fdfebe63356acc30?s=96&d=mm&r=g\",\"caption\":\"Jessika Brito\"},\"url\":\"https:\/\/neurovirtual.com\/latam\/author\/brito\/\"}]}<\/script>\n<!-- \/ Yoast SEO plugin. -->","yoast_head_json":{"title":"\u201cSue\u00f1o saludable, coraz\u00f3n saludable\u201d fue el tema del vig\u00e9simo quinto congreso de la Sociedad Espa\u00f1ola del Sue\u00f1o - Neurovirtual \/ Humanizing diagnostics","description":"%seo_description%","robots":{"index":"index","follow":"follow","max-snippet":"max-snippet:-1","max-image-preview":"max-image-preview:large","max-video-preview":"max-video-preview:-1"},"canonical":"https:\/\/neurovirtual.com\/latam\/sueno-saludable-corazon-saludable-fue-el-tema-del-vigesimo-quinto-congreso-de-la-sociedad-espanola-del-sueno\/","og_locale":"es_ES","og_type":"article","og_title":"\u201cSue\u00f1o saludable, coraz\u00f3n saludable\u201d fue el tema del vig\u00e9simo quinto congreso de la Sociedad Espa\u00f1ola del Sue\u00f1o - Neurovirtual \/ Humanizing diagnostics","og_description":"%seo_description%","og_url":"https:\/\/neurovirtual.com\/latam\/sueno-saludable-corazon-saludable-fue-el-tema-del-vigesimo-quinto-congreso-de-la-sociedad-espanola-del-sueno\/","og_site_name":"Neurovirtual \/ Humanizing diagnostics","article_published_time":"2017-04-22T18:39:15+00:00","article_modified_time":"2017-06-26T18:49:37+00:00","og_image":[{"width":300,"height":168,"url":"https:\/\/neurovirtual.com\/latam\/wp-content\/uploads\/2017\/06\/reuniao-SES-capa.jpg","type":"image\/jpeg"}],"author":"Jessika Brito","twitter_card":"summary_large_image","twitter_misc":{"Escrito por":"Jessika Brito","Tiempo estimado de lectura":"1 minuto"},"schema":{"@context":"https:\/\/schema.org","@graph":[{"@type":"Article","@id":"https:\/\/neurovirtual.com\/latam\/sueno-saludable-corazon-saludable-fue-el-tema-del-vigesimo-quinto-congreso-de-la-sociedad-espanola-del-sueno\/#article","isPartOf":{"@id":"https:\/\/neurovirtual.com\/latam\/sueno-saludable-corazon-saludable-fue-el-tema-del-vigesimo-quinto-congreso-de-la-sociedad-espanola-del-sueno\/"},"author":{"name":"Jessika Brito","@id":"https:\/\/neurovirtual.com\/latam\/#\/schema\/person\/61c27629d3d16b3e601ef7db30001d49"},"headline":"\u201cSue\u00f1o saludable, coraz\u00f3n saludable\u201d fue el tema del vig\u00e9simo quinto congreso de la Sociedad Espa\u00f1ola del Sue\u00f1o","datePublished":"2017-04-22T18:39:15+00:00","dateModified":"2017-06-26T18:49:37+00:00","mainEntityOfPage":{"@id":"https:\/\/neurovirtual.com\/latam\/sueno-saludable-corazon-saludable-fue-el-tema-del-vigesimo-quinto-congreso-de-la-sociedad-espanola-del-sueno\/"},"wordCount":319,"commentCount":0,"publisher":{"@id":"https:\/\/neurovirtual.com\/latam\/#organization"},"articleSection":["Conferencias"],"inLanguage":"es-CO","potentialAction":[{"@type":"CommentAction","name":"Comment","target":["https:\/\/neurovirtual.com\/latam\/sueno-saludable-corazon-saludable-fue-el-tema-del-vigesimo-quinto-congreso-de-la-sociedad-espanola-del-sueno\/#respond"]}]},{"@type":"WebPage","@id":"https:\/\/neurovirtual.com\/latam\/sueno-saludable-corazon-saludable-fue-el-tema-del-vigesimo-quinto-congreso-de-la-sociedad-espanola-del-sueno\/","url":"https:\/\/neurovirtual.com\/latam\/sueno-saludable-corazon-saludable-fue-el-tema-del-vigesimo-quinto-congreso-de-la-sociedad-espanola-del-sueno\/","name":"\u201cSue\u00f1o saludable, coraz\u00f3n saludable\u201d fue el tema del vig\u00e9simo quinto congreso de la Sociedad Espa\u00f1ola del Sue\u00f1o - Neurovirtual \/ Humanizing diagnostics","isPartOf":{"@id":"https:\/\/neurovirtual.com\/latam\/#website"},"datePublished":"2017-04-22T18:39:15+00:00","dateModified":"2017-06-26T18:49:37+00:00","description":"%seo_description%","breadcrumb":{"@id":"https:\/\/neurovirtual.com\/latam\/sueno-saludable-corazon-saludable-fue-el-tema-del-vigesimo-quinto-congreso-de-la-sociedad-espanola-del-sueno\/#breadcrumb"},"inLanguage":"es-CO","potentialAction":[{"@type":"ReadAction","target":["https:\/\/neurovirtual.com\/latam\/sueno-saludable-corazon-saludable-fue-el-tema-del-vigesimo-quinto-congreso-de-la-sociedad-espanola-del-sueno\/"]}]},{"@type":"BreadcrumbList","@id":"https:\/\/neurovirtual.com\/latam\/sueno-saludable-corazon-saludable-fue-el-tema-del-vigesimo-quinto-congreso-de-la-sociedad-espanola-del-sueno\/#breadcrumb","itemListElement":[{"@type":"ListItem","position":1,"name":"Portada","item":"https:\/\/neurovirtual.com\/latam\/"},{"@type":"ListItem","position":2,"name":"\u201cSue\u00f1o saludable, coraz\u00f3n saludable\u201d fue el tema del vig\u00e9simo quinto congreso de la Sociedad Espa\u00f1ola del Sue\u00f1o"}]},{"@type":"WebSite","@id":"https:\/\/neurovirtual.com\/latam\/#website","url":"https:\/\/neurovirtual.com\/latam\/","name":"Neurovirtual \/ Humanizing diagnostics","description":"","publisher":{"@id":"https:\/\/neurovirtual.com\/latam\/#organization"},"potentialAction":[{"@type":"SearchAction","target":{"@type":"EntryPoint","urlTemplate":"https:\/\/neurovirtual.com\/latam\/?s={search_term_string}"},"query-input":"required name=search_term_string"}],"inLanguage":"es-CO"},{"@type":"Organization","@id":"https:\/\/neurovirtual.com\/latam\/#organization","name":"Neurovirtual","url":"https:\/\/neurovirtual.com\/latam\/","logo":{"@type":"ImageObject","inLanguage":"es-CO","@id":"https:\/\/neurovirtual.com\/latam\/#\/schema\/logo\/image\/","url":"https:\/\/neurovirtual.com\/latam\/wp-content\/uploads\/2023\/08\/1.-Logo-Neurovirtual-2022.png","contentUrl":"https:\/\/neurovirtual.com\/latam\/wp-content\/uploads\/2023\/08\/1.-Logo-Neurovirtual-2022.png","width":1964,"height":668,"caption":"Neurovirtual"},"image":{"@id":"https:\/\/neurovirtual.com\/latam\/#\/schema\/logo\/image\/"}},{"@type":"Person","@id":"https:\/\/neurovirtual.com\/latam\/#\/schema\/person\/61c27629d3d16b3e601ef7db30001d49","name":"Jessika Brito","image":{"@type":"ImageObject","inLanguage":"es-CO","@id":"https:\/\/neurovirtual.com\/latam\/#\/schema\/person\/image\/","url":"https:\/\/secure.gravatar.com\/avatar\/08d2f62bc8a1f215fdfebe63356acc30?s=96&d=mm&r=g","contentUrl":"https:\/\/secure.gravatar.com\/avatar\/08d2f62bc8a1f215fdfebe63356acc30?s=96&d=mm&r=g","caption":"Jessika Brito"},"url":"https:\/\/neurovirtual.com\/latam\/author\/brito\/"}]}},"_links":{"self":[{"href":"https:\/\/neurovirtual.com\/latam\/wp-json\/wp\/v2\/posts\/778903"}],"collection":[{"href":"https:\/\/neurovirtual.com\/latam\/wp-json\/wp\/v2\/posts"}],"about":[{"href":"https:\/\/neurovirtual.com\/latam\/wp-json\/wp\/v2\/types\/post"}],"author":[{"embeddable":true,"href":"https:\/\/neurovirtual.com\/latam\/wp-json\/wp\/v2\/users\/7"}],"replies":[{"embeddable":true,"href":"https:\/\/neurovirtual.com\/latam\/wp-json\/wp\/v2\/comments?post=778903"}],"version-history":[{"count":3,"href":"https:\/\/neurovirtual.com\/latam\/wp-json\/wp\/v2\/posts\/778903\/revisions"}],"predecessor-version":[{"id":778910,"href":"https:\/\/neurovirtual.com\/latam\/wp-json\/wp\/v2\/posts\/778903\/revisions\/778910"}],"wp:featuredmedia":[{"embeddable":true,"href":"https:\/\/neurovirtual.com\/latam\/wp-json\/wp\/v2\/media\/778908"}],"wp:attachment":[{"href":"https:\/\/neurovirtual.com\/latam\/wp-json\/wp\/v2\/media?parent=778903"}],"wp:term":[{"taxonomy":"category","embeddable":true,"href":"https:\/\/neurovirtual.com\/latam\/wp-json\/wp\/v2\/categories?post=778903"},{"taxonomy":"post_tag","embeddable":true,"href":"https:\/\/neurovirtual.com\/latam\/wp-json\/wp\/v2\/tags?post=778903"}],"curies":[{"name":"wp","href":"https:\/\/api.w.org\/{rel}","templated":true}]}}