{"id":778890,"date":"2017-05-13T15:31:19","date_gmt":"2017-05-13T18:31:19","guid":{"rendered":"https:\/\/neurovirtual.com\/latam\/?p=778890"},"modified":"2017-06-26T16:52:59","modified_gmt":"2017-06-26T19:52:59","slug":"decimo-quinto-congreso-paulista-de-medicina-del-sueno","status":"publish","type":"post","link":"https:\/\/neurovirtual.com\/latam\/decimo-quinto-congreso-paulista-de-medicina-del-sueno\/","title":{"rendered":"D\u00e9cimo quinto congreso paulista de medicina del sue\u00f1o"},"content":{"rendered":"<p><img decoding=\"async\" class=\"wp-image-778892 size-full\" src=\"https:\/\/neurovirtual.com\/latam\/wp-content\/uploads\/2017\/06\/capa-paulista-do-sono.jpg\" alt=\"capa paulista do sono\" width=\"757\" height=\"219\" srcset=\"https:\/\/neurovirtual.com\/latam\/wp-content\/uploads\/2017\/06\/capa-paulista-do-sono.jpg 757w, https:\/\/neurovirtual.com\/latam\/wp-content\/uploads\/2017\/06\/capa-paulista-do-sono-300x87.jpg 300w, https:\/\/neurovirtual.com\/latam\/wp-content\/uploads\/2017\/06\/capa-paulista-do-sono-460x133.jpg 460w\" sizes=\"(max-width: 757px) 100vw, 757px\" \/><\/p>\n<p>El tradicional hotel Maksoud Plaza en Sao Paulo fue el escenario en 2017 del congreso paulista de medicina del sue\u00f1o organizado por la Asociaci\u00f3n Paulista de Medicina. Profesionales de la salud de diversas \u00e1reas formaron parte de las mesas de discusiones y expusieron las investigaciones y estudios recientes sobre el tema. Entre los temas principales se trataron los trastornos respiratorios del sue\u00f1o, el insomnio, los trastornos del movimiento y los m\u00e9todos diagn\u00f3sticos del sue\u00f1o.<\/p>\n<p>Como participante activo del evento, Sleepvirtual present\u00f3 sus productos en el congreso. Se destac\u00f3 el equipo <a href=\"https:\/\/neurovirtual.com\/latam\/equipamento\/bwmini-ambulatorio-psg-hst\/\">BWMini PSG<\/a>, un amplificador ligero y compacto, dise\u00f1ado para HST tipo 2 y para polisomnograf\u00eda de laboratorio tipo 1, adaptable tambi\u00e9n para EEG ambulatorio.<\/p>\n<p><a href=\"https:\/\/neurovirtual.com\/latam\/wp-content\/uploads\/2017\/06\/2017-congresso-paulista-de-sono-menor.jpg\"><img decoding=\"async\" class=\"aligncenter size-medium wp-image-778893\" src=\"https:\/\/neurovirtual.com\/latam\/wp-content\/uploads\/2017\/06\/2017-congresso-paulista-de-sono-menor-300x225.jpg\" alt=\"2017-congresso-paulista-de-sono-menor\" width=\"300\" height=\"225\" srcset=\"https:\/\/neurovirtual.com\/latam\/wp-content\/uploads\/2017\/06\/2017-congresso-paulista-de-sono-menor-300x225.jpg 300w, https:\/\/neurovirtual.com\/latam\/wp-content\/uploads\/2017\/06\/2017-congresso-paulista-de-sono-menor-1024x768.jpg 1024w, https:\/\/neurovirtual.com\/latam\/wp-content\/uploads\/2017\/06\/2017-congresso-paulista-de-sono-menor-333x250.jpg 333w, https:\/\/neurovirtual.com\/latam\/wp-content\/uploads\/2017\/06\/2017-congresso-paulista-de-sono-menor-453x340.jpg 453w, https:\/\/neurovirtual.com\/latam\/wp-content\/uploads\/2017\/06\/2017-congresso-paulista-de-sono-menor.jpg 1500w\" sizes=\"(max-width: 300px) 100vw, 300px\" \/><\/a><\/p>\n<p>\u201cLos m\u00e9dicos asistentes mostraron gran inter\u00e9s en nuestro equipo y escuchamos comentarios muy positivos luego de la presentaci\u00f3n del BWMini\u201d, coment\u00f3 Sandro Senra, especialista cl\u00ednico de Sleepvirtual, quien represent\u00f3 a la empresa en el congreso junto con el consultor de negocios Alex Oliveira.<\/p>\n<p>Otros productos presentados por Sleepvirtual fueron el <a href=\"https:\/\/neurovirtual.com\/latam\/equipamento\/bw-iii-plus\/\">BWIII PSG Plus,<\/a> que permite al usuario realizar tanto EEGs como polisomnograf\u00edas desde la misma plataforma de hardware y software, o el BWIII PSG, con 37 canales, que substituy\u00f3 al BWIII PSG.<\/p>\n<p><a href=\"https:\/\/neurovirtual.com\/latam\/wp-content\/uploads\/2017\/06\/2017-congresso-paulista-do-sono_2-menor.jpg\"><img decoding=\"async\" class=\"aligncenter size-medium wp-image-778894\" src=\"https:\/\/neurovirtual.com\/latam\/wp-content\/uploads\/2017\/06\/2017-congresso-paulista-do-sono_2-menor-300x243.jpg\" alt=\"2017-congresso-paulista-do-sono_2-menor\" width=\"300\" height=\"243\" srcset=\"https:\/\/neurovirtual.com\/latam\/wp-content\/uploads\/2017\/06\/2017-congresso-paulista-do-sono_2-menor-300x243.jpg 300w, https:\/\/neurovirtual.com\/latam\/wp-content\/uploads\/2017\/06\/2017-congresso-paulista-do-sono_2-menor-1024x830.jpg 1024w, https:\/\/neurovirtual.com\/latam\/wp-content\/uploads\/2017\/06\/2017-congresso-paulista-do-sono_2-menor-308x250.jpg 308w, https:\/\/neurovirtual.com\/latam\/wp-content\/uploads\/2017\/06\/2017-congresso-paulista-do-sono_2-menor-419x340.jpg 419w, https:\/\/neurovirtual.com\/latam\/wp-content\/uploads\/2017\/06\/2017-congresso-paulista-do-sono_2-menor.jpg 1500w\" sizes=\"(max-width: 300px) 100vw, 300px\" \/><\/a><\/p>\n","protected":false},"excerpt":{"rendered":"<p>El tradicional hotel Maksoud Plaza en Sao Paulo fue el escenario en 2017 del congreso paulista de medicina del sue\u00f1o organizado por la Asociaci\u00f3n Paulista de Medicina. Profesionales de la salud de diversas \u00e1reas formaron parte de las mesas de discusiones y expusieron las investigaciones y estudios recientes sobre el tema. Entre los temas principales&#8230;<\/p>\n","protected":false},"author":7,"featured_media":778891,"comment_status":"open","ping_status":"open","sticky":false,"template":"","format":"standard","meta":{"footnotes":"","_joinchat":[]},"categories":[4],"tags":[],"acf":[],"yoast_head":"<!-- This site is optimized with the Yoast SEO plugin v21.7 - https:\/\/yoast.com\/wordpress\/plugins\/seo\/ -->\n<title>D\u00e9cimo quinto congreso paulista de medicina del sue\u00f1o - Neurovirtual \/ Humanizing diagnostics<\/title>\n<meta name=\"description\" content=\"%seo_description%\" \/>\n<meta name=\"robots\" content=\"index, follow, max-snippet:-1, max-image-preview:large, max-video-preview:-1\" \/>\n<link rel=\"canonical\" href=\"https:\/\/neurovirtual.com\/latam\/decimo-quinto-congreso-paulista-de-medicina-del-sueno\/\" \/>\n<meta property=\"og:locale\" content=\"es_ES\" \/>\n<meta property=\"og:type\" content=\"article\" \/>\n<meta property=\"og:title\" content=\"D\u00e9cimo quinto congreso paulista de medicina del sue\u00f1o - Neurovirtual \/ Humanizing diagnostics\" \/>\n<meta property=\"og:description\" content=\"%seo_description%\" \/>\n<meta property=\"og:url\" content=\"https:\/\/neurovirtual.com\/latam\/decimo-quinto-congreso-paulista-de-medicina-del-sueno\/\" \/>\n<meta property=\"og:site_name\" content=\"Neurovirtual \/ Humanizing diagnostics\" \/>\n<meta property=\"article:published_time\" content=\"2017-05-13T18:31:19+00:00\" \/>\n<meta property=\"article:modified_time\" content=\"2017-06-26T19:52:59+00:00\" \/>\n<meta property=\"og:image\" content=\"https:\/\/neurovirtual.com\/latam\/wp-content\/uploads\/2017\/06\/capa-paulista-de-sono.jpg\" \/>\n\t<meta property=\"og:image:width\" content=\"300\" \/>\n\t<meta property=\"og:image:height\" content=\"168\" \/>\n\t<meta property=\"og:image:type\" content=\"image\/jpeg\" \/>\n<meta name=\"author\" content=\"Jessika Brito\" \/>\n<meta name=\"twitter:card\" content=\"summary_large_image\" \/>\n<meta name=\"twitter:label1\" content=\"Escrito por\" \/>\n\t<meta name=\"twitter:data1\" content=\"Jessika Brito\" \/>\n\t<meta name=\"twitter:label2\" content=\"Tiempo estimado de lectura\" \/>\n\t<meta name=\"twitter:data2\" content=\"1 minuto\" \/>\n<script type=\"application\/ld+json\" class=\"yoast-schema-graph\">{\"@context\":\"https:\/\/schema.org\",\"@graph\":[{\"@type\":\"Article\",\"@id\":\"https:\/\/neurovirtual.com\/latam\/decimo-quinto-congreso-paulista-de-medicina-del-sueno\/#article\",\"isPartOf\":{\"@id\":\"https:\/\/neurovirtual.com\/latam\/decimo-quinto-congreso-paulista-de-medicina-del-sueno\/\"},\"author\":{\"name\":\"Jessika Brito\",\"@id\":\"https:\/\/neurovirtual.com\/latam\/#\/schema\/person\/61c27629d3d16b3e601ef7db30001d49\"},\"headline\":\"D\u00e9cimo quinto congreso paulista de medicina del sue\u00f1o\",\"datePublished\":\"2017-05-13T18:31:19+00:00\",\"dateModified\":\"2017-06-26T19:52:59+00:00\",\"mainEntityOfPage\":{\"@id\":\"https:\/\/neurovirtual.com\/latam\/decimo-quinto-congreso-paulista-de-medicina-del-sueno\/\"},\"wordCount\":216,\"commentCount\":0,\"publisher\":{\"@id\":\"https:\/\/neurovirtual.com\/latam\/#organization\"},\"articleSection\":[\"Novedades\"],\"inLanguage\":\"es-CO\",\"potentialAction\":[{\"@type\":\"CommentAction\",\"name\":\"Comment\",\"target\":[\"https:\/\/neurovirtual.com\/latam\/decimo-quinto-congreso-paulista-de-medicina-del-sueno\/#respond\"]}]},{\"@type\":\"WebPage\",\"@id\":\"https:\/\/neurovirtual.com\/latam\/decimo-quinto-congreso-paulista-de-medicina-del-sueno\/\",\"url\":\"https:\/\/neurovirtual.com\/latam\/decimo-quinto-congreso-paulista-de-medicina-del-sueno\/\",\"name\":\"D\u00e9cimo quinto congreso paulista de medicina del sue\u00f1o - Neurovirtual \/ Humanizing diagnostics\",\"isPartOf\":{\"@id\":\"https:\/\/neurovirtual.com\/latam\/#website\"},\"datePublished\":\"2017-05-13T18:31:19+00:00\",\"dateModified\":\"2017-06-26T19:52:59+00:00\",\"description\":\"%seo_description%\",\"breadcrumb\":{\"@id\":\"https:\/\/neurovirtual.com\/latam\/decimo-quinto-congreso-paulista-de-medicina-del-sueno\/#breadcrumb\"},\"inLanguage\":\"es-CO\",\"potentialAction\":[{\"@type\":\"ReadAction\",\"target\":[\"https:\/\/neurovirtual.com\/latam\/decimo-quinto-congreso-paulista-de-medicina-del-sueno\/\"]}]},{\"@type\":\"BreadcrumbList\",\"@id\":\"https:\/\/neurovirtual.com\/latam\/decimo-quinto-congreso-paulista-de-medicina-del-sueno\/#breadcrumb\",\"itemListElement\":[{\"@type\":\"ListItem\",\"position\":1,\"name\":\"Portada\",\"item\":\"https:\/\/neurovirtual.com\/latam\/\"},{\"@type\":\"ListItem\",\"position\":2,\"name\":\"D\u00e9cimo quinto congreso paulista de medicina del sue\u00f1o\"}]},{\"@type\":\"WebSite\",\"@id\":\"https:\/\/neurovirtual.com\/latam\/#website\",\"url\":\"https:\/\/neurovirtual.com\/latam\/\",\"name\":\"Neurovirtual \/ Humanizing diagnostics\",\"description\":\"\",\"publisher\":{\"@id\":\"https:\/\/neurovirtual.com\/latam\/#organization\"},\"potentialAction\":[{\"@type\":\"SearchAction\",\"target\":{\"@type\":\"EntryPoint\",\"urlTemplate\":\"https:\/\/neurovirtual.com\/latam\/?s={search_term_string}\"},\"query-input\":\"required name=search_term_string\"}],\"inLanguage\":\"es-CO\"},{\"@type\":\"Organization\",\"@id\":\"https:\/\/neurovirtual.com\/latam\/#organization\",\"name\":\"Neurovirtual\",\"url\":\"https:\/\/neurovirtual.com\/latam\/\",\"logo\":{\"@type\":\"ImageObject\",\"inLanguage\":\"es-CO\",\"@id\":\"https:\/\/neurovirtual.com\/latam\/#\/schema\/logo\/image\/\",\"url\":\"https:\/\/neurovirtual.com\/latam\/wp-content\/uploads\/2023\/08\/1.-Logo-Neurovirtual-2022.png\",\"contentUrl\":\"https:\/\/neurovirtual.com\/latam\/wp-content\/uploads\/2023\/08\/1.-Logo-Neurovirtual-2022.png\",\"width\":1964,\"height\":668,\"caption\":\"Neurovirtual\"},\"image\":{\"@id\":\"https:\/\/neurovirtual.com\/latam\/#\/schema\/logo\/image\/\"}},{\"@type\":\"Person\",\"@id\":\"https:\/\/neurovirtual.com\/latam\/#\/schema\/person\/61c27629d3d16b3e601ef7db30001d49\",\"name\":\"Jessika Brito\",\"image\":{\"@type\":\"ImageObject\",\"inLanguage\":\"es-CO\",\"@id\":\"https:\/\/neurovirtual.com\/latam\/#\/schema\/person\/image\/\",\"url\":\"https:\/\/secure.gravatar.com\/avatar\/08d2f62bc8a1f215fdfebe63356acc30?s=96&d=mm&r=g\",\"contentUrl\":\"https:\/\/secure.gravatar.com\/avatar\/08d2f62bc8a1f215fdfebe63356acc30?s=96&d=mm&r=g\",\"caption\":\"Jessika Brito\"},\"url\":\"https:\/\/neurovirtual.com\/latam\/author\/brito\/\"}]}<\/script>\n<!-- \/ Yoast SEO plugin. -->","yoast_head_json":{"title":"D\u00e9cimo quinto congreso paulista de medicina del sue\u00f1o - Neurovirtual \/ Humanizing diagnostics","description":"%seo_description%","robots":{"index":"index","follow":"follow","max-snippet":"max-snippet:-1","max-image-preview":"max-image-preview:large","max-video-preview":"max-video-preview:-1"},"canonical":"https:\/\/neurovirtual.com\/latam\/decimo-quinto-congreso-paulista-de-medicina-del-sueno\/","og_locale":"es_ES","og_type":"article","og_title":"D\u00e9cimo quinto congreso paulista de medicina del sue\u00f1o - Neurovirtual \/ Humanizing diagnostics","og_description":"%seo_description%","og_url":"https:\/\/neurovirtual.com\/latam\/decimo-quinto-congreso-paulista-de-medicina-del-sueno\/","og_site_name":"Neurovirtual \/ Humanizing diagnostics","article_published_time":"2017-05-13T18:31:19+00:00","article_modified_time":"2017-06-26T19:52:59+00:00","og_image":[{"width":300,"height":168,"url":"https:\/\/neurovirtual.com\/latam\/wp-content\/uploads\/2017\/06\/capa-paulista-de-sono.jpg","type":"image\/jpeg"}],"author":"Jessika Brito","twitter_card":"summary_large_image","twitter_misc":{"Escrito por":"Jessika Brito","Tiempo estimado de lectura":"1 minuto"},"schema":{"@context":"https:\/\/schema.org","@graph":[{"@type":"Article","@id":"https:\/\/neurovirtual.com\/latam\/decimo-quinto-congreso-paulista-de-medicina-del-sueno\/#article","isPartOf":{"@id":"https:\/\/neurovirtual.com\/latam\/decimo-quinto-congreso-paulista-de-medicina-del-sueno\/"},"author":{"name":"Jessika Brito","@id":"https:\/\/neurovirtual.com\/latam\/#\/schema\/person\/61c27629d3d16b3e601ef7db30001d49"},"headline":"D\u00e9cimo quinto congreso paulista de medicina del sue\u00f1o","datePublished":"2017-05-13T18:31:19+00:00","dateModified":"2017-06-26T19:52:59+00:00","mainEntityOfPage":{"@id":"https:\/\/neurovirtual.com\/latam\/decimo-quinto-congreso-paulista-de-medicina-del-sueno\/"},"wordCount":216,"commentCount":0,"publisher":{"@id":"https:\/\/neurovirtual.com\/latam\/#organization"},"articleSection":["Novedades"],"inLanguage":"es-CO","potentialAction":[{"@type":"CommentAction","name":"Comment","target":["https:\/\/neurovirtual.com\/latam\/decimo-quinto-congreso-paulista-de-medicina-del-sueno\/#respond"]}]},{"@type":"WebPage","@id":"https:\/\/neurovirtual.com\/latam\/decimo-quinto-congreso-paulista-de-medicina-del-sueno\/","url":"https:\/\/neurovirtual.com\/latam\/decimo-quinto-congreso-paulista-de-medicina-del-sueno\/","name":"D\u00e9cimo quinto congreso paulista de medicina del sue\u00f1o - Neurovirtual \/ Humanizing diagnostics","isPartOf":{"@id":"https:\/\/neurovirtual.com\/latam\/#website"},"datePublished":"2017-05-13T18:31:19+00:00","dateModified":"2017-06-26T19:52:59+00:00","description":"%seo_description%","breadcrumb":{"@id":"https:\/\/neurovirtual.com\/latam\/decimo-quinto-congreso-paulista-de-medicina-del-sueno\/#breadcrumb"},"inLanguage":"es-CO","potentialAction":[{"@type":"ReadAction","target":["https:\/\/neurovirtual.com\/latam\/decimo-quinto-congreso-paulista-de-medicina-del-sueno\/"]}]},{"@type":"BreadcrumbList","@id":"https:\/\/neurovirtual.com\/latam\/decimo-quinto-congreso-paulista-de-medicina-del-sueno\/#breadcrumb","itemListElement":[{"@type":"ListItem","position":1,"name":"Portada","item":"https:\/\/neurovirtual.com\/latam\/"},{"@type":"ListItem","position":2,"name":"D\u00e9cimo quinto congreso paulista de medicina del sue\u00f1o"}]},{"@type":"WebSite","@id":"https:\/\/neurovirtual.com\/latam\/#website","url":"https:\/\/neurovirtual.com\/latam\/","name":"Neurovirtual \/ Humanizing diagnostics","description":"","publisher":{"@id":"https:\/\/neurovirtual.com\/latam\/#organization"},"potentialAction":[{"@type":"SearchAction","target":{"@type":"EntryPoint","urlTemplate":"https:\/\/neurovirtual.com\/latam\/?s={search_term_string}"},"query-input":"required name=search_term_string"}],"inLanguage":"es-CO"},{"@type":"Organization","@id":"https:\/\/neurovirtual.com\/latam\/#organization","name":"Neurovirtual","url":"https:\/\/neurovirtual.com\/latam\/","logo":{"@type":"ImageObject","inLanguage":"es-CO","@id":"https:\/\/neurovirtual.com\/latam\/#\/schema\/logo\/image\/","url":"https:\/\/neurovirtual.com\/latam\/wp-content\/uploads\/2023\/08\/1.-Logo-Neurovirtual-2022.png","contentUrl":"https:\/\/neurovirtual.com\/latam\/wp-content\/uploads\/2023\/08\/1.-Logo-Neurovirtual-2022.png","width":1964,"height":668,"caption":"Neurovirtual"},"image":{"@id":"https:\/\/neurovirtual.com\/latam\/#\/schema\/logo\/image\/"}},{"@type":"Person","@id":"https:\/\/neurovirtual.com\/latam\/#\/schema\/person\/61c27629d3d16b3e601ef7db30001d49","name":"Jessika Brito","image":{"@type":"ImageObject","inLanguage":"es-CO","@id":"https:\/\/neurovirtual.com\/latam\/#\/schema\/person\/image\/","url":"https:\/\/secure.gravatar.com\/avatar\/08d2f62bc8a1f215fdfebe63356acc30?s=96&d=mm&r=g","contentUrl":"https:\/\/secure.gravatar.com\/avatar\/08d2f62bc8a1f215fdfebe63356acc30?s=96&d=mm&r=g","caption":"Jessika Brito"},"url":"https:\/\/neurovirtual.com\/latam\/author\/brito\/"}]}},"_links":{"self":[{"href":"https:\/\/neurovirtual.com\/latam\/wp-json\/wp\/v2\/posts\/778890"}],"collection":[{"href":"https:\/\/neurovirtual.com\/latam\/wp-json\/wp\/v2\/posts"}],"about":[{"href":"https:\/\/neurovirtual.com\/latam\/wp-json\/wp\/v2\/types\/post"}],"author":[{"embeddable":true,"href":"https:\/\/neurovirtual.com\/latam\/wp-json\/wp\/v2\/users\/7"}],"replies":[{"embeddable":true,"href":"https:\/\/neurovirtual.com\/latam\/wp-json\/wp\/v2\/comments?post=778890"}],"version-history":[{"count":2,"href":"https:\/\/neurovirtual.com\/latam\/wp-json\/wp\/v2\/posts\/778890\/revisions"}],"predecessor-version":[{"id":778928,"href":"https:\/\/neurovirtual.com\/latam\/wp-json\/wp\/v2\/posts\/778890\/revisions\/778928"}],"wp:featuredmedia":[{"embeddable":true,"href":"https:\/\/neurovirtual.com\/latam\/wp-json\/wp\/v2\/media\/778891"}],"wp:attachment":[{"href":"https:\/\/neurovirtual.com\/latam\/wp-json\/wp\/v2\/media?parent=778890"}],"wp:term":[{"taxonomy":"category","embeddable":true,"href":"https:\/\/neurovirtual.com\/latam\/wp-json\/wp\/v2\/categories?post=778890"},{"taxonomy":"post_tag","embeddable":true,"href":"https:\/\/neurovirtual.com\/latam\/wp-json\/wp\/v2\/tags?post=778890"}],"curies":[{"name":"wp","href":"https:\/\/api.w.org\/{rel}","templated":true}]}}