{"id":776169,"date":"2017-03-27T17:40:17","date_gmt":"2017-03-27T20:40:17","guid":{"rendered":"https:\/\/neurovirtual.com\/latam\/?p=776169"},"modified":"2017-04-03T20:54:32","modified_gmt":"2017-04-03T23:54:32","slug":"xii-congreso-nacional-de-neurologia-infantil-2","status":"publish","type":"post","link":"https:\/\/neurovirtual.com\/latam\/xii-congreso-nacional-de-neurologia-infantil-2\/","title":{"rendered":"XII Congreso Nacional de Neurolog\u00eda Infantil"},"content":{"rendered":"<p><a href=\"https:\/\/neurovirtual.com\/latam\/wp-content\/uploads\/2017\/03\/capa.jpg\"><img decoding=\"async\" class=\"alignleft wp-image-776170 size-full\" src=\"https:\/\/neurovirtual.com\/latam\/wp-content\/uploads\/2017\/03\/capa.jpg\" alt=\"capa\" width=\"805\" height=\"219\" srcset=\"https:\/\/neurovirtual.com\/latam\/wp-content\/uploads\/2017\/03\/capa.jpg 805w, https:\/\/neurovirtual.com\/latam\/wp-content\/uploads\/2017\/03\/capa-300x82.jpg 300w, https:\/\/neurovirtual.com\/latam\/wp-content\/uploads\/2017\/03\/capa-460x125.jpg 460w\" sizes=\"(max-width: 805px) 100vw, 805px\" \/><\/a>El 12\u00b0 Congreso Nacional de Neurolog\u00eda Infantil tuvo lugar en Colombia en la ciudad de Bucaramanga, en el Club Campestre, al que asistieron aproximadamente 200 Especialistas en Neurolog\u00eda Pedi\u00e1trica.<\/p>\n<p>Neurovirtual, participante del evento, present\u00f3 su equipo BWIII Plus, de su l\u00ednea de productos para el \u00e1rea de Neurolog\u00eda. Los participantes que visitaron nuestro stand pudieron ver las ventajas de dicho equipo para diagnostico en ni\u00f1os.<\/p>\n<p><a href=\"https:\/\/neurovirtual.com\/latam\/wp-content\/uploads\/2017\/03\/foto-4.jpg\"><img decoding=\"async\" class=\"size-medium wp-image-776174 aligncenter\" src=\"https:\/\/neurovirtual.com\/latam\/wp-content\/uploads\/2017\/03\/foto-4-300x240.jpg\" alt=\"foto 4\" width=\"300\" height=\"240\" srcset=\"https:\/\/neurovirtual.com\/latam\/wp-content\/uploads\/2017\/03\/foto-4-300x240.jpg 300w, https:\/\/neurovirtual.com\/latam\/wp-content\/uploads\/2017\/03\/foto-4-1024x820.jpg 1024w, https:\/\/neurovirtual.com\/latam\/wp-content\/uploads\/2017\/03\/foto-4-312x250.jpg 312w, https:\/\/neurovirtual.com\/latam\/wp-content\/uploads\/2017\/03\/foto-4-425x340.jpg 425w, https:\/\/neurovirtual.com\/latam\/wp-content\/uploads\/2017\/03\/foto-4.jpg 1351w\" sizes=\"(max-width: 300px) 100vw, 300px\" \/><\/a><\/p>\n<p>Los principales temas tratados en el curso fueron:<\/p>\n<ul>\n<li>RASopatias y sus implicaciones cl\u00ednicas en el desarrollo cognitivo \u2013 Dr. Carlos Prada<\/li>\n<li>Endofenotipos cognitivos del Trastorno de Atenci\u00f3n Hiperactividad &#8211; David Pineda<\/li>\n<li>Neurolog\u00eda fetal \u2013 Dra. Carolina Serrano.<\/li>\n<li>Encefalitis autoinmune post-encefalitis herp\u00e9tica \u2013 Dr. Tha\u00eds Armangu\u00e9<\/li>\n<li>Im\u00e1genes no invasivas para la evaluaci\u00f3n de la epilepsia prequir\u00fargica \u2013 Dr. Jeff Tenney.<\/li>\n<\/ul>\n<p><a href=\"https:\/\/neurovirtual.com\/latam\/wp-content\/uploads\/2017\/03\/foti-2.jpg\"><img decoding=\"async\" class=\"size-medium wp-image-776171 aligncenter\" src=\"https:\/\/neurovirtual.com\/latam\/wp-content\/uploads\/2017\/03\/foti-2-225x300.jpg\" alt=\"foti 2\" width=\"225\" height=\"300\" srcset=\"https:\/\/neurovirtual.com\/latam\/wp-content\/uploads\/2017\/03\/foti-2-225x300.jpg 225w, https:\/\/neurovirtual.com\/latam\/wp-content\/uploads\/2017\/03\/foti-2-188x250.jpg 188w, https:\/\/neurovirtual.com\/latam\/wp-content\/uploads\/2017\/03\/foti-2-255x340.jpg 255w, https:\/\/neurovirtual.com\/latam\/wp-content\/uploads\/2017\/03\/foti-2.jpg 636w\" sizes=\"(max-width: 225px) 100vw, 225px\" \/><\/a><\/p>\n<p><a href=\"https:\/\/neurovirtual.com\/latam\/wp-content\/uploads\/2017\/03\/foto-3.jpg\"><img decoding=\"async\" class=\"size-medium wp-image-776172 aligncenter\" src=\"https:\/\/neurovirtual.com\/latam\/wp-content\/uploads\/2017\/03\/foto-3-233x300.jpg\" alt=\"foto 3\" width=\"233\" height=\"300\" srcset=\"https:\/\/neurovirtual.com\/latam\/wp-content\/uploads\/2017\/03\/foto-3-233x300.jpg 233w, https:\/\/neurovirtual.com\/latam\/wp-content\/uploads\/2017\/03\/foto-3-194x250.jpg 194w, https:\/\/neurovirtual.com\/latam\/wp-content\/uploads\/2017\/03\/foto-3-264x340.jpg 264w, https:\/\/neurovirtual.com\/latam\/wp-content\/uploads\/2017\/03\/foto-3.jpg 651w\" sizes=\"(max-width: 233px) 100vw, 233px\" \/><\/a><\/p>\n","protected":false},"excerpt":{"rendered":"<p>El 12\u00b0 Congreso Nacional de Neurolog\u00eda Infantil tuvo lugar en Colombia en la ciudad de Bucaramanga, en el Club Campestre, al que asistieron aproximadamente 200 Especialistas en Neurolog\u00eda Pedi\u00e1trica. Neurovirtual, participante del evento, present\u00f3 su equipo BWIII Plus, de su l\u00ednea de productos para el \u00e1rea de Neurolog\u00eda. Los participantes que visitaron nuestro stand pudieron&#8230;<\/p>\n","protected":false},"author":7,"featured_media":776181,"comment_status":"open","ping_status":"open","sticky":false,"template":"","format":"standard","meta":{"footnotes":"","_joinchat":[]},"categories":[7,8],"tags":[],"acf":[],"yoast_head":"<!-- This site is optimized with the Yoast SEO plugin v21.7 - https:\/\/yoast.com\/wordpress\/plugins\/seo\/ -->\n<title>XII Congreso Nacional de Neurolog\u00eda Infantil - Neurovirtual \/ Humanizing diagnostics<\/title>\n<meta name=\"description\" content=\"%seo_description%\" \/>\n<meta name=\"robots\" content=\"index, follow, max-snippet:-1, max-image-preview:large, max-video-preview:-1\" \/>\n<link rel=\"canonical\" href=\"https:\/\/neurovirtual.com\/latam\/xii-congreso-nacional-de-neurologia-infantil-2\/\" \/>\n<meta property=\"og:locale\" content=\"es_ES\" \/>\n<meta property=\"og:type\" content=\"article\" \/>\n<meta property=\"og:title\" content=\"XII Congreso Nacional de Neurolog\u00eda Infantil - Neurovirtual \/ Humanizing diagnostics\" \/>\n<meta property=\"og:description\" content=\"%seo_description%\" \/>\n<meta property=\"og:url\" content=\"https:\/\/neurovirtual.com\/latam\/xii-congreso-nacional-de-neurologia-infantil-2\/\" \/>\n<meta property=\"og:site_name\" content=\"Neurovirtual \/ Humanizing diagnostics\" \/>\n<meta property=\"article:published_time\" content=\"2017-03-27T20:40:17+00:00\" \/>\n<meta property=\"article:modified_time\" content=\"2017-04-03T23:54:32+00:00\" \/>\n<meta property=\"og:image\" content=\"https:\/\/neurovirtual.com\/latam\/wp-content\/uploads\/2017\/03\/capa1.jpg\" \/>\n\t<meta property=\"og:image:width\" content=\"300\" \/>\n\t<meta property=\"og:image:height\" content=\"168\" \/>\n\t<meta property=\"og:image:type\" content=\"image\/jpeg\" \/>\n<meta name=\"author\" content=\"Jessika Brito\" \/>\n<meta name=\"twitter:card\" content=\"summary_large_image\" \/>\n<meta name=\"twitter:label1\" content=\"Escrito por\" \/>\n\t<meta name=\"twitter:data1\" content=\"Jessika Brito\" \/>\n\t<meta name=\"twitter:label2\" content=\"Tiempo estimado de lectura\" \/>\n\t<meta name=\"twitter:data2\" content=\"1 minuto\" \/>\n<script type=\"application\/ld+json\" class=\"yoast-schema-graph\">{\"@context\":\"https:\/\/schema.org\",\"@graph\":[{\"@type\":\"Article\",\"@id\":\"https:\/\/neurovirtual.com\/latam\/xii-congreso-nacional-de-neurologia-infantil-2\/#article\",\"isPartOf\":{\"@id\":\"https:\/\/neurovirtual.com\/latam\/xii-congreso-nacional-de-neurologia-infantil-2\/\"},\"author\":{\"name\":\"Jessika Brito\",\"@id\":\"https:\/\/neurovirtual.com\/latam\/#\/schema\/person\/61c27629d3d16b3e601ef7db30001d49\"},\"headline\":\"XII Congreso Nacional de Neurolog\u00eda Infantil\",\"datePublished\":\"2017-03-27T20:40:17+00:00\",\"dateModified\":\"2017-04-03T23:54:32+00:00\",\"mainEntityOfPage\":{\"@id\":\"https:\/\/neurovirtual.com\/latam\/xii-congreso-nacional-de-neurologia-infantil-2\/\"},\"wordCount\":139,\"commentCount\":0,\"publisher\":{\"@id\":\"https:\/\/neurovirtual.com\/latam\/#organization\"},\"articleSection\":[\"Conferencias\",\"Internacional\"],\"inLanguage\":\"es-CO\",\"potentialAction\":[{\"@type\":\"CommentAction\",\"name\":\"Comment\",\"target\":[\"https:\/\/neurovirtual.com\/latam\/xii-congreso-nacional-de-neurologia-infantil-2\/#respond\"]}]},{\"@type\":\"WebPage\",\"@id\":\"https:\/\/neurovirtual.com\/latam\/xii-congreso-nacional-de-neurologia-infantil-2\/\",\"url\":\"https:\/\/neurovirtual.com\/latam\/xii-congreso-nacional-de-neurologia-infantil-2\/\",\"name\":\"XII Congreso Nacional de Neurolog\u00eda Infantil - Neurovirtual \/ Humanizing diagnostics\",\"isPartOf\":{\"@id\":\"https:\/\/neurovirtual.com\/latam\/#website\"},\"datePublished\":\"2017-03-27T20:40:17+00:00\",\"dateModified\":\"2017-04-03T23:54:32+00:00\",\"description\":\"%seo_description%\",\"breadcrumb\":{\"@id\":\"https:\/\/neurovirtual.com\/latam\/xii-congreso-nacional-de-neurologia-infantil-2\/#breadcrumb\"},\"inLanguage\":\"es-CO\",\"potentialAction\":[{\"@type\":\"ReadAction\",\"target\":[\"https:\/\/neurovirtual.com\/latam\/xii-congreso-nacional-de-neurologia-infantil-2\/\"]}]},{\"@type\":\"BreadcrumbList\",\"@id\":\"https:\/\/neurovirtual.com\/latam\/xii-congreso-nacional-de-neurologia-infantil-2\/#breadcrumb\",\"itemListElement\":[{\"@type\":\"ListItem\",\"position\":1,\"name\":\"Portada\",\"item\":\"https:\/\/neurovirtual.com\/latam\/\"},{\"@type\":\"ListItem\",\"position\":2,\"name\":\"XII Congreso Nacional de Neurolog\u00eda Infantil\"}]},{\"@type\":\"WebSite\",\"@id\":\"https:\/\/neurovirtual.com\/latam\/#website\",\"url\":\"https:\/\/neurovirtual.com\/latam\/\",\"name\":\"Neurovirtual \/ Humanizing diagnostics\",\"description\":\"\",\"publisher\":{\"@id\":\"https:\/\/neurovirtual.com\/latam\/#organization\"},\"potentialAction\":[{\"@type\":\"SearchAction\",\"target\":{\"@type\":\"EntryPoint\",\"urlTemplate\":\"https:\/\/neurovirtual.com\/latam\/?s={search_term_string}\"},\"query-input\":\"required name=search_term_string\"}],\"inLanguage\":\"es-CO\"},{\"@type\":\"Organization\",\"@id\":\"https:\/\/neurovirtual.com\/latam\/#organization\",\"name\":\"Neurovirtual\",\"url\":\"https:\/\/neurovirtual.com\/latam\/\",\"logo\":{\"@type\":\"ImageObject\",\"inLanguage\":\"es-CO\",\"@id\":\"https:\/\/neurovirtual.com\/latam\/#\/schema\/logo\/image\/\",\"url\":\"https:\/\/neurovirtual.com\/latam\/wp-content\/uploads\/2023\/08\/1.-Logo-Neurovirtual-2022.png\",\"contentUrl\":\"https:\/\/neurovirtual.com\/latam\/wp-content\/uploads\/2023\/08\/1.-Logo-Neurovirtual-2022.png\",\"width\":1964,\"height\":668,\"caption\":\"Neurovirtual\"},\"image\":{\"@id\":\"https:\/\/neurovirtual.com\/latam\/#\/schema\/logo\/image\/\"}},{\"@type\":\"Person\",\"@id\":\"https:\/\/neurovirtual.com\/latam\/#\/schema\/person\/61c27629d3d16b3e601ef7db30001d49\",\"name\":\"Jessika Brito\",\"image\":{\"@type\":\"ImageObject\",\"inLanguage\":\"es-CO\",\"@id\":\"https:\/\/neurovirtual.com\/latam\/#\/schema\/person\/image\/\",\"url\":\"https:\/\/secure.gravatar.com\/avatar\/08d2f62bc8a1f215fdfebe63356acc30?s=96&d=mm&r=g\",\"contentUrl\":\"https:\/\/secure.gravatar.com\/avatar\/08d2f62bc8a1f215fdfebe63356acc30?s=96&d=mm&r=g\",\"caption\":\"Jessika Brito\"},\"url\":\"https:\/\/neurovirtual.com\/latam\/author\/brito\/\"}]}<\/script>\n<!-- \/ Yoast SEO plugin. -->","yoast_head_json":{"title":"XII Congreso Nacional de Neurolog\u00eda Infantil - Neurovirtual \/ Humanizing diagnostics","description":"%seo_description%","robots":{"index":"index","follow":"follow","max-snippet":"max-snippet:-1","max-image-preview":"max-image-preview:large","max-video-preview":"max-video-preview:-1"},"canonical":"https:\/\/neurovirtual.com\/latam\/xii-congreso-nacional-de-neurologia-infantil-2\/","og_locale":"es_ES","og_type":"article","og_title":"XII Congreso Nacional de Neurolog\u00eda Infantil - Neurovirtual \/ Humanizing diagnostics","og_description":"%seo_description%","og_url":"https:\/\/neurovirtual.com\/latam\/xii-congreso-nacional-de-neurologia-infantil-2\/","og_site_name":"Neurovirtual \/ Humanizing diagnostics","article_published_time":"2017-03-27T20:40:17+00:00","article_modified_time":"2017-04-03T23:54:32+00:00","og_image":[{"width":300,"height":168,"url":"https:\/\/neurovirtual.com\/latam\/wp-content\/uploads\/2017\/03\/capa1.jpg","type":"image\/jpeg"}],"author":"Jessika Brito","twitter_card":"summary_large_image","twitter_misc":{"Escrito por":"Jessika Brito","Tiempo estimado de lectura":"1 minuto"},"schema":{"@context":"https:\/\/schema.org","@graph":[{"@type":"Article","@id":"https:\/\/neurovirtual.com\/latam\/xii-congreso-nacional-de-neurologia-infantil-2\/#article","isPartOf":{"@id":"https:\/\/neurovirtual.com\/latam\/xii-congreso-nacional-de-neurologia-infantil-2\/"},"author":{"name":"Jessika Brito","@id":"https:\/\/neurovirtual.com\/latam\/#\/schema\/person\/61c27629d3d16b3e601ef7db30001d49"},"headline":"XII Congreso Nacional de Neurolog\u00eda Infantil","datePublished":"2017-03-27T20:40:17+00:00","dateModified":"2017-04-03T23:54:32+00:00","mainEntityOfPage":{"@id":"https:\/\/neurovirtual.com\/latam\/xii-congreso-nacional-de-neurologia-infantil-2\/"},"wordCount":139,"commentCount":0,"publisher":{"@id":"https:\/\/neurovirtual.com\/latam\/#organization"},"articleSection":["Conferencias","Internacional"],"inLanguage":"es-CO","potentialAction":[{"@type":"CommentAction","name":"Comment","target":["https:\/\/neurovirtual.com\/latam\/xii-congreso-nacional-de-neurologia-infantil-2\/#respond"]}]},{"@type":"WebPage","@id":"https:\/\/neurovirtual.com\/latam\/xii-congreso-nacional-de-neurologia-infantil-2\/","url":"https:\/\/neurovirtual.com\/latam\/xii-congreso-nacional-de-neurologia-infantil-2\/","name":"XII Congreso Nacional de Neurolog\u00eda Infantil - Neurovirtual \/ Humanizing diagnostics","isPartOf":{"@id":"https:\/\/neurovirtual.com\/latam\/#website"},"datePublished":"2017-03-27T20:40:17+00:00","dateModified":"2017-04-03T23:54:32+00:00","description":"%seo_description%","breadcrumb":{"@id":"https:\/\/neurovirtual.com\/latam\/xii-congreso-nacional-de-neurologia-infantil-2\/#breadcrumb"},"inLanguage":"es-CO","potentialAction":[{"@type":"ReadAction","target":["https:\/\/neurovirtual.com\/latam\/xii-congreso-nacional-de-neurologia-infantil-2\/"]}]},{"@type":"BreadcrumbList","@id":"https:\/\/neurovirtual.com\/latam\/xii-congreso-nacional-de-neurologia-infantil-2\/#breadcrumb","itemListElement":[{"@type":"ListItem","position":1,"name":"Portada","item":"https:\/\/neurovirtual.com\/latam\/"},{"@type":"ListItem","position":2,"name":"XII Congreso Nacional de Neurolog\u00eda Infantil"}]},{"@type":"WebSite","@id":"https:\/\/neurovirtual.com\/latam\/#website","url":"https:\/\/neurovirtual.com\/latam\/","name":"Neurovirtual \/ Humanizing diagnostics","description":"","publisher":{"@id":"https:\/\/neurovirtual.com\/latam\/#organization"},"potentialAction":[{"@type":"SearchAction","target":{"@type":"EntryPoint","urlTemplate":"https:\/\/neurovirtual.com\/latam\/?s={search_term_string}"},"query-input":"required name=search_term_string"}],"inLanguage":"es-CO"},{"@type":"Organization","@id":"https:\/\/neurovirtual.com\/latam\/#organization","name":"Neurovirtual","url":"https:\/\/neurovirtual.com\/latam\/","logo":{"@type":"ImageObject","inLanguage":"es-CO","@id":"https:\/\/neurovirtual.com\/latam\/#\/schema\/logo\/image\/","url":"https:\/\/neurovirtual.com\/latam\/wp-content\/uploads\/2023\/08\/1.-Logo-Neurovirtual-2022.png","contentUrl":"https:\/\/neurovirtual.com\/latam\/wp-content\/uploads\/2023\/08\/1.-Logo-Neurovirtual-2022.png","width":1964,"height":668,"caption":"Neurovirtual"},"image":{"@id":"https:\/\/neurovirtual.com\/latam\/#\/schema\/logo\/image\/"}},{"@type":"Person","@id":"https:\/\/neurovirtual.com\/latam\/#\/schema\/person\/61c27629d3d16b3e601ef7db30001d49","name":"Jessika Brito","image":{"@type":"ImageObject","inLanguage":"es-CO","@id":"https:\/\/neurovirtual.com\/latam\/#\/schema\/person\/image\/","url":"https:\/\/secure.gravatar.com\/avatar\/08d2f62bc8a1f215fdfebe63356acc30?s=96&d=mm&r=g","contentUrl":"https:\/\/secure.gravatar.com\/avatar\/08d2f62bc8a1f215fdfebe63356acc30?s=96&d=mm&r=g","caption":"Jessika Brito"},"url":"https:\/\/neurovirtual.com\/latam\/author\/brito\/"}]}},"_links":{"self":[{"href":"https:\/\/neurovirtual.com\/latam\/wp-json\/wp\/v2\/posts\/776169"}],"collection":[{"href":"https:\/\/neurovirtual.com\/latam\/wp-json\/wp\/v2\/posts"}],"about":[{"href":"https:\/\/neurovirtual.com\/latam\/wp-json\/wp\/v2\/types\/post"}],"author":[{"embeddable":true,"href":"https:\/\/neurovirtual.com\/latam\/wp-json\/wp\/v2\/users\/7"}],"replies":[{"embeddable":true,"href":"https:\/\/neurovirtual.com\/latam\/wp-json\/wp\/v2\/comments?post=776169"}],"version-history":[{"count":9,"href":"https:\/\/neurovirtual.com\/latam\/wp-json\/wp\/v2\/posts\/776169\/revisions"}],"predecessor-version":[{"id":776217,"href":"https:\/\/neurovirtual.com\/latam\/wp-json\/wp\/v2\/posts\/776169\/revisions\/776217"}],"wp:featuredmedia":[{"embeddable":true,"href":"https:\/\/neurovirtual.com\/latam\/wp-json\/wp\/v2\/media\/776181"}],"wp:attachment":[{"href":"https:\/\/neurovirtual.com\/latam\/wp-json\/wp\/v2\/media?parent=776169"}],"wp:term":[{"taxonomy":"category","embeddable":true,"href":"https:\/\/neurovirtual.com\/latam\/wp-json\/wp\/v2\/categories?post=776169"},{"taxonomy":"post_tag","embeddable":true,"href":"https:\/\/neurovirtual.com\/latam\/wp-json\/wp\/v2\/tags?post=776169"}],"curies":[{"name":"wp","href":"https:\/\/api.w.org\/{rel}","templated":true}]}}