{"id":776072,"date":"2017-03-03T14:11:55","date_gmt":"2017-03-03T17:11:55","guid":{"rendered":"https:\/\/neurovirtual.com\/latam\/?p=776072"},"modified":"2021-02-02T21:47:14","modified_gmt":"2021-02-02T23:47:14","slug":"entrevista-com-dr-luis-fontanilla-neurologo-de-la-fundacion-hospital-san-carlos","status":"publish","type":"post","link":"https:\/\/neurovirtual.com\/latam\/entrevista-com-dr-luis-fontanilla-neurologo-de-la-fundacion-hospital-san-carlos\/","title":{"rendered":"Entrevista Dr. Luis Fontanilla \u2013 Neur\u00f3logo de la Fundaci\u00f3n Hospital San Carlos"},"content":{"rendered":"<p><a href=\"https:\/\/neurovirtual.com\/latam\/wp-content\/uploads\/2017\/03\/capa-dr-font.jpg\"><img decoding=\"async\" class=\"wp-image-776084 size-full alignnone\" src=\"https:\/\/neurovirtual.com\/latam\/wp-content\/uploads\/2017\/03\/capa-dr-font.jpg\" alt=\"capa dr font\" width=\"901\" height=\"246\" srcset=\"https:\/\/neurovirtual.com\/latam\/wp-content\/uploads\/2017\/03\/capa-dr-font.jpg 901w, https:\/\/neurovirtual.com\/latam\/wp-content\/uploads\/2017\/03\/capa-dr-font-300x82.jpg 300w, https:\/\/neurovirtual.com\/latam\/wp-content\/uploads\/2017\/03\/capa-dr-font-460x126.jpg 460w\" sizes=\"(max-width: 901px) 100vw, 901px\" \/><\/a><strong>\u00bfDesde cu\u00e1ndo empez\u00f3 la relaci\u00f3n comercial con nuestra marca Neurovirtual?<\/strong><\/p>\n<p>La experiencia con Neurovirtual la tenemos desde hace aproximadamente 2 a\u00f1os, desde el a\u00f1o 2015 inicialmente con el producto de BWIII para el registro de monitorizaci\u00f3n de pacientes en cuidado intensivo con electroencefalograma, posteriormente con el equipo de polisomnografia y actualmente con el equipo de Neuroconducciones, Electromiograf\u00eda y potenciales evocados.<\/p>\n<p><strong>\u00bfCu\u00e1ndo nuestro equipo de trabajo le presento el\u00a0equipo BW EMG\/EP \u00bfCu\u00e1l fue la primera impresi\u00f3n<\/strong><\/p>\n<p>La primera impresi\u00f3n es la parte de la practicidad en el manejo, con el keypad que es bastante \u00fatil y f\u00e1cil de manejar una vez se adapta uno a \u00e9l, es lo que principalmente me llamo la atenci\u00f3n.<\/p>\n<p><strong>\u00bfQu\u00e9 es lo mejor del hardware del\u00a0<a href=\"https:\/\/neurovirtual.com\/latam\/equipamento\/bwmini-ambulatorio-psg-hst\/\">BW EMG\/EP<\/a>?<\/strong><\/p>\n<p>Creer\u00eda yo es el mismo keypad es f\u00e1cil de manejar, igualmente hay diferentes tipos de estimulador que permite que cada persona de acuerdo a su inter\u00e9s y a su habilidad se adapte a cada uno de ellos como prefiera manejarlo.<\/p>\n<p><strong>\u00bfQu\u00e9 fue lo m\u00e1s llamativo del Software del\u00a0<a href=\"https:\/\/neurovirtual.com\/latam\/equipamento\/bwmini-ambulatorio-psg-hst\/\">BW EMG\/EP<\/a>?<\/strong><\/p>\n<p>En cuando al Software lo que m\u00e1s me llama la atenci\u00f3n es la facilidad de ajustes de acuerdo a las preferencias de cada uno de los m\u00e9dicos, es bastante asequible y f\u00e1cil de manejar, incluso personas que no tenemos mayor idea sobre sistemas.<img decoding=\"async\" class=\"wp-image-776079 aligncenter\" src=\"https:\/\/neurovirtual.com\/latam\/wp-content\/uploads\/2017\/03\/foto.png\" alt=\"foto\" width=\"434\" height=\"254\" srcset=\"https:\/\/neurovirtual.com\/latam\/wp-content\/uploads\/2017\/03\/foto.png 726w, https:\/\/neurovirtual.com\/latam\/wp-content\/uploads\/2017\/03\/foto-300x176.png 300w, https:\/\/neurovirtual.com\/latam\/wp-content\/uploads\/2017\/03\/foto-427x250.png 427w, https:\/\/neurovirtual.com\/latam\/wp-content\/uploads\/2017\/03\/foto-460x269.png 460w\" sizes=\"(max-width: 434px) 100vw, 434px\" \/><\/p>\n<p><strong>\u00bfC\u00f3mo califica la relaci\u00f3n cliente \u2013 proveedor que ha tenido con Neurovirtual?<\/strong><\/p>\n<p>La relaci\u00f3n entre cliente- proveedor ha sido bastante cercana dir\u00eda yo, hemos tenido varias reuniones siempre hemos trabajado pues como en equipo resolviendo dudas y dificultades t\u00e9cnicas que se han presentado, tanto con el software como con el hardware y pues el respaldo ha sido bastante bueno.<\/p>\n<p><strong>\u00bfQu\u00e9 es lo que m\u00e1s le gusta de Neurovirtual en general?<\/strong><\/p>\n<p>En cuanto al manejo con los equipos que hemos tenido con Neurovirtual en cierto modo, es f\u00e1cil pasar de un equipo a otro, es decir si estoy haciendo una electromiograf\u00eda la forma de relacionarse con la interface es muy similar a la que encontramos en el equipo de Polisomnograma o con el equipo de videotelemetr\u00edas, de electroencefalograma y eso pues le facilita un poquito adaptarse a realizar diferentes tipos de estudio.<\/p>\n","protected":false},"excerpt":{"rendered":"<p>\u00bfDesde cu\u00e1ndo empez\u00f3 la relaci\u00f3n comercial con nuestra marca Neurovirtual? La experiencia con Neurovirtual la tenemos desde hace aproximadamente 2 a\u00f1os, desde el a\u00f1o 2015 inicialmente con el producto de BWIII para el registro de monitorizaci\u00f3n de pacientes en cuidado intensivo con electroencefalograma, posteriormente con el equipo de polisomnografia y actualmente con el equipo de&#8230;<\/p>\n","protected":false},"author":7,"featured_media":776088,"comment_status":"open","ping_status":"open","sticky":false,"template":"","format":"standard","meta":{"footnotes":"","_joinchat":[]},"categories":[4],"tags":[],"acf":[],"yoast_head":"<!-- This site is optimized with the Yoast SEO plugin v21.7 - https:\/\/yoast.com\/wordpress\/plugins\/seo\/ -->\n<title>Entrevista Dr. Luis Fontanilla \u2013 Neur\u00f3logo de la Fundaci\u00f3n Hospital San Carlos - Neurovirtual \/ Humanizing diagnostics<\/title>\n<meta name=\"description\" content=\"%seo_description%\" \/>\n<meta name=\"robots\" content=\"index, follow, max-snippet:-1, max-image-preview:large, max-video-preview:-1\" \/>\n<link rel=\"canonical\" href=\"https:\/\/neurovirtual.com\/latam\/entrevista-com-dr-luis-fontanilla-neurologo-de-la-fundacion-hospital-san-carlos\/\" \/>\n<meta property=\"og:locale\" content=\"es_ES\" \/>\n<meta property=\"og:type\" content=\"article\" \/>\n<meta property=\"og:title\" content=\"Entrevista Dr. Luis Fontanilla \u2013 Neur\u00f3logo de la Fundaci\u00f3n Hospital San Carlos - Neurovirtual \/ Humanizing diagnostics\" \/>\n<meta property=\"og:description\" content=\"%seo_description%\" \/>\n<meta property=\"og:url\" content=\"https:\/\/neurovirtual.com\/latam\/entrevista-com-dr-luis-fontanilla-neurologo-de-la-fundacion-hospital-san-carlos\/\" \/>\n<meta property=\"og:site_name\" content=\"Neurovirtual \/ Humanizing diagnostics\" \/>\n<meta property=\"article:published_time\" content=\"2017-03-03T17:11:55+00:00\" \/>\n<meta property=\"article:modified_time\" content=\"2021-02-02T23:47:14+00:00\" \/>\n<meta property=\"og:image\" content=\"https:\/\/neurovirtual.com\/latam\/wp-content\/uploads\/2017\/03\/capa.png\" \/>\n\t<meta property=\"og:image:width\" content=\"300\" \/>\n\t<meta property=\"og:image:height\" content=\"168\" \/>\n\t<meta property=\"og:image:type\" content=\"image\/png\" \/>\n<meta name=\"author\" content=\"Jessika Brito\" \/>\n<meta name=\"twitter:card\" content=\"summary_large_image\" \/>\n<meta name=\"twitter:label1\" content=\"Escrito por\" \/>\n\t<meta name=\"twitter:data1\" content=\"Jessika Brito\" \/>\n\t<meta name=\"twitter:label2\" content=\"Tiempo estimado de lectura\" \/>\n\t<meta name=\"twitter:data2\" content=\"2 minutos\" \/>\n<script type=\"application\/ld+json\" class=\"yoast-schema-graph\">{\"@context\":\"https:\/\/schema.org\",\"@graph\":[{\"@type\":\"Article\",\"@id\":\"https:\/\/neurovirtual.com\/latam\/entrevista-com-dr-luis-fontanilla-neurologo-de-la-fundacion-hospital-san-carlos\/#article\",\"isPartOf\":{\"@id\":\"https:\/\/neurovirtual.com\/latam\/entrevista-com-dr-luis-fontanilla-neurologo-de-la-fundacion-hospital-san-carlos\/\"},\"author\":{\"name\":\"Jessika Brito\",\"@id\":\"https:\/\/neurovirtual.com\/latam\/#\/schema\/person\/61c27629d3d16b3e601ef7db30001d49\"},\"headline\":\"Entrevista Dr. Luis Fontanilla \u2013 Neur\u00f3logo de la Fundaci\u00f3n Hospital San Carlos\",\"datePublished\":\"2017-03-03T17:11:55+00:00\",\"dateModified\":\"2021-02-02T23:47:14+00:00\",\"mainEntityOfPage\":{\"@id\":\"https:\/\/neurovirtual.com\/latam\/entrevista-com-dr-luis-fontanilla-neurologo-de-la-fundacion-hospital-san-carlos\/\"},\"wordCount\":399,\"commentCount\":0,\"publisher\":{\"@id\":\"https:\/\/neurovirtual.com\/latam\/#organization\"},\"articleSection\":[\"Novedades\"],\"inLanguage\":\"es-CO\",\"potentialAction\":[{\"@type\":\"CommentAction\",\"name\":\"Comment\",\"target\":[\"https:\/\/neurovirtual.com\/latam\/entrevista-com-dr-luis-fontanilla-neurologo-de-la-fundacion-hospital-san-carlos\/#respond\"]}]},{\"@type\":\"WebPage\",\"@id\":\"https:\/\/neurovirtual.com\/latam\/entrevista-com-dr-luis-fontanilla-neurologo-de-la-fundacion-hospital-san-carlos\/\",\"url\":\"https:\/\/neurovirtual.com\/latam\/entrevista-com-dr-luis-fontanilla-neurologo-de-la-fundacion-hospital-san-carlos\/\",\"name\":\"Entrevista Dr. Luis Fontanilla \u2013 Neur\u00f3logo de la Fundaci\u00f3n Hospital San Carlos - Neurovirtual \/ Humanizing diagnostics\",\"isPartOf\":{\"@id\":\"https:\/\/neurovirtual.com\/latam\/#website\"},\"datePublished\":\"2017-03-03T17:11:55+00:00\",\"dateModified\":\"2021-02-02T23:47:14+00:00\",\"description\":\"%seo_description%\",\"breadcrumb\":{\"@id\":\"https:\/\/neurovirtual.com\/latam\/entrevista-com-dr-luis-fontanilla-neurologo-de-la-fundacion-hospital-san-carlos\/#breadcrumb\"},\"inLanguage\":\"es-CO\",\"potentialAction\":[{\"@type\":\"ReadAction\",\"target\":[\"https:\/\/neurovirtual.com\/latam\/entrevista-com-dr-luis-fontanilla-neurologo-de-la-fundacion-hospital-san-carlos\/\"]}]},{\"@type\":\"BreadcrumbList\",\"@id\":\"https:\/\/neurovirtual.com\/latam\/entrevista-com-dr-luis-fontanilla-neurologo-de-la-fundacion-hospital-san-carlos\/#breadcrumb\",\"itemListElement\":[{\"@type\":\"ListItem\",\"position\":1,\"name\":\"Portada\",\"item\":\"https:\/\/neurovirtual.com\/latam\/\"},{\"@type\":\"ListItem\",\"position\":2,\"name\":\"Entrevista Dr. Luis Fontanilla \u2013 Neur\u00f3logo de la Fundaci\u00f3n Hospital San Carlos\"}]},{\"@type\":\"WebSite\",\"@id\":\"https:\/\/neurovirtual.com\/latam\/#website\",\"url\":\"https:\/\/neurovirtual.com\/latam\/\",\"name\":\"Neurovirtual \/ Humanizing diagnostics\",\"description\":\"\",\"publisher\":{\"@id\":\"https:\/\/neurovirtual.com\/latam\/#organization\"},\"potentialAction\":[{\"@type\":\"SearchAction\",\"target\":{\"@type\":\"EntryPoint\",\"urlTemplate\":\"https:\/\/neurovirtual.com\/latam\/?s={search_term_string}\"},\"query-input\":\"required name=search_term_string\"}],\"inLanguage\":\"es-CO\"},{\"@type\":\"Organization\",\"@id\":\"https:\/\/neurovirtual.com\/latam\/#organization\",\"name\":\"Neurovirtual\",\"url\":\"https:\/\/neurovirtual.com\/latam\/\",\"logo\":{\"@type\":\"ImageObject\",\"inLanguage\":\"es-CO\",\"@id\":\"https:\/\/neurovirtual.com\/latam\/#\/schema\/logo\/image\/\",\"url\":\"https:\/\/neurovirtual.com\/latam\/wp-content\/uploads\/2023\/08\/1.-Logo-Neurovirtual-2022.png\",\"contentUrl\":\"https:\/\/neurovirtual.com\/latam\/wp-content\/uploads\/2023\/08\/1.-Logo-Neurovirtual-2022.png\",\"width\":1964,\"height\":668,\"caption\":\"Neurovirtual\"},\"image\":{\"@id\":\"https:\/\/neurovirtual.com\/latam\/#\/schema\/logo\/image\/\"}},{\"@type\":\"Person\",\"@id\":\"https:\/\/neurovirtual.com\/latam\/#\/schema\/person\/61c27629d3d16b3e601ef7db30001d49\",\"name\":\"Jessika Brito\",\"image\":{\"@type\":\"ImageObject\",\"inLanguage\":\"es-CO\",\"@id\":\"https:\/\/neurovirtual.com\/latam\/#\/schema\/person\/image\/\",\"url\":\"https:\/\/secure.gravatar.com\/avatar\/08d2f62bc8a1f215fdfebe63356acc30?s=96&d=mm&r=g\",\"contentUrl\":\"https:\/\/secure.gravatar.com\/avatar\/08d2f62bc8a1f215fdfebe63356acc30?s=96&d=mm&r=g\",\"caption\":\"Jessika Brito\"},\"url\":\"https:\/\/neurovirtual.com\/latam\/author\/brito\/\"}]}<\/script>\n<!-- \/ Yoast SEO plugin. -->","yoast_head_json":{"title":"Entrevista Dr. Luis Fontanilla \u2013 Neur\u00f3logo de la Fundaci\u00f3n Hospital San Carlos - Neurovirtual \/ Humanizing diagnostics","description":"%seo_description%","robots":{"index":"index","follow":"follow","max-snippet":"max-snippet:-1","max-image-preview":"max-image-preview:large","max-video-preview":"max-video-preview:-1"},"canonical":"https:\/\/neurovirtual.com\/latam\/entrevista-com-dr-luis-fontanilla-neurologo-de-la-fundacion-hospital-san-carlos\/","og_locale":"es_ES","og_type":"article","og_title":"Entrevista Dr. Luis Fontanilla \u2013 Neur\u00f3logo de la Fundaci\u00f3n Hospital San Carlos - Neurovirtual \/ Humanizing diagnostics","og_description":"%seo_description%","og_url":"https:\/\/neurovirtual.com\/latam\/entrevista-com-dr-luis-fontanilla-neurologo-de-la-fundacion-hospital-san-carlos\/","og_site_name":"Neurovirtual \/ Humanizing diagnostics","article_published_time":"2017-03-03T17:11:55+00:00","article_modified_time":"2021-02-02T23:47:14+00:00","og_image":[{"width":300,"height":168,"url":"https:\/\/neurovirtual.com\/latam\/wp-content\/uploads\/2017\/03\/capa.png","type":"image\/png"}],"author":"Jessika Brito","twitter_card":"summary_large_image","twitter_misc":{"Escrito por":"Jessika Brito","Tiempo estimado de lectura":"2 minutos"},"schema":{"@context":"https:\/\/schema.org","@graph":[{"@type":"Article","@id":"https:\/\/neurovirtual.com\/latam\/entrevista-com-dr-luis-fontanilla-neurologo-de-la-fundacion-hospital-san-carlos\/#article","isPartOf":{"@id":"https:\/\/neurovirtual.com\/latam\/entrevista-com-dr-luis-fontanilla-neurologo-de-la-fundacion-hospital-san-carlos\/"},"author":{"name":"Jessika Brito","@id":"https:\/\/neurovirtual.com\/latam\/#\/schema\/person\/61c27629d3d16b3e601ef7db30001d49"},"headline":"Entrevista Dr. Luis Fontanilla \u2013 Neur\u00f3logo de la Fundaci\u00f3n Hospital San Carlos","datePublished":"2017-03-03T17:11:55+00:00","dateModified":"2021-02-02T23:47:14+00:00","mainEntityOfPage":{"@id":"https:\/\/neurovirtual.com\/latam\/entrevista-com-dr-luis-fontanilla-neurologo-de-la-fundacion-hospital-san-carlos\/"},"wordCount":399,"commentCount":0,"publisher":{"@id":"https:\/\/neurovirtual.com\/latam\/#organization"},"articleSection":["Novedades"],"inLanguage":"es-CO","potentialAction":[{"@type":"CommentAction","name":"Comment","target":["https:\/\/neurovirtual.com\/latam\/entrevista-com-dr-luis-fontanilla-neurologo-de-la-fundacion-hospital-san-carlos\/#respond"]}]},{"@type":"WebPage","@id":"https:\/\/neurovirtual.com\/latam\/entrevista-com-dr-luis-fontanilla-neurologo-de-la-fundacion-hospital-san-carlos\/","url":"https:\/\/neurovirtual.com\/latam\/entrevista-com-dr-luis-fontanilla-neurologo-de-la-fundacion-hospital-san-carlos\/","name":"Entrevista Dr. Luis Fontanilla \u2013 Neur\u00f3logo de la Fundaci\u00f3n Hospital San Carlos - Neurovirtual \/ Humanizing diagnostics","isPartOf":{"@id":"https:\/\/neurovirtual.com\/latam\/#website"},"datePublished":"2017-03-03T17:11:55+00:00","dateModified":"2021-02-02T23:47:14+00:00","description":"%seo_description%","breadcrumb":{"@id":"https:\/\/neurovirtual.com\/latam\/entrevista-com-dr-luis-fontanilla-neurologo-de-la-fundacion-hospital-san-carlos\/#breadcrumb"},"inLanguage":"es-CO","potentialAction":[{"@type":"ReadAction","target":["https:\/\/neurovirtual.com\/latam\/entrevista-com-dr-luis-fontanilla-neurologo-de-la-fundacion-hospital-san-carlos\/"]}]},{"@type":"BreadcrumbList","@id":"https:\/\/neurovirtual.com\/latam\/entrevista-com-dr-luis-fontanilla-neurologo-de-la-fundacion-hospital-san-carlos\/#breadcrumb","itemListElement":[{"@type":"ListItem","position":1,"name":"Portada","item":"https:\/\/neurovirtual.com\/latam\/"},{"@type":"ListItem","position":2,"name":"Entrevista Dr. Luis Fontanilla \u2013 Neur\u00f3logo de la Fundaci\u00f3n Hospital San Carlos"}]},{"@type":"WebSite","@id":"https:\/\/neurovirtual.com\/latam\/#website","url":"https:\/\/neurovirtual.com\/latam\/","name":"Neurovirtual \/ Humanizing diagnostics","description":"","publisher":{"@id":"https:\/\/neurovirtual.com\/latam\/#organization"},"potentialAction":[{"@type":"SearchAction","target":{"@type":"EntryPoint","urlTemplate":"https:\/\/neurovirtual.com\/latam\/?s={search_term_string}"},"query-input":"required name=search_term_string"}],"inLanguage":"es-CO"},{"@type":"Organization","@id":"https:\/\/neurovirtual.com\/latam\/#organization","name":"Neurovirtual","url":"https:\/\/neurovirtual.com\/latam\/","logo":{"@type":"ImageObject","inLanguage":"es-CO","@id":"https:\/\/neurovirtual.com\/latam\/#\/schema\/logo\/image\/","url":"https:\/\/neurovirtual.com\/latam\/wp-content\/uploads\/2023\/08\/1.-Logo-Neurovirtual-2022.png","contentUrl":"https:\/\/neurovirtual.com\/latam\/wp-content\/uploads\/2023\/08\/1.-Logo-Neurovirtual-2022.png","width":1964,"height":668,"caption":"Neurovirtual"},"image":{"@id":"https:\/\/neurovirtual.com\/latam\/#\/schema\/logo\/image\/"}},{"@type":"Person","@id":"https:\/\/neurovirtual.com\/latam\/#\/schema\/person\/61c27629d3d16b3e601ef7db30001d49","name":"Jessika Brito","image":{"@type":"ImageObject","inLanguage":"es-CO","@id":"https:\/\/neurovirtual.com\/latam\/#\/schema\/person\/image\/","url":"https:\/\/secure.gravatar.com\/avatar\/08d2f62bc8a1f215fdfebe63356acc30?s=96&d=mm&r=g","contentUrl":"https:\/\/secure.gravatar.com\/avatar\/08d2f62bc8a1f215fdfebe63356acc30?s=96&d=mm&r=g","caption":"Jessika Brito"},"url":"https:\/\/neurovirtual.com\/latam\/author\/brito\/"}]}},"_links":{"self":[{"href":"https:\/\/neurovirtual.com\/latam\/wp-json\/wp\/v2\/posts\/776072"}],"collection":[{"href":"https:\/\/neurovirtual.com\/latam\/wp-json\/wp\/v2\/posts"}],"about":[{"href":"https:\/\/neurovirtual.com\/latam\/wp-json\/wp\/v2\/types\/post"}],"author":[{"embeddable":true,"href":"https:\/\/neurovirtual.com\/latam\/wp-json\/wp\/v2\/users\/7"}],"replies":[{"embeddable":true,"href":"https:\/\/neurovirtual.com\/latam\/wp-json\/wp\/v2\/comments?post=776072"}],"version-history":[{"count":11,"href":"https:\/\/neurovirtual.com\/latam\/wp-json\/wp\/v2\/posts\/776072\/revisions"}],"predecessor-version":[{"id":809979,"href":"https:\/\/neurovirtual.com\/latam\/wp-json\/wp\/v2\/posts\/776072\/revisions\/809979"}],"wp:featuredmedia":[{"embeddable":true,"href":"https:\/\/neurovirtual.com\/latam\/wp-json\/wp\/v2\/media\/776088"}],"wp:attachment":[{"href":"https:\/\/neurovirtual.com\/latam\/wp-json\/wp\/v2\/media?parent=776072"}],"wp:term":[{"taxonomy":"category","embeddable":true,"href":"https:\/\/neurovirtual.com\/latam\/wp-json\/wp\/v2\/categories?post=776072"},{"taxonomy":"post_tag","embeddable":true,"href":"https:\/\/neurovirtual.com\/latam\/wp-json\/wp\/v2\/tags?post=776072"}],"curies":[{"name":"wp","href":"https:\/\/api.w.org\/{rel}","templated":true}]}}