{"id":773108,"date":"2016-07-19T13:58:17","date_gmt":"2016-07-19T16:58:17","guid":{"rendered":"https:\/\/neurovirtual.com\/latam\/?p=773108"},"modified":"2016-08-19T13:58:56","modified_gmt":"2016-08-19T16:58:56","slug":"neurovirtual-participa-en-el-congreso-no-36-de-la-liga-brasilena-de-epilepsia","status":"publish","type":"post","link":"https:\/\/neurovirtual.com\/latam\/neurovirtual-participa-en-el-congreso-no-36-de-la-liga-brasilena-de-epilepsia\/","title":{"rendered":"Neurovirtual participa en El Congreso N\u00ba 36 de la Liga Brasile\u00f1a de Epilepsia"},"content":{"rendered":"<p><a href=\"https:\/\/neurovirtual.com\/latam\/wp-content\/uploads\/2016\/08\/banner-LBE.jpg\"><img decoding=\"async\" class=\"aligncenter wp-image-773111 size-full\" src=\"https:\/\/neurovirtual.com\/latam\/wp-content\/uploads\/2016\/08\/banner-LBE.jpg\" alt=\"banner-LBE\" width=\"805\" height=\"219\" srcset=\"https:\/\/neurovirtual.com\/latam\/wp-content\/uploads\/2016\/08\/banner-LBE.jpg 805w, https:\/\/neurovirtual.com\/latam\/wp-content\/uploads\/2016\/08\/banner-LBE-300x82.jpg 300w, https:\/\/neurovirtual.com\/latam\/wp-content\/uploads\/2016\/08\/banner-LBE-460x125.jpg 460w\" sizes=\"(max-width: 805px) 100vw, 805px\" \/><\/a><\/p>\n<p>El Congreso N\u00ba 36 de la Liga Brasile\u00f1a de Epilepsia tuvo lugar en Recife en el estado de Pernambuco. Durante el evento, y en el mismo lugar, se realiz\u00f3 la Tercera Jornada Internacional de Epilepsia Brasil-Am\u00e9rica Latina. Hubo conferencias presentadas por especialistas reconocidos a nivel nacional e internacional con el objetivo de promover la educaci\u00f3n cualificada y divulgar el conocimiento de las nuevas tecnolog\u00edas.<\/p>\n<p>El congreso tambi\u00e9n sirvi\u00f3 para estimular el intercambio entre los m\u00e9dicos de los grandes centros nacionales e internacionales que estudian la epilepsia. El evento cont\u00f3 con la participaci\u00f3n de pediatras, neuropediatras y neur\u00f3logos, neurocirujanos, residentes, acad\u00e9micos y otros profesionales de la salud. Se calcula que m\u00e1s de 500 participantes asistieron al encuentro.<\/p>\n<p>Neurovirtual, participante del evento, present\u00f3\u00a0 su equipo de monitoreo de electroencefalograf\u00eda BWIII EEG Plus ICU, de su l\u00ednea de productos para el \u00e1rea de Neurolog\u00eda, que cuenta con otros dispositivos varios. Los participantes que visitaron nuestro estand pudieron ver de cerca las ventajas de dicho equipo usado actualmente por la Unifesp en el desarrollo de investigaciones sobre epilepsia en ni\u00f1os.<\/p>\n<p>Adem\u00e1s de contar con un n\u00famero importante de profesionales de relevancia nacional, hubo tambi\u00e9n una gran participaci\u00f3n de especialistas extranjeros en la programaci\u00f3n en varias presentaciones durante el congreso. M\u00e9dicos de Argentina, Chile, Colombia y Francia pudieron ser escuchados en las mesas redondas, con presentaciones de casos en video, simposios y conferencias distribuidos a lo largo de tres de los cuatro d\u00edas del evento.<\/p>\n<p>El Dr. Roberto Caraballo (ARG) y la Dra. Loreto Rios Pohl (CHI) fueron los principales invitados de las mesas redondas <em>S\u00edndrome de Pen\u00e9lope; mientras duermes&#8230;<\/em>y<em> Eventos No Epil\u00e9pticos que se confunden con epilepsia en la infancia<\/em>, respectivamente, volviendo luego del receso para las presentaciones de los casos en video. El \u00faltimo d\u00eda del congreso se llev\u00f3 a cabo la mesa redonda <em>Estimulaci\u00f3n Profunda del Cerebro, El Caso Franc\u00e9s<\/em>, con los especialistas franceses la Dra. Lorella Minotti y el Dr. Philippe Kahane.<\/p>\n<p><a href=\"https:\/\/neurovirtual.com\/latam\/wp-content\/uploads\/2016\/08\/lbe1.jpg\"><img decoding=\"async\" class=\"aligncenter size-medium wp-image-773112\" src=\"https:\/\/neurovirtual.com\/latam\/wp-content\/uploads\/2016\/08\/lbe1-300x227.jpg\" alt=\"lbe1\" width=\"300\" height=\"227\" srcset=\"https:\/\/neurovirtual.com\/latam\/wp-content\/uploads\/2016\/08\/lbe1-300x227.jpg 300w, https:\/\/neurovirtual.com\/latam\/wp-content\/uploads\/2016\/08\/lbe1-1024x774.jpg 1024w, https:\/\/neurovirtual.com\/latam\/wp-content\/uploads\/2016\/08\/lbe1-331x250.jpg 331w, https:\/\/neurovirtual.com\/latam\/wp-content\/uploads\/2016\/08\/lbe1-450x340.jpg 450w, https:\/\/neurovirtual.com\/latam\/wp-content\/uploads\/2016\/08\/lbe1.jpg 1920w\" sizes=\"(max-width: 300px) 100vw, 300px\" \/><\/a><\/p>\n<p style=\"text-align: center;\">Sandro Senra, Dr. Paulo Ragazzo, Dr.\u00a0Francisco Arruda e Alex Ribeiro.<\/p>\n<p><a href=\"https:\/\/neurovirtual.com\/latam\/wp-content\/uploads\/2016\/08\/lbe2.jpg\"><img decoding=\"async\" class=\"aligncenter size-medium wp-image-773113\" src=\"https:\/\/neurovirtual.com\/latam\/wp-content\/uploads\/2016\/08\/lbe2-300x225.jpg\" alt=\"lbe2\" width=\"300\" height=\"225\" srcset=\"https:\/\/neurovirtual.com\/latam\/wp-content\/uploads\/2016\/08\/lbe2-300x225.jpg 300w, https:\/\/neurovirtual.com\/latam\/wp-content\/uploads\/2016\/08\/lbe2-1024x768.jpg 1024w, https:\/\/neurovirtual.com\/latam\/wp-content\/uploads\/2016\/08\/lbe2-333x250.jpg 333w, https:\/\/neurovirtual.com\/latam\/wp-content\/uploads\/2016\/08\/lbe2-453x340.jpg 453w, https:\/\/neurovirtual.com\/latam\/wp-content\/uploads\/2016\/08\/lbe2.jpg 1920w\" sizes=\"(max-width: 300px) 100vw, 300px\" \/><\/a><\/p>\n<p><a href=\"https:\/\/neurovirtual.com\/latam\/wp-content\/uploads\/2016\/08\/lbe3.jpg\"><img decoding=\"async\" class=\"aligncenter size-medium wp-image-773114\" src=\"https:\/\/neurovirtual.com\/latam\/wp-content\/uploads\/2016\/08\/lbe3-300x225.jpg\" alt=\"lbe3\" width=\"300\" height=\"225\" srcset=\"https:\/\/neurovirtual.com\/latam\/wp-content\/uploads\/2016\/08\/lbe3-300x225.jpg 300w, https:\/\/neurovirtual.com\/latam\/wp-content\/uploads\/2016\/08\/lbe3-333x250.jpg 333w, https:\/\/neurovirtual.com\/latam\/wp-content\/uploads\/2016\/08\/lbe3-453x340.jpg 453w, https:\/\/neurovirtual.com\/latam\/wp-content\/uploads\/2016\/08\/lbe3.jpg 1000w\" sizes=\"(max-width: 300px) 100vw, 300px\" \/><\/a><\/p>\n<p><a href=\"https:\/\/neurovirtual.com\/latam\/wp-content\/uploads\/2016\/08\/lbe4.jpg\"><img decoding=\"async\" class=\"aligncenter size-medium wp-image-773115\" src=\"https:\/\/neurovirtual.com\/latam\/wp-content\/uploads\/2016\/08\/lbe4-300x225.jpg\" alt=\"lbe4\" width=\"300\" height=\"225\" srcset=\"https:\/\/neurovirtual.com\/latam\/wp-content\/uploads\/2016\/08\/lbe4-300x225.jpg 300w, https:\/\/neurovirtual.com\/latam\/wp-content\/uploads\/2016\/08\/lbe4-333x250.jpg 333w, https:\/\/neurovirtual.com\/latam\/wp-content\/uploads\/2016\/08\/lbe4-453x340.jpg 453w, https:\/\/neurovirtual.com\/latam\/wp-content\/uploads\/2016\/08\/lbe4.jpg 1000w\" sizes=\"(max-width: 300px) 100vw, 300px\" \/><\/a><\/p>\n","protected":false},"excerpt":{"rendered":"<p>El Congreso N\u00ba 36 de la Liga Brasile\u00f1a de Epilepsia tuvo lugar en Recife en el estado de Pernambuco. Durante el evento, y en el mismo lugar, se realiz\u00f3 la Tercera Jornada Internacional de Epilepsia Brasil-Am\u00e9rica Latina. Hubo conferencias presentadas por especialistas reconocidos a nivel nacional e internacional con el objetivo de promover la educaci\u00f3n&#8230;<\/p>\n","protected":false},"author":7,"featured_media":773110,"comment_status":"open","ping_status":"open","sticky":false,"template":"","format":"standard","meta":{"footnotes":"","_joinchat":[]},"categories":[7,8],"tags":[],"acf":[],"yoast_head":"<!-- This site is optimized with the Yoast SEO plugin v21.7 - https:\/\/yoast.com\/wordpress\/plugins\/seo\/ -->\n<title>Neurovirtual participa en El Congreso N\u00ba 36 de la Liga Brasile\u00f1a de Epilepsia - Neurovirtual \/ Humanizing diagnostics<\/title>\n<meta name=\"description\" content=\"%seo_description%\" \/>\n<meta name=\"robots\" content=\"index, follow, max-snippet:-1, max-image-preview:large, max-video-preview:-1\" \/>\n<link rel=\"canonical\" href=\"https:\/\/neurovirtual.com\/latam\/neurovirtual-participa-en-el-congreso-no-36-de-la-liga-brasilena-de-epilepsia\/\" \/>\n<meta property=\"og:locale\" content=\"es_ES\" \/>\n<meta property=\"og:type\" content=\"article\" \/>\n<meta property=\"og:title\" content=\"Neurovirtual participa en El Congreso N\u00ba 36 de la Liga Brasile\u00f1a de Epilepsia - Neurovirtual \/ Humanizing diagnostics\" \/>\n<meta property=\"og:description\" content=\"%seo_description%\" \/>\n<meta property=\"og:url\" content=\"https:\/\/neurovirtual.com\/latam\/neurovirtual-participa-en-el-congreso-no-36-de-la-liga-brasilena-de-epilepsia\/\" \/>\n<meta property=\"og:site_name\" content=\"Neurovirtual \/ Humanizing diagnostics\" \/>\n<meta property=\"article:published_time\" content=\"2016-07-19T16:58:17+00:00\" \/>\n<meta property=\"article:modified_time\" content=\"2016-08-19T16:58:56+00:00\" \/>\n<meta property=\"og:image\" content=\"https:\/\/neurovirtual.com\/latam\/wp-content\/uploads\/2016\/08\/2.CAPA-congresso-paulista1.jpg\" \/>\n\t<meta property=\"og:image:width\" content=\"300\" \/>\n\t<meta property=\"og:image:height\" content=\"168\" \/>\n\t<meta property=\"og:image:type\" content=\"image\/jpeg\" \/>\n<meta name=\"author\" content=\"Jessika Brito\" \/>\n<meta name=\"twitter:card\" content=\"summary_large_image\" \/>\n<meta name=\"twitter:label1\" content=\"Escrito por\" \/>\n\t<meta name=\"twitter:data1\" content=\"Jessika Brito\" \/>\n\t<meta name=\"twitter:label2\" content=\"Tiempo estimado de lectura\" \/>\n\t<meta name=\"twitter:data2\" content=\"2 minutos\" \/>\n<script type=\"application\/ld+json\" class=\"yoast-schema-graph\">{\"@context\":\"https:\/\/schema.org\",\"@graph\":[{\"@type\":\"Article\",\"@id\":\"https:\/\/neurovirtual.com\/latam\/neurovirtual-participa-en-el-congreso-no-36-de-la-liga-brasilena-de-epilepsia\/#article\",\"isPartOf\":{\"@id\":\"https:\/\/neurovirtual.com\/latam\/neurovirtual-participa-en-el-congreso-no-36-de-la-liga-brasilena-de-epilepsia\/\"},\"author\":{\"name\":\"Jessika Brito\",\"@id\":\"https:\/\/neurovirtual.com\/latam\/#\/schema\/person\/61c27629d3d16b3e601ef7db30001d49\"},\"headline\":\"Neurovirtual participa en El Congreso N\u00ba 36 de la Liga Brasile\u00f1a de Epilepsia\",\"datePublished\":\"2016-07-19T16:58:17+00:00\",\"dateModified\":\"2016-08-19T16:58:56+00:00\",\"mainEntityOfPage\":{\"@id\":\"https:\/\/neurovirtual.com\/latam\/neurovirtual-participa-en-el-congreso-no-36-de-la-liga-brasilena-de-epilepsia\/\"},\"wordCount\":371,\"commentCount\":0,\"publisher\":{\"@id\":\"https:\/\/neurovirtual.com\/latam\/#organization\"},\"articleSection\":[\"Conferencias\",\"Internacional\"],\"inLanguage\":\"es-CO\",\"potentialAction\":[{\"@type\":\"CommentAction\",\"name\":\"Comment\",\"target\":[\"https:\/\/neurovirtual.com\/latam\/neurovirtual-participa-en-el-congreso-no-36-de-la-liga-brasilena-de-epilepsia\/#respond\"]}]},{\"@type\":\"WebPage\",\"@id\":\"https:\/\/neurovirtual.com\/latam\/neurovirtual-participa-en-el-congreso-no-36-de-la-liga-brasilena-de-epilepsia\/\",\"url\":\"https:\/\/neurovirtual.com\/latam\/neurovirtual-participa-en-el-congreso-no-36-de-la-liga-brasilena-de-epilepsia\/\",\"name\":\"Neurovirtual participa en El Congreso N\u00ba 36 de la Liga Brasile\u00f1a de Epilepsia - Neurovirtual \/ Humanizing diagnostics\",\"isPartOf\":{\"@id\":\"https:\/\/neurovirtual.com\/latam\/#website\"},\"datePublished\":\"2016-07-19T16:58:17+00:00\",\"dateModified\":\"2016-08-19T16:58:56+00:00\",\"description\":\"%seo_description%\",\"breadcrumb\":{\"@id\":\"https:\/\/neurovirtual.com\/latam\/neurovirtual-participa-en-el-congreso-no-36-de-la-liga-brasilena-de-epilepsia\/#breadcrumb\"},\"inLanguage\":\"es-CO\",\"potentialAction\":[{\"@type\":\"ReadAction\",\"target\":[\"https:\/\/neurovirtual.com\/latam\/neurovirtual-participa-en-el-congreso-no-36-de-la-liga-brasilena-de-epilepsia\/\"]}]},{\"@type\":\"BreadcrumbList\",\"@id\":\"https:\/\/neurovirtual.com\/latam\/neurovirtual-participa-en-el-congreso-no-36-de-la-liga-brasilena-de-epilepsia\/#breadcrumb\",\"itemListElement\":[{\"@type\":\"ListItem\",\"position\":1,\"name\":\"Portada\",\"item\":\"https:\/\/neurovirtual.com\/latam\/\"},{\"@type\":\"ListItem\",\"position\":2,\"name\":\"Neurovirtual participa en El Congreso N\u00ba 36 de la Liga Brasile\u00f1a de Epilepsia\"}]},{\"@type\":\"WebSite\",\"@id\":\"https:\/\/neurovirtual.com\/latam\/#website\",\"url\":\"https:\/\/neurovirtual.com\/latam\/\",\"name\":\"Neurovirtual \/ Humanizing diagnostics\",\"description\":\"\",\"publisher\":{\"@id\":\"https:\/\/neurovirtual.com\/latam\/#organization\"},\"potentialAction\":[{\"@type\":\"SearchAction\",\"target\":{\"@type\":\"EntryPoint\",\"urlTemplate\":\"https:\/\/neurovirtual.com\/latam\/?s={search_term_string}\"},\"query-input\":\"required name=search_term_string\"}],\"inLanguage\":\"es-CO\"},{\"@type\":\"Organization\",\"@id\":\"https:\/\/neurovirtual.com\/latam\/#organization\",\"name\":\"Neurovirtual\",\"url\":\"https:\/\/neurovirtual.com\/latam\/\",\"logo\":{\"@type\":\"ImageObject\",\"inLanguage\":\"es-CO\",\"@id\":\"https:\/\/neurovirtual.com\/latam\/#\/schema\/logo\/image\/\",\"url\":\"https:\/\/neurovirtual.com\/latam\/wp-content\/uploads\/2023\/08\/1.-Logo-Neurovirtual-2022.png\",\"contentUrl\":\"https:\/\/neurovirtual.com\/latam\/wp-content\/uploads\/2023\/08\/1.-Logo-Neurovirtual-2022.png\",\"width\":1964,\"height\":668,\"caption\":\"Neurovirtual\"},\"image\":{\"@id\":\"https:\/\/neurovirtual.com\/latam\/#\/schema\/logo\/image\/\"}},{\"@type\":\"Person\",\"@id\":\"https:\/\/neurovirtual.com\/latam\/#\/schema\/person\/61c27629d3d16b3e601ef7db30001d49\",\"name\":\"Jessika Brito\",\"image\":{\"@type\":\"ImageObject\",\"inLanguage\":\"es-CO\",\"@id\":\"https:\/\/neurovirtual.com\/latam\/#\/schema\/person\/image\/\",\"url\":\"https:\/\/secure.gravatar.com\/avatar\/08d2f62bc8a1f215fdfebe63356acc30?s=96&d=mm&r=g\",\"contentUrl\":\"https:\/\/secure.gravatar.com\/avatar\/08d2f62bc8a1f215fdfebe63356acc30?s=96&d=mm&r=g\",\"caption\":\"Jessika Brito\"},\"url\":\"https:\/\/neurovirtual.com\/latam\/author\/brito\/\"}]}<\/script>\n<!-- \/ Yoast SEO plugin. -->","yoast_head_json":{"title":"Neurovirtual participa en El Congreso N\u00ba 36 de la Liga Brasile\u00f1a de Epilepsia - Neurovirtual \/ Humanizing diagnostics","description":"%seo_description%","robots":{"index":"index","follow":"follow","max-snippet":"max-snippet:-1","max-image-preview":"max-image-preview:large","max-video-preview":"max-video-preview:-1"},"canonical":"https:\/\/neurovirtual.com\/latam\/neurovirtual-participa-en-el-congreso-no-36-de-la-liga-brasilena-de-epilepsia\/","og_locale":"es_ES","og_type":"article","og_title":"Neurovirtual participa en El Congreso N\u00ba 36 de la Liga Brasile\u00f1a de Epilepsia - Neurovirtual \/ Humanizing diagnostics","og_description":"%seo_description%","og_url":"https:\/\/neurovirtual.com\/latam\/neurovirtual-participa-en-el-congreso-no-36-de-la-liga-brasilena-de-epilepsia\/","og_site_name":"Neurovirtual \/ Humanizing diagnostics","article_published_time":"2016-07-19T16:58:17+00:00","article_modified_time":"2016-08-19T16:58:56+00:00","og_image":[{"width":300,"height":168,"url":"https:\/\/neurovirtual.com\/latam\/wp-content\/uploads\/2016\/08\/2.CAPA-congresso-paulista1.jpg","type":"image\/jpeg"}],"author":"Jessika Brito","twitter_card":"summary_large_image","twitter_misc":{"Escrito por":"Jessika Brito","Tiempo estimado de lectura":"2 minutos"},"schema":{"@context":"https:\/\/schema.org","@graph":[{"@type":"Article","@id":"https:\/\/neurovirtual.com\/latam\/neurovirtual-participa-en-el-congreso-no-36-de-la-liga-brasilena-de-epilepsia\/#article","isPartOf":{"@id":"https:\/\/neurovirtual.com\/latam\/neurovirtual-participa-en-el-congreso-no-36-de-la-liga-brasilena-de-epilepsia\/"},"author":{"name":"Jessika Brito","@id":"https:\/\/neurovirtual.com\/latam\/#\/schema\/person\/61c27629d3d16b3e601ef7db30001d49"},"headline":"Neurovirtual participa en El Congreso N\u00ba 36 de la Liga Brasile\u00f1a de Epilepsia","datePublished":"2016-07-19T16:58:17+00:00","dateModified":"2016-08-19T16:58:56+00:00","mainEntityOfPage":{"@id":"https:\/\/neurovirtual.com\/latam\/neurovirtual-participa-en-el-congreso-no-36-de-la-liga-brasilena-de-epilepsia\/"},"wordCount":371,"commentCount":0,"publisher":{"@id":"https:\/\/neurovirtual.com\/latam\/#organization"},"articleSection":["Conferencias","Internacional"],"inLanguage":"es-CO","potentialAction":[{"@type":"CommentAction","name":"Comment","target":["https:\/\/neurovirtual.com\/latam\/neurovirtual-participa-en-el-congreso-no-36-de-la-liga-brasilena-de-epilepsia\/#respond"]}]},{"@type":"WebPage","@id":"https:\/\/neurovirtual.com\/latam\/neurovirtual-participa-en-el-congreso-no-36-de-la-liga-brasilena-de-epilepsia\/","url":"https:\/\/neurovirtual.com\/latam\/neurovirtual-participa-en-el-congreso-no-36-de-la-liga-brasilena-de-epilepsia\/","name":"Neurovirtual participa en El Congreso N\u00ba 36 de la Liga Brasile\u00f1a de Epilepsia - Neurovirtual \/ Humanizing diagnostics","isPartOf":{"@id":"https:\/\/neurovirtual.com\/latam\/#website"},"datePublished":"2016-07-19T16:58:17+00:00","dateModified":"2016-08-19T16:58:56+00:00","description":"%seo_description%","breadcrumb":{"@id":"https:\/\/neurovirtual.com\/latam\/neurovirtual-participa-en-el-congreso-no-36-de-la-liga-brasilena-de-epilepsia\/#breadcrumb"},"inLanguage":"es-CO","potentialAction":[{"@type":"ReadAction","target":["https:\/\/neurovirtual.com\/latam\/neurovirtual-participa-en-el-congreso-no-36-de-la-liga-brasilena-de-epilepsia\/"]}]},{"@type":"BreadcrumbList","@id":"https:\/\/neurovirtual.com\/latam\/neurovirtual-participa-en-el-congreso-no-36-de-la-liga-brasilena-de-epilepsia\/#breadcrumb","itemListElement":[{"@type":"ListItem","position":1,"name":"Portada","item":"https:\/\/neurovirtual.com\/latam\/"},{"@type":"ListItem","position":2,"name":"Neurovirtual participa en El Congreso N\u00ba 36 de la Liga Brasile\u00f1a de Epilepsia"}]},{"@type":"WebSite","@id":"https:\/\/neurovirtual.com\/latam\/#website","url":"https:\/\/neurovirtual.com\/latam\/","name":"Neurovirtual \/ Humanizing diagnostics","description":"","publisher":{"@id":"https:\/\/neurovirtual.com\/latam\/#organization"},"potentialAction":[{"@type":"SearchAction","target":{"@type":"EntryPoint","urlTemplate":"https:\/\/neurovirtual.com\/latam\/?s={search_term_string}"},"query-input":"required name=search_term_string"}],"inLanguage":"es-CO"},{"@type":"Organization","@id":"https:\/\/neurovirtual.com\/latam\/#organization","name":"Neurovirtual","url":"https:\/\/neurovirtual.com\/latam\/","logo":{"@type":"ImageObject","inLanguage":"es-CO","@id":"https:\/\/neurovirtual.com\/latam\/#\/schema\/logo\/image\/","url":"https:\/\/neurovirtual.com\/latam\/wp-content\/uploads\/2023\/08\/1.-Logo-Neurovirtual-2022.png","contentUrl":"https:\/\/neurovirtual.com\/latam\/wp-content\/uploads\/2023\/08\/1.-Logo-Neurovirtual-2022.png","width":1964,"height":668,"caption":"Neurovirtual"},"image":{"@id":"https:\/\/neurovirtual.com\/latam\/#\/schema\/logo\/image\/"}},{"@type":"Person","@id":"https:\/\/neurovirtual.com\/latam\/#\/schema\/person\/61c27629d3d16b3e601ef7db30001d49","name":"Jessika Brito","image":{"@type":"ImageObject","inLanguage":"es-CO","@id":"https:\/\/neurovirtual.com\/latam\/#\/schema\/person\/image\/","url":"https:\/\/secure.gravatar.com\/avatar\/08d2f62bc8a1f215fdfebe63356acc30?s=96&d=mm&r=g","contentUrl":"https:\/\/secure.gravatar.com\/avatar\/08d2f62bc8a1f215fdfebe63356acc30?s=96&d=mm&r=g","caption":"Jessika Brito"},"url":"https:\/\/neurovirtual.com\/latam\/author\/brito\/"}]}},"_links":{"self":[{"href":"https:\/\/neurovirtual.com\/latam\/wp-json\/wp\/v2\/posts\/773108"}],"collection":[{"href":"https:\/\/neurovirtual.com\/latam\/wp-json\/wp\/v2\/posts"}],"about":[{"href":"https:\/\/neurovirtual.com\/latam\/wp-json\/wp\/v2\/types\/post"}],"author":[{"embeddable":true,"href":"https:\/\/neurovirtual.com\/latam\/wp-json\/wp\/v2\/users\/7"}],"replies":[{"embeddable":true,"href":"https:\/\/neurovirtual.com\/latam\/wp-json\/wp\/v2\/comments?post=773108"}],"version-history":[{"count":2,"href":"https:\/\/neurovirtual.com\/latam\/wp-json\/wp\/v2\/posts\/773108\/revisions"}],"predecessor-version":[{"id":773117,"href":"https:\/\/neurovirtual.com\/latam\/wp-json\/wp\/v2\/posts\/773108\/revisions\/773117"}],"wp:featuredmedia":[{"embeddable":true,"href":"https:\/\/neurovirtual.com\/latam\/wp-json\/wp\/v2\/media\/773110"}],"wp:attachment":[{"href":"https:\/\/neurovirtual.com\/latam\/wp-json\/wp\/v2\/media?parent=773108"}],"wp:term":[{"taxonomy":"category","embeddable":true,"href":"https:\/\/neurovirtual.com\/latam\/wp-json\/wp\/v2\/categories?post=773108"},{"taxonomy":"post_tag","embeddable":true,"href":"https:\/\/neurovirtual.com\/latam\/wp-json\/wp\/v2\/tags?post=773108"}],"curies":[{"name":"wp","href":"https:\/\/api.w.org\/{rel}","templated":true}]}}