{"id":772657,"date":"2016-06-22T15:27:51","date_gmt":"2016-06-22T18:27:51","guid":{"rendered":"https:\/\/neurovirtual.com\/latam\/?p=772657"},"modified":"2016-07-21T17:43:04","modified_gmt":"2016-07-21T20:43:04","slug":"1er-curso-taller-en-polisomnografia-para-tecnicos-y-especialistas-de-medicina-del-sueno","status":"publish","type":"post","link":"https:\/\/neurovirtual.com\/latam\/1er-curso-taller-en-polisomnografia-para-tecnicos-y-especialistas-de-medicina-del-sueno\/","title":{"rendered":"1er Curso taller en Polisomnograf\u00eda para t\u00e9cnicos y especialistas de Medicina del Sue\u00f1o"},"content":{"rendered":"<p><a href=\"https:\/\/neurovirtual.com\/latam\/wp-content\/uploads\/2016\/06\/11.jpg\"><img decoding=\"async\" class=\"aligncenter wp-image-772664 size-full\" src=\"https:\/\/neurovirtual.com\/latam\/wp-content\/uploads\/2016\/06\/11.jpg\" alt=\"1\" width=\"1000\" height=\"261\" srcset=\"https:\/\/neurovirtual.com\/latam\/wp-content\/uploads\/2016\/06\/11.jpg 1000w, https:\/\/neurovirtual.com\/latam\/wp-content\/uploads\/2016\/06\/11-300x78.jpg 300w, https:\/\/neurovirtual.com\/latam\/wp-content\/uploads\/2016\/06\/11-958x250.jpg 958w, https:\/\/neurovirtual.com\/latam\/wp-content\/uploads\/2016\/06\/11-460x120.jpg 460w\" sizes=\"(max-width: 1000px) 100vw, 1000px\" \/><\/a><\/p>\n<p style=\"text-align: center;\"><strong>1er Curso taller en Polisomnograf\u00eda para t\u00e9cnicos y especialistas de Medicina del Sue\u00f1o<\/strong><\/p>\n<p style=\"text-align: center;\"><strong>10 y 11 de Junio 2016 Ciudad de M\u00e9xico <\/strong><\/p>\n<p>Neurovirtual este a\u00f1o nuevamente organizo el entrenamiento en Polisomnografia en la Ciudad de M\u00e9xico, con nuestros Colegas del Pais y el Director del Instituto Mexicano de Medicina del Sue\u00f1o el Dr. Reyes Haro Valencia dio la bienvenida a los participantes especialistas y t\u00e9cnicos provenientes de la Ciudad de M\u00e9xico e interior de la Rep\u00fablica Mexicana, c\u00f3mo a especialistas provenientes de Colombia y Estados Unidos que vinieron a capacitarse al 1er Curso en Polisomnograf\u00eda para t\u00e9cnicos de Medicina del Sue\u00f1o realizado en el Hotel Z\u00f3calo Central de la Ciudad de M\u00e9xico.<\/p>\n<p>Los especialistas invitados explicaron en atractivas ponencias a los asistentes los temas seleccionados; los participantes aprendieron y reafirmaron sus conocimientos t\u00e9cnicos del uso del polisomnografo y estudiaron los nuevos estudios especializados en Medicina del sue\u00f1o, asi tambi\u00e9n los trastornos que afectan la calidad de sue\u00f1o de los pacientes.<\/p>\n<p>El objetivo del curso era brindar el m\u00e1s actual conocimiento a t\u00e9cnicos y medicos especialistas y que estos en su \u00e1rea de estudio y trabajo, puedan ejercer una excelente practica gracias a la mejor capacitaci\u00f3n recibida.<\/p>\n<p>Agradecemos a los profesores y especialistas t\u00e9cnicos en Medicina del Sue\u00f1o que fueron nuestros invitados nacionales e internacionales y expusieron con profesionalismo:<\/p>\n<p>&#8211; <strong>Dr. Reyes Haro Valencia<\/strong>, Fundador y Director del IMMIS \u2013 Instituto Mexicano de Medicina Integral de Sue\u00f1o, <strong>M\u00e9xico<\/strong><\/p>\n<p>&#8211; <strong>Dr. Ulises Jim\u00e9nez Correa<\/strong>, Responsable de la Cl\u00ednica de Trastornos del Sue\u00f1o, Facultad de Medicina, Universidad Nacional Aut\u00f3noma de <strong>M\u00e9xico<\/strong><\/p>\n<p>&#8211; <strong>Romel Guti\u00e9rrez<\/strong> RPSGT, Especialista Cl\u00ednico, <strong>M\u00e9xico<\/strong><\/p>\n<p>&#8211; <strong>Lourdes Galicia<\/strong> RPSGT\u00a0 Especialista T\u00e9cnico, <strong>M\u00e9xico<\/strong><\/p>\n<p>&#8211; <strong>Alicia Castillo<\/strong> RPSGT Especialista T\u00e9cnico, <strong>M\u00e9xico<\/strong><\/p>\n<p>&#8211; <strong>Dra. Liliana Estrada<\/strong>, Fundadora y Directora de la Cl\u00ednica del Sue\u00f1o SleepMed de <strong>Costa Rica.<\/strong><\/p>\n<p>&#8211; <strong>Dra. Carmen Madrid<\/strong>, Fundadora y Directora de Cl\u00ednica \u201cMedicina de Sue\u00f1o\u201d\u00a0 de <strong>Panam\u00e1<\/strong>.<\/p>\n<p>&#8211; RPSGT <strong>Felipe Lerida<\/strong> Especialista Cl\u00ednico de <strong>EUA<\/strong>.<\/p>\n<p>&#8211; <strong>Dra. Lina Marcela Tavera Salda\u00f1a<\/strong> Neuropediatra, Fundaci\u00f3n Conexi\u00f3n Neurol\u00f3gica de <strong>Colombia<\/strong>.<\/p>\n<p>&#8211; <strong>Dra. Karem Parejo <\/strong>Neur\u00f3loga, Coordinadora del Laboratorio del Sue\u00f1o, Fundaci\u00f3n Cl\u00ednica Shaio, de <strong>Colombia<\/strong>.<\/p>\n<p>As\u00ed tambi\u00e9n agradecemos a nuestros patrocinadores <strong>Resmed<\/strong> y <strong>Weinmann<\/strong>.<\/p>\n<p>\u00a1Los esperamos el siguiente a\u00f1o!<\/p>\n<p><a href=\"https:\/\/neurovirtual.com\/latam\/wp-content\/uploads\/2016\/06\/21.jpg\"><img decoding=\"async\" class=\"aligncenter size-medium wp-image-772658\" src=\"https:\/\/neurovirtual.com\/latam\/wp-content\/uploads\/2016\/06\/21-300x225.jpg\" alt=\"2\" width=\"300\" height=\"225\" srcset=\"https:\/\/neurovirtual.com\/latam\/wp-content\/uploads\/2016\/06\/21-300x225.jpg 300w, https:\/\/neurovirtual.com\/latam\/wp-content\/uploads\/2016\/06\/21-333x250.jpg 333w, https:\/\/neurovirtual.com\/latam\/wp-content\/uploads\/2016\/06\/21-453x340.jpg 453w, https:\/\/neurovirtual.com\/latam\/wp-content\/uploads\/2016\/06\/21.jpg 640w\" sizes=\"(max-width: 300px) 100vw, 300px\" \/><\/a><\/p>\n<p><a href=\"https:\/\/neurovirtual.com\/latam\/wp-content\/uploads\/2016\/06\/WhatsApp-Image-20160610.jpg\"><img decoding=\"async\" class=\"aligncenter size-medium wp-image-772659\" src=\"https:\/\/neurovirtual.com\/latam\/wp-content\/uploads\/2016\/06\/WhatsApp-Image-20160610-300x225.jpg\" alt=\"WhatsApp-Image-20160610\" width=\"300\" height=\"225\" srcset=\"https:\/\/neurovirtual.com\/latam\/wp-content\/uploads\/2016\/06\/WhatsApp-Image-20160610-300x225.jpg 300w, https:\/\/neurovirtual.com\/latam\/wp-content\/uploads\/2016\/06\/WhatsApp-Image-20160610-1024x768.jpg 1024w, https:\/\/neurovirtual.com\/latam\/wp-content\/uploads\/2016\/06\/WhatsApp-Image-20160610-333x250.jpg 333w, https:\/\/neurovirtual.com\/latam\/wp-content\/uploads\/2016\/06\/WhatsApp-Image-20160610-453x340.jpg 453w, https:\/\/neurovirtual.com\/latam\/wp-content\/uploads\/2016\/06\/WhatsApp-Image-20160610.jpg 1280w\" sizes=\"(max-width: 300px) 100vw, 300px\" \/><\/a><\/p>\n<p><a href=\"https:\/\/neurovirtual.com\/latam\/wp-content\/uploads\/2016\/06\/WhatsApp-Image-201606102.jpg\"><img decoding=\"async\" class=\"aligncenter size-medium wp-image-772660\" src=\"https:\/\/neurovirtual.com\/latam\/wp-content\/uploads\/2016\/06\/WhatsApp-Image-201606102-300x225.jpg\" alt=\"WhatsApp-Image-201606102\" width=\"300\" height=\"225\" srcset=\"https:\/\/neurovirtual.com\/latam\/wp-content\/uploads\/2016\/06\/WhatsApp-Image-201606102-300x225.jpg 300w, https:\/\/neurovirtual.com\/latam\/wp-content\/uploads\/2016\/06\/WhatsApp-Image-201606102-1024x768.jpg 1024w, https:\/\/neurovirtual.com\/latam\/wp-content\/uploads\/2016\/06\/WhatsApp-Image-201606102-333x250.jpg 333w, https:\/\/neurovirtual.com\/latam\/wp-content\/uploads\/2016\/06\/WhatsApp-Image-201606102-453x340.jpg 453w, https:\/\/neurovirtual.com\/latam\/wp-content\/uploads\/2016\/06\/WhatsApp-Image-201606102.jpg 1280w\" sizes=\"(max-width: 300px) 100vw, 300px\" \/><\/a><\/p>\n<p><a href=\"https:\/\/neurovirtual.com\/latam\/wp-content\/uploads\/2016\/06\/WhatsApp-Image-201606103.jpg\"><img decoding=\"async\" class=\"aligncenter size-medium wp-image-772661\" src=\"https:\/\/neurovirtual.com\/latam\/wp-content\/uploads\/2016\/06\/WhatsApp-Image-201606103-300x225.jpg\" alt=\"WhatsApp-Image-201606103\" width=\"300\" height=\"225\" srcset=\"https:\/\/neurovirtual.com\/latam\/wp-content\/uploads\/2016\/06\/WhatsApp-Image-201606103-300x225.jpg 300w, https:\/\/neurovirtual.com\/latam\/wp-content\/uploads\/2016\/06\/WhatsApp-Image-201606103-1024x768.jpg 1024w, https:\/\/neurovirtual.com\/latam\/wp-content\/uploads\/2016\/06\/WhatsApp-Image-201606103-333x250.jpg 333w, https:\/\/neurovirtual.com\/latam\/wp-content\/uploads\/2016\/06\/WhatsApp-Image-201606103-453x340.jpg 453w, https:\/\/neurovirtual.com\/latam\/wp-content\/uploads\/2016\/06\/WhatsApp-Image-201606103.jpg 1280w\" sizes=\"(max-width: 300px) 100vw, 300px\" \/><\/a><\/p>\n<p><a href=\"https:\/\/neurovirtual.com\/latam\/wp-content\/uploads\/2016\/06\/WhatsApp-Image-201606104.jpg\"><img decoding=\"async\" class=\"aligncenter size-medium wp-image-772662\" src=\"https:\/\/neurovirtual.com\/latam\/wp-content\/uploads\/2016\/06\/WhatsApp-Image-201606104-300x225.jpg\" alt=\"WhatsApp-Image-201606104\" width=\"300\" height=\"225\" srcset=\"https:\/\/neurovirtual.com\/latam\/wp-content\/uploads\/2016\/06\/WhatsApp-Image-201606104-300x225.jpg 300w, https:\/\/neurovirtual.com\/latam\/wp-content\/uploads\/2016\/06\/WhatsApp-Image-201606104-1024x768.jpg 1024w, https:\/\/neurovirtual.com\/latam\/wp-content\/uploads\/2016\/06\/WhatsApp-Image-201606104-333x250.jpg 333w, https:\/\/neurovirtual.com\/latam\/wp-content\/uploads\/2016\/06\/WhatsApp-Image-201606104-453x340.jpg 453w, https:\/\/neurovirtual.com\/latam\/wp-content\/uploads\/2016\/06\/WhatsApp-Image-201606104.jpg 1280w\" sizes=\"(max-width: 300px) 100vw, 300px\" \/><\/a><\/p>\n","protected":false},"excerpt":{"rendered":"<p>1er Curso taller en Polisomnograf\u00eda para t\u00e9cnicos y especialistas de Medicina del Sue\u00f1o 10 y 11 de Junio 2016 Ciudad de M\u00e9xico Neurovirtual este a\u00f1o nuevamente organizo el entrenamiento en Polisomnografia en la Ciudad de M\u00e9xico, con nuestros Colegas del Pais y el Director del Instituto Mexicano de Medicina del Sue\u00f1o el Dr. Reyes Haro&#8230;<\/p>\n","protected":false},"author":7,"featured_media":772663,"comment_status":"open","ping_status":"open","sticky":false,"template":"","format":"standard","meta":{"footnotes":"","_joinchat":[]},"categories":[7,9],"tags":[],"acf":[],"yoast_head":"<!-- This site is optimized with the Yoast SEO plugin v21.7 - https:\/\/yoast.com\/wordpress\/plugins\/seo\/ -->\n<title>1er Curso taller en Polisomnograf\u00eda para t\u00e9cnicos y especialistas de Medicina del Sue\u00f1o - Neurovirtual \/ Humanizing diagnostics<\/title>\n<meta name=\"description\" content=\"%seo_description%\" \/>\n<meta name=\"robots\" content=\"index, follow, max-snippet:-1, max-image-preview:large, max-video-preview:-1\" \/>\n<link rel=\"canonical\" href=\"https:\/\/neurovirtual.com\/latam\/1er-curso-taller-en-polisomnografia-para-tecnicos-y-especialistas-de-medicina-del-sueno\/\" \/>\n<meta property=\"og:locale\" content=\"es_ES\" \/>\n<meta property=\"og:type\" content=\"article\" \/>\n<meta property=\"og:title\" content=\"1er Curso taller en Polisomnograf\u00eda para t\u00e9cnicos y especialistas de Medicina del Sue\u00f1o - Neurovirtual \/ Humanizing diagnostics\" \/>\n<meta property=\"og:description\" content=\"%seo_description%\" \/>\n<meta property=\"og:url\" content=\"https:\/\/neurovirtual.com\/latam\/1er-curso-taller-en-polisomnografia-para-tecnicos-y-especialistas-de-medicina-del-sueno\/\" \/>\n<meta property=\"og:site_name\" content=\"Neurovirtual \/ Humanizing diagnostics\" \/>\n<meta property=\"article:published_time\" content=\"2016-06-22T18:27:51+00:00\" \/>\n<meta property=\"article:modified_time\" content=\"2016-07-21T20:43:04+00:00\" \/>\n<meta property=\"og:image\" content=\"https:\/\/neurovirtual.com\/latam\/wp-content\/uploads\/2016\/06\/capa-curso-meximo.jpg\" \/>\n\t<meta property=\"og:image:width\" content=\"300\" \/>\n\t<meta property=\"og:image:height\" content=\"168\" \/>\n\t<meta property=\"og:image:type\" content=\"image\/jpeg\" \/>\n<meta name=\"author\" content=\"Jessika Brito\" \/>\n<meta name=\"twitter:card\" content=\"summary_large_image\" \/>\n<meta name=\"twitter:label1\" content=\"Escrito por\" \/>\n\t<meta name=\"twitter:data1\" content=\"Jessika Brito\" \/>\n\t<meta name=\"twitter:label2\" content=\"Tiempo estimado de lectura\" \/>\n\t<meta name=\"twitter:data2\" content=\"2 minutos\" \/>\n<script type=\"application\/ld+json\" class=\"yoast-schema-graph\">{\"@context\":\"https:\/\/schema.org\",\"@graph\":[{\"@type\":\"Article\",\"@id\":\"https:\/\/neurovirtual.com\/latam\/1er-curso-taller-en-polisomnografia-para-tecnicos-y-especialistas-de-medicina-del-sueno\/#article\",\"isPartOf\":{\"@id\":\"https:\/\/neurovirtual.com\/latam\/1er-curso-taller-en-polisomnografia-para-tecnicos-y-especialistas-de-medicina-del-sueno\/\"},\"author\":{\"name\":\"Jessika Brito\",\"@id\":\"https:\/\/neurovirtual.com\/latam\/#\/schema\/person\/61c27629d3d16b3e601ef7db30001d49\"},\"headline\":\"1er Curso taller en Polisomnograf\u00eda para t\u00e9cnicos y especialistas de Medicina del Sue\u00f1o\",\"datePublished\":\"2016-06-22T18:27:51+00:00\",\"dateModified\":\"2016-07-21T20:43:04+00:00\",\"mainEntityOfPage\":{\"@id\":\"https:\/\/neurovirtual.com\/latam\/1er-curso-taller-en-polisomnografia-para-tecnicos-y-especialistas-de-medicina-del-sueno\/\"},\"wordCount\":424,\"commentCount\":4,\"publisher\":{\"@id\":\"https:\/\/neurovirtual.com\/latam\/#organization\"},\"articleSection\":[\"Conferencias\",\"Curso\"],\"inLanguage\":\"es-CO\",\"potentialAction\":[{\"@type\":\"CommentAction\",\"name\":\"Comment\",\"target\":[\"https:\/\/neurovirtual.com\/latam\/1er-curso-taller-en-polisomnografia-para-tecnicos-y-especialistas-de-medicina-del-sueno\/#respond\"]}]},{\"@type\":\"WebPage\",\"@id\":\"https:\/\/neurovirtual.com\/latam\/1er-curso-taller-en-polisomnografia-para-tecnicos-y-especialistas-de-medicina-del-sueno\/\",\"url\":\"https:\/\/neurovirtual.com\/latam\/1er-curso-taller-en-polisomnografia-para-tecnicos-y-especialistas-de-medicina-del-sueno\/\",\"name\":\"1er Curso taller en Polisomnograf\u00eda para t\u00e9cnicos y especialistas de Medicina del Sue\u00f1o - Neurovirtual \/ Humanizing diagnostics\",\"isPartOf\":{\"@id\":\"https:\/\/neurovirtual.com\/latam\/#website\"},\"datePublished\":\"2016-06-22T18:27:51+00:00\",\"dateModified\":\"2016-07-21T20:43:04+00:00\",\"description\":\"%seo_description%\",\"breadcrumb\":{\"@id\":\"https:\/\/neurovirtual.com\/latam\/1er-curso-taller-en-polisomnografia-para-tecnicos-y-especialistas-de-medicina-del-sueno\/#breadcrumb\"},\"inLanguage\":\"es-CO\",\"potentialAction\":[{\"@type\":\"ReadAction\",\"target\":[\"https:\/\/neurovirtual.com\/latam\/1er-curso-taller-en-polisomnografia-para-tecnicos-y-especialistas-de-medicina-del-sueno\/\"]}]},{\"@type\":\"BreadcrumbList\",\"@id\":\"https:\/\/neurovirtual.com\/latam\/1er-curso-taller-en-polisomnografia-para-tecnicos-y-especialistas-de-medicina-del-sueno\/#breadcrumb\",\"itemListElement\":[{\"@type\":\"ListItem\",\"position\":1,\"name\":\"Portada\",\"item\":\"https:\/\/neurovirtual.com\/latam\/\"},{\"@type\":\"ListItem\",\"position\":2,\"name\":\"1er Curso taller en Polisomnograf\u00eda para t\u00e9cnicos y especialistas de Medicina del Sue\u00f1o\"}]},{\"@type\":\"WebSite\",\"@id\":\"https:\/\/neurovirtual.com\/latam\/#website\",\"url\":\"https:\/\/neurovirtual.com\/latam\/\",\"name\":\"Neurovirtual \/ Humanizing diagnostics\",\"description\":\"\",\"publisher\":{\"@id\":\"https:\/\/neurovirtual.com\/latam\/#organization\"},\"potentialAction\":[{\"@type\":\"SearchAction\",\"target\":{\"@type\":\"EntryPoint\",\"urlTemplate\":\"https:\/\/neurovirtual.com\/latam\/?s={search_term_string}\"},\"query-input\":\"required name=search_term_string\"}],\"inLanguage\":\"es-CO\"},{\"@type\":\"Organization\",\"@id\":\"https:\/\/neurovirtual.com\/latam\/#organization\",\"name\":\"Neurovirtual\",\"url\":\"https:\/\/neurovirtual.com\/latam\/\",\"logo\":{\"@type\":\"ImageObject\",\"inLanguage\":\"es-CO\",\"@id\":\"https:\/\/neurovirtual.com\/latam\/#\/schema\/logo\/image\/\",\"url\":\"https:\/\/neurovirtual.com\/latam\/wp-content\/uploads\/2023\/08\/1.-Logo-Neurovirtual-2022.png\",\"contentUrl\":\"https:\/\/neurovirtual.com\/latam\/wp-content\/uploads\/2023\/08\/1.-Logo-Neurovirtual-2022.png\",\"width\":1964,\"height\":668,\"caption\":\"Neurovirtual\"},\"image\":{\"@id\":\"https:\/\/neurovirtual.com\/latam\/#\/schema\/logo\/image\/\"}},{\"@type\":\"Person\",\"@id\":\"https:\/\/neurovirtual.com\/latam\/#\/schema\/person\/61c27629d3d16b3e601ef7db30001d49\",\"name\":\"Jessika Brito\",\"image\":{\"@type\":\"ImageObject\",\"inLanguage\":\"es-CO\",\"@id\":\"https:\/\/neurovirtual.com\/latam\/#\/schema\/person\/image\/\",\"url\":\"https:\/\/secure.gravatar.com\/avatar\/08d2f62bc8a1f215fdfebe63356acc30?s=96&d=mm&r=g\",\"contentUrl\":\"https:\/\/secure.gravatar.com\/avatar\/08d2f62bc8a1f215fdfebe63356acc30?s=96&d=mm&r=g\",\"caption\":\"Jessika Brito\"},\"url\":\"https:\/\/neurovirtual.com\/latam\/author\/brito\/\"}]}<\/script>\n<!-- \/ Yoast SEO plugin. -->","yoast_head_json":{"title":"1er Curso taller en Polisomnograf\u00eda para t\u00e9cnicos y especialistas de Medicina del Sue\u00f1o - Neurovirtual \/ Humanizing diagnostics","description":"%seo_description%","robots":{"index":"index","follow":"follow","max-snippet":"max-snippet:-1","max-image-preview":"max-image-preview:large","max-video-preview":"max-video-preview:-1"},"canonical":"https:\/\/neurovirtual.com\/latam\/1er-curso-taller-en-polisomnografia-para-tecnicos-y-especialistas-de-medicina-del-sueno\/","og_locale":"es_ES","og_type":"article","og_title":"1er Curso taller en Polisomnograf\u00eda para t\u00e9cnicos y especialistas de Medicina del Sue\u00f1o - Neurovirtual \/ Humanizing diagnostics","og_description":"%seo_description%","og_url":"https:\/\/neurovirtual.com\/latam\/1er-curso-taller-en-polisomnografia-para-tecnicos-y-especialistas-de-medicina-del-sueno\/","og_site_name":"Neurovirtual \/ Humanizing diagnostics","article_published_time":"2016-06-22T18:27:51+00:00","article_modified_time":"2016-07-21T20:43:04+00:00","og_image":[{"width":300,"height":168,"url":"https:\/\/neurovirtual.com\/latam\/wp-content\/uploads\/2016\/06\/capa-curso-meximo.jpg","type":"image\/jpeg"}],"author":"Jessika Brito","twitter_card":"summary_large_image","twitter_misc":{"Escrito por":"Jessika Brito","Tiempo estimado de lectura":"2 minutos"},"schema":{"@context":"https:\/\/schema.org","@graph":[{"@type":"Article","@id":"https:\/\/neurovirtual.com\/latam\/1er-curso-taller-en-polisomnografia-para-tecnicos-y-especialistas-de-medicina-del-sueno\/#article","isPartOf":{"@id":"https:\/\/neurovirtual.com\/latam\/1er-curso-taller-en-polisomnografia-para-tecnicos-y-especialistas-de-medicina-del-sueno\/"},"author":{"name":"Jessika Brito","@id":"https:\/\/neurovirtual.com\/latam\/#\/schema\/person\/61c27629d3d16b3e601ef7db30001d49"},"headline":"1er Curso taller en Polisomnograf\u00eda para t\u00e9cnicos y especialistas de Medicina del Sue\u00f1o","datePublished":"2016-06-22T18:27:51+00:00","dateModified":"2016-07-21T20:43:04+00:00","mainEntityOfPage":{"@id":"https:\/\/neurovirtual.com\/latam\/1er-curso-taller-en-polisomnografia-para-tecnicos-y-especialistas-de-medicina-del-sueno\/"},"wordCount":424,"commentCount":4,"publisher":{"@id":"https:\/\/neurovirtual.com\/latam\/#organization"},"articleSection":["Conferencias","Curso"],"inLanguage":"es-CO","potentialAction":[{"@type":"CommentAction","name":"Comment","target":["https:\/\/neurovirtual.com\/latam\/1er-curso-taller-en-polisomnografia-para-tecnicos-y-especialistas-de-medicina-del-sueno\/#respond"]}]},{"@type":"WebPage","@id":"https:\/\/neurovirtual.com\/latam\/1er-curso-taller-en-polisomnografia-para-tecnicos-y-especialistas-de-medicina-del-sueno\/","url":"https:\/\/neurovirtual.com\/latam\/1er-curso-taller-en-polisomnografia-para-tecnicos-y-especialistas-de-medicina-del-sueno\/","name":"1er Curso taller en Polisomnograf\u00eda para t\u00e9cnicos y especialistas de Medicina del Sue\u00f1o - Neurovirtual \/ Humanizing diagnostics","isPartOf":{"@id":"https:\/\/neurovirtual.com\/latam\/#website"},"datePublished":"2016-06-22T18:27:51+00:00","dateModified":"2016-07-21T20:43:04+00:00","description":"%seo_description%","breadcrumb":{"@id":"https:\/\/neurovirtual.com\/latam\/1er-curso-taller-en-polisomnografia-para-tecnicos-y-especialistas-de-medicina-del-sueno\/#breadcrumb"},"inLanguage":"es-CO","potentialAction":[{"@type":"ReadAction","target":["https:\/\/neurovirtual.com\/latam\/1er-curso-taller-en-polisomnografia-para-tecnicos-y-especialistas-de-medicina-del-sueno\/"]}]},{"@type":"BreadcrumbList","@id":"https:\/\/neurovirtual.com\/latam\/1er-curso-taller-en-polisomnografia-para-tecnicos-y-especialistas-de-medicina-del-sueno\/#breadcrumb","itemListElement":[{"@type":"ListItem","position":1,"name":"Portada","item":"https:\/\/neurovirtual.com\/latam\/"},{"@type":"ListItem","position":2,"name":"1er Curso taller en Polisomnograf\u00eda para t\u00e9cnicos y especialistas de Medicina del Sue\u00f1o"}]},{"@type":"WebSite","@id":"https:\/\/neurovirtual.com\/latam\/#website","url":"https:\/\/neurovirtual.com\/latam\/","name":"Neurovirtual \/ Humanizing diagnostics","description":"","publisher":{"@id":"https:\/\/neurovirtual.com\/latam\/#organization"},"potentialAction":[{"@type":"SearchAction","target":{"@type":"EntryPoint","urlTemplate":"https:\/\/neurovirtual.com\/latam\/?s={search_term_string}"},"query-input":"required name=search_term_string"}],"inLanguage":"es-CO"},{"@type":"Organization","@id":"https:\/\/neurovirtual.com\/latam\/#organization","name":"Neurovirtual","url":"https:\/\/neurovirtual.com\/latam\/","logo":{"@type":"ImageObject","inLanguage":"es-CO","@id":"https:\/\/neurovirtual.com\/latam\/#\/schema\/logo\/image\/","url":"https:\/\/neurovirtual.com\/latam\/wp-content\/uploads\/2023\/08\/1.-Logo-Neurovirtual-2022.png","contentUrl":"https:\/\/neurovirtual.com\/latam\/wp-content\/uploads\/2023\/08\/1.-Logo-Neurovirtual-2022.png","width":1964,"height":668,"caption":"Neurovirtual"},"image":{"@id":"https:\/\/neurovirtual.com\/latam\/#\/schema\/logo\/image\/"}},{"@type":"Person","@id":"https:\/\/neurovirtual.com\/latam\/#\/schema\/person\/61c27629d3d16b3e601ef7db30001d49","name":"Jessika Brito","image":{"@type":"ImageObject","inLanguage":"es-CO","@id":"https:\/\/neurovirtual.com\/latam\/#\/schema\/person\/image\/","url":"https:\/\/secure.gravatar.com\/avatar\/08d2f62bc8a1f215fdfebe63356acc30?s=96&d=mm&r=g","contentUrl":"https:\/\/secure.gravatar.com\/avatar\/08d2f62bc8a1f215fdfebe63356acc30?s=96&d=mm&r=g","caption":"Jessika Brito"},"url":"https:\/\/neurovirtual.com\/latam\/author\/brito\/"}]}},"_links":{"self":[{"href":"https:\/\/neurovirtual.com\/latam\/wp-json\/wp\/v2\/posts\/772657"}],"collection":[{"href":"https:\/\/neurovirtual.com\/latam\/wp-json\/wp\/v2\/posts"}],"about":[{"href":"https:\/\/neurovirtual.com\/latam\/wp-json\/wp\/v2\/types\/post"}],"author":[{"embeddable":true,"href":"https:\/\/neurovirtual.com\/latam\/wp-json\/wp\/v2\/users\/7"}],"replies":[{"embeddable":true,"href":"https:\/\/neurovirtual.com\/latam\/wp-json\/wp\/v2\/comments?post=772657"}],"version-history":[{"count":4,"href":"https:\/\/neurovirtual.com\/latam\/wp-json\/wp\/v2\/posts\/772657\/revisions"}],"predecessor-version":[{"id":773068,"href":"https:\/\/neurovirtual.com\/latam\/wp-json\/wp\/v2\/posts\/772657\/revisions\/773068"}],"wp:featuredmedia":[{"embeddable":true,"href":"https:\/\/neurovirtual.com\/latam\/wp-json\/wp\/v2\/media\/772663"}],"wp:attachment":[{"href":"https:\/\/neurovirtual.com\/latam\/wp-json\/wp\/v2\/media?parent=772657"}],"wp:term":[{"taxonomy":"category","embeddable":true,"href":"https:\/\/neurovirtual.com\/latam\/wp-json\/wp\/v2\/categories?post=772657"},{"taxonomy":"post_tag","embeddable":true,"href":"https:\/\/neurovirtual.com\/latam\/wp-json\/wp\/v2\/tags?post=772657"}],"curies":[{"name":"wp","href":"https:\/\/api.w.org\/{rel}","templated":true}]}}