{"id":772058,"date":"2016-04-10T12:50:42","date_gmt":"2016-04-10T15:50:42","guid":{"rendered":"https:\/\/neurovirtual.com\/latam\/?p=772058"},"modified":"2016-07-06T14:07:42","modified_gmt":"2016-07-06T17:07:42","slug":"neurovirtual-participo-en-la-38a-reunion-anual-de-la-sociedad-del-sueno-del-sur","status":"publish","type":"post","link":"https:\/\/neurovirtual.com\/latam\/neurovirtual-participo-en-la-38a-reunion-anual-de-la-sociedad-del-sueno-del-sur\/","title":{"rendered":"Neurovirtual particip\u00f3 en la 38\u00aa Reuni\u00f3n Anual de la Sociedad del Sue\u00f1o del Sur"},"content":{"rendered":"<p><a href=\"https:\/\/neurovirtual.com\/latam\/wp-content\/uploads\/2016\/06\/banner-11.jpg\"><img decoding=\"async\" class=\"size-full wp-image-772059 aligncenter\" src=\"https:\/\/neurovirtual.com\/latam\/wp-content\/uploads\/2016\/06\/banner-11.jpg\" alt=\"banner 11\" width=\"805\" height=\"219\" \/><\/a><\/p>\n<p>la 38\u00aa Reuni\u00f3n Anual de la Sociedad del Sue\u00f1o del Sur se llev\u00f3 a cabo desde el 7 hasta el d\u00eda 10 Abril en Bella Asheville, Carolina del Norte, en las monta\u00f1as de Carolina. El evento cont\u00f3 con la participaci\u00f3n de cientos de profesionales del sue\u00f1o y con muchos oradores conocidos, tales como el Dr. Carlos Schenck, el Dr. Carol Rosen, y el Dr. Nancy Collop, entre otros excelentes oradores durante la reuni\u00f3n. Dr. Max Hirshkowitz, Presidente de la Fundaci\u00f3n Nacional del Sue\u00f1o tambi\u00e9n llev\u00f3 a cabo una conferencia sobre salud del sue\u00f1o. La reuni\u00f3n tambi\u00e9n cont\u00f3 con tecn\u00f3logos y ofreci\u00f3 cursos de horas de cr\u00e9dito de CE a los asistentes.<\/p>\n<p>La reuni\u00f3n tuvo una gran asistencia, en cuanto a la comida y el ofrecimiento de bebidas en el hotel fueron excelentes.<\/p>\n<p>Neurovirtual present\u00f3 nuestra l\u00ednea completa de tipo 1, 2 y 3 dispositivos PSG, con demostraciones en vivo durante las horas de exposici\u00f3n. Hemos presentado nuestra plataforma de software y opciones de hardware para muchos que a\u00fan no ten\u00edan conocimiento de nuestros dispositivos de PSG y el enfoque personal de nuestra interfaz y nuestros productos con todo incluido.<\/p>\n<p><a href=\"https:\/\/neurovirtual.com\/latam\/wp-content\/uploads\/2016\/06\/foto-1.jpg\"><img decoding=\"async\" class=\"alignnone wp-image-772061 size-medium aligncenter\" src=\"https:\/\/neurovirtual.com\/latam\/wp-content\/uploads\/2016\/06\/foto-1-300x196.jpg\" alt=\"foto 1\" width=\"300\" height=\"196\" srcset=\"https:\/\/neurovirtual.com\/latam\/wp-content\/uploads\/2016\/06\/foto-1-300x196.jpg 300w, https:\/\/neurovirtual.com\/latam\/wp-content\/uploads\/2016\/06\/foto-1-1024x669.jpg 1024w, https:\/\/neurovirtual.com\/latam\/wp-content\/uploads\/2016\/06\/foto-1-382x250.jpg 382w, https:\/\/neurovirtual.com\/latam\/wp-content\/uploads\/2016\/06\/foto-1-460x301.jpg 460w, https:\/\/neurovirtual.com\/latam\/wp-content\/uploads\/2016\/06\/foto-1.jpg 1920w\" sizes=\"(max-width: 300px) 100vw, 300px\" \/><\/a>\u00a0 \u00a0 \u00a0<a href=\"https:\/\/neurovirtual.com\/latam\/wp-content\/uploads\/2016\/06\/foto-2.jpg\"><img decoding=\"async\" class=\"alignnone wp-image-772062 size-medium aligncenter\" src=\"https:\/\/neurovirtual.com\/latam\/wp-content\/uploads\/2016\/06\/foto-2-207x300.jpg\" alt=\"foto 2\" width=\"207\" height=\"300\" srcset=\"https:\/\/neurovirtual.com\/latam\/wp-content\/uploads\/2016\/06\/foto-2-207x300.jpg 207w, https:\/\/neurovirtual.com\/latam\/wp-content\/uploads\/2016\/06\/foto-2-707x1024.jpg 707w, https:\/\/neurovirtual.com\/latam\/wp-content\/uploads\/2016\/06\/foto-2-173x250.jpg 173w, https:\/\/neurovirtual.com\/latam\/wp-content\/uploads\/2016\/06\/foto-2-235x340.jpg 235w, https:\/\/neurovirtual.com\/latam\/wp-content\/uploads\/2016\/06\/foto-2.jpg 1325w\" sizes=\"(max-width: 207px) 100vw, 207px\" \/><\/a><\/p>\n<p>&nbsp;<\/p>\n","protected":false},"excerpt":{"rendered":"<p>la 38\u00aa Reuni\u00f3n Anual de la Sociedad del Sue\u00f1o del Sur se llev\u00f3 a cabo desde el 7 hasta el d\u00eda 10 Abril en Bella Asheville, Carolina del Norte, en las monta\u00f1as de Carolina. El evento cont\u00f3 con la participaci\u00f3n de cientos de profesionales del sue\u00f1o y con muchos oradores conocidos, tales como el Dr&#8230;.<\/p>\n","protected":false},"author":7,"featured_media":772060,"comment_status":"open","ping_status":"open","sticky":false,"template":"","format":"standard","meta":{"footnotes":"","_joinchat":[]},"categories":[7,8],"tags":[],"acf":[],"yoast_head":"<!-- This site is optimized with the Yoast SEO plugin v21.7 - https:\/\/yoast.com\/wordpress\/plugins\/seo\/ -->\n<title>Neurovirtual particip\u00f3 en la 38\u00aa Reuni\u00f3n Anual de la Sociedad del Sue\u00f1o del Sur - Neurovirtual \/ Humanizing diagnostics<\/title>\n<meta name=\"description\" content=\"%seo_description%\" \/>\n<meta name=\"robots\" content=\"index, follow, max-snippet:-1, max-image-preview:large, max-video-preview:-1\" \/>\n<link rel=\"canonical\" href=\"https:\/\/neurovirtual.com\/latam\/neurovirtual-participo-en-la-38a-reunion-anual-de-la-sociedad-del-sueno-del-sur\/\" \/>\n<meta property=\"og:locale\" content=\"es_ES\" \/>\n<meta property=\"og:type\" content=\"article\" \/>\n<meta property=\"og:title\" content=\"Neurovirtual particip\u00f3 en la 38\u00aa Reuni\u00f3n Anual de la Sociedad del Sue\u00f1o del Sur - Neurovirtual \/ Humanizing diagnostics\" \/>\n<meta property=\"og:description\" content=\"%seo_description%\" \/>\n<meta property=\"og:url\" content=\"https:\/\/neurovirtual.com\/latam\/neurovirtual-participo-en-la-38a-reunion-anual-de-la-sociedad-del-sueno-del-sur\/\" \/>\n<meta property=\"og:site_name\" content=\"Neurovirtual \/ Humanizing diagnostics\" \/>\n<meta property=\"article:published_time\" content=\"2016-04-10T15:50:42+00:00\" \/>\n<meta property=\"article:modified_time\" content=\"2016-07-06T17:07:42+00:00\" \/>\n<meta property=\"og:image\" content=\"https:\/\/neurovirtual.com\/latam\/wp-content\/uploads\/2016\/06\/capa-11.jpg\" \/>\n\t<meta property=\"og:image:width\" content=\"300\" \/>\n\t<meta property=\"og:image:height\" content=\"168\" \/>\n\t<meta property=\"og:image:type\" content=\"image\/jpeg\" \/>\n<meta name=\"author\" content=\"Jessika Brito\" \/>\n<meta name=\"twitter:card\" content=\"summary_large_image\" \/>\n<meta name=\"twitter:label1\" content=\"Escrito por\" \/>\n\t<meta name=\"twitter:data1\" content=\"Jessika Brito\" \/>\n\t<meta name=\"twitter:label2\" content=\"Tiempo estimado de lectura\" \/>\n\t<meta name=\"twitter:data2\" content=\"1 minuto\" \/>\n<script type=\"application\/ld+json\" class=\"yoast-schema-graph\">{\"@context\":\"https:\/\/schema.org\",\"@graph\":[{\"@type\":\"Article\",\"@id\":\"https:\/\/neurovirtual.com\/latam\/neurovirtual-participo-en-la-38a-reunion-anual-de-la-sociedad-del-sueno-del-sur\/#article\",\"isPartOf\":{\"@id\":\"https:\/\/neurovirtual.com\/latam\/neurovirtual-participo-en-la-38a-reunion-anual-de-la-sociedad-del-sueno-del-sur\/\"},\"author\":{\"name\":\"Jessika Brito\",\"@id\":\"https:\/\/neurovirtual.com\/latam\/#\/schema\/person\/61c27629d3d16b3e601ef7db30001d49\"},\"headline\":\"Neurovirtual particip\u00f3 en la 38\u00aa Reuni\u00f3n Anual de la Sociedad del Sue\u00f1o del Sur\",\"datePublished\":\"2016-04-10T15:50:42+00:00\",\"dateModified\":\"2016-07-06T17:07:42+00:00\",\"mainEntityOfPage\":{\"@id\":\"https:\/\/neurovirtual.com\/latam\/neurovirtual-participo-en-la-38a-reunion-anual-de-la-sociedad-del-sueno-del-sur\/\"},\"wordCount\":219,\"commentCount\":0,\"publisher\":{\"@id\":\"https:\/\/neurovirtual.com\/latam\/#organization\"},\"articleSection\":[\"Conferencias\",\"Internacional\"],\"inLanguage\":\"es-CO\",\"potentialAction\":[{\"@type\":\"CommentAction\",\"name\":\"Comment\",\"target\":[\"https:\/\/neurovirtual.com\/latam\/neurovirtual-participo-en-la-38a-reunion-anual-de-la-sociedad-del-sueno-del-sur\/#respond\"]}]},{\"@type\":\"WebPage\",\"@id\":\"https:\/\/neurovirtual.com\/latam\/neurovirtual-participo-en-la-38a-reunion-anual-de-la-sociedad-del-sueno-del-sur\/\",\"url\":\"https:\/\/neurovirtual.com\/latam\/neurovirtual-participo-en-la-38a-reunion-anual-de-la-sociedad-del-sueno-del-sur\/\",\"name\":\"Neurovirtual particip\u00f3 en la 38\u00aa Reuni\u00f3n Anual de la Sociedad del Sue\u00f1o del Sur - Neurovirtual \/ Humanizing diagnostics\",\"isPartOf\":{\"@id\":\"https:\/\/neurovirtual.com\/latam\/#website\"},\"datePublished\":\"2016-04-10T15:50:42+00:00\",\"dateModified\":\"2016-07-06T17:07:42+00:00\",\"description\":\"%seo_description%\",\"breadcrumb\":{\"@id\":\"https:\/\/neurovirtual.com\/latam\/neurovirtual-participo-en-la-38a-reunion-anual-de-la-sociedad-del-sueno-del-sur\/#breadcrumb\"},\"inLanguage\":\"es-CO\",\"potentialAction\":[{\"@type\":\"ReadAction\",\"target\":[\"https:\/\/neurovirtual.com\/latam\/neurovirtual-participo-en-la-38a-reunion-anual-de-la-sociedad-del-sueno-del-sur\/\"]}]},{\"@type\":\"BreadcrumbList\",\"@id\":\"https:\/\/neurovirtual.com\/latam\/neurovirtual-participo-en-la-38a-reunion-anual-de-la-sociedad-del-sueno-del-sur\/#breadcrumb\",\"itemListElement\":[{\"@type\":\"ListItem\",\"position\":1,\"name\":\"Portada\",\"item\":\"https:\/\/neurovirtual.com\/latam\/\"},{\"@type\":\"ListItem\",\"position\":2,\"name\":\"Neurovirtual particip\u00f3 en la 38\u00aa Reuni\u00f3n Anual de la Sociedad del Sue\u00f1o del Sur\"}]},{\"@type\":\"WebSite\",\"@id\":\"https:\/\/neurovirtual.com\/latam\/#website\",\"url\":\"https:\/\/neurovirtual.com\/latam\/\",\"name\":\"Neurovirtual \/ Humanizing diagnostics\",\"description\":\"\",\"publisher\":{\"@id\":\"https:\/\/neurovirtual.com\/latam\/#organization\"},\"potentialAction\":[{\"@type\":\"SearchAction\",\"target\":{\"@type\":\"EntryPoint\",\"urlTemplate\":\"https:\/\/neurovirtual.com\/latam\/?s={search_term_string}\"},\"query-input\":\"required name=search_term_string\"}],\"inLanguage\":\"es-CO\"},{\"@type\":\"Organization\",\"@id\":\"https:\/\/neurovirtual.com\/latam\/#organization\",\"name\":\"Neurovirtual\",\"url\":\"https:\/\/neurovirtual.com\/latam\/\",\"logo\":{\"@type\":\"ImageObject\",\"inLanguage\":\"es-CO\",\"@id\":\"https:\/\/neurovirtual.com\/latam\/#\/schema\/logo\/image\/\",\"url\":\"https:\/\/neurovirtual.com\/latam\/wp-content\/uploads\/2023\/08\/1.-Logo-Neurovirtual-2022.png\",\"contentUrl\":\"https:\/\/neurovirtual.com\/latam\/wp-content\/uploads\/2023\/08\/1.-Logo-Neurovirtual-2022.png\",\"width\":1964,\"height\":668,\"caption\":\"Neurovirtual\"},\"image\":{\"@id\":\"https:\/\/neurovirtual.com\/latam\/#\/schema\/logo\/image\/\"}},{\"@type\":\"Person\",\"@id\":\"https:\/\/neurovirtual.com\/latam\/#\/schema\/person\/61c27629d3d16b3e601ef7db30001d49\",\"name\":\"Jessika Brito\",\"image\":{\"@type\":\"ImageObject\",\"inLanguage\":\"es-CO\",\"@id\":\"https:\/\/neurovirtual.com\/latam\/#\/schema\/person\/image\/\",\"url\":\"https:\/\/secure.gravatar.com\/avatar\/08d2f62bc8a1f215fdfebe63356acc30?s=96&d=mm&r=g\",\"contentUrl\":\"https:\/\/secure.gravatar.com\/avatar\/08d2f62bc8a1f215fdfebe63356acc30?s=96&d=mm&r=g\",\"caption\":\"Jessika Brito\"},\"url\":\"https:\/\/neurovirtual.com\/latam\/author\/brito\/\"}]}<\/script>\n<!-- \/ Yoast SEO plugin. -->","yoast_head_json":{"title":"Neurovirtual particip\u00f3 en la 38\u00aa Reuni\u00f3n Anual de la Sociedad del Sue\u00f1o del Sur - Neurovirtual \/ Humanizing diagnostics","description":"%seo_description%","robots":{"index":"index","follow":"follow","max-snippet":"max-snippet:-1","max-image-preview":"max-image-preview:large","max-video-preview":"max-video-preview:-1"},"canonical":"https:\/\/neurovirtual.com\/latam\/neurovirtual-participo-en-la-38a-reunion-anual-de-la-sociedad-del-sueno-del-sur\/","og_locale":"es_ES","og_type":"article","og_title":"Neurovirtual particip\u00f3 en la 38\u00aa Reuni\u00f3n Anual de la Sociedad del Sue\u00f1o del Sur - Neurovirtual \/ Humanizing diagnostics","og_description":"%seo_description%","og_url":"https:\/\/neurovirtual.com\/latam\/neurovirtual-participo-en-la-38a-reunion-anual-de-la-sociedad-del-sueno-del-sur\/","og_site_name":"Neurovirtual \/ Humanizing diagnostics","article_published_time":"2016-04-10T15:50:42+00:00","article_modified_time":"2016-07-06T17:07:42+00:00","og_image":[{"width":300,"height":168,"url":"https:\/\/neurovirtual.com\/latam\/wp-content\/uploads\/2016\/06\/capa-11.jpg","type":"image\/jpeg"}],"author":"Jessika Brito","twitter_card":"summary_large_image","twitter_misc":{"Escrito por":"Jessika Brito","Tiempo estimado de lectura":"1 minuto"},"schema":{"@context":"https:\/\/schema.org","@graph":[{"@type":"Article","@id":"https:\/\/neurovirtual.com\/latam\/neurovirtual-participo-en-la-38a-reunion-anual-de-la-sociedad-del-sueno-del-sur\/#article","isPartOf":{"@id":"https:\/\/neurovirtual.com\/latam\/neurovirtual-participo-en-la-38a-reunion-anual-de-la-sociedad-del-sueno-del-sur\/"},"author":{"name":"Jessika Brito","@id":"https:\/\/neurovirtual.com\/latam\/#\/schema\/person\/61c27629d3d16b3e601ef7db30001d49"},"headline":"Neurovirtual particip\u00f3 en la 38\u00aa Reuni\u00f3n Anual de la Sociedad del Sue\u00f1o del Sur","datePublished":"2016-04-10T15:50:42+00:00","dateModified":"2016-07-06T17:07:42+00:00","mainEntityOfPage":{"@id":"https:\/\/neurovirtual.com\/latam\/neurovirtual-participo-en-la-38a-reunion-anual-de-la-sociedad-del-sueno-del-sur\/"},"wordCount":219,"commentCount":0,"publisher":{"@id":"https:\/\/neurovirtual.com\/latam\/#organization"},"articleSection":["Conferencias","Internacional"],"inLanguage":"es-CO","potentialAction":[{"@type":"CommentAction","name":"Comment","target":["https:\/\/neurovirtual.com\/latam\/neurovirtual-participo-en-la-38a-reunion-anual-de-la-sociedad-del-sueno-del-sur\/#respond"]}]},{"@type":"WebPage","@id":"https:\/\/neurovirtual.com\/latam\/neurovirtual-participo-en-la-38a-reunion-anual-de-la-sociedad-del-sueno-del-sur\/","url":"https:\/\/neurovirtual.com\/latam\/neurovirtual-participo-en-la-38a-reunion-anual-de-la-sociedad-del-sueno-del-sur\/","name":"Neurovirtual particip\u00f3 en la 38\u00aa Reuni\u00f3n Anual de la Sociedad del Sue\u00f1o del Sur - Neurovirtual \/ Humanizing diagnostics","isPartOf":{"@id":"https:\/\/neurovirtual.com\/latam\/#website"},"datePublished":"2016-04-10T15:50:42+00:00","dateModified":"2016-07-06T17:07:42+00:00","description":"%seo_description%","breadcrumb":{"@id":"https:\/\/neurovirtual.com\/latam\/neurovirtual-participo-en-la-38a-reunion-anual-de-la-sociedad-del-sueno-del-sur\/#breadcrumb"},"inLanguage":"es-CO","potentialAction":[{"@type":"ReadAction","target":["https:\/\/neurovirtual.com\/latam\/neurovirtual-participo-en-la-38a-reunion-anual-de-la-sociedad-del-sueno-del-sur\/"]}]},{"@type":"BreadcrumbList","@id":"https:\/\/neurovirtual.com\/latam\/neurovirtual-participo-en-la-38a-reunion-anual-de-la-sociedad-del-sueno-del-sur\/#breadcrumb","itemListElement":[{"@type":"ListItem","position":1,"name":"Portada","item":"https:\/\/neurovirtual.com\/latam\/"},{"@type":"ListItem","position":2,"name":"Neurovirtual particip\u00f3 en la 38\u00aa Reuni\u00f3n Anual de la Sociedad del Sue\u00f1o del Sur"}]},{"@type":"WebSite","@id":"https:\/\/neurovirtual.com\/latam\/#website","url":"https:\/\/neurovirtual.com\/latam\/","name":"Neurovirtual \/ Humanizing diagnostics","description":"","publisher":{"@id":"https:\/\/neurovirtual.com\/latam\/#organization"},"potentialAction":[{"@type":"SearchAction","target":{"@type":"EntryPoint","urlTemplate":"https:\/\/neurovirtual.com\/latam\/?s={search_term_string}"},"query-input":"required name=search_term_string"}],"inLanguage":"es-CO"},{"@type":"Organization","@id":"https:\/\/neurovirtual.com\/latam\/#organization","name":"Neurovirtual","url":"https:\/\/neurovirtual.com\/latam\/","logo":{"@type":"ImageObject","inLanguage":"es-CO","@id":"https:\/\/neurovirtual.com\/latam\/#\/schema\/logo\/image\/","url":"https:\/\/neurovirtual.com\/latam\/wp-content\/uploads\/2023\/08\/1.-Logo-Neurovirtual-2022.png","contentUrl":"https:\/\/neurovirtual.com\/latam\/wp-content\/uploads\/2023\/08\/1.-Logo-Neurovirtual-2022.png","width":1964,"height":668,"caption":"Neurovirtual"},"image":{"@id":"https:\/\/neurovirtual.com\/latam\/#\/schema\/logo\/image\/"}},{"@type":"Person","@id":"https:\/\/neurovirtual.com\/latam\/#\/schema\/person\/61c27629d3d16b3e601ef7db30001d49","name":"Jessika Brito","image":{"@type":"ImageObject","inLanguage":"es-CO","@id":"https:\/\/neurovirtual.com\/latam\/#\/schema\/person\/image\/","url":"https:\/\/secure.gravatar.com\/avatar\/08d2f62bc8a1f215fdfebe63356acc30?s=96&d=mm&r=g","contentUrl":"https:\/\/secure.gravatar.com\/avatar\/08d2f62bc8a1f215fdfebe63356acc30?s=96&d=mm&r=g","caption":"Jessika Brito"},"url":"https:\/\/neurovirtual.com\/latam\/author\/brito\/"}]}},"_links":{"self":[{"href":"https:\/\/neurovirtual.com\/latam\/wp-json\/wp\/v2\/posts\/772058"}],"collection":[{"href":"https:\/\/neurovirtual.com\/latam\/wp-json\/wp\/v2\/posts"}],"about":[{"href":"https:\/\/neurovirtual.com\/latam\/wp-json\/wp\/v2\/types\/post"}],"author":[{"embeddable":true,"href":"https:\/\/neurovirtual.com\/latam\/wp-json\/wp\/v2\/users\/7"}],"replies":[{"embeddable":true,"href":"https:\/\/neurovirtual.com\/latam\/wp-json\/wp\/v2\/comments?post=772058"}],"version-history":[{"count":2,"href":"https:\/\/neurovirtual.com\/latam\/wp-json\/wp\/v2\/posts\/772058\/revisions"}],"predecessor-version":[{"id":772689,"href":"https:\/\/neurovirtual.com\/latam\/wp-json\/wp\/v2\/posts\/772058\/revisions\/772689"}],"wp:featuredmedia":[{"embeddable":true,"href":"https:\/\/neurovirtual.com\/latam\/wp-json\/wp\/v2\/media\/772060"}],"wp:attachment":[{"href":"https:\/\/neurovirtual.com\/latam\/wp-json\/wp\/v2\/media?parent=772058"}],"wp:term":[{"taxonomy":"category","embeddable":true,"href":"https:\/\/neurovirtual.com\/latam\/wp-json\/wp\/v2\/categories?post=772058"},{"taxonomy":"post_tag","embeddable":true,"href":"https:\/\/neurovirtual.com\/latam\/wp-json\/wp\/v2\/tags?post=772058"}],"curies":[{"name":"wp","href":"https:\/\/api.w.org\/{rel}","templated":true}]}}