{"id":771818,"date":"2016-05-15T13:19:00","date_gmt":"2016-05-15T16:19:00","guid":{"rendered":"https:\/\/neurovirtual.com\/latam\/?p=771818"},"modified":"2016-07-06T14:06:46","modified_gmt":"2016-07-06T17:06:46","slug":"xvi-de-la-flass-federacion-latinoamericana-de-sociedades-de-sueno-y-xii-congreso-colombiano-de-medicina-del-sueno","status":"publish","type":"post","link":"https:\/\/neurovirtual.com\/latam\/xvi-de-la-flass-federacion-latinoamericana-de-sociedades-de-sueno-y-xii-congreso-colombiano-de-medicina-del-sueno\/","title":{"rendered":"XVI  de la FLASS  Federaci\u00f3n Latinoamericana de Sociedades de Sue\u00f1o y XII Congreso Colombiano de medicina del sue\u00f1o"},"content":{"rendered":"<p><a href=\"https:\/\/neurovirtual.com\/latam\/wp-content\/uploads\/2016\/05\/BANNER-SUENO.jpg\"><img decoding=\"async\" class=\"alignnone size-full wp-image-771823\" src=\"https:\/\/neurovirtual.com\/latam\/wp-content\/uploads\/2016\/05\/BANNER-SUENO.jpg\" alt=\"BANNER SUENO\" width=\"805\" height=\"219\" srcset=\"https:\/\/neurovirtual.com\/latam\/wp-content\/uploads\/2016\/05\/BANNER-SUENO.jpg 805w, https:\/\/neurovirtual.com\/latam\/wp-content\/uploads\/2016\/05\/BANNER-SUENO-300x82.jpg 300w, https:\/\/neurovirtual.com\/latam\/wp-content\/uploads\/2016\/05\/BANNER-SUENO-460x125.jpg 460w\" sizes=\"(max-width: 805px) 100vw, 805px\" \/><\/a><\/p>\n<p>En esta oportunidad el Congreso de la FLASS tendr\u00e1 lugar en Colombia en la ciudad de Medell\u00edn, y como siempre Neurovirtual estar\u00e1 apoyando este \u00a0gran evento cient\u00edfico y acad\u00e9mico, tan importante para el desarrollo de la Medicina de Sue\u00f1o en LATAM.<\/p>\n<p>Por ello los esperamos en nuestro Stand para darles informaci\u00f3n de nuestra tecnolog\u00eda y nuevos productos para Sue\u00f1o.<\/p>\n<p><a href=\"https:\/\/neurovirtual.com\/latam\/wp-content\/uploads\/2016\/05\/FOTO-HOTEL.jpg\"><img decoding=\"async\" class=\"wp-image-771819 size-medium aligncenter\" src=\"https:\/\/neurovirtual.com\/latam\/wp-content\/uploads\/2016\/05\/FOTO-HOTEL-300x224.jpg\" alt=\"FOTO HOTEL\" width=\"300\" height=\"224\" \/><\/a><\/p>\n<p><strong>Entre los conferencistas Internacionales estar\u00e1n:<\/strong><\/p>\n<p>Dr. Daniel Cardinali.<\/p>\n<p>Dr. Sergio Tufik<\/p>\n<p>Dr. Carlos Schenck<\/p>\n<p>Dr. Emmanuel Mignot<\/p>\n<p>Dr. Charles Morin<\/p>\n<p><strong>Conferencistas Nacional<\/strong><\/p>\n<p>Dr. Jorge Echeverri Chabur<\/p>\n<p>Dr. Rafael Lobelo.<\/p>\n<p>Dr. Franklin Escobar<\/p>\n<p><a href=\"https:\/\/neurovirtual.com\/latam\/wp-content\/uploads\/2016\/05\/FOTO-COLOMBIA.jpg\"><img decoding=\"async\" class=\"wp-image-771820 size-medium aligncenter\" src=\"https:\/\/neurovirtual.com\/latam\/wp-content\/uploads\/2016\/05\/FOTO-COLOMBIA-300x199.jpg\" alt=\"FOTO COLOMBIA\" width=\"300\" height=\"199\" \/><\/a><\/p>\n<p><strong>Tem\u00e1ticas de los Simposios<\/strong><\/p>\n<ul>\n<li>Pediatr\u00eda y sue\u00f1o<\/li>\n<li>Neumolog\u00eda y sue\u00f1o<\/li>\n<li>Psiquiatr\u00eda y sue\u00f1o<\/li>\n<li>Neurolog\u00eda y sue\u00f1o<\/li>\n<li>Odontolog\u00eda y sue\u00f1o<\/li>\n<li>Otorrinolaringolog\u00eda y sue\u00f1o<\/li>\n<li>Psicolog\u00eda y sue\u00f1o<\/li>\n<li>B\u00e1sicas y Sue\u00f1o<\/li>\n<li>Somnolencia excesiva diurna y Transporte en Latinoam\u00e9rica.<\/li>\n<li>Educaci\u00f3n y redes en Latinoam\u00e9rica, en Medicina del Sue\u00f1o.<\/li>\n<\/ul>\n<p>Nuestros Nuevos productos para Sue\u00f1o estar\u00e1n disponibles en la muestra comercial, ac\u00e9rquese y hacemos una Demostraci\u00f3n<\/p>\n<p><a href=\"https:\/\/neurovirtual.com\/latam\/equipamento\/bwmini-ambulatorio-psg-hst\/\"><img decoding=\"async\" class=\"size-full wp-image-771821 aligncenter\" src=\"https:\/\/neurovirtual.com\/latam\/wp-content\/uploads\/2016\/05\/MINI.jpg\" alt=\"MINI\" width=\"516\" height=\"302\" srcset=\"https:\/\/neurovirtual.com\/latam\/wp-content\/uploads\/2016\/05\/MINI.jpg 516w, https:\/\/neurovirtual.com\/latam\/wp-content\/uploads\/2016\/05\/MINI-300x176.jpg 300w, https:\/\/neurovirtual.com\/latam\/wp-content\/uploads\/2016\/05\/MINI-427x250.jpg 427w, https:\/\/neurovirtual.com\/latam\/wp-content\/uploads\/2016\/05\/MINI-460x269.jpg 460w\" sizes=\"(max-width: 516px) 100vw, 516px\" \/><\/a><\/p>\n","protected":false},"excerpt":{"rendered":"<p>En esta oportunidad el Congreso de la FLASS tendr\u00e1 lugar en Colombia en la ciudad de Medell\u00edn, y como siempre Neurovirtual estar\u00e1 apoyando este \u00a0gran evento cient\u00edfico y acad\u00e9mico, tan importante para el desarrollo de la Medicina de Sue\u00f1o en LATAM. Por ello los esperamos en nuestro Stand para darles informaci\u00f3n de nuestra tecnolog\u00eda y&#8230;<\/p>\n","protected":false},"author":7,"featured_media":771822,"comment_status":"open","ping_status":"open","sticky":false,"template":"","format":"standard","meta":{"footnotes":"","_joinchat":[]},"categories":[7],"tags":[],"acf":[],"yoast_head":"<!-- This site is optimized with the Yoast SEO plugin v21.7 - https:\/\/yoast.com\/wordpress\/plugins\/seo\/ -->\n<title>XVI de la FLASS Federaci\u00f3n Latinoamericana de Sociedades de Sue\u00f1o y XII Congreso Colombiano de medicina del sue\u00f1o - Neurovirtual \/ Humanizing diagnostics<\/title>\n<meta name=\"description\" content=\"%seo_description%\" \/>\n<meta name=\"robots\" content=\"index, follow, max-snippet:-1, max-image-preview:large, max-video-preview:-1\" \/>\n<link rel=\"canonical\" href=\"https:\/\/neurovirtual.com\/latam\/xvi-de-la-flass-federacion-latinoamericana-de-sociedades-de-sueno-y-xii-congreso-colombiano-de-medicina-del-sueno\/\" \/>\n<meta property=\"og:locale\" content=\"es_ES\" \/>\n<meta property=\"og:type\" content=\"article\" \/>\n<meta property=\"og:title\" content=\"XVI de la FLASS Federaci\u00f3n Latinoamericana de Sociedades de Sue\u00f1o y XII Congreso Colombiano de medicina del sue\u00f1o - Neurovirtual \/ Humanizing diagnostics\" \/>\n<meta property=\"og:description\" content=\"%seo_description%\" \/>\n<meta property=\"og:url\" content=\"https:\/\/neurovirtual.com\/latam\/xvi-de-la-flass-federacion-latinoamericana-de-sociedades-de-sueno-y-xii-congreso-colombiano-de-medicina-del-sueno\/\" \/>\n<meta property=\"og:site_name\" content=\"Neurovirtual \/ Humanizing diagnostics\" \/>\n<meta property=\"article:published_time\" content=\"2016-05-15T16:19:00+00:00\" \/>\n<meta property=\"article:modified_time\" content=\"2016-07-06T17:06:46+00:00\" \/>\n<meta property=\"og:image\" content=\"https:\/\/neurovirtual.com\/latam\/wp-content\/uploads\/2016\/05\/capa-28-CONGRESO-SUENO-2016.jpg\" \/>\n\t<meta property=\"og:image:width\" content=\"300\" \/>\n\t<meta property=\"og:image:height\" content=\"168\" \/>\n\t<meta property=\"og:image:type\" content=\"image\/jpeg\" \/>\n<meta name=\"author\" content=\"Jessika Brito\" \/>\n<meta name=\"twitter:card\" content=\"summary_large_image\" \/>\n<meta name=\"twitter:label1\" content=\"Escrito por\" \/>\n\t<meta name=\"twitter:data1\" content=\"Jessika Brito\" \/>\n\t<meta name=\"twitter:label2\" content=\"Tiempo estimado de lectura\" \/>\n\t<meta name=\"twitter:data2\" content=\"1 minuto\" \/>\n<script type=\"application\/ld+json\" class=\"yoast-schema-graph\">{\"@context\":\"https:\/\/schema.org\",\"@graph\":[{\"@type\":\"Article\",\"@id\":\"https:\/\/neurovirtual.com\/latam\/xvi-de-la-flass-federacion-latinoamericana-de-sociedades-de-sueno-y-xii-congreso-colombiano-de-medicina-del-sueno\/#article\",\"isPartOf\":{\"@id\":\"https:\/\/neurovirtual.com\/latam\/xvi-de-la-flass-federacion-latinoamericana-de-sociedades-de-sueno-y-xii-congreso-colombiano-de-medicina-del-sueno\/\"},\"author\":{\"name\":\"Jessika Brito\",\"@id\":\"https:\/\/neurovirtual.com\/latam\/#\/schema\/person\/61c27629d3d16b3e601ef7db30001d49\"},\"headline\":\"XVI de la FLASS Federaci\u00f3n Latinoamericana de Sociedades de Sue\u00f1o y XII Congreso Colombiano de medicina del sue\u00f1o\",\"datePublished\":\"2016-05-15T16:19:00+00:00\",\"dateModified\":\"2016-07-06T17:06:46+00:00\",\"mainEntityOfPage\":{\"@id\":\"https:\/\/neurovirtual.com\/latam\/xvi-de-la-flass-federacion-latinoamericana-de-sociedades-de-sueno-y-xii-congreso-colombiano-de-medicina-del-sueno\/\"},\"wordCount\":205,\"commentCount\":3,\"publisher\":{\"@id\":\"https:\/\/neurovirtual.com\/latam\/#organization\"},\"articleSection\":[\"Conferencias\"],\"inLanguage\":\"es-CO\",\"potentialAction\":[{\"@type\":\"CommentAction\",\"name\":\"Comment\",\"target\":[\"https:\/\/neurovirtual.com\/latam\/xvi-de-la-flass-federacion-latinoamericana-de-sociedades-de-sueno-y-xii-congreso-colombiano-de-medicina-del-sueno\/#respond\"]}]},{\"@type\":\"WebPage\",\"@id\":\"https:\/\/neurovirtual.com\/latam\/xvi-de-la-flass-federacion-latinoamericana-de-sociedades-de-sueno-y-xii-congreso-colombiano-de-medicina-del-sueno\/\",\"url\":\"https:\/\/neurovirtual.com\/latam\/xvi-de-la-flass-federacion-latinoamericana-de-sociedades-de-sueno-y-xii-congreso-colombiano-de-medicina-del-sueno\/\",\"name\":\"XVI de la FLASS Federaci\u00f3n Latinoamericana de Sociedades de Sue\u00f1o y XII Congreso Colombiano de medicina del sue\u00f1o - Neurovirtual \/ Humanizing diagnostics\",\"isPartOf\":{\"@id\":\"https:\/\/neurovirtual.com\/latam\/#website\"},\"datePublished\":\"2016-05-15T16:19:00+00:00\",\"dateModified\":\"2016-07-06T17:06:46+00:00\",\"description\":\"%seo_description%\",\"breadcrumb\":{\"@id\":\"https:\/\/neurovirtual.com\/latam\/xvi-de-la-flass-federacion-latinoamericana-de-sociedades-de-sueno-y-xii-congreso-colombiano-de-medicina-del-sueno\/#breadcrumb\"},\"inLanguage\":\"es-CO\",\"potentialAction\":[{\"@type\":\"ReadAction\",\"target\":[\"https:\/\/neurovirtual.com\/latam\/xvi-de-la-flass-federacion-latinoamericana-de-sociedades-de-sueno-y-xii-congreso-colombiano-de-medicina-del-sueno\/\"]}]},{\"@type\":\"BreadcrumbList\",\"@id\":\"https:\/\/neurovirtual.com\/latam\/xvi-de-la-flass-federacion-latinoamericana-de-sociedades-de-sueno-y-xii-congreso-colombiano-de-medicina-del-sueno\/#breadcrumb\",\"itemListElement\":[{\"@type\":\"ListItem\",\"position\":1,\"name\":\"Portada\",\"item\":\"https:\/\/neurovirtual.com\/latam\/\"},{\"@type\":\"ListItem\",\"position\":2,\"name\":\"XVI de la FLASS Federaci\u00f3n Latinoamericana de Sociedades de Sue\u00f1o y XII Congreso Colombiano de medicina del sue\u00f1o\"}]},{\"@type\":\"WebSite\",\"@id\":\"https:\/\/neurovirtual.com\/latam\/#website\",\"url\":\"https:\/\/neurovirtual.com\/latam\/\",\"name\":\"Neurovirtual \/ Humanizing diagnostics\",\"description\":\"\",\"publisher\":{\"@id\":\"https:\/\/neurovirtual.com\/latam\/#organization\"},\"potentialAction\":[{\"@type\":\"SearchAction\",\"target\":{\"@type\":\"EntryPoint\",\"urlTemplate\":\"https:\/\/neurovirtual.com\/latam\/?s={search_term_string}\"},\"query-input\":\"required name=search_term_string\"}],\"inLanguage\":\"es-CO\"},{\"@type\":\"Organization\",\"@id\":\"https:\/\/neurovirtual.com\/latam\/#organization\",\"name\":\"Neurovirtual\",\"url\":\"https:\/\/neurovirtual.com\/latam\/\",\"logo\":{\"@type\":\"ImageObject\",\"inLanguage\":\"es-CO\",\"@id\":\"https:\/\/neurovirtual.com\/latam\/#\/schema\/logo\/image\/\",\"url\":\"https:\/\/neurovirtual.com\/latam\/wp-content\/uploads\/2023\/08\/1.-Logo-Neurovirtual-2022.png\",\"contentUrl\":\"https:\/\/neurovirtual.com\/latam\/wp-content\/uploads\/2023\/08\/1.-Logo-Neurovirtual-2022.png\",\"width\":1964,\"height\":668,\"caption\":\"Neurovirtual\"},\"image\":{\"@id\":\"https:\/\/neurovirtual.com\/latam\/#\/schema\/logo\/image\/\"}},{\"@type\":\"Person\",\"@id\":\"https:\/\/neurovirtual.com\/latam\/#\/schema\/person\/61c27629d3d16b3e601ef7db30001d49\",\"name\":\"Jessika Brito\",\"image\":{\"@type\":\"ImageObject\",\"inLanguage\":\"es-CO\",\"@id\":\"https:\/\/neurovirtual.com\/latam\/#\/schema\/person\/image\/\",\"url\":\"https:\/\/secure.gravatar.com\/avatar\/08d2f62bc8a1f215fdfebe63356acc30?s=96&d=mm&r=g\",\"contentUrl\":\"https:\/\/secure.gravatar.com\/avatar\/08d2f62bc8a1f215fdfebe63356acc30?s=96&d=mm&r=g\",\"caption\":\"Jessika Brito\"},\"url\":\"https:\/\/neurovirtual.com\/latam\/author\/brito\/\"}]}<\/script>\n<!-- \/ Yoast SEO plugin. -->","yoast_head_json":{"title":"XVI de la FLASS Federaci\u00f3n Latinoamericana de Sociedades de Sue\u00f1o y XII Congreso Colombiano de medicina del sue\u00f1o - Neurovirtual \/ Humanizing diagnostics","description":"%seo_description%","robots":{"index":"index","follow":"follow","max-snippet":"max-snippet:-1","max-image-preview":"max-image-preview:large","max-video-preview":"max-video-preview:-1"},"canonical":"https:\/\/neurovirtual.com\/latam\/xvi-de-la-flass-federacion-latinoamericana-de-sociedades-de-sueno-y-xii-congreso-colombiano-de-medicina-del-sueno\/","og_locale":"es_ES","og_type":"article","og_title":"XVI de la FLASS Federaci\u00f3n Latinoamericana de Sociedades de Sue\u00f1o y XII Congreso Colombiano de medicina del sue\u00f1o - Neurovirtual \/ Humanizing diagnostics","og_description":"%seo_description%","og_url":"https:\/\/neurovirtual.com\/latam\/xvi-de-la-flass-federacion-latinoamericana-de-sociedades-de-sueno-y-xii-congreso-colombiano-de-medicina-del-sueno\/","og_site_name":"Neurovirtual \/ Humanizing diagnostics","article_published_time":"2016-05-15T16:19:00+00:00","article_modified_time":"2016-07-06T17:06:46+00:00","og_image":[{"width":300,"height":168,"url":"https:\/\/neurovirtual.com\/latam\/wp-content\/uploads\/2016\/05\/capa-28-CONGRESO-SUENO-2016.jpg","type":"image\/jpeg"}],"author":"Jessika Brito","twitter_card":"summary_large_image","twitter_misc":{"Escrito por":"Jessika Brito","Tiempo estimado de lectura":"1 minuto"},"schema":{"@context":"https:\/\/schema.org","@graph":[{"@type":"Article","@id":"https:\/\/neurovirtual.com\/latam\/xvi-de-la-flass-federacion-latinoamericana-de-sociedades-de-sueno-y-xii-congreso-colombiano-de-medicina-del-sueno\/#article","isPartOf":{"@id":"https:\/\/neurovirtual.com\/latam\/xvi-de-la-flass-federacion-latinoamericana-de-sociedades-de-sueno-y-xii-congreso-colombiano-de-medicina-del-sueno\/"},"author":{"name":"Jessika Brito","@id":"https:\/\/neurovirtual.com\/latam\/#\/schema\/person\/61c27629d3d16b3e601ef7db30001d49"},"headline":"XVI de la FLASS Federaci\u00f3n Latinoamericana de Sociedades de Sue\u00f1o y XII Congreso Colombiano de medicina del sue\u00f1o","datePublished":"2016-05-15T16:19:00+00:00","dateModified":"2016-07-06T17:06:46+00:00","mainEntityOfPage":{"@id":"https:\/\/neurovirtual.com\/latam\/xvi-de-la-flass-federacion-latinoamericana-de-sociedades-de-sueno-y-xii-congreso-colombiano-de-medicina-del-sueno\/"},"wordCount":205,"commentCount":3,"publisher":{"@id":"https:\/\/neurovirtual.com\/latam\/#organization"},"articleSection":["Conferencias"],"inLanguage":"es-CO","potentialAction":[{"@type":"CommentAction","name":"Comment","target":["https:\/\/neurovirtual.com\/latam\/xvi-de-la-flass-federacion-latinoamericana-de-sociedades-de-sueno-y-xii-congreso-colombiano-de-medicina-del-sueno\/#respond"]}]},{"@type":"WebPage","@id":"https:\/\/neurovirtual.com\/latam\/xvi-de-la-flass-federacion-latinoamericana-de-sociedades-de-sueno-y-xii-congreso-colombiano-de-medicina-del-sueno\/","url":"https:\/\/neurovirtual.com\/latam\/xvi-de-la-flass-federacion-latinoamericana-de-sociedades-de-sueno-y-xii-congreso-colombiano-de-medicina-del-sueno\/","name":"XVI de la FLASS Federaci\u00f3n Latinoamericana de Sociedades de Sue\u00f1o y XII Congreso Colombiano de medicina del sue\u00f1o - Neurovirtual \/ Humanizing diagnostics","isPartOf":{"@id":"https:\/\/neurovirtual.com\/latam\/#website"},"datePublished":"2016-05-15T16:19:00+00:00","dateModified":"2016-07-06T17:06:46+00:00","description":"%seo_description%","breadcrumb":{"@id":"https:\/\/neurovirtual.com\/latam\/xvi-de-la-flass-federacion-latinoamericana-de-sociedades-de-sueno-y-xii-congreso-colombiano-de-medicina-del-sueno\/#breadcrumb"},"inLanguage":"es-CO","potentialAction":[{"@type":"ReadAction","target":["https:\/\/neurovirtual.com\/latam\/xvi-de-la-flass-federacion-latinoamericana-de-sociedades-de-sueno-y-xii-congreso-colombiano-de-medicina-del-sueno\/"]}]},{"@type":"BreadcrumbList","@id":"https:\/\/neurovirtual.com\/latam\/xvi-de-la-flass-federacion-latinoamericana-de-sociedades-de-sueno-y-xii-congreso-colombiano-de-medicina-del-sueno\/#breadcrumb","itemListElement":[{"@type":"ListItem","position":1,"name":"Portada","item":"https:\/\/neurovirtual.com\/latam\/"},{"@type":"ListItem","position":2,"name":"XVI de la FLASS Federaci\u00f3n Latinoamericana de Sociedades de Sue\u00f1o y XII Congreso Colombiano de medicina del sue\u00f1o"}]},{"@type":"WebSite","@id":"https:\/\/neurovirtual.com\/latam\/#website","url":"https:\/\/neurovirtual.com\/latam\/","name":"Neurovirtual \/ Humanizing diagnostics","description":"","publisher":{"@id":"https:\/\/neurovirtual.com\/latam\/#organization"},"potentialAction":[{"@type":"SearchAction","target":{"@type":"EntryPoint","urlTemplate":"https:\/\/neurovirtual.com\/latam\/?s={search_term_string}"},"query-input":"required name=search_term_string"}],"inLanguage":"es-CO"},{"@type":"Organization","@id":"https:\/\/neurovirtual.com\/latam\/#organization","name":"Neurovirtual","url":"https:\/\/neurovirtual.com\/latam\/","logo":{"@type":"ImageObject","inLanguage":"es-CO","@id":"https:\/\/neurovirtual.com\/latam\/#\/schema\/logo\/image\/","url":"https:\/\/neurovirtual.com\/latam\/wp-content\/uploads\/2023\/08\/1.-Logo-Neurovirtual-2022.png","contentUrl":"https:\/\/neurovirtual.com\/latam\/wp-content\/uploads\/2023\/08\/1.-Logo-Neurovirtual-2022.png","width":1964,"height":668,"caption":"Neurovirtual"},"image":{"@id":"https:\/\/neurovirtual.com\/latam\/#\/schema\/logo\/image\/"}},{"@type":"Person","@id":"https:\/\/neurovirtual.com\/latam\/#\/schema\/person\/61c27629d3d16b3e601ef7db30001d49","name":"Jessika Brito","image":{"@type":"ImageObject","inLanguage":"es-CO","@id":"https:\/\/neurovirtual.com\/latam\/#\/schema\/person\/image\/","url":"https:\/\/secure.gravatar.com\/avatar\/08d2f62bc8a1f215fdfebe63356acc30?s=96&d=mm&r=g","contentUrl":"https:\/\/secure.gravatar.com\/avatar\/08d2f62bc8a1f215fdfebe63356acc30?s=96&d=mm&r=g","caption":"Jessika Brito"},"url":"https:\/\/neurovirtual.com\/latam\/author\/brito\/"}]}},"_links":{"self":[{"href":"https:\/\/neurovirtual.com\/latam\/wp-json\/wp\/v2\/posts\/771818"}],"collection":[{"href":"https:\/\/neurovirtual.com\/latam\/wp-json\/wp\/v2\/posts"}],"about":[{"href":"https:\/\/neurovirtual.com\/latam\/wp-json\/wp\/v2\/types\/post"}],"author":[{"embeddable":true,"href":"https:\/\/neurovirtual.com\/latam\/wp-json\/wp\/v2\/users\/7"}],"replies":[{"embeddable":true,"href":"https:\/\/neurovirtual.com\/latam\/wp-json\/wp\/v2\/comments?post=771818"}],"version-history":[{"count":4,"href":"https:\/\/neurovirtual.com\/latam\/wp-json\/wp\/v2\/posts\/771818\/revisions"}],"predecessor-version":[{"id":772686,"href":"https:\/\/neurovirtual.com\/latam\/wp-json\/wp\/v2\/posts\/771818\/revisions\/772686"}],"wp:featuredmedia":[{"embeddable":true,"href":"https:\/\/neurovirtual.com\/latam\/wp-json\/wp\/v2\/media\/771822"}],"wp:attachment":[{"href":"https:\/\/neurovirtual.com\/latam\/wp-json\/wp\/v2\/media?parent=771818"}],"wp:term":[{"taxonomy":"category","embeddable":true,"href":"https:\/\/neurovirtual.com\/latam\/wp-json\/wp\/v2\/categories?post=771818"},{"taxonomy":"post_tag","embeddable":true,"href":"https:\/\/neurovirtual.com\/latam\/wp-json\/wp\/v2\/tags?post=771818"}],"curies":[{"name":"wp","href":"https:\/\/api.w.org\/{rel}","templated":true}]}}