{"id":771811,"date":"2016-05-18T12:47:35","date_gmt":"2016-05-18T15:47:35","guid":{"rendered":"https:\/\/neurovirtual.com\/latam\/?p=771811"},"modified":"2016-05-23T18:27:18","modified_gmt":"2016-05-23T21:27:18","slug":"28-congreso-nacional-de-medicina-fisica-y-rehabilitacion-y-3er-congreso-panamericano-de-neurorehabilitacion","status":"publish","type":"post","link":"https:\/\/neurovirtual.com\/latam\/28-congreso-nacional-de-medicina-fisica-y-rehabilitacion-y-3er-congreso-panamericano-de-neurorehabilitacion\/","title":{"rendered":"28\u00ba Congreso Nacional de Medicina F\u00edsica y Rehabilitaci\u00f3n y 3er Congreso Panamericano de Neurorehabilitaci\u00f3n"},"content":{"rendered":"<p><a href=\"https:\/\/neurovirtual.com\/latam\/wp-content\/uploads\/2016\/05\/BANNER-28-congreso.jpg\"><img decoding=\"async\" class=\"alignnone size-full wp-image-771814\" src=\"https:\/\/neurovirtual.com\/latam\/wp-content\/uploads\/2016\/05\/BANNER-28-congreso.jpg\" alt=\"BANNER 28 congreso\" width=\"805\" height=\"219\" srcset=\"https:\/\/neurovirtual.com\/latam\/wp-content\/uploads\/2016\/05\/BANNER-28-congreso.jpg 805w, https:\/\/neurovirtual.com\/latam\/wp-content\/uploads\/2016\/05\/BANNER-28-congreso-300x82.jpg 300w, https:\/\/neurovirtual.com\/latam\/wp-content\/uploads\/2016\/05\/BANNER-28-congreso-460x125.jpg 460w\" sizes=\"(max-width: 805px) 100vw, 805px\" \/><\/a>Del 12 al 15 de octubre de 2016, en la ciudad de Bucaramanga, Colombia se realizar\u00e1 el 28 Congreso Nacional de Medicina F\u00edsica y Rehabilitaci\u00f3n y el 3er Congreso Panamericano de Neurorehabilitaci\u00f3n, entre los conferencistas<\/p>\n<ul>\n<li>Stanley Thomas Carmichel &#8211; Estados Unidos<\/li>\n<li>Anthony Ward \u2013 Inglaterra<\/li>\n<li>M. Selzer &#8211; Estados Unidos<\/li>\n<li>Jorge Hern\u00e1ndez Franco- M\u00e9xico<\/li>\n<li>Javier Benavides &#8211; Colombia y muchos m\u00e1s ponentes con la m\u00e1s alta experiencia y conocimiento.<\/li>\n<\/ul>\n<p>Neurovirtual participara en el Congreso presentando nuestro equipo en Lanzamiento BWII EMG\/EP un equipo para realizaci\u00f3n de electromiograf\u00eda, Neuroconducci\u00f3n, Potenciales Somato sensoriales, auditivos y visuales, tambi\u00e9n\u00a0\u00a0 soluciones diagnosticas en Neurolog\u00eda y Medicina de Sue\u00f1o, ofreciendo los dispositivos de diagn\u00f3stico BWII EEG, PSG BWII, BWIII Plus y BWIII VEEG \/ Equipo de UCI, entregando el m\u00e1s alto est\u00e1ndar en calidad y tecnolog\u00eda en Neurofisiolog\u00eda.<\/p>\n<p><strong>Principales temas a tratar en la Conferencia: <\/strong><\/p>\n<ul>\n<li>Objetivos de la reparaci\u00f3n neural post ACV<\/li>\n<li>Rehabilitaci\u00f3n de TRM pedi\u00e1trico: Del cuidado agudo a la rehabilitaci\u00f3n<\/li>\n<li>Ensayos cl\u00ednicos de medicina regenerativa para la lesi\u00f3n medular<\/li>\n<li>Toxina botul\u00ednica para espasticidad<\/li>\n<li>Rehabilitaci\u00f3n del paciente esp\u00e1stico<\/li>\n<li>Nervios MS \u2013 MI<\/li>\n<li>Articulaciones MS \u2013 M<\/li>\n<\/ul>\n<p><a href=\"https:\/\/neurovirtual.com\/latam\/wp-content\/uploads\/2016\/05\/bwemg.jpg\"><img decoding=\"async\" class=\"alignnone size-full wp-image-771812\" src=\"https:\/\/neurovirtual.com\/latam\/wp-content\/uploads\/2016\/05\/bwemg.jpg\" alt=\"bwemg\" width=\"514\" height=\"298\" srcset=\"https:\/\/neurovirtual.com\/latam\/wp-content\/uploads\/2016\/05\/bwemg.jpg 514w, https:\/\/neurovirtual.com\/latam\/wp-content\/uploads\/2016\/05\/bwemg-300x174.jpg 300w, https:\/\/neurovirtual.com\/latam\/wp-content\/uploads\/2016\/05\/bwemg-431x250.jpg 431w, https:\/\/neurovirtual.com\/latam\/wp-content\/uploads\/2016\/05\/bwemg-460x267.jpg 460w\" sizes=\"(max-width: 514px) 100vw, 514px\" \/><\/a><\/p>\n<p><a href=\"https:\/\/neurovirtual.com\/latam\/wp-content\/uploads\/2016\/05\/bw-icu.jpg\"><img decoding=\"async\" class=\"alignnone size-full wp-image-771813\" src=\"https:\/\/neurovirtual.com\/latam\/wp-content\/uploads\/2016\/05\/bw-icu.jpg\" alt=\"bw icu\" width=\"514\" height=\"298\" srcset=\"https:\/\/neurovirtual.com\/latam\/wp-content\/uploads\/2016\/05\/bw-icu.jpg 514w, https:\/\/neurovirtual.com\/latam\/wp-content\/uploads\/2016\/05\/bw-icu-300x174.jpg 300w, https:\/\/neurovirtual.com\/latam\/wp-content\/uploads\/2016\/05\/bw-icu-431x250.jpg 431w, https:\/\/neurovirtual.com\/latam\/wp-content\/uploads\/2016\/05\/bw-icu-460x267.jpg 460w\" sizes=\"(max-width: 514px) 100vw, 514px\" \/><\/a><\/p>\n","protected":false},"excerpt":{"rendered":"<p>Del 12 al 15 de octubre de 2016, en la ciudad de Bucaramanga, Colombia se realizar\u00e1 el 28 Congreso Nacional de Medicina F\u00edsica y Rehabilitaci\u00f3n y el 3er Congreso Panamericano de Neurorehabilitaci\u00f3n, entre los conferencistas Stanley Thomas Carmichel &#8211; Estados Unidos Anthony Ward \u2013 Inglaterra M. Selzer &#8211; Estados Unidos Jorge Hern\u00e1ndez Franco- M\u00e9xico Javier&#8230;<\/p>\n","protected":false},"author":7,"featured_media":771815,"comment_status":"open","ping_status":"open","sticky":false,"template":"","format":"standard","meta":{"footnotes":"","_joinchat":[]},"categories":[7],"tags":[],"acf":[],"yoast_head":"<!-- This site is optimized with the Yoast SEO plugin v21.7 - https:\/\/yoast.com\/wordpress\/plugins\/seo\/ -->\n<title>28\u00ba Congreso Nacional de Medicina F\u00edsica y Rehabilitaci\u00f3n y 3er Congreso Panamericano de Neurorehabilitaci\u00f3n - Neurovirtual \/ Humanizing diagnostics<\/title>\n<meta name=\"description\" content=\"%seo_description%\" \/>\n<meta name=\"robots\" content=\"index, follow, max-snippet:-1, max-image-preview:large, max-video-preview:-1\" \/>\n<link rel=\"canonical\" href=\"https:\/\/neurovirtual.com\/latam\/28-congreso-nacional-de-medicina-fisica-y-rehabilitacion-y-3er-congreso-panamericano-de-neurorehabilitacion\/\" \/>\n<meta property=\"og:locale\" content=\"es_ES\" \/>\n<meta property=\"og:type\" content=\"article\" \/>\n<meta property=\"og:title\" content=\"28\u00ba Congreso Nacional de Medicina F\u00edsica y Rehabilitaci\u00f3n y 3er Congreso Panamericano de Neurorehabilitaci\u00f3n - Neurovirtual \/ Humanizing diagnostics\" \/>\n<meta property=\"og:description\" content=\"%seo_description%\" \/>\n<meta property=\"og:url\" content=\"https:\/\/neurovirtual.com\/latam\/28-congreso-nacional-de-medicina-fisica-y-rehabilitacion-y-3er-congreso-panamericano-de-neurorehabilitacion\/\" \/>\n<meta property=\"og:site_name\" content=\"Neurovirtual \/ Humanizing diagnostics\" \/>\n<meta property=\"article:published_time\" content=\"2016-05-18T15:47:35+00:00\" \/>\n<meta property=\"article:modified_time\" content=\"2016-05-23T21:27:18+00:00\" \/>\n<meta property=\"og:image\" content=\"https:\/\/neurovirtual.com\/latam\/wp-content\/uploads\/2016\/05\/capa-28-CONGRESO.jpg\" \/>\n\t<meta property=\"og:image:width\" content=\"300\" \/>\n\t<meta property=\"og:image:height\" content=\"168\" \/>\n\t<meta property=\"og:image:type\" content=\"image\/jpeg\" \/>\n<meta name=\"author\" content=\"Jessika Brito\" \/>\n<meta name=\"twitter:card\" content=\"summary_large_image\" \/>\n<meta name=\"twitter:label1\" content=\"Escrito por\" \/>\n\t<meta name=\"twitter:data1\" content=\"Jessika Brito\" \/>\n\t<meta name=\"twitter:label2\" content=\"Tiempo estimado de lectura\" \/>\n\t<meta name=\"twitter:data2\" content=\"1 minuto\" \/>\n<script type=\"application\/ld+json\" class=\"yoast-schema-graph\">{\"@context\":\"https:\/\/schema.org\",\"@graph\":[{\"@type\":\"Article\",\"@id\":\"https:\/\/neurovirtual.com\/latam\/28-congreso-nacional-de-medicina-fisica-y-rehabilitacion-y-3er-congreso-panamericano-de-neurorehabilitacion\/#article\",\"isPartOf\":{\"@id\":\"https:\/\/neurovirtual.com\/latam\/28-congreso-nacional-de-medicina-fisica-y-rehabilitacion-y-3er-congreso-panamericano-de-neurorehabilitacion\/\"},\"author\":{\"name\":\"Jessika Brito\",\"@id\":\"https:\/\/neurovirtual.com\/latam\/#\/schema\/person\/61c27629d3d16b3e601ef7db30001d49\"},\"headline\":\"28\u00ba Congreso Nacional de Medicina F\u00edsica y Rehabilitaci\u00f3n y 3er Congreso Panamericano de Neurorehabilitaci\u00f3n\",\"datePublished\":\"2016-05-18T15:47:35+00:00\",\"dateModified\":\"2016-05-23T21:27:18+00:00\",\"mainEntityOfPage\":{\"@id\":\"https:\/\/neurovirtual.com\/latam\/28-congreso-nacional-de-medicina-fisica-y-rehabilitacion-y-3er-congreso-panamericano-de-neurorehabilitacion\/\"},\"wordCount\":217,\"commentCount\":0,\"publisher\":{\"@id\":\"https:\/\/neurovirtual.com\/latam\/#organization\"},\"articleSection\":[\"Conferencias\"],\"inLanguage\":\"es-CO\",\"potentialAction\":[{\"@type\":\"CommentAction\",\"name\":\"Comment\",\"target\":[\"https:\/\/neurovirtual.com\/latam\/28-congreso-nacional-de-medicina-fisica-y-rehabilitacion-y-3er-congreso-panamericano-de-neurorehabilitacion\/#respond\"]}]},{\"@type\":\"WebPage\",\"@id\":\"https:\/\/neurovirtual.com\/latam\/28-congreso-nacional-de-medicina-fisica-y-rehabilitacion-y-3er-congreso-panamericano-de-neurorehabilitacion\/\",\"url\":\"https:\/\/neurovirtual.com\/latam\/28-congreso-nacional-de-medicina-fisica-y-rehabilitacion-y-3er-congreso-panamericano-de-neurorehabilitacion\/\",\"name\":\"28\u00ba Congreso Nacional de Medicina F\u00edsica y Rehabilitaci\u00f3n y 3er Congreso Panamericano de Neurorehabilitaci\u00f3n - Neurovirtual \/ Humanizing diagnostics\",\"isPartOf\":{\"@id\":\"https:\/\/neurovirtual.com\/latam\/#website\"},\"datePublished\":\"2016-05-18T15:47:35+00:00\",\"dateModified\":\"2016-05-23T21:27:18+00:00\",\"description\":\"%seo_description%\",\"breadcrumb\":{\"@id\":\"https:\/\/neurovirtual.com\/latam\/28-congreso-nacional-de-medicina-fisica-y-rehabilitacion-y-3er-congreso-panamericano-de-neurorehabilitacion\/#breadcrumb\"},\"inLanguage\":\"es-CO\",\"potentialAction\":[{\"@type\":\"ReadAction\",\"target\":[\"https:\/\/neurovirtual.com\/latam\/28-congreso-nacional-de-medicina-fisica-y-rehabilitacion-y-3er-congreso-panamericano-de-neurorehabilitacion\/\"]}]},{\"@type\":\"BreadcrumbList\",\"@id\":\"https:\/\/neurovirtual.com\/latam\/28-congreso-nacional-de-medicina-fisica-y-rehabilitacion-y-3er-congreso-panamericano-de-neurorehabilitacion\/#breadcrumb\",\"itemListElement\":[{\"@type\":\"ListItem\",\"position\":1,\"name\":\"Portada\",\"item\":\"https:\/\/neurovirtual.com\/latam\/\"},{\"@type\":\"ListItem\",\"position\":2,\"name\":\"28\u00ba Congreso Nacional de Medicina F\u00edsica y Rehabilitaci\u00f3n y 3er Congreso Panamericano de Neurorehabilitaci\u00f3n\"}]},{\"@type\":\"WebSite\",\"@id\":\"https:\/\/neurovirtual.com\/latam\/#website\",\"url\":\"https:\/\/neurovirtual.com\/latam\/\",\"name\":\"Neurovirtual \/ Humanizing diagnostics\",\"description\":\"\",\"publisher\":{\"@id\":\"https:\/\/neurovirtual.com\/latam\/#organization\"},\"potentialAction\":[{\"@type\":\"SearchAction\",\"target\":{\"@type\":\"EntryPoint\",\"urlTemplate\":\"https:\/\/neurovirtual.com\/latam\/?s={search_term_string}\"},\"query-input\":\"required name=search_term_string\"}],\"inLanguage\":\"es-CO\"},{\"@type\":\"Organization\",\"@id\":\"https:\/\/neurovirtual.com\/latam\/#organization\",\"name\":\"Neurovirtual\",\"url\":\"https:\/\/neurovirtual.com\/latam\/\",\"logo\":{\"@type\":\"ImageObject\",\"inLanguage\":\"es-CO\",\"@id\":\"https:\/\/neurovirtual.com\/latam\/#\/schema\/logo\/image\/\",\"url\":\"https:\/\/neurovirtual.com\/latam\/wp-content\/uploads\/2023\/08\/1.-Logo-Neurovirtual-2022.png\",\"contentUrl\":\"https:\/\/neurovirtual.com\/latam\/wp-content\/uploads\/2023\/08\/1.-Logo-Neurovirtual-2022.png\",\"width\":1964,\"height\":668,\"caption\":\"Neurovirtual\"},\"image\":{\"@id\":\"https:\/\/neurovirtual.com\/latam\/#\/schema\/logo\/image\/\"}},{\"@type\":\"Person\",\"@id\":\"https:\/\/neurovirtual.com\/latam\/#\/schema\/person\/61c27629d3d16b3e601ef7db30001d49\",\"name\":\"Jessika Brito\",\"image\":{\"@type\":\"ImageObject\",\"inLanguage\":\"es-CO\",\"@id\":\"https:\/\/neurovirtual.com\/latam\/#\/schema\/person\/image\/\",\"url\":\"https:\/\/secure.gravatar.com\/avatar\/08d2f62bc8a1f215fdfebe63356acc30?s=96&d=mm&r=g\",\"contentUrl\":\"https:\/\/secure.gravatar.com\/avatar\/08d2f62bc8a1f215fdfebe63356acc30?s=96&d=mm&r=g\",\"caption\":\"Jessika Brito\"},\"url\":\"https:\/\/neurovirtual.com\/latam\/author\/brito\/\"}]}<\/script>\n<!-- \/ Yoast SEO plugin. -->","yoast_head_json":{"title":"28\u00ba Congreso Nacional de Medicina F\u00edsica y Rehabilitaci\u00f3n y 3er Congreso Panamericano de Neurorehabilitaci\u00f3n - Neurovirtual \/ Humanizing diagnostics","description":"%seo_description%","robots":{"index":"index","follow":"follow","max-snippet":"max-snippet:-1","max-image-preview":"max-image-preview:large","max-video-preview":"max-video-preview:-1"},"canonical":"https:\/\/neurovirtual.com\/latam\/28-congreso-nacional-de-medicina-fisica-y-rehabilitacion-y-3er-congreso-panamericano-de-neurorehabilitacion\/","og_locale":"es_ES","og_type":"article","og_title":"28\u00ba Congreso Nacional de Medicina F\u00edsica y Rehabilitaci\u00f3n y 3er Congreso Panamericano de Neurorehabilitaci\u00f3n - Neurovirtual \/ Humanizing diagnostics","og_description":"%seo_description%","og_url":"https:\/\/neurovirtual.com\/latam\/28-congreso-nacional-de-medicina-fisica-y-rehabilitacion-y-3er-congreso-panamericano-de-neurorehabilitacion\/","og_site_name":"Neurovirtual \/ Humanizing diagnostics","article_published_time":"2016-05-18T15:47:35+00:00","article_modified_time":"2016-05-23T21:27:18+00:00","og_image":[{"width":300,"height":168,"url":"https:\/\/neurovirtual.com\/latam\/wp-content\/uploads\/2016\/05\/capa-28-CONGRESO.jpg","type":"image\/jpeg"}],"author":"Jessika Brito","twitter_card":"summary_large_image","twitter_misc":{"Escrito por":"Jessika Brito","Tiempo estimado de lectura":"1 minuto"},"schema":{"@context":"https:\/\/schema.org","@graph":[{"@type":"Article","@id":"https:\/\/neurovirtual.com\/latam\/28-congreso-nacional-de-medicina-fisica-y-rehabilitacion-y-3er-congreso-panamericano-de-neurorehabilitacion\/#article","isPartOf":{"@id":"https:\/\/neurovirtual.com\/latam\/28-congreso-nacional-de-medicina-fisica-y-rehabilitacion-y-3er-congreso-panamericano-de-neurorehabilitacion\/"},"author":{"name":"Jessika Brito","@id":"https:\/\/neurovirtual.com\/latam\/#\/schema\/person\/61c27629d3d16b3e601ef7db30001d49"},"headline":"28\u00ba Congreso Nacional de Medicina F\u00edsica y Rehabilitaci\u00f3n y 3er Congreso Panamericano de Neurorehabilitaci\u00f3n","datePublished":"2016-05-18T15:47:35+00:00","dateModified":"2016-05-23T21:27:18+00:00","mainEntityOfPage":{"@id":"https:\/\/neurovirtual.com\/latam\/28-congreso-nacional-de-medicina-fisica-y-rehabilitacion-y-3er-congreso-panamericano-de-neurorehabilitacion\/"},"wordCount":217,"commentCount":0,"publisher":{"@id":"https:\/\/neurovirtual.com\/latam\/#organization"},"articleSection":["Conferencias"],"inLanguage":"es-CO","potentialAction":[{"@type":"CommentAction","name":"Comment","target":["https:\/\/neurovirtual.com\/latam\/28-congreso-nacional-de-medicina-fisica-y-rehabilitacion-y-3er-congreso-panamericano-de-neurorehabilitacion\/#respond"]}]},{"@type":"WebPage","@id":"https:\/\/neurovirtual.com\/latam\/28-congreso-nacional-de-medicina-fisica-y-rehabilitacion-y-3er-congreso-panamericano-de-neurorehabilitacion\/","url":"https:\/\/neurovirtual.com\/latam\/28-congreso-nacional-de-medicina-fisica-y-rehabilitacion-y-3er-congreso-panamericano-de-neurorehabilitacion\/","name":"28\u00ba Congreso Nacional de Medicina F\u00edsica y Rehabilitaci\u00f3n y 3er Congreso Panamericano de Neurorehabilitaci\u00f3n - Neurovirtual \/ Humanizing diagnostics","isPartOf":{"@id":"https:\/\/neurovirtual.com\/latam\/#website"},"datePublished":"2016-05-18T15:47:35+00:00","dateModified":"2016-05-23T21:27:18+00:00","description":"%seo_description%","breadcrumb":{"@id":"https:\/\/neurovirtual.com\/latam\/28-congreso-nacional-de-medicina-fisica-y-rehabilitacion-y-3er-congreso-panamericano-de-neurorehabilitacion\/#breadcrumb"},"inLanguage":"es-CO","potentialAction":[{"@type":"ReadAction","target":["https:\/\/neurovirtual.com\/latam\/28-congreso-nacional-de-medicina-fisica-y-rehabilitacion-y-3er-congreso-panamericano-de-neurorehabilitacion\/"]}]},{"@type":"BreadcrumbList","@id":"https:\/\/neurovirtual.com\/latam\/28-congreso-nacional-de-medicina-fisica-y-rehabilitacion-y-3er-congreso-panamericano-de-neurorehabilitacion\/#breadcrumb","itemListElement":[{"@type":"ListItem","position":1,"name":"Portada","item":"https:\/\/neurovirtual.com\/latam\/"},{"@type":"ListItem","position":2,"name":"28\u00ba Congreso Nacional de Medicina F\u00edsica y Rehabilitaci\u00f3n y 3er Congreso Panamericano de Neurorehabilitaci\u00f3n"}]},{"@type":"WebSite","@id":"https:\/\/neurovirtual.com\/latam\/#website","url":"https:\/\/neurovirtual.com\/latam\/","name":"Neurovirtual \/ Humanizing diagnostics","description":"","publisher":{"@id":"https:\/\/neurovirtual.com\/latam\/#organization"},"potentialAction":[{"@type":"SearchAction","target":{"@type":"EntryPoint","urlTemplate":"https:\/\/neurovirtual.com\/latam\/?s={search_term_string}"},"query-input":"required name=search_term_string"}],"inLanguage":"es-CO"},{"@type":"Organization","@id":"https:\/\/neurovirtual.com\/latam\/#organization","name":"Neurovirtual","url":"https:\/\/neurovirtual.com\/latam\/","logo":{"@type":"ImageObject","inLanguage":"es-CO","@id":"https:\/\/neurovirtual.com\/latam\/#\/schema\/logo\/image\/","url":"https:\/\/neurovirtual.com\/latam\/wp-content\/uploads\/2023\/08\/1.-Logo-Neurovirtual-2022.png","contentUrl":"https:\/\/neurovirtual.com\/latam\/wp-content\/uploads\/2023\/08\/1.-Logo-Neurovirtual-2022.png","width":1964,"height":668,"caption":"Neurovirtual"},"image":{"@id":"https:\/\/neurovirtual.com\/latam\/#\/schema\/logo\/image\/"}},{"@type":"Person","@id":"https:\/\/neurovirtual.com\/latam\/#\/schema\/person\/61c27629d3d16b3e601ef7db30001d49","name":"Jessika Brito","image":{"@type":"ImageObject","inLanguage":"es-CO","@id":"https:\/\/neurovirtual.com\/latam\/#\/schema\/person\/image\/","url":"https:\/\/secure.gravatar.com\/avatar\/08d2f62bc8a1f215fdfebe63356acc30?s=96&d=mm&r=g","contentUrl":"https:\/\/secure.gravatar.com\/avatar\/08d2f62bc8a1f215fdfebe63356acc30?s=96&d=mm&r=g","caption":"Jessika Brito"},"url":"https:\/\/neurovirtual.com\/latam\/author\/brito\/"}]}},"_links":{"self":[{"href":"https:\/\/neurovirtual.com\/latam\/wp-json\/wp\/v2\/posts\/771811"}],"collection":[{"href":"https:\/\/neurovirtual.com\/latam\/wp-json\/wp\/v2\/posts"}],"about":[{"href":"https:\/\/neurovirtual.com\/latam\/wp-json\/wp\/v2\/types\/post"}],"author":[{"embeddable":true,"href":"https:\/\/neurovirtual.com\/latam\/wp-json\/wp\/v2\/users\/7"}],"replies":[{"embeddable":true,"href":"https:\/\/neurovirtual.com\/latam\/wp-json\/wp\/v2\/comments?post=771811"}],"version-history":[{"count":2,"href":"https:\/\/neurovirtual.com\/latam\/wp-json\/wp\/v2\/posts\/771811\/revisions"}],"predecessor-version":[{"id":771838,"href":"https:\/\/neurovirtual.com\/latam\/wp-json\/wp\/v2\/posts\/771811\/revisions\/771838"}],"wp:featuredmedia":[{"embeddable":true,"href":"https:\/\/neurovirtual.com\/latam\/wp-json\/wp\/v2\/media\/771815"}],"wp:attachment":[{"href":"https:\/\/neurovirtual.com\/latam\/wp-json\/wp\/v2\/media?parent=771811"}],"wp:term":[{"taxonomy":"category","embeddable":true,"href":"https:\/\/neurovirtual.com\/latam\/wp-json\/wp\/v2\/categories?post=771811"},{"taxonomy":"post_tag","embeddable":true,"href":"https:\/\/neurovirtual.com\/latam\/wp-json\/wp\/v2\/tags?post=771811"}],"curies":[{"name":"wp","href":"https:\/\/api.w.org\/{rel}","templated":true}]}}