{"id":41422,"date":"2015-02-18T13:46:20","date_gmt":"2015-02-18T15:46:20","guid":{"rendered":"https:\/\/neurovirtual.com\/latam\/?p=41422"},"modified":"2016-05-11T15:48:33","modified_gmt":"2016-05-11T18:48:33","slug":"v-congreso-nacional-de-medicina-del-sueno-sociedad-chilena-de-medicina-del-sueno","status":"publish","type":"post","link":"https:\/\/neurovirtual.com\/latam\/v-congreso-nacional-de-medicina-del-sueno-sociedad-chilena-de-medicina-del-sueno\/","title":{"rendered":"V Congreso Nacional de Medicina del Sue\u00f1o \u2013 Sociedad Chilena de Medicina del Sue\u00f1o"},"content":{"rendered":"<p><a href=\"https:\/\/neurovirtual.com\/latam\/wp-content\/uploads\/2015\/02\/coquimbo-banner.jpg\"><img decoding=\"async\" class=\"alignnone size-full wp-image-174141\" src=\"https:\/\/neurovirtual.com\/latam\/wp-content\/uploads\/2015\/02\/coquimbo-banner.jpg\" alt=\"coquimbo banner\" width=\"805\" height=\"219\" \/><\/a><\/p>\n<p>La Sociedad Chilena de Medicina\u00a0del Sue\u00f1o (SOCHIMES), en su permanente af\u00e1n por contribuir en la formaci\u00f3n y actualizaci\u00f3n de los<br \/>\nprofesionales de la salud de nuestro pa\u00eds, se encuentra organizando su V Congreso Bi-anual, el cual llevar\u00e1\u00a0por t\u00edtulo &#8220;Sue\u00f1o, Trabajo y Sociedad&#8221;. Dicho Congreso se realizar\u00e1 en la ciudad de Coquimbo los d\u00edas\u00a028, 29 y 30 de mayo de 2015 y contar\u00e1 con la participaci\u00f3n de destacados invitados nacionales e\u00a0internacionales en \u00e1reas como la neurolog\u00eda, psiquiatr\u00eda, otorrinolaringolog\u00eda, pediatr\u00eda, medicina\u00a0broncopulmonar, cardiolog\u00eda, cirug\u00eda m\u00e1xilofacial y neurofisiolog\u00eda, entre otras.<\/p>\n<p><strong>Invitados Extranjeros:<\/strong><br \/>\nDr. Sudhansu Chokroverty &#8211;\u00a0 EEUU*<br \/>\nDr. David Gozal &#8211;\u00a0 EEUU*<br \/>\nDr. Daniel Cardinali &#8211; Argentina<br \/>\nDr. Daniel P\u00e9rez Chada &#8211;\u00a0 Argentina<\/p>\n<p>&nbsp;<\/p>\n<p><a href=\"https:\/\/neurovirtual.com\/latam\/wp-content\/uploads\/2015\/02\/CHILE.jpg\"><img decoding=\"async\" class=\"aligncenter wp-image-41370 \" src=\"https:\/\/neurovirtual.com\/latam\/wp-content\/uploads\/2015\/02\/CHILE.jpg\" alt=\"CHILE\" width=\"777\" height=\"212\" srcset=\"https:\/\/neurovirtual.com\/latam\/wp-content\/uploads\/2015\/02\/CHILE.jpg 1175w, https:\/\/neurovirtual.com\/latam\/wp-content\/uploads\/2015\/02\/CHILE-300x81.jpg 300w, https:\/\/neurovirtual.com\/latam\/wp-content\/uploads\/2015\/02\/CHILE-1024x278.jpg 1024w, https:\/\/neurovirtual.com\/latam\/wp-content\/uploads\/2015\/02\/CHILE-917x250.jpg 917w, https:\/\/neurovirtual.com\/latam\/wp-content\/uploads\/2015\/02\/CHILE-460x125.jpg 460w\" sizes=\"(max-width: 777px) 100vw, 777px\" \/><\/a><\/p>\n","protected":false},"excerpt":{"rendered":"<p>La Sociedad Chilena de Medicina\u00a0del Sue\u00f1o (SOCHIMES), en su permanente af\u00e1n por contribuir en la formaci\u00f3n y actualizaci\u00f3n de los profesionales de la salud de nuestro pa\u00eds, se encuentra organizando su V Congreso Bi-anual, el cual llevar\u00e1\u00a0por t\u00edtulo &#8220;Sue\u00f1o, Trabajo y Sociedad&#8221;. Dicho Congreso se realizar\u00e1 en la ciudad de Coquimbo los d\u00edas\u00a028, 29 y&#8230;<\/p>\n","protected":false},"author":3,"featured_media":174182,"comment_status":"open","ping_status":"open","sticky":false,"template":"","format":"standard","meta":{"footnotes":"","_joinchat":[]},"categories":[7],"tags":[],"acf":[],"yoast_head":"<!-- This site is optimized with the Yoast SEO plugin v21.7 - https:\/\/yoast.com\/wordpress\/plugins\/seo\/ -->\n<title>V Congreso Nacional de Medicina del Sue\u00f1o \u2013 Sociedad Chilena de Medicina del Sue\u00f1o - Neurovirtual \/ Humanizing diagnostics<\/title>\n<meta name=\"description\" content=\"%seo_description%\" \/>\n<meta name=\"robots\" content=\"index, follow, max-snippet:-1, max-image-preview:large, max-video-preview:-1\" \/>\n<link rel=\"canonical\" href=\"https:\/\/neurovirtual.com\/latam\/v-congreso-nacional-de-medicina-del-sueno-sociedad-chilena-de-medicina-del-sueno\/\" \/>\n<meta property=\"og:locale\" content=\"es_ES\" \/>\n<meta property=\"og:type\" content=\"article\" \/>\n<meta property=\"og:title\" content=\"V Congreso Nacional de Medicina del Sue\u00f1o \u2013 Sociedad Chilena de Medicina del Sue\u00f1o - Neurovirtual \/ Humanizing diagnostics\" \/>\n<meta property=\"og:description\" content=\"%seo_description%\" \/>\n<meta property=\"og:url\" content=\"https:\/\/neurovirtual.com\/latam\/v-congreso-nacional-de-medicina-del-sueno-sociedad-chilena-de-medicina-del-sueno\/\" \/>\n<meta property=\"og:site_name\" content=\"Neurovirtual \/ Humanizing diagnostics\" \/>\n<meta property=\"article:published_time\" content=\"2015-02-18T15:46:20+00:00\" \/>\n<meta property=\"article:modified_time\" content=\"2016-05-11T18:48:33+00:00\" \/>\n<meta property=\"og:image\" content=\"https:\/\/neurovirtual.com\/latam\/wp-content\/uploads\/2015\/02\/Screen-Shot-2015-09-28-at-11.03.01-AM.png\" \/>\n\t<meta property=\"og:image:width\" content=\"300\" \/>\n\t<meta property=\"og:image:height\" content=\"168\" \/>\n\t<meta property=\"og:image:type\" content=\"image\/png\" \/>\n<meta name=\"author\" content=\"Neurovirtual\" \/>\n<meta name=\"twitter:card\" content=\"summary_large_image\" \/>\n<meta name=\"twitter:label1\" content=\"Escrito por\" \/>\n\t<meta name=\"twitter:data1\" content=\"Neurovirtual\" \/>\n\t<meta name=\"twitter:label2\" content=\"Tiempo estimado de lectura\" \/>\n\t<meta name=\"twitter:data2\" content=\"1 minuto\" \/>\n<script type=\"application\/ld+json\" class=\"yoast-schema-graph\">{\"@context\":\"https:\/\/schema.org\",\"@graph\":[{\"@type\":\"Article\",\"@id\":\"https:\/\/neurovirtual.com\/latam\/v-congreso-nacional-de-medicina-del-sueno-sociedad-chilena-de-medicina-del-sueno\/#article\",\"isPartOf\":{\"@id\":\"https:\/\/neurovirtual.com\/latam\/v-congreso-nacional-de-medicina-del-sueno-sociedad-chilena-de-medicina-del-sueno\/\"},\"author\":{\"name\":\"Neurovirtual\",\"@id\":\"https:\/\/neurovirtual.com\/latam\/#\/schema\/person\/cd8eab9ca7fa0ef8d4da231754ffa3b3\"},\"headline\":\"V Congreso Nacional de Medicina del Sue\u00f1o \u2013 Sociedad Chilena de Medicina del Sue\u00f1o\",\"datePublished\":\"2015-02-18T15:46:20+00:00\",\"dateModified\":\"2016-05-11T18:48:33+00:00\",\"mainEntityOfPage\":{\"@id\":\"https:\/\/neurovirtual.com\/latam\/v-congreso-nacional-de-medicina-del-sueno-sociedad-chilena-de-medicina-del-sueno\/\"},\"wordCount\":144,\"commentCount\":4,\"publisher\":{\"@id\":\"https:\/\/neurovirtual.com\/latam\/#organization\"},\"articleSection\":[\"Conferencias\"],\"inLanguage\":\"es-CO\",\"potentialAction\":[{\"@type\":\"CommentAction\",\"name\":\"Comment\",\"target\":[\"https:\/\/neurovirtual.com\/latam\/v-congreso-nacional-de-medicina-del-sueno-sociedad-chilena-de-medicina-del-sueno\/#respond\"]}]},{\"@type\":\"WebPage\",\"@id\":\"https:\/\/neurovirtual.com\/latam\/v-congreso-nacional-de-medicina-del-sueno-sociedad-chilena-de-medicina-del-sueno\/\",\"url\":\"https:\/\/neurovirtual.com\/latam\/v-congreso-nacional-de-medicina-del-sueno-sociedad-chilena-de-medicina-del-sueno\/\",\"name\":\"V Congreso Nacional de Medicina del Sue\u00f1o \u2013 Sociedad Chilena de Medicina del Sue\u00f1o - Neurovirtual \/ Humanizing diagnostics\",\"isPartOf\":{\"@id\":\"https:\/\/neurovirtual.com\/latam\/#website\"},\"datePublished\":\"2015-02-18T15:46:20+00:00\",\"dateModified\":\"2016-05-11T18:48:33+00:00\",\"description\":\"%seo_description%\",\"breadcrumb\":{\"@id\":\"https:\/\/neurovirtual.com\/latam\/v-congreso-nacional-de-medicina-del-sueno-sociedad-chilena-de-medicina-del-sueno\/#breadcrumb\"},\"inLanguage\":\"es-CO\",\"potentialAction\":[{\"@type\":\"ReadAction\",\"target\":[\"https:\/\/neurovirtual.com\/latam\/v-congreso-nacional-de-medicina-del-sueno-sociedad-chilena-de-medicina-del-sueno\/\"]}]},{\"@type\":\"BreadcrumbList\",\"@id\":\"https:\/\/neurovirtual.com\/latam\/v-congreso-nacional-de-medicina-del-sueno-sociedad-chilena-de-medicina-del-sueno\/#breadcrumb\",\"itemListElement\":[{\"@type\":\"ListItem\",\"position\":1,\"name\":\"Portada\",\"item\":\"https:\/\/neurovirtual.com\/latam\/\"},{\"@type\":\"ListItem\",\"position\":2,\"name\":\"V Congreso Nacional de Medicina del Sue\u00f1o \u2013 Sociedad Chilena de Medicina del Sue\u00f1o\"}]},{\"@type\":\"WebSite\",\"@id\":\"https:\/\/neurovirtual.com\/latam\/#website\",\"url\":\"https:\/\/neurovirtual.com\/latam\/\",\"name\":\"Neurovirtual \/ Humanizing diagnostics\",\"description\":\"\",\"publisher\":{\"@id\":\"https:\/\/neurovirtual.com\/latam\/#organization\"},\"potentialAction\":[{\"@type\":\"SearchAction\",\"target\":{\"@type\":\"EntryPoint\",\"urlTemplate\":\"https:\/\/neurovirtual.com\/latam\/?s={search_term_string}\"},\"query-input\":\"required name=search_term_string\"}],\"inLanguage\":\"es-CO\"},{\"@type\":\"Organization\",\"@id\":\"https:\/\/neurovirtual.com\/latam\/#organization\",\"name\":\"Neurovirtual\",\"url\":\"https:\/\/neurovirtual.com\/latam\/\",\"logo\":{\"@type\":\"ImageObject\",\"inLanguage\":\"es-CO\",\"@id\":\"https:\/\/neurovirtual.com\/latam\/#\/schema\/logo\/image\/\",\"url\":\"https:\/\/neurovirtual.com\/latam\/wp-content\/uploads\/2023\/08\/1.-Logo-Neurovirtual-2022.png\",\"contentUrl\":\"https:\/\/neurovirtual.com\/latam\/wp-content\/uploads\/2023\/08\/1.-Logo-Neurovirtual-2022.png\",\"width\":1964,\"height\":668,\"caption\":\"Neurovirtual\"},\"image\":{\"@id\":\"https:\/\/neurovirtual.com\/latam\/#\/schema\/logo\/image\/\"}},{\"@type\":\"Person\",\"@id\":\"https:\/\/neurovirtual.com\/latam\/#\/schema\/person\/cd8eab9ca7fa0ef8d4da231754ffa3b3\",\"name\":\"Neurovirtual\",\"image\":{\"@type\":\"ImageObject\",\"inLanguage\":\"es-CO\",\"@id\":\"https:\/\/neurovirtual.com\/latam\/#\/schema\/person\/image\/\",\"url\":\"https:\/\/secure.gravatar.com\/avatar\/33912b44201a8cbed75bc5294a5fc45c?s=96&d=mm&r=g\",\"contentUrl\":\"https:\/\/secure.gravatar.com\/avatar\/33912b44201a8cbed75bc5294a5fc45c?s=96&d=mm&r=g\",\"caption\":\"Neurovirtual\"},\"url\":\"https:\/\/neurovirtual.com\/latam\/author\/efaria\/\"}]}<\/script>\n<!-- \/ Yoast SEO plugin. -->","yoast_head_json":{"title":"V Congreso Nacional de Medicina del Sue\u00f1o \u2013 Sociedad Chilena de Medicina del Sue\u00f1o - Neurovirtual \/ Humanizing diagnostics","description":"%seo_description%","robots":{"index":"index","follow":"follow","max-snippet":"max-snippet:-1","max-image-preview":"max-image-preview:large","max-video-preview":"max-video-preview:-1"},"canonical":"https:\/\/neurovirtual.com\/latam\/v-congreso-nacional-de-medicina-del-sueno-sociedad-chilena-de-medicina-del-sueno\/","og_locale":"es_ES","og_type":"article","og_title":"V Congreso Nacional de Medicina del Sue\u00f1o \u2013 Sociedad Chilena de Medicina del Sue\u00f1o - Neurovirtual \/ Humanizing diagnostics","og_description":"%seo_description%","og_url":"https:\/\/neurovirtual.com\/latam\/v-congreso-nacional-de-medicina-del-sueno-sociedad-chilena-de-medicina-del-sueno\/","og_site_name":"Neurovirtual \/ Humanizing diagnostics","article_published_time":"2015-02-18T15:46:20+00:00","article_modified_time":"2016-05-11T18:48:33+00:00","og_image":[{"width":300,"height":168,"url":"https:\/\/neurovirtual.com\/latam\/wp-content\/uploads\/2015\/02\/Screen-Shot-2015-09-28-at-11.03.01-AM.png","type":"image\/png"}],"author":"Neurovirtual","twitter_card":"summary_large_image","twitter_misc":{"Escrito por":"Neurovirtual","Tiempo estimado de lectura":"1 minuto"},"schema":{"@context":"https:\/\/schema.org","@graph":[{"@type":"Article","@id":"https:\/\/neurovirtual.com\/latam\/v-congreso-nacional-de-medicina-del-sueno-sociedad-chilena-de-medicina-del-sueno\/#article","isPartOf":{"@id":"https:\/\/neurovirtual.com\/latam\/v-congreso-nacional-de-medicina-del-sueno-sociedad-chilena-de-medicina-del-sueno\/"},"author":{"name":"Neurovirtual","@id":"https:\/\/neurovirtual.com\/latam\/#\/schema\/person\/cd8eab9ca7fa0ef8d4da231754ffa3b3"},"headline":"V Congreso Nacional de Medicina del Sue\u00f1o \u2013 Sociedad Chilena de Medicina del Sue\u00f1o","datePublished":"2015-02-18T15:46:20+00:00","dateModified":"2016-05-11T18:48:33+00:00","mainEntityOfPage":{"@id":"https:\/\/neurovirtual.com\/latam\/v-congreso-nacional-de-medicina-del-sueno-sociedad-chilena-de-medicina-del-sueno\/"},"wordCount":144,"commentCount":4,"publisher":{"@id":"https:\/\/neurovirtual.com\/latam\/#organization"},"articleSection":["Conferencias"],"inLanguage":"es-CO","potentialAction":[{"@type":"CommentAction","name":"Comment","target":["https:\/\/neurovirtual.com\/latam\/v-congreso-nacional-de-medicina-del-sueno-sociedad-chilena-de-medicina-del-sueno\/#respond"]}]},{"@type":"WebPage","@id":"https:\/\/neurovirtual.com\/latam\/v-congreso-nacional-de-medicina-del-sueno-sociedad-chilena-de-medicina-del-sueno\/","url":"https:\/\/neurovirtual.com\/latam\/v-congreso-nacional-de-medicina-del-sueno-sociedad-chilena-de-medicina-del-sueno\/","name":"V Congreso Nacional de Medicina del Sue\u00f1o \u2013 Sociedad Chilena de Medicina del Sue\u00f1o - Neurovirtual \/ Humanizing diagnostics","isPartOf":{"@id":"https:\/\/neurovirtual.com\/latam\/#website"},"datePublished":"2015-02-18T15:46:20+00:00","dateModified":"2016-05-11T18:48:33+00:00","description":"%seo_description%","breadcrumb":{"@id":"https:\/\/neurovirtual.com\/latam\/v-congreso-nacional-de-medicina-del-sueno-sociedad-chilena-de-medicina-del-sueno\/#breadcrumb"},"inLanguage":"es-CO","potentialAction":[{"@type":"ReadAction","target":["https:\/\/neurovirtual.com\/latam\/v-congreso-nacional-de-medicina-del-sueno-sociedad-chilena-de-medicina-del-sueno\/"]}]},{"@type":"BreadcrumbList","@id":"https:\/\/neurovirtual.com\/latam\/v-congreso-nacional-de-medicina-del-sueno-sociedad-chilena-de-medicina-del-sueno\/#breadcrumb","itemListElement":[{"@type":"ListItem","position":1,"name":"Portada","item":"https:\/\/neurovirtual.com\/latam\/"},{"@type":"ListItem","position":2,"name":"V Congreso Nacional de Medicina del Sue\u00f1o \u2013 Sociedad Chilena de Medicina del Sue\u00f1o"}]},{"@type":"WebSite","@id":"https:\/\/neurovirtual.com\/latam\/#website","url":"https:\/\/neurovirtual.com\/latam\/","name":"Neurovirtual \/ Humanizing diagnostics","description":"","publisher":{"@id":"https:\/\/neurovirtual.com\/latam\/#organization"},"potentialAction":[{"@type":"SearchAction","target":{"@type":"EntryPoint","urlTemplate":"https:\/\/neurovirtual.com\/latam\/?s={search_term_string}"},"query-input":"required name=search_term_string"}],"inLanguage":"es-CO"},{"@type":"Organization","@id":"https:\/\/neurovirtual.com\/latam\/#organization","name":"Neurovirtual","url":"https:\/\/neurovirtual.com\/latam\/","logo":{"@type":"ImageObject","inLanguage":"es-CO","@id":"https:\/\/neurovirtual.com\/latam\/#\/schema\/logo\/image\/","url":"https:\/\/neurovirtual.com\/latam\/wp-content\/uploads\/2023\/08\/1.-Logo-Neurovirtual-2022.png","contentUrl":"https:\/\/neurovirtual.com\/latam\/wp-content\/uploads\/2023\/08\/1.-Logo-Neurovirtual-2022.png","width":1964,"height":668,"caption":"Neurovirtual"},"image":{"@id":"https:\/\/neurovirtual.com\/latam\/#\/schema\/logo\/image\/"}},{"@type":"Person","@id":"https:\/\/neurovirtual.com\/latam\/#\/schema\/person\/cd8eab9ca7fa0ef8d4da231754ffa3b3","name":"Neurovirtual","image":{"@type":"ImageObject","inLanguage":"es-CO","@id":"https:\/\/neurovirtual.com\/latam\/#\/schema\/person\/image\/","url":"https:\/\/secure.gravatar.com\/avatar\/33912b44201a8cbed75bc5294a5fc45c?s=96&d=mm&r=g","contentUrl":"https:\/\/secure.gravatar.com\/avatar\/33912b44201a8cbed75bc5294a5fc45c?s=96&d=mm&r=g","caption":"Neurovirtual"},"url":"https:\/\/neurovirtual.com\/latam\/author\/efaria\/"}]}},"_links":{"self":[{"href":"https:\/\/neurovirtual.com\/latam\/wp-json\/wp\/v2\/posts\/41422"}],"collection":[{"href":"https:\/\/neurovirtual.com\/latam\/wp-json\/wp\/v2\/posts"}],"about":[{"href":"https:\/\/neurovirtual.com\/latam\/wp-json\/wp\/v2\/types\/post"}],"author":[{"embeddable":true,"href":"https:\/\/neurovirtual.com\/latam\/wp-json\/wp\/v2\/users\/3"}],"replies":[{"embeddable":true,"href":"https:\/\/neurovirtual.com\/latam\/wp-json\/wp\/v2\/comments?post=41422"}],"version-history":[{"count":11,"href":"https:\/\/neurovirtual.com\/latam\/wp-json\/wp\/v2\/posts\/41422\/revisions"}],"predecessor-version":[{"id":174347,"href":"https:\/\/neurovirtual.com\/latam\/wp-json\/wp\/v2\/posts\/41422\/revisions\/174347"}],"wp:featuredmedia":[{"embeddable":true,"href":"https:\/\/neurovirtual.com\/latam\/wp-json\/wp\/v2\/media\/174182"}],"wp:attachment":[{"href":"https:\/\/neurovirtual.com\/latam\/wp-json\/wp\/v2\/media?parent=41422"}],"wp:term":[{"taxonomy":"category","embeddable":true,"href":"https:\/\/neurovirtual.com\/latam\/wp-json\/wp\/v2\/categories?post=41422"},{"taxonomy":"post_tag","embeddable":true,"href":"https:\/\/neurovirtual.com\/latam\/wp-json\/wp\/v2\/tags?post=41422"}],"curies":[{"name":"wp","href":"https:\/\/api.w.org\/{rel}","templated":true}]}}