{"id":224304,"date":"2016-05-04T10:34:35","date_gmt":"2016-05-04T13:34:35","guid":{"rendered":"https:\/\/neurovirtual.com\/latam\/?p=224304"},"modified":"2016-07-06T14:07:29","modified_gmt":"2016-07-06T17:07:29","slug":"cursotaller-en-polisomnografia-para-tecnicos-de-medicina-de-sueno","status":"publish","type":"post","link":"https:\/\/neurovirtual.com\/latam\/cursotaller-en-polisomnografia-para-tecnicos-de-medicina-de-sueno\/","title":{"rendered":"Curso\/taller en Polisomnografia para T\u00e9cnicos de Medicina de Sue\u00f1o"},"content":{"rendered":"<p><a href=\"https:\/\/neurovirtual.com\/latam\/wp-content\/uploads\/2016\/05\/banner123.jpg\"><img decoding=\"async\" class=\"alignnone wp-image-224305\" src=\"https:\/\/neurovirtual.com\/latam\/wp-content\/uploads\/2016\/05\/banner123.jpg\" alt=\"banner123\" width=\"679\" height=\"177\" srcset=\"https:\/\/neurovirtual.com\/latam\/wp-content\/uploads\/2016\/05\/banner123.jpg 1000w, https:\/\/neurovirtual.com\/latam\/wp-content\/uploads\/2016\/05\/banner123-300x78.jpg 300w, https:\/\/neurovirtual.com\/latam\/wp-content\/uploads\/2016\/05\/banner123-958x250.jpg 958w, https:\/\/neurovirtual.com\/latam\/wp-content\/uploads\/2016\/05\/banner123-460x120.jpg 460w\" sizes=\"(max-width: 679px) 100vw, 679px\" \/><\/a><\/p>\n<p><strong>10-11 de Junio de 2016\u00a0<\/strong>&#8211; Ciudad de M\u00e9xico<\/p>\n<p><strong>Profesores Invitados Internacionales:<\/strong><\/p>\n<ul>\n<li>Liliana Estrada (Fundadora y Directora de la Cl\u00ednica del Sue\u00f1o SleepMed, <strong>Costa Rica)<\/strong>.<\/li>\n<li>Carmen Madrid (Especialista en trastornos del sue\u00f1o, <strong>Panam\u00e1<\/strong>).<\/li>\n<li>RPSGT Felipe Lerida (Especialista Cl\u00ednico, <strong>EUA<\/strong>).<\/li>\n<li>Lina Marcela Tavera Salda\u00f1a (Neuropediatra, Fundaci\u00f3n Conexi\u00f3n Neurol\u00f3gica, <strong>Colombia<\/strong>).<\/li>\n<\/ul>\n<p><strong>Invitados Nacionales Expertos en Sue\u00f1o<\/strong><\/p>\n<ul>\n<li>Reyes Haro Valencia (Director del IMMS \u2013 Instituto Mexicano de Medicina Integral de Sue\u00f1o)<\/li>\n<li>RPSGT Romel Gutierrez<\/li>\n<li>Francisco Guerrero (Cl\u00ednica del Dormir \u2013 Monterrey)<\/li>\n<li>Dr.\u00a0Ulises Jim\u00e9nezCorrea(Coordinador de Investigaci\u00f3n. Cl\u00ednica de Enfermedades del Sue\u00f1o. Facultad de Medicina, UNAM)<\/li>\n<li>Especialista T\u00e9cnico Lourdes Galicia<\/li>\n<li>Especialista T\u00e9cnico Alicia Castillo<\/li>\n<\/ul>\n<p><strong>Costos:<\/strong><\/p>\n<ul>\n<li>$150 USD \u2013 hasta 31\/05<\/li>\n<li>$180 USD \u2013 Despues de 01\/06<\/li>\n<\/ul>\n<p>(Los pagos podr\u00e1n ser realizados a trav\u00e9s de dep\u00f3sito o transferencia bancaria)<\/p>\n<p>Para m\u00e1s informaci\u00f3n env\u00edenos un correo o llame:\u00a0amaldonado@neurovirtual.com \/52 0155 5203-5221<\/p>\n<p><strong>Inscr\u00edbete<\/strong><\/p>\n<p><iframe loading=\"lazy\" src=\"https:\/\/docs.google.com\/forms\/d\/1e7c4vp8hRYpc9X7oWnHd5QQj3f0D16Hrr_y9FhojoGc\/viewform?embedded=true\" width=\"760\" height=\"1600\" frameborder=\"0\" marginwidth=\"0\" marginheight=\"0\">Carregando\u2026<\/iframe><\/p>\n<p><strong>Patrocinadores<\/strong><strong>:<\/strong><\/p>\n<p><img decoding=\"async\" class=\"size-full wp-image-235776 alignleft\" src=\"http:\/\/neurovirtual.com.mx\/wp-content\/uploads\/2016\/04\/resmed-logo-desktop-hitag.png\" alt=\"resmed-logo-desktop-hitag\" width=\"192\" height=\"150\" \/>\u00a0<img decoding=\"async\" class=\"size-full wp-image-235758 alignleft\" src=\"http:\/\/neurovirtual.com.mx\/wp-content\/uploads\/2016\/04\/2.png\" alt=\"2\" width=\"270\" height=\"81\" \/><\/p>\n","protected":false},"excerpt":{"rendered":"<p>10-11 de Junio de 2016\u00a0&#8211; Ciudad de M\u00e9xico Profesores Invitados Internacionales: Liliana Estrada (Fundadora y Directora de la Cl\u00ednica del Sue\u00f1o SleepMed, Costa Rica). Carmen Madrid (Especialista en trastornos del sue\u00f1o, Panam\u00e1). RPSGT Felipe Lerida (Especialista Cl\u00ednico, EUA). Lina Marcela Tavera Salda\u00f1a (Neuropediatra, Fundaci\u00f3n Conexi\u00f3n Neurol\u00f3gica, Colombia). Invitados Nacionales Expertos en Sue\u00f1o Reyes Haro Valencia&#8230;<\/p>\n","protected":false},"author":7,"featured_media":0,"comment_status":"open","ping_status":"open","sticky":false,"template":"","format":"standard","meta":{"footnotes":"","_joinchat":[]},"categories":[9,4],"tags":[],"acf":[],"yoast_head":"<!-- This site is optimized with the Yoast SEO plugin v21.7 - https:\/\/yoast.com\/wordpress\/plugins\/seo\/ -->\n<title>Curso\/taller en Polisomnografia para T\u00e9cnicos de Medicina de Sue\u00f1o - Neurovirtual \/ Humanizing diagnostics<\/title>\n<meta name=\"description\" content=\"%seo_description%\" \/>\n<meta name=\"robots\" content=\"index, follow, max-snippet:-1, max-image-preview:large, max-video-preview:-1\" \/>\n<link rel=\"canonical\" href=\"https:\/\/neurovirtual.com\/latam\/cursotaller-en-polisomnografia-para-tecnicos-de-medicina-de-sueno\/\" \/>\n<meta property=\"og:locale\" content=\"es_ES\" \/>\n<meta property=\"og:type\" content=\"article\" \/>\n<meta property=\"og:title\" content=\"Curso\/taller en Polisomnografia para T\u00e9cnicos de Medicina de Sue\u00f1o - Neurovirtual \/ Humanizing diagnostics\" \/>\n<meta property=\"og:description\" content=\"%seo_description%\" \/>\n<meta property=\"og:url\" content=\"https:\/\/neurovirtual.com\/latam\/cursotaller-en-polisomnografia-para-tecnicos-de-medicina-de-sueno\/\" \/>\n<meta property=\"og:site_name\" content=\"Neurovirtual \/ Humanizing diagnostics\" \/>\n<meta property=\"article:published_time\" content=\"2016-05-04T13:34:35+00:00\" \/>\n<meta property=\"article:modified_time\" content=\"2016-07-06T17:07:29+00:00\" \/>\n<meta property=\"og:image\" content=\"https:\/\/neurovirtual.com\/latam\/wp-content\/uploads\/2016\/05\/capa-notica.jpg\" \/>\n\t<meta property=\"og:image:width\" content=\"300\" \/>\n\t<meta property=\"og:image:height\" content=\"168\" \/>\n\t<meta property=\"og:image:type\" content=\"image\/jpeg\" \/>\n<meta name=\"author\" content=\"Jessika Brito\" \/>\n<meta name=\"twitter:card\" content=\"summary_large_image\" \/>\n<meta name=\"twitter:label1\" content=\"Escrito por\" \/>\n\t<meta name=\"twitter:data1\" content=\"Jessika Brito\" \/>\n\t<meta name=\"twitter:label2\" content=\"Tiempo estimado de lectura\" \/>\n\t<meta name=\"twitter:data2\" content=\"1 minuto\" \/>\n<script type=\"application\/ld+json\" class=\"yoast-schema-graph\">{\"@context\":\"https:\/\/schema.org\",\"@graph\":[{\"@type\":\"Article\",\"@id\":\"https:\/\/neurovirtual.com\/latam\/cursotaller-en-polisomnografia-para-tecnicos-de-medicina-de-sueno\/#article\",\"isPartOf\":{\"@id\":\"https:\/\/neurovirtual.com\/latam\/cursotaller-en-polisomnografia-para-tecnicos-de-medicina-de-sueno\/\"},\"author\":{\"name\":\"Jessika Brito\",\"@id\":\"https:\/\/neurovirtual.com\/latam\/#\/schema\/person\/61c27629d3d16b3e601ef7db30001d49\"},\"headline\":\"Curso\/taller en Polisomnografia para T\u00e9cnicos de Medicina de Sue\u00f1o\",\"datePublished\":\"2016-05-04T13:34:35+00:00\",\"dateModified\":\"2016-07-06T17:07:29+00:00\",\"mainEntityOfPage\":{\"@id\":\"https:\/\/neurovirtual.com\/latam\/cursotaller-en-polisomnografia-para-tecnicos-de-medicina-de-sueno\/\"},\"wordCount\":167,\"commentCount\":0,\"publisher\":{\"@id\":\"https:\/\/neurovirtual.com\/latam\/#organization\"},\"articleSection\":[\"Curso\",\"Novedades\"],\"inLanguage\":\"es-CO\",\"potentialAction\":[{\"@type\":\"CommentAction\",\"name\":\"Comment\",\"target\":[\"https:\/\/neurovirtual.com\/latam\/cursotaller-en-polisomnografia-para-tecnicos-de-medicina-de-sueno\/#respond\"]}]},{\"@type\":\"WebPage\",\"@id\":\"https:\/\/neurovirtual.com\/latam\/cursotaller-en-polisomnografia-para-tecnicos-de-medicina-de-sueno\/\",\"url\":\"https:\/\/neurovirtual.com\/latam\/cursotaller-en-polisomnografia-para-tecnicos-de-medicina-de-sueno\/\",\"name\":\"Curso\/taller en Polisomnografia para T\u00e9cnicos de Medicina de Sue\u00f1o - Neurovirtual \/ Humanizing diagnostics\",\"isPartOf\":{\"@id\":\"https:\/\/neurovirtual.com\/latam\/#website\"},\"datePublished\":\"2016-05-04T13:34:35+00:00\",\"dateModified\":\"2016-07-06T17:07:29+00:00\",\"description\":\"%seo_description%\",\"breadcrumb\":{\"@id\":\"https:\/\/neurovirtual.com\/latam\/cursotaller-en-polisomnografia-para-tecnicos-de-medicina-de-sueno\/#breadcrumb\"},\"inLanguage\":\"es-CO\",\"potentialAction\":[{\"@type\":\"ReadAction\",\"target\":[\"https:\/\/neurovirtual.com\/latam\/cursotaller-en-polisomnografia-para-tecnicos-de-medicina-de-sueno\/\"]}]},{\"@type\":\"BreadcrumbList\",\"@id\":\"https:\/\/neurovirtual.com\/latam\/cursotaller-en-polisomnografia-para-tecnicos-de-medicina-de-sueno\/#breadcrumb\",\"itemListElement\":[{\"@type\":\"ListItem\",\"position\":1,\"name\":\"Portada\",\"item\":\"https:\/\/neurovirtual.com\/latam\/\"},{\"@type\":\"ListItem\",\"position\":2,\"name\":\"Curso\/taller en Polisomnografia para T\u00e9cnicos de Medicina de Sue\u00f1o\"}]},{\"@type\":\"WebSite\",\"@id\":\"https:\/\/neurovirtual.com\/latam\/#website\",\"url\":\"https:\/\/neurovirtual.com\/latam\/\",\"name\":\"Neurovirtual \/ Humanizing diagnostics\",\"description\":\"\",\"publisher\":{\"@id\":\"https:\/\/neurovirtual.com\/latam\/#organization\"},\"potentialAction\":[{\"@type\":\"SearchAction\",\"target\":{\"@type\":\"EntryPoint\",\"urlTemplate\":\"https:\/\/neurovirtual.com\/latam\/?s={search_term_string}\"},\"query-input\":\"required name=search_term_string\"}],\"inLanguage\":\"es-CO\"},{\"@type\":\"Organization\",\"@id\":\"https:\/\/neurovirtual.com\/latam\/#organization\",\"name\":\"Neurovirtual\",\"url\":\"https:\/\/neurovirtual.com\/latam\/\",\"logo\":{\"@type\":\"ImageObject\",\"inLanguage\":\"es-CO\",\"@id\":\"https:\/\/neurovirtual.com\/latam\/#\/schema\/logo\/image\/\",\"url\":\"https:\/\/neurovirtual.com\/latam\/wp-content\/uploads\/2023\/08\/1.-Logo-Neurovirtual-2022.png\",\"contentUrl\":\"https:\/\/neurovirtual.com\/latam\/wp-content\/uploads\/2023\/08\/1.-Logo-Neurovirtual-2022.png\",\"width\":1964,\"height\":668,\"caption\":\"Neurovirtual\"},\"image\":{\"@id\":\"https:\/\/neurovirtual.com\/latam\/#\/schema\/logo\/image\/\"}},{\"@type\":\"Person\",\"@id\":\"https:\/\/neurovirtual.com\/latam\/#\/schema\/person\/61c27629d3d16b3e601ef7db30001d49\",\"name\":\"Jessika Brito\",\"image\":{\"@type\":\"ImageObject\",\"inLanguage\":\"es-CO\",\"@id\":\"https:\/\/neurovirtual.com\/latam\/#\/schema\/person\/image\/\",\"url\":\"https:\/\/secure.gravatar.com\/avatar\/08d2f62bc8a1f215fdfebe63356acc30?s=96&d=mm&r=g\",\"contentUrl\":\"https:\/\/secure.gravatar.com\/avatar\/08d2f62bc8a1f215fdfebe63356acc30?s=96&d=mm&r=g\",\"caption\":\"Jessika Brito\"},\"url\":\"https:\/\/neurovirtual.com\/latam\/author\/brito\/\"}]}<\/script>\n<!-- \/ Yoast SEO plugin. -->","yoast_head_json":{"title":"Curso\/taller en Polisomnografia para T\u00e9cnicos de Medicina de Sue\u00f1o - Neurovirtual \/ Humanizing diagnostics","description":"%seo_description%","robots":{"index":"index","follow":"follow","max-snippet":"max-snippet:-1","max-image-preview":"max-image-preview:large","max-video-preview":"max-video-preview:-1"},"canonical":"https:\/\/neurovirtual.com\/latam\/cursotaller-en-polisomnografia-para-tecnicos-de-medicina-de-sueno\/","og_locale":"es_ES","og_type":"article","og_title":"Curso\/taller en Polisomnografia para T\u00e9cnicos de Medicina de Sue\u00f1o - Neurovirtual \/ Humanizing diagnostics","og_description":"%seo_description%","og_url":"https:\/\/neurovirtual.com\/latam\/cursotaller-en-polisomnografia-para-tecnicos-de-medicina-de-sueno\/","og_site_name":"Neurovirtual \/ Humanizing diagnostics","article_published_time":"2016-05-04T13:34:35+00:00","article_modified_time":"2016-07-06T17:07:29+00:00","og_image":[{"width":300,"height":168,"url":"https:\/\/neurovirtual.com\/latam\/wp-content\/uploads\/2016\/05\/capa-notica.jpg","type":"image\/jpeg"}],"author":"Jessika Brito","twitter_card":"summary_large_image","twitter_misc":{"Escrito por":"Jessika Brito","Tiempo estimado de lectura":"1 minuto"},"schema":{"@context":"https:\/\/schema.org","@graph":[{"@type":"Article","@id":"https:\/\/neurovirtual.com\/latam\/cursotaller-en-polisomnografia-para-tecnicos-de-medicina-de-sueno\/#article","isPartOf":{"@id":"https:\/\/neurovirtual.com\/latam\/cursotaller-en-polisomnografia-para-tecnicos-de-medicina-de-sueno\/"},"author":{"name":"Jessika Brito","@id":"https:\/\/neurovirtual.com\/latam\/#\/schema\/person\/61c27629d3d16b3e601ef7db30001d49"},"headline":"Curso\/taller en Polisomnografia para T\u00e9cnicos de Medicina de Sue\u00f1o","datePublished":"2016-05-04T13:34:35+00:00","dateModified":"2016-07-06T17:07:29+00:00","mainEntityOfPage":{"@id":"https:\/\/neurovirtual.com\/latam\/cursotaller-en-polisomnografia-para-tecnicos-de-medicina-de-sueno\/"},"wordCount":167,"commentCount":0,"publisher":{"@id":"https:\/\/neurovirtual.com\/latam\/#organization"},"articleSection":["Curso","Novedades"],"inLanguage":"es-CO","potentialAction":[{"@type":"CommentAction","name":"Comment","target":["https:\/\/neurovirtual.com\/latam\/cursotaller-en-polisomnografia-para-tecnicos-de-medicina-de-sueno\/#respond"]}]},{"@type":"WebPage","@id":"https:\/\/neurovirtual.com\/latam\/cursotaller-en-polisomnografia-para-tecnicos-de-medicina-de-sueno\/","url":"https:\/\/neurovirtual.com\/latam\/cursotaller-en-polisomnografia-para-tecnicos-de-medicina-de-sueno\/","name":"Curso\/taller en Polisomnografia para T\u00e9cnicos de Medicina de Sue\u00f1o - Neurovirtual \/ Humanizing diagnostics","isPartOf":{"@id":"https:\/\/neurovirtual.com\/latam\/#website"},"datePublished":"2016-05-04T13:34:35+00:00","dateModified":"2016-07-06T17:07:29+00:00","description":"%seo_description%","breadcrumb":{"@id":"https:\/\/neurovirtual.com\/latam\/cursotaller-en-polisomnografia-para-tecnicos-de-medicina-de-sueno\/#breadcrumb"},"inLanguage":"es-CO","potentialAction":[{"@type":"ReadAction","target":["https:\/\/neurovirtual.com\/latam\/cursotaller-en-polisomnografia-para-tecnicos-de-medicina-de-sueno\/"]}]},{"@type":"BreadcrumbList","@id":"https:\/\/neurovirtual.com\/latam\/cursotaller-en-polisomnografia-para-tecnicos-de-medicina-de-sueno\/#breadcrumb","itemListElement":[{"@type":"ListItem","position":1,"name":"Portada","item":"https:\/\/neurovirtual.com\/latam\/"},{"@type":"ListItem","position":2,"name":"Curso\/taller en Polisomnografia para T\u00e9cnicos de Medicina de Sue\u00f1o"}]},{"@type":"WebSite","@id":"https:\/\/neurovirtual.com\/latam\/#website","url":"https:\/\/neurovirtual.com\/latam\/","name":"Neurovirtual \/ Humanizing diagnostics","description":"","publisher":{"@id":"https:\/\/neurovirtual.com\/latam\/#organization"},"potentialAction":[{"@type":"SearchAction","target":{"@type":"EntryPoint","urlTemplate":"https:\/\/neurovirtual.com\/latam\/?s={search_term_string}"},"query-input":"required name=search_term_string"}],"inLanguage":"es-CO"},{"@type":"Organization","@id":"https:\/\/neurovirtual.com\/latam\/#organization","name":"Neurovirtual","url":"https:\/\/neurovirtual.com\/latam\/","logo":{"@type":"ImageObject","inLanguage":"es-CO","@id":"https:\/\/neurovirtual.com\/latam\/#\/schema\/logo\/image\/","url":"https:\/\/neurovirtual.com\/latam\/wp-content\/uploads\/2023\/08\/1.-Logo-Neurovirtual-2022.png","contentUrl":"https:\/\/neurovirtual.com\/latam\/wp-content\/uploads\/2023\/08\/1.-Logo-Neurovirtual-2022.png","width":1964,"height":668,"caption":"Neurovirtual"},"image":{"@id":"https:\/\/neurovirtual.com\/latam\/#\/schema\/logo\/image\/"}},{"@type":"Person","@id":"https:\/\/neurovirtual.com\/latam\/#\/schema\/person\/61c27629d3d16b3e601ef7db30001d49","name":"Jessika Brito","image":{"@type":"ImageObject","inLanguage":"es-CO","@id":"https:\/\/neurovirtual.com\/latam\/#\/schema\/person\/image\/","url":"https:\/\/secure.gravatar.com\/avatar\/08d2f62bc8a1f215fdfebe63356acc30?s=96&d=mm&r=g","contentUrl":"https:\/\/secure.gravatar.com\/avatar\/08d2f62bc8a1f215fdfebe63356acc30?s=96&d=mm&r=g","caption":"Jessika Brito"},"url":"https:\/\/neurovirtual.com\/latam\/author\/brito\/"}]}},"_links":{"self":[{"href":"https:\/\/neurovirtual.com\/latam\/wp-json\/wp\/v2\/posts\/224304"}],"collection":[{"href":"https:\/\/neurovirtual.com\/latam\/wp-json\/wp\/v2\/posts"}],"about":[{"href":"https:\/\/neurovirtual.com\/latam\/wp-json\/wp\/v2\/types\/post"}],"author":[{"embeddable":true,"href":"https:\/\/neurovirtual.com\/latam\/wp-json\/wp\/v2\/users\/7"}],"replies":[{"embeddable":true,"href":"https:\/\/neurovirtual.com\/latam\/wp-json\/wp\/v2\/comments?post=224304"}],"version-history":[{"count":6,"href":"https:\/\/neurovirtual.com\/latam\/wp-json\/wp\/v2\/posts\/224304\/revisions"}],"predecessor-version":[{"id":772688,"href":"https:\/\/neurovirtual.com\/latam\/wp-json\/wp\/v2\/posts\/224304\/revisions\/772688"}],"wp:attachment":[{"href":"https:\/\/neurovirtual.com\/latam\/wp-json\/wp\/v2\/media?parent=224304"}],"wp:term":[{"taxonomy":"category","embeddable":true,"href":"https:\/\/neurovirtual.com\/latam\/wp-json\/wp\/v2\/categories?post=224304"},{"taxonomy":"post_tag","embeddable":true,"href":"https:\/\/neurovirtual.com\/latam\/wp-json\/wp\/v2\/tags?post=224304"}],"curies":[{"name":"wp","href":"https:\/\/api.w.org\/{rel}","templated":true}]}}