{"id":18027,"date":"2014-12-10T18:01:10","date_gmt":"2014-12-10T20:01:10","guid":{"rendered":"https:\/\/neurovirtual.com\/latam\/?p=18027"},"modified":"2021-02-02T21:53:20","modified_gmt":"2021-02-02T23:53:20","slug":"congreso-colombiano-de-medicina-del-sueno-noviembre-2014","status":"publish","type":"post","link":"https:\/\/neurovirtual.com\/latam\/congreso-colombiano-de-medicina-del-sueno-noviembre-2014\/","title":{"rendered":"Congreso Colombiano de Medicina del Sue\u00f1o \u2013 Noviembre 2014"},"content":{"rendered":"\n<figure class=\"wp-block-image is-style-default\"><a href=\"https:\/\/neurovirtual.com\/latam\/wp-content\/uploads\/2015\/05\/Bogota-night.jpg\"><img decoding=\"async\" src=\"https:\/\/neurovirtual.com\/latam\/wp-content\/uploads\/2015\/05\/Bogota-night.jpg\" alt=\"Bogota-night\" class=\"wp-image-174124\"\/><\/a><\/figure>\n\n\n\n<p>Neurovirtual Colombia participo y apoyo a la Asociaci\u00f3n Colombiana de medicina del Sue\u00f1o, desarrollado del 11 a 15 de Noviembre de 2014<\/p>\n\n\n\n<p><strong>Invitados Nacionales:<\/strong><br>Dr. Andres Franco<br>Dr. Andres Marin<br>Dr. Andres Vallejo<br>Dr. Franklin Escobar<br>Dr. Jorge Echeverry<br>Dr. Marcos Venegas<br>Dra. Karen Parejo<br>Entre otros.<\/p>\n\n\n\n<p><strong>Invitados Internacionales:<\/strong><br>Dr. Reyes Haro &#8211;&nbsp; Mexico<br>Dr. Ulises Jimenez&nbsp; &#8211; Mexico<br>Dr. Eduardo Borsini &#8211;&nbsp; Argentina<br>Entre otros.<\/p>\n\n\n\n<p>Neurovirtual ademas participo con un Taller denominado: El Cuerpo como sistema y digitalizaci\u00f3n de las se\u00f1ales biomedicas a trav\u00e9s de una adecuada conexi\u00f3n para una Polisomnograf\u00eda.<\/p>\n\n\n\n<figure class=\"wp-block-gallery columns-2 is-cropped wp-block-gallery-1 is-layout-flex wp-block-gallery-is-layout-flex\"><ul class=\"blocks-gallery-grid\"><li class=\"blocks-gallery-item\"><figure><a href=\"https:\/\/neurovirtual.com\/latam\/wp-content\/uploads\/2021\/02\/IMG_5799.jpg\"><img decoding=\"async\" width=\"640\" height=\"640\" src=\"https:\/\/neurovirtual.com\/latam\/wp-content\/uploads\/2021\/02\/IMG_5799.jpg\" alt=\"\" data-id=\"809985\" data-full-url=\"https:\/\/neurovirtual.com\/latam\/wp-content\/uploads\/2021\/02\/IMG_5799.jpg\" data-link=\"https:\/\/neurovirtual.com\/latam\/conferencias\/congreso-colombiano-de-medicina-del-sueno-noviembre-2014\/attachment\/img_5799-2\/\" class=\"wp-image-809985\" srcset=\"https:\/\/neurovirtual.com\/latam\/wp-content\/uploads\/2021\/02\/IMG_5799.jpg 640w, https:\/\/neurovirtual.com\/latam\/wp-content\/uploads\/2021\/02\/IMG_5799-300x300.jpg 300w, https:\/\/neurovirtual.com\/latam\/wp-content\/uploads\/2021\/02\/IMG_5799-150x150.jpg 150w, https:\/\/neurovirtual.com\/latam\/wp-content\/uploads\/2021\/02\/IMG_5799-250x250.jpg 250w, https:\/\/neurovirtual.com\/latam\/wp-content\/uploads\/2021\/02\/IMG_5799-520x520.jpg 520w, https:\/\/neurovirtual.com\/latam\/wp-content\/uploads\/2021\/02\/IMG_5799-340x340.jpg 340w\" sizes=\"(max-width: 640px) 100vw, 640px\" \/><\/a><\/figure><\/li><li class=\"blocks-gallery-item\"><figure><a href=\"https:\/\/neurovirtual.com\/latam\/wp-content\/uploads\/2021\/02\/IMG_5804-e1418241105527.jpg\"><img decoding=\"async\" width=\"1024\" height=\"1024\" src=\"https:\/\/neurovirtual.com\/latam\/wp-content\/uploads\/2021\/02\/IMG_5804-e1418241105527-1024x1024.jpg\" alt=\"\" data-id=\"809986\" data-full-url=\"https:\/\/neurovirtual.com\/latam\/wp-content\/uploads\/2021\/02\/IMG_5804-e1418241105527.jpg\" data-link=\"https:\/\/neurovirtual.com\/latam\/conferencias\/congreso-colombiano-de-medicina-del-sueno-noviembre-2014\/attachment\/img_5804-e1418241105527\/\" class=\"wp-image-809986\" srcset=\"https:\/\/neurovirtual.com\/latam\/wp-content\/uploads\/2021\/02\/IMG_5804-e1418241105527-1024x1024.jpg 1024w, https:\/\/neurovirtual.com\/latam\/wp-content\/uploads\/2021\/02\/IMG_5804-e1418241105527-300x300.jpg 300w, https:\/\/neurovirtual.com\/latam\/wp-content\/uploads\/2021\/02\/IMG_5804-e1418241105527-150x150.jpg 150w, https:\/\/neurovirtual.com\/latam\/wp-content\/uploads\/2021\/02\/IMG_5804-e1418241105527-768x768.jpg 768w, https:\/\/neurovirtual.com\/latam\/wp-content\/uploads\/2021\/02\/IMG_5804-e1418241105527-1536x1536.jpg 1536w, https:\/\/neurovirtual.com\/latam\/wp-content\/uploads\/2021\/02\/IMG_5804-e1418241105527-2048x2048.jpg 2048w, https:\/\/neurovirtual.com\/latam\/wp-content\/uploads\/2021\/02\/IMG_5804-e1418241105527-250x250.jpg 250w, https:\/\/neurovirtual.com\/latam\/wp-content\/uploads\/2021\/02\/IMG_5804-e1418241105527-520x520.jpg 520w, https:\/\/neurovirtual.com\/latam\/wp-content\/uploads\/2021\/02\/IMG_5804-e1418241105527-340x340.jpg 340w, https:\/\/neurovirtual.com\/latam\/wp-content\/uploads\/2021\/02\/IMG_5804-e1418241105527.jpg 1920w\" sizes=\"(max-width: 1024px) 100vw, 1024px\" \/><\/a><\/figure><\/li><\/ul><\/figure>\n","protected":false},"excerpt":{"rendered":"<p>Neurovirtual Colombia participo y apoyo a la Asociaci\u00f3n Colombiana de medicina del Sue\u00f1o, desarrollado del 11 a 15 de Noviembre de 2014 Invitados Nacionales:Dr. Andres FrancoDr. Andres MarinDr. Andres VallejoDr. Franklin EscobarDr. Jorge EcheverryDr. Marcos VenegasDra. Karen ParejoEntre otros. Invitados Internacionales:Dr. Reyes Haro &#8211;&nbsp; MexicoDr. Ulises Jimenez&nbsp; &#8211; MexicoDr. Eduardo Borsini &#8211;&nbsp; ArgentinaEntre otros. Neurovirtual&#8230;<\/p>\n","protected":false},"author":3,"featured_media":18284,"comment_status":"open","ping_status":"open","sticky":false,"template":"","format":"standard","meta":{"footnotes":"","_joinchat":[]},"categories":[7],"tags":[],"acf":[],"yoast_head":"<!-- This site is optimized with the Yoast SEO plugin v21.7 - https:\/\/yoast.com\/wordpress\/plugins\/seo\/ -->\n<title>Congreso Colombiano de Medicina del Sue\u00f1o \u2013 Noviembre 2014 - Neurovirtual \/ Humanizing diagnostics<\/title>\n<meta name=\"description\" content=\"%seo_description%\" \/>\n<meta name=\"robots\" content=\"index, follow, max-snippet:-1, max-image-preview:large, max-video-preview:-1\" \/>\n<link rel=\"canonical\" href=\"https:\/\/neurovirtual.com\/latam\/congreso-colombiano-de-medicina-del-sueno-noviembre-2014\/\" \/>\n<meta property=\"og:locale\" content=\"es_ES\" \/>\n<meta property=\"og:type\" content=\"article\" \/>\n<meta property=\"og:title\" content=\"Congreso Colombiano de Medicina del Sue\u00f1o \u2013 Noviembre 2014 - Neurovirtual \/ Humanizing diagnostics\" \/>\n<meta property=\"og:description\" content=\"%seo_description%\" \/>\n<meta property=\"og:url\" content=\"https:\/\/neurovirtual.com\/latam\/congreso-colombiano-de-medicina-del-sueno-noviembre-2014\/\" \/>\n<meta property=\"og:site_name\" content=\"Neurovirtual \/ Humanizing diagnostics\" \/>\n<meta property=\"article:published_time\" content=\"2014-12-10T20:01:10+00:00\" \/>\n<meta property=\"article:modified_time\" content=\"2021-02-02T23:53:20+00:00\" \/>\n<meta property=\"og:image\" content=\"https:\/\/neurovirtual.com\/latam\/wp-content\/uploads\/2014\/12\/benner-sueno-2014-300x168.jpg\" \/>\n\t<meta property=\"og:image:width\" content=\"300\" \/>\n\t<meta property=\"og:image:height\" content=\"168\" \/>\n\t<meta property=\"og:image:type\" content=\"image\/jpeg\" \/>\n<meta name=\"author\" content=\"Neurovirtual\" \/>\n<meta name=\"twitter:card\" content=\"summary_large_image\" \/>\n<meta name=\"twitter:label1\" content=\"Escrito por\" \/>\n\t<meta name=\"twitter:data1\" content=\"Neurovirtual\" \/>\n<script type=\"application\/ld+json\" class=\"yoast-schema-graph\">{\"@context\":\"https:\/\/schema.org\",\"@graph\":[{\"@type\":\"Article\",\"@id\":\"https:\/\/neurovirtual.com\/latam\/congreso-colombiano-de-medicina-del-sueno-noviembre-2014\/#article\",\"isPartOf\":{\"@id\":\"https:\/\/neurovirtual.com\/latam\/congreso-colombiano-de-medicina-del-sueno-noviembre-2014\/\"},\"author\":{\"name\":\"Neurovirtual\",\"@id\":\"https:\/\/neurovirtual.com\/latam\/#\/schema\/person\/cd8eab9ca7fa0ef8d4da231754ffa3b3\"},\"headline\":\"Congreso Colombiano de Medicina del Sue\u00f1o \u2013 Noviembre 2014\",\"datePublished\":\"2014-12-10T20:01:10+00:00\",\"dateModified\":\"2021-02-02T23:53:20+00:00\",\"mainEntityOfPage\":{\"@id\":\"https:\/\/neurovirtual.com\/latam\/congreso-colombiano-de-medicina-del-sueno-noviembre-2014\/\"},\"wordCount\":97,\"commentCount\":0,\"publisher\":{\"@id\":\"https:\/\/neurovirtual.com\/latam\/#organization\"},\"articleSection\":[\"Conferencias\"],\"inLanguage\":\"es-CO\",\"potentialAction\":[{\"@type\":\"CommentAction\",\"name\":\"Comment\",\"target\":[\"https:\/\/neurovirtual.com\/latam\/congreso-colombiano-de-medicina-del-sueno-noviembre-2014\/#respond\"]}]},{\"@type\":\"WebPage\",\"@id\":\"https:\/\/neurovirtual.com\/latam\/congreso-colombiano-de-medicina-del-sueno-noviembre-2014\/\",\"url\":\"https:\/\/neurovirtual.com\/latam\/congreso-colombiano-de-medicina-del-sueno-noviembre-2014\/\",\"name\":\"Congreso Colombiano de Medicina del Sue\u00f1o \u2013 Noviembre 2014 - Neurovirtual \/ Humanizing diagnostics\",\"isPartOf\":{\"@id\":\"https:\/\/neurovirtual.com\/latam\/#website\"},\"datePublished\":\"2014-12-10T20:01:10+00:00\",\"dateModified\":\"2021-02-02T23:53:20+00:00\",\"description\":\"%seo_description%\",\"breadcrumb\":{\"@id\":\"https:\/\/neurovirtual.com\/latam\/congreso-colombiano-de-medicina-del-sueno-noviembre-2014\/#breadcrumb\"},\"inLanguage\":\"es-CO\",\"potentialAction\":[{\"@type\":\"ReadAction\",\"target\":[\"https:\/\/neurovirtual.com\/latam\/congreso-colombiano-de-medicina-del-sueno-noviembre-2014\/\"]}]},{\"@type\":\"BreadcrumbList\",\"@id\":\"https:\/\/neurovirtual.com\/latam\/congreso-colombiano-de-medicina-del-sueno-noviembre-2014\/#breadcrumb\",\"itemListElement\":[{\"@type\":\"ListItem\",\"position\":1,\"name\":\"Portada\",\"item\":\"https:\/\/neurovirtual.com\/latam\/\"},{\"@type\":\"ListItem\",\"position\":2,\"name\":\"Congreso Colombiano de Medicina del Sue\u00f1o \u2013 Noviembre 2014\"}]},{\"@type\":\"WebSite\",\"@id\":\"https:\/\/neurovirtual.com\/latam\/#website\",\"url\":\"https:\/\/neurovirtual.com\/latam\/\",\"name\":\"Neurovirtual \/ Humanizing diagnostics\",\"description\":\"\",\"publisher\":{\"@id\":\"https:\/\/neurovirtual.com\/latam\/#organization\"},\"potentialAction\":[{\"@type\":\"SearchAction\",\"target\":{\"@type\":\"EntryPoint\",\"urlTemplate\":\"https:\/\/neurovirtual.com\/latam\/?s={search_term_string}\"},\"query-input\":\"required name=search_term_string\"}],\"inLanguage\":\"es-CO\"},{\"@type\":\"Organization\",\"@id\":\"https:\/\/neurovirtual.com\/latam\/#organization\",\"name\":\"Neurovirtual\",\"url\":\"https:\/\/neurovirtual.com\/latam\/\",\"logo\":{\"@type\":\"ImageObject\",\"inLanguage\":\"es-CO\",\"@id\":\"https:\/\/neurovirtual.com\/latam\/#\/schema\/logo\/image\/\",\"url\":\"https:\/\/neurovirtual.com\/latam\/wp-content\/uploads\/2023\/08\/1.-Logo-Neurovirtual-2022.png\",\"contentUrl\":\"https:\/\/neurovirtual.com\/latam\/wp-content\/uploads\/2023\/08\/1.-Logo-Neurovirtual-2022.png\",\"width\":1964,\"height\":668,\"caption\":\"Neurovirtual\"},\"image\":{\"@id\":\"https:\/\/neurovirtual.com\/latam\/#\/schema\/logo\/image\/\"}},{\"@type\":\"Person\",\"@id\":\"https:\/\/neurovirtual.com\/latam\/#\/schema\/person\/cd8eab9ca7fa0ef8d4da231754ffa3b3\",\"name\":\"Neurovirtual\",\"image\":{\"@type\":\"ImageObject\",\"inLanguage\":\"es-CO\",\"@id\":\"https:\/\/neurovirtual.com\/latam\/#\/schema\/person\/image\/\",\"url\":\"https:\/\/secure.gravatar.com\/avatar\/33912b44201a8cbed75bc5294a5fc45c?s=96&d=mm&r=g\",\"contentUrl\":\"https:\/\/secure.gravatar.com\/avatar\/33912b44201a8cbed75bc5294a5fc45c?s=96&d=mm&r=g\",\"caption\":\"Neurovirtual\"},\"url\":\"https:\/\/neurovirtual.com\/latam\/author\/efaria\/\"}]}<\/script>\n<!-- \/ Yoast SEO plugin. -->","yoast_head_json":{"title":"Congreso Colombiano de Medicina del Sue\u00f1o \u2013 Noviembre 2014 - Neurovirtual \/ Humanizing diagnostics","description":"%seo_description%","robots":{"index":"index","follow":"follow","max-snippet":"max-snippet:-1","max-image-preview":"max-image-preview:large","max-video-preview":"max-video-preview:-1"},"canonical":"https:\/\/neurovirtual.com\/latam\/congreso-colombiano-de-medicina-del-sueno-noviembre-2014\/","og_locale":"es_ES","og_type":"article","og_title":"Congreso Colombiano de Medicina del Sue\u00f1o \u2013 Noviembre 2014 - Neurovirtual \/ Humanizing diagnostics","og_description":"%seo_description%","og_url":"https:\/\/neurovirtual.com\/latam\/congreso-colombiano-de-medicina-del-sueno-noviembre-2014\/","og_site_name":"Neurovirtual \/ Humanizing diagnostics","article_published_time":"2014-12-10T20:01:10+00:00","article_modified_time":"2021-02-02T23:53:20+00:00","og_image":[{"width":300,"height":168,"url":"https:\/\/neurovirtual.com\/latam\/wp-content\/uploads\/2014\/12\/benner-sueno-2014-300x168.jpg","type":"image\/jpeg"}],"author":"Neurovirtual","twitter_card":"summary_large_image","twitter_misc":{"Escrito por":"Neurovirtual"},"schema":{"@context":"https:\/\/schema.org","@graph":[{"@type":"Article","@id":"https:\/\/neurovirtual.com\/latam\/congreso-colombiano-de-medicina-del-sueno-noviembre-2014\/#article","isPartOf":{"@id":"https:\/\/neurovirtual.com\/latam\/congreso-colombiano-de-medicina-del-sueno-noviembre-2014\/"},"author":{"name":"Neurovirtual","@id":"https:\/\/neurovirtual.com\/latam\/#\/schema\/person\/cd8eab9ca7fa0ef8d4da231754ffa3b3"},"headline":"Congreso Colombiano de Medicina del Sue\u00f1o \u2013 Noviembre 2014","datePublished":"2014-12-10T20:01:10+00:00","dateModified":"2021-02-02T23:53:20+00:00","mainEntityOfPage":{"@id":"https:\/\/neurovirtual.com\/latam\/congreso-colombiano-de-medicina-del-sueno-noviembre-2014\/"},"wordCount":97,"commentCount":0,"publisher":{"@id":"https:\/\/neurovirtual.com\/latam\/#organization"},"articleSection":["Conferencias"],"inLanguage":"es-CO","potentialAction":[{"@type":"CommentAction","name":"Comment","target":["https:\/\/neurovirtual.com\/latam\/congreso-colombiano-de-medicina-del-sueno-noviembre-2014\/#respond"]}]},{"@type":"WebPage","@id":"https:\/\/neurovirtual.com\/latam\/congreso-colombiano-de-medicina-del-sueno-noviembre-2014\/","url":"https:\/\/neurovirtual.com\/latam\/congreso-colombiano-de-medicina-del-sueno-noviembre-2014\/","name":"Congreso Colombiano de Medicina del Sue\u00f1o \u2013 Noviembre 2014 - Neurovirtual \/ Humanizing diagnostics","isPartOf":{"@id":"https:\/\/neurovirtual.com\/latam\/#website"},"datePublished":"2014-12-10T20:01:10+00:00","dateModified":"2021-02-02T23:53:20+00:00","description":"%seo_description%","breadcrumb":{"@id":"https:\/\/neurovirtual.com\/latam\/congreso-colombiano-de-medicina-del-sueno-noviembre-2014\/#breadcrumb"},"inLanguage":"es-CO","potentialAction":[{"@type":"ReadAction","target":["https:\/\/neurovirtual.com\/latam\/congreso-colombiano-de-medicina-del-sueno-noviembre-2014\/"]}]},{"@type":"BreadcrumbList","@id":"https:\/\/neurovirtual.com\/latam\/congreso-colombiano-de-medicina-del-sueno-noviembre-2014\/#breadcrumb","itemListElement":[{"@type":"ListItem","position":1,"name":"Portada","item":"https:\/\/neurovirtual.com\/latam\/"},{"@type":"ListItem","position":2,"name":"Congreso Colombiano de Medicina del Sue\u00f1o \u2013 Noviembre 2014"}]},{"@type":"WebSite","@id":"https:\/\/neurovirtual.com\/latam\/#website","url":"https:\/\/neurovirtual.com\/latam\/","name":"Neurovirtual \/ Humanizing diagnostics","description":"","publisher":{"@id":"https:\/\/neurovirtual.com\/latam\/#organization"},"potentialAction":[{"@type":"SearchAction","target":{"@type":"EntryPoint","urlTemplate":"https:\/\/neurovirtual.com\/latam\/?s={search_term_string}"},"query-input":"required name=search_term_string"}],"inLanguage":"es-CO"},{"@type":"Organization","@id":"https:\/\/neurovirtual.com\/latam\/#organization","name":"Neurovirtual","url":"https:\/\/neurovirtual.com\/latam\/","logo":{"@type":"ImageObject","inLanguage":"es-CO","@id":"https:\/\/neurovirtual.com\/latam\/#\/schema\/logo\/image\/","url":"https:\/\/neurovirtual.com\/latam\/wp-content\/uploads\/2023\/08\/1.-Logo-Neurovirtual-2022.png","contentUrl":"https:\/\/neurovirtual.com\/latam\/wp-content\/uploads\/2023\/08\/1.-Logo-Neurovirtual-2022.png","width":1964,"height":668,"caption":"Neurovirtual"},"image":{"@id":"https:\/\/neurovirtual.com\/latam\/#\/schema\/logo\/image\/"}},{"@type":"Person","@id":"https:\/\/neurovirtual.com\/latam\/#\/schema\/person\/cd8eab9ca7fa0ef8d4da231754ffa3b3","name":"Neurovirtual","image":{"@type":"ImageObject","inLanguage":"es-CO","@id":"https:\/\/neurovirtual.com\/latam\/#\/schema\/person\/image\/","url":"https:\/\/secure.gravatar.com\/avatar\/33912b44201a8cbed75bc5294a5fc45c?s=96&d=mm&r=g","contentUrl":"https:\/\/secure.gravatar.com\/avatar\/33912b44201a8cbed75bc5294a5fc45c?s=96&d=mm&r=g","caption":"Neurovirtual"},"url":"https:\/\/neurovirtual.com\/latam\/author\/efaria\/"}]}},"_links":{"self":[{"href":"https:\/\/neurovirtual.com\/latam\/wp-json\/wp\/v2\/posts\/18027"}],"collection":[{"href":"https:\/\/neurovirtual.com\/latam\/wp-json\/wp\/v2\/posts"}],"about":[{"href":"https:\/\/neurovirtual.com\/latam\/wp-json\/wp\/v2\/types\/post"}],"author":[{"embeddable":true,"href":"https:\/\/neurovirtual.com\/latam\/wp-json\/wp\/v2\/users\/3"}],"replies":[{"embeddable":true,"href":"https:\/\/neurovirtual.com\/latam\/wp-json\/wp\/v2\/comments?post=18027"}],"version-history":[{"count":6,"href":"https:\/\/neurovirtual.com\/latam\/wp-json\/wp\/v2\/posts\/18027\/revisions"}],"predecessor-version":[{"id":809988,"href":"https:\/\/neurovirtual.com\/latam\/wp-json\/wp\/v2\/posts\/18027\/revisions\/809988"}],"wp:featuredmedia":[{"embeddable":true,"href":"https:\/\/neurovirtual.com\/latam\/wp-json\/wp\/v2\/media\/18284"}],"wp:attachment":[{"href":"https:\/\/neurovirtual.com\/latam\/wp-json\/wp\/v2\/media?parent=18027"}],"wp:term":[{"taxonomy":"category","embeddable":true,"href":"https:\/\/neurovirtual.com\/latam\/wp-json\/wp\/v2\/categories?post=18027"},{"taxonomy":"post_tag","embeddable":true,"href":"https:\/\/neurovirtual.com\/latam\/wp-json\/wp\/v2\/tags?post=18027"}],"curies":[{"name":"wp","href":"https:\/\/api.w.org\/{rel}","templated":true}]}}