{"id":172390,"date":"2015-10-09T10:40:10","date_gmt":"2015-10-09T13:40:10","guid":{"rendered":"https:\/\/neurovirtual.com\/latam\/?p=172390"},"modified":"2016-05-11T15:40:27","modified_gmt":"2016-05-11T18:40:27","slug":"i-congreso-internacional-de-avances-en-neurologia-y-neurociencias-aplicadas-y-xvi-congreso-nacional-iii-encuentro-andino-de-epilepsia","status":"publish","type":"post","link":"https:\/\/neurovirtual.com\/latam\/i-congreso-internacional-de-avances-en-neurologia-y-neurociencias-aplicadas-y-xvi-congreso-nacional-iii-encuentro-andino-de-epilepsia\/","title":{"rendered":"I Congreso Internacional de Avances en Neurolog\u00eda y Neurociencias Aplicadas y XVI Congreso Nacional III Encuentro Andino de Epilepsia"},"content":{"rendered":"<p><a href=\"https:\/\/neurovirtual.com\/latam\/wp-content\/uploads\/2015\/09\/pereira1.jpg\"><img decoding=\"async\" class=\"alignnone wp-image-174049 size-full\" src=\"https:\/\/neurovirtual.com\/latam\/wp-content\/uploads\/2015\/09\/pereira1.jpg\" alt=\"pereira1\" width=\"805\" height=\"219\" \/><\/a><\/p>\n<p>Conferencistas Internacionales<\/p>\n<ul>\n<li>Dr. Philippe Kahane, Neur\u00f3logo Epileptologo &#8211; Francia<\/li>\n<li>Dr. Fernando Cendes, Neurofisiologo y Esp. Epileptologia &#8211; Brasil<\/li>\n<li>Dr. Feres Chadad, Neurocirujano &#8211; Brasil<\/li>\n<li>Dr. Bayron Bernal Restrepo, Neur\u00f3logo &#8211; USA<\/li>\n<li>Reyes Haro Valencia, Esp. en Neurofisiolog\u00eda Clinica &#8211; M\u00e9xico<\/li>\n<li>Entre otros<\/li>\n<\/ul>\n<p>Neurovirtual participa y apoya activamente las actividades cient\u00edficas organizadas por nuestros M\u00e9dicos especialistas en Epileptologia, Neurolog\u00eda, Fisiatr\u00eda, Neurocirug\u00eda.<\/p>\n<p><a href=\"https:\/\/neurovirtual.com\/latam\/wp-content\/uploads\/2015\/10\/1.jpg\"><img decoding=\"async\" class=\"wp-image-181742 size-medium aligncenter\" src=\"https:\/\/neurovirtual.com\/latam\/wp-content\/uploads\/2015\/10\/1-290x300.jpg\" alt=\"1\" width=\"290\" height=\"300\" srcset=\"https:\/\/neurovirtual.com\/latam\/wp-content\/uploads\/2015\/10\/1-290x300.jpg 290w, https:\/\/neurovirtual.com\/latam\/wp-content\/uploads\/2015\/10\/1-989x1024.jpg 989w, https:\/\/neurovirtual.com\/latam\/wp-content\/uploads\/2015\/10\/1-241x250.jpg 241w, https:\/\/neurovirtual.com\/latam\/wp-content\/uploads\/2015\/10\/1-328x340.jpg 328w, https:\/\/neurovirtual.com\/latam\/wp-content\/uploads\/2015\/10\/1.jpg 1159w\" sizes=\"(max-width: 290px) 100vw, 290px\" \/><\/a><\/p>\n<p><a href=\"https:\/\/neurovirtual.com\/latam\/wp-content\/uploads\/2015\/10\/Image-7.jpg\"><img decoding=\"async\" class=\"aligncenter wp-image-184876 size-medium\" src=\"https:\/\/neurovirtual.com\/latam\/wp-content\/uploads\/2015\/10\/Image-7-300x169.jpg\" alt=\"Image 7\" width=\"300\" height=\"169\" srcset=\"https:\/\/neurovirtual.com\/latam\/wp-content\/uploads\/2015\/10\/Image-7-300x169.jpg 300w, https:\/\/neurovirtual.com\/latam\/wp-content\/uploads\/2015\/10\/Image-7-1024x576.jpg 1024w, https:\/\/neurovirtual.com\/latam\/wp-content\/uploads\/2015\/10\/Image-7-444x250.jpg 444w, https:\/\/neurovirtual.com\/latam\/wp-content\/uploads\/2015\/10\/Image-7-460x259.jpg 460w, https:\/\/neurovirtual.com\/latam\/wp-content\/uploads\/2015\/10\/Image-7.jpg 1200w\" sizes=\"(max-width: 300px) 100vw, 300px\" \/><\/a><\/p>\n<p><a href=\"https:\/\/neurovirtual.com\/latam\/wp-content\/uploads\/2015\/10\/Image-8.jpg\"><img decoding=\"async\" class=\"aligncenter wp-image-184877 size-medium\" src=\"https:\/\/neurovirtual.com\/latam\/wp-content\/uploads\/2015\/10\/Image-8-300x169.jpg\" alt=\"Image 8\" width=\"300\" height=\"169\" srcset=\"https:\/\/neurovirtual.com\/latam\/wp-content\/uploads\/2015\/10\/Image-8-300x169.jpg 300w, https:\/\/neurovirtual.com\/latam\/wp-content\/uploads\/2015\/10\/Image-8-1024x576.jpg 1024w, https:\/\/neurovirtual.com\/latam\/wp-content\/uploads\/2015\/10\/Image-8-444x250.jpg 444w, https:\/\/neurovirtual.com\/latam\/wp-content\/uploads\/2015\/10\/Image-8-460x259.jpg 460w, https:\/\/neurovirtual.com\/latam\/wp-content\/uploads\/2015\/10\/Image-8.jpg 1200w\" sizes=\"(max-width: 300px) 100vw, 300px\" \/><\/a><\/p>\n<p>En esta ocasi\u00f3n Neurocentro, uno de los laboratorios especializados en Epilepsia, Neurocirug\u00eda y Sue\u00f1o, junto a la Liga contra la Epilepsia de Colombia, reuni\u00f3 cerca de 300 m\u00e9dicos de esta especialidad.<\/p>\n<p>Adem\u00e1s, apoyamos al Congreso en \u00a02 de los talleres, uno de ellos acerca de la Intervenci\u00f3n T\u00e9cnica en la conexi\u00f3n de pacientes para Telemetr\u00eda, el manejo del equipo de Electroencefalograf\u00eda y tipos de montajes; El segundo taller denominado Est\u00e1ndares para la realizaci\u00f3n de la Polisomnografia seg\u00fan la Asociacion Americana de Medicina del Sue\u00f1o.<\/p>\n<p><a href=\"https:\/\/neurovirtual.com\/latam\/wp-content\/uploads\/2015\/10\/Image-5.jpg\"><img decoding=\"async\" class=\"aligncenter wp-image-184878 size-medium\" src=\"https:\/\/neurovirtual.com\/latam\/wp-content\/uploads\/2015\/10\/Image-5-300x169.jpg\" alt=\"Image 5\" width=\"300\" height=\"169\" srcset=\"https:\/\/neurovirtual.com\/latam\/wp-content\/uploads\/2015\/10\/Image-5-300x169.jpg 300w, https:\/\/neurovirtual.com\/latam\/wp-content\/uploads\/2015\/10\/Image-5-1024x576.jpg 1024w, https:\/\/neurovirtual.com\/latam\/wp-content\/uploads\/2015\/10\/Image-5-444x250.jpg 444w, https:\/\/neurovirtual.com\/latam\/wp-content\/uploads\/2015\/10\/Image-5-460x259.jpg 460w, https:\/\/neurovirtual.com\/latam\/wp-content\/uploads\/2015\/10\/Image-5.jpg 1200w\" sizes=\"(max-width: 300px) 100vw, 300px\" \/><\/a><\/p>\n<p><a href=\"https:\/\/neurovirtual.com\/latam\/wp-content\/uploads\/2015\/10\/Image-1.jpg\"><img decoding=\"async\" class=\"aligncenter wp-image-184879 size-medium\" src=\"https:\/\/neurovirtual.com\/latam\/wp-content\/uploads\/2015\/10\/Image-1-300x169.jpg\" alt=\"Image 1\" width=\"300\" height=\"169\" srcset=\"https:\/\/neurovirtual.com\/latam\/wp-content\/uploads\/2015\/10\/Image-1-300x169.jpg 300w, https:\/\/neurovirtual.com\/latam\/wp-content\/uploads\/2015\/10\/Image-1-1024x576.jpg 1024w, https:\/\/neurovirtual.com\/latam\/wp-content\/uploads\/2015\/10\/Image-1-444x250.jpg 444w, https:\/\/neurovirtual.com\/latam\/wp-content\/uploads\/2015\/10\/Image-1-460x259.jpg 460w, https:\/\/neurovirtual.com\/latam\/wp-content\/uploads\/2015\/10\/Image-1.jpg 1200w\" sizes=\"(max-width: 300px) 100vw, 300px\" \/><\/a><\/p>\n<p><a href=\"https:\/\/neurovirtual.com\/latam\/wp-content\/uploads\/2015\/10\/Image-3.jpg\"><img decoding=\"async\" class=\"aligncenter wp-image-184880 size-medium\" src=\"https:\/\/neurovirtual.com\/latam\/wp-content\/uploads\/2015\/10\/Image-3-300x169.jpg\" alt=\"Image 3\" width=\"300\" height=\"169\" srcset=\"https:\/\/neurovirtual.com\/latam\/wp-content\/uploads\/2015\/10\/Image-3-300x169.jpg 300w, https:\/\/neurovirtual.com\/latam\/wp-content\/uploads\/2015\/10\/Image-3-1024x576.jpg 1024w, https:\/\/neurovirtual.com\/latam\/wp-content\/uploads\/2015\/10\/Image-3-444x250.jpg 444w, https:\/\/neurovirtual.com\/latam\/wp-content\/uploads\/2015\/10\/Image-3-460x259.jpg 460w, https:\/\/neurovirtual.com\/latam\/wp-content\/uploads\/2015\/10\/Image-3.jpg 1200w\" sizes=\"(max-width: 300px) 100vw, 300px\" \/><\/a><\/p>\n<p><a href=\"https:\/\/neurovirtual.com\/latam\/wp-content\/uploads\/2015\/10\/Image-2.jpg\"><img decoding=\"async\" class=\"wp-image-184881 size-medium aligncenter\" src=\"https:\/\/neurovirtual.com\/latam\/wp-content\/uploads\/2015\/10\/Image-2-300x169.jpg\" alt=\"Image 2\" width=\"300\" height=\"169\" srcset=\"https:\/\/neurovirtual.com\/latam\/wp-content\/uploads\/2015\/10\/Image-2-300x169.jpg 300w, https:\/\/neurovirtual.com\/latam\/wp-content\/uploads\/2015\/10\/Image-2-1024x576.jpg 1024w, https:\/\/neurovirtual.com\/latam\/wp-content\/uploads\/2015\/10\/Image-2-444x250.jpg 444w, https:\/\/neurovirtual.com\/latam\/wp-content\/uploads\/2015\/10\/Image-2-460x259.jpg 460w, https:\/\/neurovirtual.com\/latam\/wp-content\/uploads\/2015\/10\/Image-2.jpg 1200w\" sizes=\"(max-width: 300px) 100vw, 300px\" \/><\/a><\/p>\n<p>Temas de gran relevancia dentro del evento:<\/p>\n<ul>\n<li>Clasificaci\u00f3n de las epilepsias y los s\u00edndromes epil\u00e9pticos<\/li>\n<li>Apneas vs Actividad El\u00e9ctrica Cortical<\/li>\n<li>Electroencefalograma: Importancia de una buena t\u00e9cnica para sus resultados<\/li>\n<li>Videotelemetria para pacientes en status epileticos<\/li>\n<\/ul>\n<p>Neurovirtual Colombia los invita a todos a visitarnos en la Muestra comercial donde les mostraremos la tecnolog\u00eda que le ofrecemos a los cl\u00ednicos y adicional presentarles nuestro \u00faltimo equipo BW 3 PLUS EEG\/LTM\/ICU:<\/p>\n<p><a href=\"https:\/\/neurovirtual.com\/latam\/wp-content\/uploads\/2015\/09\/Sin-titulo.jpg\"><img decoding=\"async\" class=\"size-full wp-image-172235 aligncenter\" src=\"https:\/\/neurovirtual.com\/latam\/wp-content\/uploads\/2015\/09\/Sin-titulo.jpg\" alt=\"Sin ti\u0301tulo\" width=\"295\" height=\"573\" srcset=\"https:\/\/neurovirtual.com\/latam\/wp-content\/uploads\/2015\/09\/Sin-titulo.jpg 295w, https:\/\/neurovirtual.com\/latam\/wp-content\/uploads\/2015\/09\/Sin-titulo-154x300.jpg 154w, https:\/\/neurovirtual.com\/latam\/wp-content\/uploads\/2015\/09\/Sin-titulo-129x250.jpg 129w, https:\/\/neurovirtual.com\/latam\/wp-content\/uploads\/2015\/09\/Sin-titulo-175x340.jpg 175w\" sizes=\"(max-width: 295px) 100vw, 295px\" \/><\/a><\/p>\n","protected":false},"excerpt":{"rendered":"<p>Conferencistas Internacionales Dr. Philippe Kahane, Neur\u00f3logo Epileptologo &#8211; Francia Dr. Fernando Cendes, Neurofisiologo y Esp. Epileptologia &#8211; Brasil Dr. Feres Chadad, Neurocirujano &#8211; Brasil Dr. Bayron Bernal Restrepo, Neur\u00f3logo &#8211; USA Reyes Haro Valencia, Esp. en Neurofisiolog\u00eda Clinica &#8211; M\u00e9xico Entre otros Neurovirtual participa y apoya activamente las actividades cient\u00edficas organizadas por nuestros M\u00e9dicos especialistas&#8230;<\/p>\n","protected":false},"author":7,"featured_media":172223,"comment_status":"open","ping_status":"open","sticky":false,"template":"","format":"standard","meta":{"footnotes":"","_joinchat":[]},"categories":[7,8],"tags":[],"acf":[],"yoast_head":"<!-- This site is optimized with the Yoast SEO plugin v21.7 - https:\/\/yoast.com\/wordpress\/plugins\/seo\/ -->\n<title>I Congreso Internacional de Avances en Neurolog\u00eda y Neurociencias Aplicadas y XVI Congreso Nacional III Encuentro Andino de Epilepsia - Neurovirtual \/ Humanizing diagnostics<\/title>\n<meta name=\"description\" content=\"%seo_description%\" \/>\n<meta name=\"robots\" content=\"index, follow, max-snippet:-1, max-image-preview:large, max-video-preview:-1\" \/>\n<link rel=\"canonical\" href=\"https:\/\/neurovirtual.com\/latam\/i-congreso-internacional-de-avances-en-neurologia-y-neurociencias-aplicadas-y-xvi-congreso-nacional-iii-encuentro-andino-de-epilepsia\/\" \/>\n<meta property=\"og:locale\" content=\"es_ES\" \/>\n<meta property=\"og:type\" content=\"article\" \/>\n<meta property=\"og:title\" content=\"I Congreso Internacional de Avances en Neurolog\u00eda y Neurociencias Aplicadas y XVI Congreso Nacional III Encuentro Andino de Epilepsia - Neurovirtual \/ Humanizing diagnostics\" \/>\n<meta property=\"og:description\" content=\"%seo_description%\" \/>\n<meta property=\"og:url\" content=\"https:\/\/neurovirtual.com\/latam\/i-congreso-internacional-de-avances-en-neurologia-y-neurociencias-aplicadas-y-xvi-congreso-nacional-iii-encuentro-andino-de-epilepsia\/\" \/>\n<meta property=\"og:site_name\" content=\"Neurovirtual \/ Humanizing diagnostics\" \/>\n<meta property=\"article:published_time\" content=\"2015-10-09T13:40:10+00:00\" \/>\n<meta property=\"article:modified_time\" content=\"2016-05-11T18:40:27+00:00\" \/>\n<meta property=\"og:image\" content=\"https:\/\/neurovirtual.com\/latam\/wp-content\/uploads\/2015\/09\/ANNA-2.jpg\" \/>\n\t<meta property=\"og:image:width\" content=\"300\" \/>\n\t<meta property=\"og:image:height\" content=\"168\" \/>\n\t<meta property=\"og:image:type\" content=\"image\/jpeg\" \/>\n<meta name=\"author\" content=\"Jessika Brito\" \/>\n<meta name=\"twitter:card\" content=\"summary_large_image\" \/>\n<meta name=\"twitter:label1\" content=\"Escrito por\" \/>\n\t<meta name=\"twitter:data1\" content=\"Jessika Brito\" \/>\n\t<meta name=\"twitter:label2\" content=\"Tiempo estimado de lectura\" \/>\n\t<meta name=\"twitter:data2\" content=\"1 minuto\" \/>\n<script type=\"application\/ld+json\" class=\"yoast-schema-graph\">{\"@context\":\"https:\/\/schema.org\",\"@graph\":[{\"@type\":\"Article\",\"@id\":\"https:\/\/neurovirtual.com\/latam\/i-congreso-internacional-de-avances-en-neurologia-y-neurociencias-aplicadas-y-xvi-congreso-nacional-iii-encuentro-andino-de-epilepsia\/#article\",\"isPartOf\":{\"@id\":\"https:\/\/neurovirtual.com\/latam\/i-congreso-internacional-de-avances-en-neurologia-y-neurociencias-aplicadas-y-xvi-congreso-nacional-iii-encuentro-andino-de-epilepsia\/\"},\"author\":{\"name\":\"Jessika Brito\",\"@id\":\"https:\/\/neurovirtual.com\/latam\/#\/schema\/person\/61c27629d3d16b3e601ef7db30001d49\"},\"headline\":\"I Congreso Internacional de Avances en Neurolog\u00eda y Neurociencias Aplicadas y XVI Congreso Nacional III Encuentro Andino de Epilepsia\",\"datePublished\":\"2015-10-09T13:40:10+00:00\",\"dateModified\":\"2016-05-11T18:40:27+00:00\",\"mainEntityOfPage\":{\"@id\":\"https:\/\/neurovirtual.com\/latam\/i-congreso-internacional-de-avances-en-neurologia-y-neurociencias-aplicadas-y-xvi-congreso-nacional-iii-encuentro-andino-de-epilepsia\/\"},\"wordCount\":261,\"commentCount\":0,\"publisher\":{\"@id\":\"https:\/\/neurovirtual.com\/latam\/#organization\"},\"articleSection\":[\"Conferencias\",\"Internacional\"],\"inLanguage\":\"es-CO\",\"potentialAction\":[{\"@type\":\"CommentAction\",\"name\":\"Comment\",\"target\":[\"https:\/\/neurovirtual.com\/latam\/i-congreso-internacional-de-avances-en-neurologia-y-neurociencias-aplicadas-y-xvi-congreso-nacional-iii-encuentro-andino-de-epilepsia\/#respond\"]}]},{\"@type\":\"WebPage\",\"@id\":\"https:\/\/neurovirtual.com\/latam\/i-congreso-internacional-de-avances-en-neurologia-y-neurociencias-aplicadas-y-xvi-congreso-nacional-iii-encuentro-andino-de-epilepsia\/\",\"url\":\"https:\/\/neurovirtual.com\/latam\/i-congreso-internacional-de-avances-en-neurologia-y-neurociencias-aplicadas-y-xvi-congreso-nacional-iii-encuentro-andino-de-epilepsia\/\",\"name\":\"I Congreso Internacional de Avances en Neurolog\u00eda y Neurociencias Aplicadas y XVI Congreso Nacional III Encuentro Andino de Epilepsia - Neurovirtual \/ Humanizing diagnostics\",\"isPartOf\":{\"@id\":\"https:\/\/neurovirtual.com\/latam\/#website\"},\"datePublished\":\"2015-10-09T13:40:10+00:00\",\"dateModified\":\"2016-05-11T18:40:27+00:00\",\"description\":\"%seo_description%\",\"breadcrumb\":{\"@id\":\"https:\/\/neurovirtual.com\/latam\/i-congreso-internacional-de-avances-en-neurologia-y-neurociencias-aplicadas-y-xvi-congreso-nacional-iii-encuentro-andino-de-epilepsia\/#breadcrumb\"},\"inLanguage\":\"es-CO\",\"potentialAction\":[{\"@type\":\"ReadAction\",\"target\":[\"https:\/\/neurovirtual.com\/latam\/i-congreso-internacional-de-avances-en-neurologia-y-neurociencias-aplicadas-y-xvi-congreso-nacional-iii-encuentro-andino-de-epilepsia\/\"]}]},{\"@type\":\"BreadcrumbList\",\"@id\":\"https:\/\/neurovirtual.com\/latam\/i-congreso-internacional-de-avances-en-neurologia-y-neurociencias-aplicadas-y-xvi-congreso-nacional-iii-encuentro-andino-de-epilepsia\/#breadcrumb\",\"itemListElement\":[{\"@type\":\"ListItem\",\"position\":1,\"name\":\"Portada\",\"item\":\"https:\/\/neurovirtual.com\/latam\/\"},{\"@type\":\"ListItem\",\"position\":2,\"name\":\"I Congreso Internacional de Avances en Neurolog\u00eda y Neurociencias Aplicadas y XVI Congreso Nacional III Encuentro Andino de Epilepsia\"}]},{\"@type\":\"WebSite\",\"@id\":\"https:\/\/neurovirtual.com\/latam\/#website\",\"url\":\"https:\/\/neurovirtual.com\/latam\/\",\"name\":\"Neurovirtual \/ Humanizing diagnostics\",\"description\":\"\",\"publisher\":{\"@id\":\"https:\/\/neurovirtual.com\/latam\/#organization\"},\"potentialAction\":[{\"@type\":\"SearchAction\",\"target\":{\"@type\":\"EntryPoint\",\"urlTemplate\":\"https:\/\/neurovirtual.com\/latam\/?s={search_term_string}\"},\"query-input\":\"required name=search_term_string\"}],\"inLanguage\":\"es-CO\"},{\"@type\":\"Organization\",\"@id\":\"https:\/\/neurovirtual.com\/latam\/#organization\",\"name\":\"Neurovirtual\",\"url\":\"https:\/\/neurovirtual.com\/latam\/\",\"logo\":{\"@type\":\"ImageObject\",\"inLanguage\":\"es-CO\",\"@id\":\"https:\/\/neurovirtual.com\/latam\/#\/schema\/logo\/image\/\",\"url\":\"https:\/\/neurovirtual.com\/latam\/wp-content\/uploads\/2023\/08\/1.-Logo-Neurovirtual-2022.png\",\"contentUrl\":\"https:\/\/neurovirtual.com\/latam\/wp-content\/uploads\/2023\/08\/1.-Logo-Neurovirtual-2022.png\",\"width\":1964,\"height\":668,\"caption\":\"Neurovirtual\"},\"image\":{\"@id\":\"https:\/\/neurovirtual.com\/latam\/#\/schema\/logo\/image\/\"}},{\"@type\":\"Person\",\"@id\":\"https:\/\/neurovirtual.com\/latam\/#\/schema\/person\/61c27629d3d16b3e601ef7db30001d49\",\"name\":\"Jessika Brito\",\"image\":{\"@type\":\"ImageObject\",\"inLanguage\":\"es-CO\",\"@id\":\"https:\/\/neurovirtual.com\/latam\/#\/schema\/person\/image\/\",\"url\":\"https:\/\/secure.gravatar.com\/avatar\/08d2f62bc8a1f215fdfebe63356acc30?s=96&d=mm&r=g\",\"contentUrl\":\"https:\/\/secure.gravatar.com\/avatar\/08d2f62bc8a1f215fdfebe63356acc30?s=96&d=mm&r=g\",\"caption\":\"Jessika Brito\"},\"url\":\"https:\/\/neurovirtual.com\/latam\/author\/brito\/\"}]}<\/script>\n<!-- \/ Yoast SEO plugin. -->","yoast_head_json":{"title":"I Congreso Internacional de Avances en Neurolog\u00eda y Neurociencias Aplicadas y XVI Congreso Nacional III Encuentro Andino de Epilepsia - Neurovirtual \/ Humanizing diagnostics","description":"%seo_description%","robots":{"index":"index","follow":"follow","max-snippet":"max-snippet:-1","max-image-preview":"max-image-preview:large","max-video-preview":"max-video-preview:-1"},"canonical":"https:\/\/neurovirtual.com\/latam\/i-congreso-internacional-de-avances-en-neurologia-y-neurociencias-aplicadas-y-xvi-congreso-nacional-iii-encuentro-andino-de-epilepsia\/","og_locale":"es_ES","og_type":"article","og_title":"I Congreso Internacional de Avances en Neurolog\u00eda y Neurociencias Aplicadas y XVI Congreso Nacional III Encuentro Andino de Epilepsia - Neurovirtual \/ Humanizing diagnostics","og_description":"%seo_description%","og_url":"https:\/\/neurovirtual.com\/latam\/i-congreso-internacional-de-avances-en-neurologia-y-neurociencias-aplicadas-y-xvi-congreso-nacional-iii-encuentro-andino-de-epilepsia\/","og_site_name":"Neurovirtual \/ Humanizing diagnostics","article_published_time":"2015-10-09T13:40:10+00:00","article_modified_time":"2016-05-11T18:40:27+00:00","og_image":[{"width":300,"height":168,"url":"https:\/\/neurovirtual.com\/latam\/wp-content\/uploads\/2015\/09\/ANNA-2.jpg","type":"image\/jpeg"}],"author":"Jessika Brito","twitter_card":"summary_large_image","twitter_misc":{"Escrito por":"Jessika Brito","Tiempo estimado de lectura":"1 minuto"},"schema":{"@context":"https:\/\/schema.org","@graph":[{"@type":"Article","@id":"https:\/\/neurovirtual.com\/latam\/i-congreso-internacional-de-avances-en-neurologia-y-neurociencias-aplicadas-y-xvi-congreso-nacional-iii-encuentro-andino-de-epilepsia\/#article","isPartOf":{"@id":"https:\/\/neurovirtual.com\/latam\/i-congreso-internacional-de-avances-en-neurologia-y-neurociencias-aplicadas-y-xvi-congreso-nacional-iii-encuentro-andino-de-epilepsia\/"},"author":{"name":"Jessika Brito","@id":"https:\/\/neurovirtual.com\/latam\/#\/schema\/person\/61c27629d3d16b3e601ef7db30001d49"},"headline":"I Congreso Internacional de Avances en Neurolog\u00eda y Neurociencias Aplicadas y XVI Congreso Nacional III Encuentro Andino de Epilepsia","datePublished":"2015-10-09T13:40:10+00:00","dateModified":"2016-05-11T18:40:27+00:00","mainEntityOfPage":{"@id":"https:\/\/neurovirtual.com\/latam\/i-congreso-internacional-de-avances-en-neurologia-y-neurociencias-aplicadas-y-xvi-congreso-nacional-iii-encuentro-andino-de-epilepsia\/"},"wordCount":261,"commentCount":0,"publisher":{"@id":"https:\/\/neurovirtual.com\/latam\/#organization"},"articleSection":["Conferencias","Internacional"],"inLanguage":"es-CO","potentialAction":[{"@type":"CommentAction","name":"Comment","target":["https:\/\/neurovirtual.com\/latam\/i-congreso-internacional-de-avances-en-neurologia-y-neurociencias-aplicadas-y-xvi-congreso-nacional-iii-encuentro-andino-de-epilepsia\/#respond"]}]},{"@type":"WebPage","@id":"https:\/\/neurovirtual.com\/latam\/i-congreso-internacional-de-avances-en-neurologia-y-neurociencias-aplicadas-y-xvi-congreso-nacional-iii-encuentro-andino-de-epilepsia\/","url":"https:\/\/neurovirtual.com\/latam\/i-congreso-internacional-de-avances-en-neurologia-y-neurociencias-aplicadas-y-xvi-congreso-nacional-iii-encuentro-andino-de-epilepsia\/","name":"I Congreso Internacional de Avances en Neurolog\u00eda y Neurociencias Aplicadas y XVI Congreso Nacional III Encuentro Andino de Epilepsia - Neurovirtual \/ Humanizing diagnostics","isPartOf":{"@id":"https:\/\/neurovirtual.com\/latam\/#website"},"datePublished":"2015-10-09T13:40:10+00:00","dateModified":"2016-05-11T18:40:27+00:00","description":"%seo_description%","breadcrumb":{"@id":"https:\/\/neurovirtual.com\/latam\/i-congreso-internacional-de-avances-en-neurologia-y-neurociencias-aplicadas-y-xvi-congreso-nacional-iii-encuentro-andino-de-epilepsia\/#breadcrumb"},"inLanguage":"es-CO","potentialAction":[{"@type":"ReadAction","target":["https:\/\/neurovirtual.com\/latam\/i-congreso-internacional-de-avances-en-neurologia-y-neurociencias-aplicadas-y-xvi-congreso-nacional-iii-encuentro-andino-de-epilepsia\/"]}]},{"@type":"BreadcrumbList","@id":"https:\/\/neurovirtual.com\/latam\/i-congreso-internacional-de-avances-en-neurologia-y-neurociencias-aplicadas-y-xvi-congreso-nacional-iii-encuentro-andino-de-epilepsia\/#breadcrumb","itemListElement":[{"@type":"ListItem","position":1,"name":"Portada","item":"https:\/\/neurovirtual.com\/latam\/"},{"@type":"ListItem","position":2,"name":"I Congreso Internacional de Avances en Neurolog\u00eda y Neurociencias Aplicadas y XVI Congreso Nacional III Encuentro Andino de Epilepsia"}]},{"@type":"WebSite","@id":"https:\/\/neurovirtual.com\/latam\/#website","url":"https:\/\/neurovirtual.com\/latam\/","name":"Neurovirtual \/ Humanizing diagnostics","description":"","publisher":{"@id":"https:\/\/neurovirtual.com\/latam\/#organization"},"potentialAction":[{"@type":"SearchAction","target":{"@type":"EntryPoint","urlTemplate":"https:\/\/neurovirtual.com\/latam\/?s={search_term_string}"},"query-input":"required name=search_term_string"}],"inLanguage":"es-CO"},{"@type":"Organization","@id":"https:\/\/neurovirtual.com\/latam\/#organization","name":"Neurovirtual","url":"https:\/\/neurovirtual.com\/latam\/","logo":{"@type":"ImageObject","inLanguage":"es-CO","@id":"https:\/\/neurovirtual.com\/latam\/#\/schema\/logo\/image\/","url":"https:\/\/neurovirtual.com\/latam\/wp-content\/uploads\/2023\/08\/1.-Logo-Neurovirtual-2022.png","contentUrl":"https:\/\/neurovirtual.com\/latam\/wp-content\/uploads\/2023\/08\/1.-Logo-Neurovirtual-2022.png","width":1964,"height":668,"caption":"Neurovirtual"},"image":{"@id":"https:\/\/neurovirtual.com\/latam\/#\/schema\/logo\/image\/"}},{"@type":"Person","@id":"https:\/\/neurovirtual.com\/latam\/#\/schema\/person\/61c27629d3d16b3e601ef7db30001d49","name":"Jessika Brito","image":{"@type":"ImageObject","inLanguage":"es-CO","@id":"https:\/\/neurovirtual.com\/latam\/#\/schema\/person\/image\/","url":"https:\/\/secure.gravatar.com\/avatar\/08d2f62bc8a1f215fdfebe63356acc30?s=96&d=mm&r=g","contentUrl":"https:\/\/secure.gravatar.com\/avatar\/08d2f62bc8a1f215fdfebe63356acc30?s=96&d=mm&r=g","caption":"Jessika Brito"},"url":"https:\/\/neurovirtual.com\/latam\/author\/brito\/"}]}},"_links":{"self":[{"href":"https:\/\/neurovirtual.com\/latam\/wp-json\/wp\/v2\/posts\/172390"}],"collection":[{"href":"https:\/\/neurovirtual.com\/latam\/wp-json\/wp\/v2\/posts"}],"about":[{"href":"https:\/\/neurovirtual.com\/latam\/wp-json\/wp\/v2\/types\/post"}],"author":[{"embeddable":true,"href":"https:\/\/neurovirtual.com\/latam\/wp-json\/wp\/v2\/users\/7"}],"replies":[{"embeddable":true,"href":"https:\/\/neurovirtual.com\/latam\/wp-json\/wp\/v2\/comments?post=172390"}],"version-history":[{"count":18,"href":"https:\/\/neurovirtual.com\/latam\/wp-json\/wp\/v2\/posts\/172390\/revisions"}],"predecessor-version":[{"id":184882,"href":"https:\/\/neurovirtual.com\/latam\/wp-json\/wp\/v2\/posts\/172390\/revisions\/184882"}],"wp:featuredmedia":[{"embeddable":true,"href":"https:\/\/neurovirtual.com\/latam\/wp-json\/wp\/v2\/media\/172223"}],"wp:attachment":[{"href":"https:\/\/neurovirtual.com\/latam\/wp-json\/wp\/v2\/media?parent=172390"}],"wp:term":[{"taxonomy":"category","embeddable":true,"href":"https:\/\/neurovirtual.com\/latam\/wp-json\/wp\/v2\/categories?post=172390"},{"taxonomy":"post_tag","embeddable":true,"href":"https:\/\/neurovirtual.com\/latam\/wp-json\/wp\/v2\/tags?post=172390"}],"curies":[{"name":"wp","href":"https:\/\/api.w.org\/{rel}","templated":true}]}}