{"id":816083,"date":"2024-06-06T09:18:49","date_gmt":"2024-06-06T12:18:49","guid":{"rendered":"https:\/\/neurovirtual.com\/br\/?p=816083"},"modified":"2024-09-17T09:22:13","modified_gmt":"2024-09-17T12:22:13","slug":"neurovirtual-participa-do-congresso-colombiano-de-neurologia-2024","status":"publish","type":"post","link":"https:\/\/neurovirtual.com\/br\/neurovirtual-participa-do-congresso-colombiano-de-neurologia-2024\/","title":{"rendered":"Neurovirtual Participa do Congresso Colombiano de Neurologia 2024"},"content":{"rendered":"<div class=\"flex-shrink-0 flex flex-col relative items-end\">\n<div>\n<div class=\"pt-0\">\n<div class=\"gizmo-bot-avatar flex h-8 w-8 items-center justify-center overflow-hidden rounded-full\">\n<div class=\"relative p-1 rounded-sm flex items-center justify-center bg-token-main-surface-primary text-token-text-primary h-8 w-8\">A Neurovirtual marcou presen\u00e7a no Congresso Colombiano de Neurologia 2024, realizado em Barranquilla, Col\u00f4mbia, de 30 de maio a 2 de junho. O evento, com o tema central \u201cRevolu\u00e7\u00e3o Cerebral: Integra\u00e7\u00e3o entre IA e Neurologia\u201d, reuniu l\u00edderes e especialistas da \u00e1rea para explorar os mais recentes avan\u00e7os e tend\u00eancias futuras.<\/div>\n<\/div>\n<\/div>\n<\/div>\n<\/div>\n<div class=\"group\/conversation-turn relative flex w-full min-w-0 flex-col agent-turn\">\n<div class=\"flex-col gap-1 md:gap-3\">\n<div class=\"flex max-w-full flex-col flex-grow\">\n<div class=\"min-h-[20px] text-message flex w-full flex-col items-end gap-2 whitespace-normal break-words [.text-message+&amp;]:mt-5\" dir=\"auto\" data-message-author-role=\"assistant\" data-message-id=\"1b2cbdf6-ca10-48bd-8011-5bc48618ab68\">\n<div class=\"flex w-full flex-col gap-1 empty:hidden first:pt-[3px]\">\n<div class=\"markdown prose w-full break-words dark:prose-invert light\">\n<p>Durante o congresso, a Neurovirtual teve o privil\u00e9gio de se encontrar com alguns dos nomes mais respeitados da neurologia, como o Dr. Luiz Carlos Mayor (Neurologista-Epileptologista), a Dra. Diana Marcela Mejia Araujo (Neurologista) e o Dr. Luis Jose Fernandez (Neurologista).<\/p>\n<p>Representando a equipe da Neurovirtual, Angie Medellin e Carolina Pi\u00f1eros Fonseca apresentaram aos participantes os mais recentes avan\u00e7os da empresa, com destaque especial para o Eletroencefal\u00f3grafo BWIII EEG Plus ICU Brain Monitor e o Eletroencefal\u00f3grafo BWIII EEG Plus. Esses equipamentos de ponta oferecem tecnologia avan\u00e7ada para diagn\u00f3sticos precisos e eficientes, permitindo que os profissionais de sa\u00fade tomem decis\u00f5es mais informadas em suas pr\u00e1ticas.<br \/>\nSolicite uma demonstra\u00e7\u00e3o: <a href=\"https:\/\/neurovirtual.com\/br\/solicite-uma-demonstracao-online\/\" target=\"_new\" rel=\"noopener\">https:\/\/neurovirtual.com\/br\/solicite-uma-demonstracao-online\/https:\/\/neurovirtual.com\/request-demo\/<\/a><\/p>\n<p>Como l\u00edder em solu\u00e7\u00f5es tecnol\u00f3gicas para neurodiagn\u00f3stico, a Neurovirtual solidifica sua posi\u00e7\u00e3o como refer\u00eancia na \u00e1rea, fornecendo ferramentas inovadoras que contribuem significativamente para a qualidade de vida dos pacientes. Sua participa\u00e7\u00e3o neste renomado congresso reafirma o compromisso cont\u00ednuo da empresa em impulsionar a inova\u00e7\u00e3o e promover o avan\u00e7o das neuroci\u00eancias na regi\u00e3o e al\u00e9m.<\/p>\n<\/div>\n<\/div>\n<\/div>\n<\/div>\n<\/div>\n<\/div>\n\n\t\t<style type=\"text\/css\">\n\t\t\t#gallery-1 {\n\t\t\t\tmargin: auto;\n\t\t\t}\n\t\t\t#gallery-1 .gallery-item {\n\t\t\t\tfloat: left;\n\t\t\t\tmargin-top: 10px;\n\t\t\t\ttext-align: center;\n\t\t\t\twidth: 33%;\n\t\t\t}\n\t\t\t#gallery-1 img {\n\t\t\t\tborder: 2px solid #cfcfcf;\n\t\t\t}\n\t\t\t#gallery-1 .gallery-caption {\n\t\t\t\tmargin-left: 0;\n\t\t\t}\n\t\t\t\/* see gallery_shortcode() in wp-includes\/media.php *\/\n\t\t<\/style>\n\t\t<div id='gallery-1' class='gallery galleryid-816083 gallery-columns-3 gallery-size-medium'><dl class='gallery-item'>\n\t\t\t<dt class='gallery-icon landscape'>\n\t\t\t\t<a href='https:\/\/neurovirtual.com\/br\/neurovirtual-participa-do-congresso-colombiano-de-neurologia-2024\/1-congreso-colombiano-de-neurologia-2024-1\/'><img decoding=\"async\" width=\"300\" height=\"255\" src=\"https:\/\/neurovirtual.com\/br\/wp-content\/uploads\/2024\/09\/1.-Congreso-Colombiano-de-Neurologia-2024-1-300x255.jpg\" class=\"attachment-medium size-medium\" alt=\"\" srcset=\"https:\/\/neurovirtual.com\/br\/wp-content\/uploads\/2024\/09\/1.-Congreso-Colombiano-de-Neurologia-2024-1-300x255.jpg 300w, https:\/\/neurovirtual.com\/br\/wp-content\/uploads\/2024\/09\/1.-Congreso-Colombiano-de-Neurologia-2024-1-294x250.jpg 294w, https:\/\/neurovirtual.com\/br\/wp-content\/uploads\/2024\/09\/1.-Congreso-Colombiano-de-Neurologia-2024-1-400x340.jpg 400w, https:\/\/neurovirtual.com\/br\/wp-content\/uploads\/2024\/09\/1.-Congreso-Colombiano-de-Neurologia-2024-1.jpg 700w\" sizes=\"(max-width: 300px) 100vw, 300px\" \/><\/a>\n\t\t\t<\/dt><\/dl><dl class='gallery-item'>\n\t\t\t<dt class='gallery-icon landscape'>\n\t\t\t\t<a href='https:\/\/neurovirtual.com\/br\/neurovirtual-participa-do-congresso-colombiano-de-neurologia-2024\/colombian-congress-of-neurology-2024-neurovirtual-2-web\/'><img decoding=\"async\" width=\"300\" height=\"255\" src=\"https:\/\/neurovirtual.com\/br\/wp-content\/uploads\/2024\/09\/Colombian-Congress-of-Neurology-2024-Neurovirtual-2-web-300x255.jpg\" class=\"attachment-medium size-medium\" alt=\"\" srcset=\"https:\/\/neurovirtual.com\/br\/wp-content\/uploads\/2024\/09\/Colombian-Congress-of-Neurology-2024-Neurovirtual-2-web-300x255.jpg 300w, https:\/\/neurovirtual.com\/br\/wp-content\/uploads\/2024\/09\/Colombian-Congress-of-Neurology-2024-Neurovirtual-2-web-294x250.jpg 294w, https:\/\/neurovirtual.com\/br\/wp-content\/uploads\/2024\/09\/Colombian-Congress-of-Neurology-2024-Neurovirtual-2-web-400x340.jpg 400w, https:\/\/neurovirtual.com\/br\/wp-content\/uploads\/2024\/09\/Colombian-Congress-of-Neurology-2024-Neurovirtual-2-web.jpg 700w\" sizes=\"(max-width: 300px) 100vw, 300px\" \/><\/a>\n\t\t\t<\/dt><\/dl><dl class='gallery-item'>\n\t\t\t<dt class='gallery-icon portrait'>\n\t\t\t\t<a href='https:\/\/neurovirtual.com\/br\/neurovirtual-participa-do-congresso-colombiano-de-neurologia-2024\/colombian-congress-of-neurology-2024-neurovirtual-3-web\/'><img decoding=\"async\" width=\"256\" height=\"300\" src=\"https:\/\/neurovirtual.com\/br\/wp-content\/uploads\/2024\/09\/Colombian-Congress-of-Neurology-2024-Neurovirtual-3-web-256x300.jpg\" class=\"attachment-medium size-medium\" alt=\"\" srcset=\"https:\/\/neurovirtual.com\/br\/wp-content\/uploads\/2024\/09\/Colombian-Congress-of-Neurology-2024-Neurovirtual-3-web-256x300.jpg 256w, https:\/\/neurovirtual.com\/br\/wp-content\/uploads\/2024\/09\/Colombian-Congress-of-Neurology-2024-Neurovirtual-3-web-213x250.jpg 213w, https:\/\/neurovirtual.com\/br\/wp-content\/uploads\/2024\/09\/Colombian-Congress-of-Neurology-2024-Neurovirtual-3-web-290x340.jpg 290w, https:\/\/neurovirtual.com\/br\/wp-content\/uploads\/2024\/09\/Colombian-Congress-of-Neurology-2024-Neurovirtual-3-web.jpg 700w\" sizes=\"(max-width: 256px) 100vw, 256px\" \/><\/a>\n\t\t\t<\/dt><\/dl><br style=\"clear: both\" \/>\n\t\t<\/div>\n\n","protected":false},"excerpt":{"rendered":"<p>A Neurovirtual marcou presen\u00e7a no Congresso Colombiano de Neurologia 2024, realizado em Barranquilla, Col\u00f4mbia, de 30 de maio a 2 de junho. O evento, com o tema central \u201cRevolu\u00e7\u00e3o Cerebral: Integra\u00e7\u00e3o entre IA e Neurologia\u201d, reuniu l\u00edderes e especialistas da \u00e1rea para explorar os mais recentes avan\u00e7os e tend\u00eancias futuras. Durante o congresso, a Neurovirtual&#8230;<\/p>\n","protected":false},"author":6,"featured_media":816087,"comment_status":"open","ping_status":"open","sticky":false,"template":"","format":"standard","meta":{"_acf_changed":false,"_joinchat":[],"footnotes":""},"categories":[15,43,20],"tags":[],"acf":[],"_links":{"self":[{"href":"https:\/\/neurovirtual.com\/br\/wp-json\/wp\/v2\/posts\/816083"}],"collection":[{"href":"https:\/\/neurovirtual.com\/br\/wp-json\/wp\/v2\/posts"}],"about":[{"href":"https:\/\/neurovirtual.com\/br\/wp-json\/wp\/v2\/types\/post"}],"author":[{"embeddable":true,"href":"https:\/\/neurovirtual.com\/br\/wp-json\/wp\/v2\/users\/6"}],"replies":[{"embeddable":true,"href":"https:\/\/neurovirtual.com\/br\/wp-json\/wp\/v2\/comments?post=816083"}],"version-history":[{"count":2,"href":"https:\/\/neurovirtual.com\/br\/wp-json\/wp\/v2\/posts\/816083\/revisions"}],"predecessor-version":[{"id":816089,"href":"https:\/\/neurovirtual.com\/br\/wp-json\/wp\/v2\/posts\/816083\/revisions\/816089"}],"wp:featuredmedia":[{"embeddable":true,"href":"https:\/\/neurovirtual.com\/br\/wp-json\/wp\/v2\/media\/816087"}],"wp:attachment":[{"href":"https:\/\/neurovirtual.com\/br\/wp-json\/wp\/v2\/media?parent=816083"}],"wp:term":[{"taxonomy":"category","embeddable":true,"href":"https:\/\/neurovirtual.com\/br\/wp-json\/wp\/v2\/categories?post=816083"},{"taxonomy":"post_tag","embeddable":true,"href":"https:\/\/neurovirtual.com\/br\/wp-json\/wp\/v2\/tags?post=816083"}],"curies":[{"name":"wp","href":"https:\/\/api.w.org\/{rel}","templated":true}]}}