{"id":815758,"date":"2023-11-03T13:23:00","date_gmt":"2023-11-03T16:23:00","guid":{"rendered":"https:\/\/neurovirtual.com\/br\/?p=815758"},"modified":"2024-04-30T12:54:09","modified_gmt":"2024-04-30T15:54:09","slug":"rio-de-janeiro-sede-do-congresso-mundial-do-sono-2023","status":"publish","type":"post","link":"https:\/\/neurovirtual.com\/br\/rio-de-janeiro-sede-do-congresso-mundial-do-sono-2023\/","title":{"rendered":"Congresso Mundial do Sono de 2023 no Rio"},"content":{"rendered":"\r\n<div class=\"wp-block-image\">\r\n<figure class=\"aligncenter size-large is-resized\"><a href=\"https:\/\/neurovirtual.com\/br\/wp-content\/uploads\/2023\/11\/WORLD-SLEEP-CONGRESS-Neurovirtual.png\"><img decoding=\"async\" class=\"wp-image-815770\" src=\"https:\/\/neurovirtual.com\/br\/wp-content\/uploads\/2023\/11\/WORLD-SLEEP-CONGRESS-Neurovirtual-1024x944.png\" alt=\"\" width=\"653\" height=\"602\" srcset=\"https:\/\/neurovirtual.com\/br\/wp-content\/uploads\/2023\/11\/WORLD-SLEEP-CONGRESS-Neurovirtual-1024x944.png 1024w, https:\/\/neurovirtual.com\/br\/wp-content\/uploads\/2023\/11\/WORLD-SLEEP-CONGRESS-Neurovirtual-300x277.png 300w, https:\/\/neurovirtual.com\/br\/wp-content\/uploads\/2023\/11\/WORLD-SLEEP-CONGRESS-Neurovirtual-768x708.png 768w, https:\/\/neurovirtual.com\/br\/wp-content\/uploads\/2023\/11\/WORLD-SLEEP-CONGRESS-Neurovirtual-1536x1416.png 1536w, https:\/\/neurovirtual.com\/br\/wp-content\/uploads\/2023\/11\/WORLD-SLEEP-CONGRESS-Neurovirtual-271x250.png 271w, https:\/\/neurovirtual.com\/br\/wp-content\/uploads\/2023\/11\/WORLD-SLEEP-CONGRESS-Neurovirtual-369x340.png 369w, https:\/\/neurovirtual.com\/br\/wp-content\/uploads\/2023\/11\/WORLD-SLEEP-CONGRESS-Neurovirtual.png 1612w\" sizes=\"(max-width: 653px) 100vw, 653px\" \/><\/a><\/figure>\r\n<\/div>\r\n\r\n\r\n\r\n<p>A cidade do Rio de Janeiro serviu como cen\u00e1rio vibrante para o prestigioso Congresso Mundial do Sono de 2023, que ocorreu de 23 a 25 de outubro de 2023. Este evento internacional reuniu especialistas e profissionais do sono de todo o mundo, e a Neurovirtual n\u00e3o apenas participou, mas se destacou como l\u00edder no campo. A equipe da Neurovirtual presente no evento incluiu Andrea Parra, Gerente de Vendas para a Am\u00e9rica Latina, Ed Faria, Presidente e CEO, al\u00e9m de especialistas cl\u00ednicos e membros da equipe de suporte. A equipe de vendas tamb\u00e9m foi representada por Joseph Pardo, Katerin Laverde, Angie Medell\u00edn, Carolina Pi\u00f1eros, Marjorie Valenzuela, Alexandre Ribeiro e Diego Barrientos.<\/p>\r\n\r\n\r\n\r\n<p>Durante o congresso, a Neurovirtual apresentou aos participantes uma impressionante variedade de equipamentos, incluindo o <a href=\"https:\/\/neurovirtual.com\/br\/equipamento\/bwiii-eeg-plus-icu-monitoracao-eeg\/\" target=\"_blank\" rel=\"noreferrer noopener\" data-type=\"URL\" data-id=\"https:\/\/neurovirtual.com\/br\/equipamento\/bwiii-eeg-plus-icu-monitoracao-eeg\/\">BWIII EEG Plus ICU Brain Monitor<\/a>, <a href=\"https:\/\/neurovirtual.com\/br\/equipamento\/bw-iii-plus\/\" target=\"_blank\" rel=\"noreferrer noopener\" data-type=\"URL\" data-id=\"https:\/\/neurovirtual.com\/br\/equipamento\/bw-iii-plus\/\">BWIII EEG Plus<\/a>, <a href=\"https:\/\/neurovirtual.com\/br\/equipamento\/bwmini-eeg\/\" target=\"_blank\" rel=\"noreferrer noopener\" data-type=\"URL\" data-id=\"https:\/\/neurovirtual.com\/br\/equipamento\/bwmini-eeg\/\">BWMini Ambulatory EEG<\/a>, <a href=\"https:\/\/neurovirtual.com\/br\/equipamento\/bw-iii-psg-plus\/\" target=\"_blank\" rel=\"noreferrer noopener\" data-type=\"URL\" data-id=\"https:\/\/neurovirtual.com\/br\/equipamento\/bw-iii-psg-plus\/\">Polisson\u00f3grafo BWIII PSG Plus<\/a>, Polisson\u00f3grafo <a href=\"https:\/\/neurovirtual.com\/br\/equipamento\/bw-mini-psg\/\" target=\"_blank\" rel=\"noreferrer noopener\" data-type=\"URL\" data-id=\"https:\/\/neurovirtual.com\/br\/equipamento\/bw-mini-psg\/\">BWMini PSG<\/a>, Pol\u00edgrafo Respirat\u00f3rio BWMini <a href=\"https:\/\/neurovirtual.com\/br\/equipamento\/bwmini-hst-compass\/\" target=\"_blank\" rel=\"noreferrer noopener\" data-type=\"URL\" data-id=\"https:\/\/neurovirtual.com\/br\/equipamento\/bwmini-hst-compass\/\">HST Compass<\/a> e o M\u00f3dulo <a href=\"https:\/\/neurovirtual.com\/br\/equipamento\/bwcenter-patient-database\/\" target=\"_blank\" rel=\"noreferrer noopener\" data-type=\"URL\" data-id=\"https:\/\/neurovirtual.com\/br\/equipamento\/bwcenter-patient-database\/\">BWCenter Patient Database HL7<\/a>. Um dos destaques do evento foi o BWIII EEG Plus ICU Brain Monitor, que se revelou fundamental para o monitoramento e diagn\u00f3stico de PSG e EEG.<\/p>\r\n\r\n\r\n\r\n<figure class=\"wp-block-gallery columns-3 is-cropped wp-block-gallery-1 is-layout-flex wp-block-gallery-is-layout-flex\">\r\n<ul class=\"blocks-gallery-grid\">\r\n<li class=\"blocks-gallery-item\">\r\n<figure><a href=\"https:\/\/neurovirtual.com\/br\/wp-content\/uploads\/2023\/11\/World-Sleep-Congress-Neurovirtual-Dr.-Diego-Garcia-Borregueiro.jpg\"><img decoding=\"async\" width=\"1024\" height=\"620\" class=\"wp-image-815762\" src=\"https:\/\/neurovirtual.com\/br\/wp-content\/uploads\/2023\/11\/World-Sleep-Congress-Neurovirtual-Dr.-Diego-Garcia-Borregueiro-1024x620.jpg\" alt=\"\" data-id=\"815762\" data-full-url=\"https:\/\/neurovirtual.com\/br\/wp-content\/uploads\/2023\/11\/World-Sleep-Congress-Neurovirtual-Dr.-Diego-Garcia-Borregueiro.jpg\" data-link=\"https:\/\/neurovirtual.com\/br\/?attachment_id=815762\" srcset=\"https:\/\/neurovirtual.com\/br\/wp-content\/uploads\/2023\/11\/World-Sleep-Congress-Neurovirtual-Dr.-Diego-Garcia-Borregueiro-1024x620.jpg 1024w, https:\/\/neurovirtual.com\/br\/wp-content\/uploads\/2023\/11\/World-Sleep-Congress-Neurovirtual-Dr.-Diego-Garcia-Borregueiro-300x182.jpg 300w, https:\/\/neurovirtual.com\/br\/wp-content\/uploads\/2023\/11\/World-Sleep-Congress-Neurovirtual-Dr.-Diego-Garcia-Borregueiro-768x465.jpg 768w, https:\/\/neurovirtual.com\/br\/wp-content\/uploads\/2023\/11\/World-Sleep-Congress-Neurovirtual-Dr.-Diego-Garcia-Borregueiro-1536x930.jpg 1536w, https:\/\/neurovirtual.com\/br\/wp-content\/uploads\/2023\/11\/World-Sleep-Congress-Neurovirtual-Dr.-Diego-Garcia-Borregueiro-413x250.jpg 413w, https:\/\/neurovirtual.com\/br\/wp-content\/uploads\/2023\/11\/World-Sleep-Congress-Neurovirtual-Dr.-Diego-Garcia-Borregueiro-460x278.jpg 460w, https:\/\/neurovirtual.com\/br\/wp-content\/uploads\/2023\/11\/World-Sleep-Congress-Neurovirtual-Dr.-Diego-Garcia-Borregueiro.jpg 1920w\" sizes=\"(max-width: 1024px) 100vw, 1024px\" \/><\/a><\/figure>\r\n<\/li>\r\n<li class=\"blocks-gallery-item\">\r\n<figure><a href=\"https:\/\/neurovirtual.com\/br\/wp-content\/uploads\/2023\/11\/World-Sleep-Congress-Neurovirtual-EEG-ICU-LTM.jpg\"><img decoding=\"async\" width=\"1024\" height=\"996\" class=\"wp-image-815763\" src=\"https:\/\/neurovirtual.com\/br\/wp-content\/uploads\/2023\/11\/World-Sleep-Congress-Neurovirtual-EEG-ICU-LTM-1024x996.jpg\" alt=\"\" data-id=\"815763\" data-full-url=\"https:\/\/neurovirtual.com\/br\/wp-content\/uploads\/2023\/11\/World-Sleep-Congress-Neurovirtual-EEG-ICU-LTM.jpg\" data-link=\"https:\/\/neurovirtual.com\/br\/?attachment_id=815763\" srcset=\"https:\/\/neurovirtual.com\/br\/wp-content\/uploads\/2023\/11\/World-Sleep-Congress-Neurovirtual-EEG-ICU-LTM-1024x996.jpg 1024w, https:\/\/neurovirtual.com\/br\/wp-content\/uploads\/2023\/11\/World-Sleep-Congress-Neurovirtual-EEG-ICU-LTM-300x292.jpg 300w, https:\/\/neurovirtual.com\/br\/wp-content\/uploads\/2023\/11\/World-Sleep-Congress-Neurovirtual-EEG-ICU-LTM-768x747.jpg 768w, https:\/\/neurovirtual.com\/br\/wp-content\/uploads\/2023\/11\/World-Sleep-Congress-Neurovirtual-EEG-ICU-LTM-257x250.jpg 257w, https:\/\/neurovirtual.com\/br\/wp-content\/uploads\/2023\/11\/World-Sleep-Congress-Neurovirtual-EEG-ICU-LTM-350x340.jpg 350w, https:\/\/neurovirtual.com\/br\/wp-content\/uploads\/2023\/11\/World-Sleep-Congress-Neurovirtual-EEG-ICU-LTM.jpg 1313w\" sizes=\"(max-width: 1024px) 100vw, 1024px\" \/><\/a><\/figure>\r\n<\/li>\r\n<li class=\"blocks-gallery-item\">\r\n<figure><a href=\"https:\/\/neurovirtual.com\/br\/wp-content\/uploads\/2023\/11\/World-Sleep-Congress-Neurovirtual.jpg\"><img decoding=\"async\" width=\"585\" height=\"1024\" class=\"wp-image-815764\" src=\"https:\/\/neurovirtual.com\/br\/wp-content\/uploads\/2023\/11\/World-Sleep-Congress-Neurovirtual-585x1024.jpg\" alt=\"\" data-id=\"815764\" data-full-url=\"https:\/\/neurovirtual.com\/br\/wp-content\/uploads\/2023\/11\/World-Sleep-Congress-Neurovirtual.jpg\" data-link=\"https:\/\/neurovirtual.com\/br\/?attachment_id=815764\" srcset=\"https:\/\/neurovirtual.com\/br\/wp-content\/uploads\/2023\/11\/World-Sleep-Congress-Neurovirtual-585x1024.jpg 585w, https:\/\/neurovirtual.com\/br\/wp-content\/uploads\/2023\/11\/World-Sleep-Congress-Neurovirtual-172x300.jpg 172w, https:\/\/neurovirtual.com\/br\/wp-content\/uploads\/2023\/11\/World-Sleep-Congress-Neurovirtual-768x1343.jpg 768w, https:\/\/neurovirtual.com\/br\/wp-content\/uploads\/2023\/11\/World-Sleep-Congress-Neurovirtual-878x1536.jpg 878w, https:\/\/neurovirtual.com\/br\/wp-content\/uploads\/2023\/11\/World-Sleep-Congress-Neurovirtual-143x250.jpg 143w, https:\/\/neurovirtual.com\/br\/wp-content\/uploads\/2023\/11\/World-Sleep-Congress-Neurovirtual-194x340.jpg 194w, https:\/\/neurovirtual.com\/br\/wp-content\/uploads\/2023\/11\/World-Sleep-Congress-Neurovirtual.jpg 1000w\" sizes=\"(max-width: 585px) 100vw, 585px\" \/><\/a><\/figure>\r\n<\/li>\r\n<\/ul>\r\n<\/figure>\r\n\r\n\r\n\r\n<p>Al\u00e9m das inova\u00e7\u00f5es tecnol\u00f3gicas apresentadas, o Congresso Mundial do Sono de 2023 tamb\u00e9m enfatizou o Programa Internacional de Treinamento em Pesquisa do Sono (ISRTP). Este programa \u00e9 baseado em uma rede de 14 locais de mentoria localizados em algumas das institui\u00e7\u00f5es de pesquisa mais prestigiosas e produtivas do mundo. Em cada um desses locais, pelo menos um mentor de renome internacional atua como l\u00edder na pesquisa do sono. A proeminente presen\u00e7a da Neurovirtual no evento n\u00e3o apenas demonstrou seu compromisso com a inova\u00e7\u00e3o em neurofisiologia cl\u00ednica, mas tamb\u00e9m seu papel de lideran\u00e7a na pesquisa do sono em escala global, solidificando ainda mais sua posi\u00e7\u00e3o proeminente no campo.<\/p>\r\n","protected":false},"excerpt":{"rendered":"<p>A cidade do Rio de Janeiro serviu como cen\u00e1rio vibrante para o prestigioso Congresso Mundial do Sono de 2023, que ocorreu de 23 a 25 de outubro de 2023. Este evento internacional reuniu especialistas e profissionais do sono de todo o mundo, e a Neurovirtual n\u00e3o apenas participou, mas se destacou como l\u00edder no campo&#8230;.<\/p>\n","protected":false},"author":6,"featured_media":815769,"comment_status":"open","ping_status":"open","sticky":false,"template":"","format":"standard","meta":{"_acf_changed":false,"_joinchat":[],"footnotes":""},"categories":[1,15,20,39,44],"tags":[],"acf":[],"_links":{"self":[{"href":"https:\/\/neurovirtual.com\/br\/wp-json\/wp\/v2\/posts\/815758"}],"collection":[{"href":"https:\/\/neurovirtual.com\/br\/wp-json\/wp\/v2\/posts"}],"about":[{"href":"https:\/\/neurovirtual.com\/br\/wp-json\/wp\/v2\/types\/post"}],"author":[{"embeddable":true,"href":"https:\/\/neurovirtual.com\/br\/wp-json\/wp\/v2\/users\/6"}],"replies":[{"embeddable":true,"href":"https:\/\/neurovirtual.com\/br\/wp-json\/wp\/v2\/comments?post=815758"}],"version-history":[{"count":11,"href":"https:\/\/neurovirtual.com\/br\/wp-json\/wp\/v2\/posts\/815758\/revisions"}],"predecessor-version":[{"id":816054,"href":"https:\/\/neurovirtual.com\/br\/wp-json\/wp\/v2\/posts\/815758\/revisions\/816054"}],"wp:featuredmedia":[{"embeddable":true,"href":"https:\/\/neurovirtual.com\/br\/wp-json\/wp\/v2\/media\/815769"}],"wp:attachment":[{"href":"https:\/\/neurovirtual.com\/br\/wp-json\/wp\/v2\/media?parent=815758"}],"wp:term":[{"taxonomy":"category","embeddable":true,"href":"https:\/\/neurovirtual.com\/br\/wp-json\/wp\/v2\/categories?post=815758"},{"taxonomy":"post_tag","embeddable":true,"href":"https:\/\/neurovirtual.com\/br\/wp-json\/wp\/v2\/tags?post=815758"}],"curies":[{"name":"wp","href":"https:\/\/api.w.org\/{rel}","templated":true}]}}