{"id":815677,"date":"2023-08-30T12:38:46","date_gmt":"2023-08-30T15:38:46","guid":{"rendered":"https:\/\/neurovirtual.com\/br\/?p=815677"},"modified":"2023-08-30T12:38:49","modified_gmt":"2023-08-30T15:38:49","slug":"inovacao-em-neurologia-destaques-da-participacao-da-neurovirtual-na-camelice","status":"publish","type":"post","link":"https:\/\/neurovirtual.com\/br\/inovacao-em-neurologia-destaques-da-participacao-da-neurovirtual-na-camelice\/","title":{"rendered":"Inova\u00e7\u00e3o em Neurologia: Destaques da Participa\u00e7\u00e3o da Neurovirtual na CAMELICE"},"content":{"rendered":"\n<p>A presen\u00e7a da Neurovirtual na Reuni\u00e3o Anual do Cap\u00edtulo Mexicano da Liga Internacional Contra a Epilepsia (<a href=\"https:\/\/camelice.org\/\" target=\"_blank\" data-type=\"URL\" data-id=\"https:\/\/camelice.org\/\" rel=\"noreferrer noopener\">CAMELICE<\/a>) foi um marco significativo. Realizado de 8 a 12 de agosto de 2023 em L\u00e9on, M\u00e9xico, o congresso foi um cen\u00e1rio prop\u00edcio para a empresa demonstrar seu compromisso com a inova\u00e7\u00e3o em neurologia e diagn\u00f3stico de epilepsia. Joseph Pardo, Ingeniero Comercial, e Diego Barrientos, Ejecutivo Comercial, representaram a empresa com distin\u00e7\u00e3o, estabelecendo conex\u00f5es valiosas e compartilhando conhecimentos.<\/p>\n\n\n\n<figure class=\"wp-block-gallery columns-3 is-cropped wp-block-gallery-1 is-layout-flex wp-block-gallery-is-layout-flex\"><ul class=\"blocks-gallery-grid\"><li class=\"blocks-gallery-item\"><figure><a href=\"https:\/\/neurovirtual.com\/br\/wp-content\/uploads\/2023\/08\/CAMELICE-2023-Neurovirtual-2.jpg\"><img decoding=\"async\" width=\"812\" height=\"1012\" src=\"https:\/\/neurovirtual.com\/br\/wp-content\/uploads\/2023\/08\/CAMELICE-2023-Neurovirtual-2.jpg\" alt=\"\" data-id=\"815682\" data-link=\"https:\/\/neurovirtual.com\/br\/?attachment_id=815682\" class=\"wp-image-815682\" srcset=\"https:\/\/neurovirtual.com\/br\/wp-content\/uploads\/2023\/08\/CAMELICE-2023-Neurovirtual-2.jpg 812w, https:\/\/neurovirtual.com\/br\/wp-content\/uploads\/2023\/08\/CAMELICE-2023-Neurovirtual-2-241x300.jpg 241w, https:\/\/neurovirtual.com\/br\/wp-content\/uploads\/2023\/08\/CAMELICE-2023-Neurovirtual-2-768x957.jpg 768w, https:\/\/neurovirtual.com\/br\/wp-content\/uploads\/2023\/08\/CAMELICE-2023-Neurovirtual-2-201x250.jpg 201w, https:\/\/neurovirtual.com\/br\/wp-content\/uploads\/2023\/08\/CAMELICE-2023-Neurovirtual-2-273x340.jpg 273w\" sizes=\"(max-width: 812px) 100vw, 812px\" \/><\/a><\/figure><\/li><li class=\"blocks-gallery-item\"><figure><a href=\"https:\/\/neurovirtual.com\/br\/wp-content\/uploads\/2023\/08\/CAMELICE-2023-Neurovirtual-605x1024.jpg\"><img decoding=\"async\" width=\"605\" height=\"1024\" src=\"https:\/\/neurovirtual.com\/br\/wp-content\/uploads\/2023\/08\/CAMELICE-2023-Neurovirtual-605x1024.jpg\" alt=\"\" data-id=\"815684\" data-link=\"https:\/\/neurovirtual.com\/br\/?attachment_id=815684\" class=\"wp-image-815684\" srcset=\"https:\/\/neurovirtual.com\/br\/wp-content\/uploads\/2023\/08\/CAMELICE-2023-Neurovirtual-605x1024.jpg 605w, https:\/\/neurovirtual.com\/br\/wp-content\/uploads\/2023\/08\/CAMELICE-2023-Neurovirtual-177x300.jpg 177w, https:\/\/neurovirtual.com\/br\/wp-content\/uploads\/2023\/08\/CAMELICE-2023-Neurovirtual-148x250.jpg 148w, https:\/\/neurovirtual.com\/br\/wp-content\/uploads\/2023\/08\/CAMELICE-2023-Neurovirtual-201x340.jpg 201w, https:\/\/neurovirtual.com\/br\/wp-content\/uploads\/2023\/08\/CAMELICE-2023-Neurovirtual.jpg 671w\" sizes=\"(max-width: 605px) 100vw, 605px\" \/><\/a><\/figure><\/li><li class=\"blocks-gallery-item\"><figure><a href=\"https:\/\/neurovirtual.com\/br\/wp-content\/uploads\/2023\/08\/a396ca45-3261-4143-8034-5544b9729e8b.jpg\"><img decoding=\"async\" width=\"671\" height=\"1024\" src=\"https:\/\/neurovirtual.com\/br\/wp-content\/uploads\/2023\/08\/a396ca45-3261-4143-8034-5544b9729e8b-671x1024.jpg\" alt=\"\" data-id=\"815685\" data-full-url=\"https:\/\/neurovirtual.com\/br\/wp-content\/uploads\/2023\/08\/a396ca45-3261-4143-8034-5544b9729e8b.jpg\" data-link=\"https:\/\/neurovirtual.com\/br\/?attachment_id=815685\" class=\"wp-image-815685\" srcset=\"https:\/\/neurovirtual.com\/br\/wp-content\/uploads\/2023\/08\/a396ca45-3261-4143-8034-5544b9729e8b-671x1024.jpg 671w, https:\/\/neurovirtual.com\/br\/wp-content\/uploads\/2023\/08\/a396ca45-3261-4143-8034-5544b9729e8b-197x300.jpg 197w, https:\/\/neurovirtual.com\/br\/wp-content\/uploads\/2023\/08\/a396ca45-3261-4143-8034-5544b9729e8b-164x250.jpg 164w, https:\/\/neurovirtual.com\/br\/wp-content\/uploads\/2023\/08\/a396ca45-3261-4143-8034-5544b9729e8b-223x340.jpg 223w, https:\/\/neurovirtual.com\/br\/wp-content\/uploads\/2023\/08\/a396ca45-3261-4143-8034-5544b9729e8b.jpg 747w\" sizes=\"(max-width: 671px) 100vw, 671px\" \/><\/a><\/figure><\/li><\/ul><\/figure>\n\n\n\n<p>No espa\u00e7o de exposi\u00e7\u00e3o, a Neurovirtual apresentou seus not\u00e1veis equipamentos, incluindo os Eletroencefalografos <a href=\"https:\/\/neurovirtual.com\/br\/equipamento\/bwiii-eeg-plus-icu-monitoracao-eeg\/\" target=\"_blank\" data-type=\"URL\" data-id=\"https:\/\/neurovirtual.com\/br\/equipamento\/bwiii-eeg-plus-icu-monitoracao-eeg\/\" rel=\"noreferrer noopener\">BWIII EEG Plus ICU Brain Monitor<\/a>, <a href=\"https:\/\/neurovirtual.com\/br\/equipamento\/bw-iii-plus\/\" target=\"_blank\" data-type=\"URL\" data-id=\"https:\/\/neurovirtual.com\/br\/equipamento\/bw-iii-plus\/\" rel=\"noreferrer noopener\">BWIII EEG Plus <\/a>e <a href=\"https:\/\/neurovirtual.com\/br\/equipamento\/bwmini-eeg\/\" target=\"_blank\" data-type=\"URL\" data-id=\"https:\/\/neurovirtual.com\/br\/equipamento\/bwmini-eeg\/\" rel=\"noreferrer noopener\">BWMini EEG<\/a>. Essa exposi\u00e7\u00e3o destacou o papel vital que a empresa desempenha no fornecimento de solu\u00e7\u00f5es tecnol\u00f3gicas avan\u00e7adas para o monitoramento e diagn\u00f3stico precisos de dist\u00farbios neurol\u00f3gicos. A participa\u00e7\u00e3o da Neurovirtual no CAMELICE contribuiu de maneira significativa para o avan\u00e7o da neurologia cl\u00ednica e para o cuidado mais eficaz dos pacientes com epilepsia.<\/p>\n\n\n\n<p>Dois <a href=\"https:\/\/camelice.org\/\" target=\"_blank\" data-type=\"URL\" data-id=\"https:\/\/camelice.org\/\" rel=\"noreferrer noopener\">temas destacados<\/a> do congresso, &#8220;An\u00e1lise do V\u00eddeo-EEG em Crises Psicog\u00eanicas N\u00e3o Epil\u00e9pticas: Uma S\u00e9rie de Casos&#8221; e o Curso de EEG \u201cDiagn\u00f3stico e Gerenciamento da Epilepsia em Rec\u00e9m-Nascidos e Crian\u00e7as\u201d conduzido pela Dra. Loreto R\u00edos Pohl.<\/p>\n","protected":false},"excerpt":{"rendered":"<p>A presen\u00e7a da Neurovirtual na Reuni\u00e3o Anual do Cap\u00edtulo Mexicano da Liga Internacional Contra a Epilepsia (CAMELICE) foi um marco significativo. Realizado de 8 a 12 de agosto de 2023 em L\u00e9on, M\u00e9xico, o congresso foi um cen\u00e1rio prop\u00edcio para a empresa demonstrar seu compromisso com a inova\u00e7\u00e3o em neurologia e diagn\u00f3stico de epilepsia. Joseph&#8230;<\/p>\n","protected":false},"author":6,"featured_media":815687,"comment_status":"open","ping_status":"open","sticky":false,"template":"","format":"standard","meta":{"_acf_changed":false,"_joinchat":[],"footnotes":""},"categories":[15,43,20],"tags":[],"acf":[],"_links":{"self":[{"href":"https:\/\/neurovirtual.com\/br\/wp-json\/wp\/v2\/posts\/815677"}],"collection":[{"href":"https:\/\/neurovirtual.com\/br\/wp-json\/wp\/v2\/posts"}],"about":[{"href":"https:\/\/neurovirtual.com\/br\/wp-json\/wp\/v2\/types\/post"}],"author":[{"embeddable":true,"href":"https:\/\/neurovirtual.com\/br\/wp-json\/wp\/v2\/users\/6"}],"replies":[{"embeddable":true,"href":"https:\/\/neurovirtual.com\/br\/wp-json\/wp\/v2\/comments?post=815677"}],"version-history":[{"count":5,"href":"https:\/\/neurovirtual.com\/br\/wp-json\/wp\/v2\/posts\/815677\/revisions"}],"predecessor-version":[{"id":815686,"href":"https:\/\/neurovirtual.com\/br\/wp-json\/wp\/v2\/posts\/815677\/revisions\/815686"}],"wp:featuredmedia":[{"embeddable":true,"href":"https:\/\/neurovirtual.com\/br\/wp-json\/wp\/v2\/media\/815687"}],"wp:attachment":[{"href":"https:\/\/neurovirtual.com\/br\/wp-json\/wp\/v2\/media?parent=815677"}],"wp:term":[{"taxonomy":"category","embeddable":true,"href":"https:\/\/neurovirtual.com\/br\/wp-json\/wp\/v2\/categories?post=815677"},{"taxonomy":"post_tag","embeddable":true,"href":"https:\/\/neurovirtual.com\/br\/wp-json\/wp\/v2\/tags?post=815677"}],"curies":[{"name":"wp","href":"https:\/\/api.w.org\/{rel}","templated":true}]}}